{"id":242,"date":"2014-08-28T12:07:18","date_gmt":"2014-08-28T10:07:18","guid":{"rendered":"http:\/\/wp.kristdemokraterna.se\/linkoping\/?p=242"},"modified":"2021-08-13T11:49:10","modified_gmt":"2021-08-13T09:49:10","slug":"kristdemokraterna-vill-ha-ambulanshelikopter-i-sjukvardsregionen","status":"publish","type":"post","link":"https:\/\/wp.kristdemokraterna.se\/linkoping\/kristdemokraterna-vill-ha-ambulanshelikopter-i-sjukvardsregionen\/","title":{"rendered":"Kristdemokraterna vill ha ambulanshelikopter i sjukv\u00e5rdsregionen"},"content":{"rendered":"<p><img loading=\"lazy\" decoding=\"async\" class=\"alignnone wp-image-241 size-full\" src=\"https:\/\/wp.kristdemokraterna.se\/linkoping\/files\/2014\/08\/kristdemokraterna-vill-ha-ambulanshelikopter-i-sjukvardsregionen.jpg\" alt=\"Kristdemokraterna-vill-ha-ambulanshelikopter-i-sjukvardsregionen\" width=\"500\" height=\"434\" srcset=\"https:\/\/wp.kristdemokraterna.se\/linkoping\/files\/2014\/08\/kristdemokraterna-vill-ha-ambulanshelikopter-i-sjukvardsregionen.jpg 500w, https:\/\/wp.kristdemokraterna.se\/linkoping\/files\/2014\/08\/kristdemokraterna-vill-ha-ambulanshelikopter-i-sjukvardsregionen-300x260.jpg 300w, https:\/\/wp.kristdemokraterna.se\/linkoping\/files\/2014\/08\/kristdemokraterna-vill-ha-ambulanshelikopter-i-sjukvardsregionen-398x346.jpg 398w, https:\/\/wp.kristdemokraterna.se\/linkoping\/files\/2014\/08\/kristdemokraterna-vill-ha-ambulanshelikopter-i-sjukvardsregionen-129x112.jpg 129w\" sizes=\"auto, (max-width: 500px) 100vw, 500px\" \/><br \/>\nFr\u00e5n v\u00e4nster: Per Larsson, Gudrun Bruneg\u00e5rd och Mia Frisk. Foto: Stina Sinclair<\/p>\n<p><strong>Kristdemokraternas landstingsgrupper i \u00d6sterg\u00f6tlands l\u00e4n, J\u00f6nk\u00f6pings l\u00e4n och Kalmar l\u00e4n \u00e4r eniga: En gemensam ambulanshelikopter beh\u00f6vs f\u00f6r de tre l\u00e4nen. I J\u00f6nk\u00f6ping visar en nygjord SKOP-unders\u00f6kning att 91 % av de svarande tycker att det \u00e4r ett bra f\u00f6rslag att de tre l\u00e4nen investerar i en ambulanshelikopter.<\/strong><\/p>\n<p>Kristdemokraterna har med hj\u00e4lp av opinionsinstitutet SKOP fr\u00e5gat 597 personer varav 504 besvarat unders\u00f6kningen. Det inneb\u00e4r en svarsfrekvens om 84 procent. Intervjuerna gjordes under perioden 13 till 19 augusti 2014.<\/p>\n<p>&#8211; Under v\u00e5ren har vi lyft fr\u00e5gan om att utreda f\u00f6ruts\u00e4ttningarna f\u00f6r en ambulanshelikopter i v\u00e5r sjukv\u00e5rdsregion. Tyv\u00e4rr har vi inte helt f\u00e5tt med oss de andra partierna i sjukv\u00e5rdsregionen. F\u00f6rhoppningsvis kan det h\u00e4r hj\u00e4lpa oss att v\u00e4cka opinion i fr\u00e5gan, s\u00e4ger Per Larsson (KD) landstingsr\u00e5d i \u00d6sterg\u00f6tlands l\u00e4n.<\/p>\n<p>&#8211; Utredningar visar att en l\u00e4karbemannad ambulanshelikopter ger stora medicinska vinster i form av minskad d\u00f6dlighet och sjuklighet, och ger b\u00e4ttre f\u00f6ruts\u00e4ttningar f\u00f6r rehabilitering till ett fortsatt gott liv. Jag k\u00e4nner ett starkt st\u00f6d fr\u00e5n v\u00e4ljarna att forts\u00e4tta kampen f\u00f6r en ambulanshelikopter, s\u00e4ger Mia Frisk (KD) landstingsr\u00e5d J\u00f6nk\u00f6pings l\u00e4n.<\/p>\n<p>&#8211; En l\u00e4karbemannad ambulanshelikopter ger de b\u00e4sta f\u00f6ruts\u00e4ttningarna f\u00f6r att vi ska kunna ge inv\u00e5narna i v\u00e5ra tre l\u00e4n den b\u00e4sta och mest kostnadseffektiva v\u00e5rden vid akuta skador och sjukdomar. I V\u00e4rmland och Dalarna har man precis beslutat om att investera i ambulanshelikopter, och i Norrland har man haft ambulanshelikopter i m\u00e5nga \u00e5r. Det \u00e4r h\u00f6g tid att \u00e4ven inv\u00e5narna i v\u00e5ra l\u00e4n f\u00e5r tillg\u00e5ng till trygg, snabb och s\u00e4ker v\u00e5rd, s\u00e4ger Gudrun Bruneg\u00e5rd (KD) landstingsr\u00e5d i Kalmar l\u00e4n.<\/p>\n<p>Driftskostnaden \u00e4r ber\u00e4knad till cirka 35 miljoner kronor \u00e5rligen och investeringskostnaden ber\u00e4knas till 68 miljoner. Dessa kostnader skulle delas av de tre landstingen.<\/p>\n<p>&#8211; Vi beh\u00f6ver b\u00e5de ambulansbilar och ambulanshelikoptrar. Det handlar om en investering f\u00f6r att r\u00e4dda liv!, avslutar de tre kristdemokratiska landstingsr\u00e5den.<\/p>\n<p>F\u00f6r mer information<br \/>\nPer Larsson, landstingsr\u00e5d \u00d6sterg\u00f6tlands l\u00e4n<br \/>\ntfn 0702-88 21 34<\/p>\n<p>Mia Frisk, landstingsr\u00e5d J\u00f6nk\u00f6pings l\u00e4n<br \/>\ntfn 070-699 40 17<\/p>\n<p>Gudrun Bruneg\u00e5rd, landstingsr\u00e5d Kalmar l\u00e4n<br \/>\ntfn 073-541 26 33<\/p>\n","protected":false},"excerpt":{"rendered":"<p>Fr\u00e5n v\u00e4nster: Per Larsson, Gudrun Bruneg\u00e5rd och Mia Frisk. Foto: Stina Sinclair Kristdemokraternas landstingsgrupper i \u00d6sterg\u00f6tlands l\u00e4n, J\u00f6nk\u00f6pings l\u00e4n och Kalmar l\u00e4n \u00e4r eniga: En gemensam ambulanshelikopter beh\u00f6vs f\u00f6r de tre l\u00e4nen. I J\u00f6nk\u00f6ping visar en nygjord SKOP-unders\u00f6kning att 91 % av de svarande tycker att det \u00e4r ett bra f\u00f6rslag att de tre l\u00e4nen <a class=\"read-more-link\" href=\"https:\/\/wp.kristdemokraterna.se\/linkoping\/kristdemokraterna-vill-ha-ambulanshelikopter-i-sjukvardsregionen\/\">Read More<\/a><\/p>\n","protected":false},"author":410,"featured_media":0,"comment_status":"closed","ping_status":"closed","sticky":false,"template":"","format":"standard","meta":{"_acf_changed":false,"footnotes":""},"categories":[22,1],"tags":[],"class_list":["post-242","post","type-post","status-publish","format-standard","hentry","category-arkiv","category-okategoriserade"],"acf":[],"yoast_head":"<!-- This site is optimized with the Yoast SEO plugin v27.5 - https:\/\/yoast.com\/product\/yoast-seo-wordpress\/ -->\n<title>Kristdemokraterna vill ha ambulanshelikopter i sjukv\u00e5rdsregionen - Kristdemokraterna i Link\u00f6ping<\/title>\n<meta name=\"robots\" content=\"index, follow, max-snippet:-1, max-image-preview:large, max-video-preview:-1\" \/>\n<link rel=\"canonical\" href=\"https:\/\/wp.kristdemokraterna.se\/linkoping\/kristdemokraterna-vill-ha-ambulanshelikopter-i-sjukvardsregionen\/\" \/>\n<meta property=\"og:locale\" content=\"sv_SE\" \/>\n<meta property=\"og:type\" content=\"article\" \/>\n<meta property=\"og:title\" content=\"Kristdemokraterna vill ha ambulanshelikopter i sjukv\u00e5rdsregionen - Kristdemokraterna i Link\u00f6ping\" \/>\n<meta property=\"og:description\" content=\"Fr\u00e5n v\u00e4nster: Per Larsson, Gudrun Bruneg\u00e5rd och Mia Frisk. Foto: Stina Sinclair Kristdemokraternas landstingsgrupper i \u00d6sterg\u00f6tlands l\u00e4n, J\u00f6nk\u00f6pings l\u00e4n och Kalmar l\u00e4n \u00e4r eniga: En gemensam ambulanshelikopter beh\u00f6vs f\u00f6r de tre l\u00e4nen. I J\u00f6nk\u00f6ping visar en nygjord SKOP-unders\u00f6kning att 91 % av de svarande tycker att det \u00e4r ett bra f\u00f6rslag att de tre l\u00e4nen Read More\" \/>\n<meta property=\"og:url\" content=\"https:\/\/wp.kristdemokraterna.se\/linkoping\/kristdemokraterna-vill-ha-ambulanshelikopter-i-sjukvardsregionen\/\" \/>\n<meta property=\"og:site_name\" content=\"Kristdemokraterna i Link\u00f6ping\" \/>\n<meta property=\"article:author\" content=\"https:\/\/www.facebook.com\/kdlinkoping\/\" \/>\n<meta property=\"article:published_time\" content=\"2014-08-28T10:07:18+00:00\" \/>\n<meta property=\"article:modified_time\" content=\"2021-08-13T09:49:10+00:00\" \/>\n<meta property=\"og:image\" content=\"http:\/\/wp.kristdemokraterna.se\/linkoping\/files\/2014\/08\/kristdemokraterna-vill-ha-ambulanshelikopter-i-sjukvardsregionen.jpg\" \/>\n<meta name=\"author\" content=\"linkoping\" \/>\n<meta name=\"twitter:card\" content=\"summary_large_image\" \/>\n<meta name=\"twitter:label1\" content=\"Skriven av\" \/>\n\t<meta name=\"twitter:data1\" content=\"linkoping\" \/>\n\t<meta name=\"twitter:label2\" content=\"Ber\u00e4knad l\u00e4stid\" \/>\n\t<meta name=\"twitter:data2\" content=\"2 minuter\" \/>\n<script type=\"application\/ld+json\" class=\"yoast-schema-graph\">{\"@context\":\"https:\\\/\\\/schema.org\",\"@graph\":[{\"@type\":\"Article\",\"@id\":\"https:\\\/\\\/wp.kristdemokraterna.se\\\/linkoping\\\/kristdemokraterna-vill-ha-ambulanshelikopter-i-sjukvardsregionen\\\/#article\",\"isPartOf\":{\"@id\":\"https:\\\/\\\/wp.kristdemokraterna.se\\\/linkoping\\\/kristdemokraterna-vill-ha-ambulanshelikopter-i-sjukvardsregionen\\\/\"},\"author\":{\"name\":\"linkoping\",\"@id\":\"https:\\\/\\\/wp.kristdemokraterna.se\\\/linkoping\\\/#\\\/schema\\\/person\\\/b0148c3c8863db76d330faa282b9521a\"},\"headline\":\"Kristdemokraterna vill ha ambulanshelikopter i sjukv\u00e5rdsregionen\",\"datePublished\":\"2014-08-28T10:07:18+00:00\",\"dateModified\":\"2021-08-13T09:49:10+00:00\",\"mainEntityOfPage\":{\"@id\":\"https:\\\/\\\/wp.kristdemokraterna.se\\\/linkoping\\\/kristdemokraterna-vill-ha-ambulanshelikopter-i-sjukvardsregionen\\\/\"},\"wordCount\":430,\"image\":{\"@id\":\"https:\\\/\\\/wp.kristdemokraterna.se\\\/linkoping\\\/kristdemokraterna-vill-ha-ambulanshelikopter-i-sjukvardsregionen\\\/#primaryimage\"},\"thumbnailUrl\":\"http:\\\/\\\/wp.kristdemokraterna.se\\\/linkoping\\\/files\\\/2014\\\/08\\\/kristdemokraterna-vill-ha-ambulanshelikopter-i-sjukvardsregionen.jpg\",\"articleSection\":[\"arkiv\",\"okategoriserade\"],\"inLanguage\":\"sv-SE\"},{\"@type\":\"WebPage\",\"@id\":\"https:\\\/\\\/wp.kristdemokraterna.se\\\/linkoping\\\/kristdemokraterna-vill-ha-ambulanshelikopter-i-sjukvardsregionen\\\/\",\"url\":\"https:\\\/\\\/wp.kristdemokraterna.se\\\/linkoping\\\/kristdemokraterna-vill-ha-ambulanshelikopter-i-sjukvardsregionen\\\/\",\"name\":\"Kristdemokraterna vill ha ambulanshelikopter i sjukv\u00e5rdsregionen - Kristdemokraterna i Link\u00f6ping\",\"isPartOf\":{\"@id\":\"https:\\\/\\\/wp.kristdemokraterna.se\\\/linkoping\\\/#website\"},\"primaryImageOfPage\":{\"@id\":\"https:\\\/\\\/wp.kristdemokraterna.se\\\/linkoping\\\/kristdemokraterna-vill-ha-ambulanshelikopter-i-sjukvardsregionen\\\/#primaryimage\"},\"image\":{\"@id\":\"https:\\\/\\\/wp.kristdemokraterna.se\\\/linkoping\\\/kristdemokraterna-vill-ha-ambulanshelikopter-i-sjukvardsregionen\\\/#primaryimage\"},\"thumbnailUrl\":\"http:\\\/\\\/wp.kristdemokraterna.se\\\/linkoping\\\/files\\\/2014\\\/08\\\/kristdemokraterna-vill-ha-ambulanshelikopter-i-sjukvardsregionen.jpg\",\"datePublished\":\"2014-08-28T10:07:18+00:00\",\"dateModified\":\"2021-08-13T09:49:10+00:00\",\"author\":{\"@id\":\"https:\\\/\\\/wp.kristdemokraterna.se\\\/linkoping\\\/#\\\/schema\\\/person\\\/b0148c3c8863db76d330faa282b9521a\"},\"breadcrumb\":{\"@id\":\"https:\\\/\\\/wp.kristdemokraterna.se\\\/linkoping\\\/kristdemokraterna-vill-ha-ambulanshelikopter-i-sjukvardsregionen\\\/#breadcrumb\"},\"inLanguage\":\"sv-SE\",\"potentialAction\":[{\"@type\":\"ReadAction\",\"target\":[\"https:\\\/\\\/wp.kristdemokraterna.se\\\/linkoping\\\/kristdemokraterna-vill-ha-ambulanshelikopter-i-sjukvardsregionen\\\/\"]}]},{\"@type\":\"ImageObject\",\"inLanguage\":\"sv-SE\",\"@id\":\"https:\\\/\\\/wp.kristdemokraterna.se\\\/linkoping\\\/kristdemokraterna-vill-ha-ambulanshelikopter-i-sjukvardsregionen\\\/#primaryimage\",\"url\":\"https:\\\/\\\/wp.kristdemokraterna.se\\\/linkoping\\\/files\\\/2014\\\/08\\\/kristdemokraterna-vill-ha-ambulanshelikopter-i-sjukvardsregionen.jpg\",\"contentUrl\":\"https:\\\/\\\/wp.kristdemokraterna.se\\\/linkoping\\\/files\\\/2014\\\/08\\\/kristdemokraterna-vill-ha-ambulanshelikopter-i-sjukvardsregionen.jpg\",\"width\":500,\"height\":434},{\"@type\":\"BreadcrumbList\",\"@id\":\"https:\\\/\\\/wp.kristdemokraterna.se\\\/linkoping\\\/kristdemokraterna-vill-ha-ambulanshelikopter-i-sjukvardsregionen\\\/#breadcrumb\",\"itemListElement\":[{\"@type\":\"ListItem\",\"position\":1,\"name\":\"Hem\",\"item\":\"https:\\\/\\\/wp.kristdemokraterna.se\\\/linkoping\\\/\"},{\"@type\":\"ListItem\",\"position\":2,\"name\":\"Kristdemokraterna vill ha ambulanshelikopter i sjukv\u00e5rdsregionen\"}]},{\"@type\":\"WebSite\",\"@id\":\"https:\\\/\\\/wp.kristdemokraterna.se\\\/linkoping\\\/#website\",\"url\":\"https:\\\/\\\/wp.kristdemokraterna.se\\\/linkoping\\\/\",\"name\":\"Kristdemokraterna i Link\u00f6ping\",\"description\":\"\",\"inLanguage\":\"sv-SE\"},{\"@type\":\"Person\",\"@id\":\"https:\\\/\\\/wp.kristdemokraterna.se\\\/linkoping\\\/#\\\/schema\\\/person\\\/b0148c3c8863db76d330faa282b9521a\",\"name\":\"linkoping\",\"image\":{\"@type\":\"ImageObject\",\"inLanguage\":\"sv-SE\",\"@id\":\"https:\\\/\\\/secure.gravatar.com\\\/avatar\\\/016e7965fec0e08fdd07b021a7d25181278d4b29b1d5bab57b16017e35421895?s=96&r=g\",\"url\":\"https:\\\/\\\/secure.gravatar.com\\\/avatar\\\/016e7965fec0e08fdd07b021a7d25181278d4b29b1d5bab57b16017e35421895?s=96&r=g\",\"contentUrl\":\"https:\\\/\\\/secure.gravatar.com\\\/avatar\\\/016e7965fec0e08fdd07b021a7d25181278d4b29b1d5bab57b16017e35421895?s=96&r=g\",\"caption\":\"linkoping\"},\"sameAs\":[\"https:\\\/\\\/www.facebook.com\\\/kdlinkoping\\\/\"],\"url\":\"https:\\\/\\\/wp.kristdemokraterna.se\\\/linkoping\\\/author\\\/linkoping\\\/\"}]}<\/script>\n<!-- \/ Yoast SEO plugin. -->","yoast_head_json":{"title":"Kristdemokraterna vill ha ambulanshelikopter i sjukv\u00e5rdsregionen - Kristdemokraterna i Link\u00f6ping","robots":{"index":"index","follow":"follow","max-snippet":"max-snippet:-1","max-image-preview":"max-image-preview:large","max-video-preview":"max-video-preview:-1"},"canonical":"https:\/\/wp.kristdemokraterna.se\/linkoping\/kristdemokraterna-vill-ha-ambulanshelikopter-i-sjukvardsregionen\/","og_locale":"sv_SE","og_type":"article","og_title":"Kristdemokraterna vill ha ambulanshelikopter i sjukv\u00e5rdsregionen - Kristdemokraterna i Link\u00f6ping","og_description":"Fr\u00e5n v\u00e4nster: Per Larsson, Gudrun Bruneg\u00e5rd och Mia Frisk. Foto: Stina Sinclair Kristdemokraternas landstingsgrupper i \u00d6sterg\u00f6tlands l\u00e4n, J\u00f6nk\u00f6pings l\u00e4n och Kalmar l\u00e4n \u00e4r eniga: En gemensam ambulanshelikopter beh\u00f6vs f\u00f6r de tre l\u00e4nen. I J\u00f6nk\u00f6ping visar en nygjord SKOP-unders\u00f6kning att 91 % av de svarande tycker att det \u00e4r ett bra f\u00f6rslag att de tre l\u00e4nen Read More","og_url":"https:\/\/wp.kristdemokraterna.se\/linkoping\/kristdemokraterna-vill-ha-ambulanshelikopter-i-sjukvardsregionen\/","og_site_name":"Kristdemokraterna i Link\u00f6ping","article_author":"https:\/\/www.facebook.com\/kdlinkoping\/","article_published_time":"2014-08-28T10:07:18+00:00","article_modified_time":"2021-08-13T09:49:10+00:00","og_image":[{"url":"http:\/\/wp.kristdemokraterna.se\/linkoping\/files\/2014\/08\/kristdemokraterna-vill-ha-ambulanshelikopter-i-sjukvardsregionen.jpg","type":"","width":"","height":""}],"author":"linkoping","twitter_card":"summary_large_image","twitter_misc":{"Skriven av":"linkoping","Ber\u00e4knad l\u00e4stid":"2 minuter"},"schema":{"@context":"https:\/\/schema.org","@graph":[{"@type":"Article","@id":"https:\/\/wp.kristdemokraterna.se\/linkoping\/kristdemokraterna-vill-ha-ambulanshelikopter-i-sjukvardsregionen\/#article","isPartOf":{"@id":"https:\/\/wp.kristdemokraterna.se\/linkoping\/kristdemokraterna-vill-ha-ambulanshelikopter-i-sjukvardsregionen\/"},"author":{"name":"linkoping","@id":"https:\/\/wp.kristdemokraterna.se\/linkoping\/#\/schema\/person\/b0148c3c8863db76d330faa282b9521a"},"headline":"Kristdemokraterna vill ha ambulanshelikopter i sjukv\u00e5rdsregionen","datePublished":"2014-08-28T10:07:18+00:00","dateModified":"2021-08-13T09:49:10+00:00","mainEntityOfPage":{"@id":"https:\/\/wp.kristdemokraterna.se\/linkoping\/kristdemokraterna-vill-ha-ambulanshelikopter-i-sjukvardsregionen\/"},"wordCount":430,"image":{"@id":"https:\/\/wp.kristdemokraterna.se\/linkoping\/kristdemokraterna-vill-ha-ambulanshelikopter-i-sjukvardsregionen\/#primaryimage"},"thumbnailUrl":"http:\/\/wp.kristdemokraterna.se\/linkoping\/files\/2014\/08\/kristdemokraterna-vill-ha-ambulanshelikopter-i-sjukvardsregionen.jpg","articleSection":["arkiv","okategoriserade"],"inLanguage":"sv-SE"},{"@type":"WebPage","@id":"https:\/\/wp.kristdemokraterna.se\/linkoping\/kristdemokraterna-vill-ha-ambulanshelikopter-i-sjukvardsregionen\/","url":"https:\/\/wp.kristdemokraterna.se\/linkoping\/kristdemokraterna-vill-ha-ambulanshelikopter-i-sjukvardsregionen\/","name":"Kristdemokraterna vill ha ambulanshelikopter i sjukv\u00e5rdsregionen - Kristdemokraterna i Link\u00f6ping","isPartOf":{"@id":"https:\/\/wp.kristdemokraterna.se\/linkoping\/#website"},"primaryImageOfPage":{"@id":"https:\/\/wp.kristdemokraterna.se\/linkoping\/kristdemokraterna-vill-ha-ambulanshelikopter-i-sjukvardsregionen\/#primaryimage"},"image":{"@id":"https:\/\/wp.kristdemokraterna.se\/linkoping\/kristdemokraterna-vill-ha-ambulanshelikopter-i-sjukvardsregionen\/#primaryimage"},"thumbnailUrl":"http:\/\/wp.kristdemokraterna.se\/linkoping\/files\/2014\/08\/kristdemokraterna-vill-ha-ambulanshelikopter-i-sjukvardsregionen.jpg","datePublished":"2014-08-28T10:07:18+00:00","dateModified":"2021-08-13T09:49:10+00:00","author":{"@id":"https:\/\/wp.kristdemokraterna.se\/linkoping\/#\/schema\/person\/b0148c3c8863db76d330faa282b9521a"},"breadcrumb":{"@id":"https:\/\/wp.kristdemokraterna.se\/linkoping\/kristdemokraterna-vill-ha-ambulanshelikopter-i-sjukvardsregionen\/#breadcrumb"},"inLanguage":"sv-SE","potentialAction":[{"@type":"ReadAction","target":["https:\/\/wp.kristdemokraterna.se\/linkoping\/kristdemokraterna-vill-ha-ambulanshelikopter-i-sjukvardsregionen\/"]}]},{"@type":"ImageObject","inLanguage":"sv-SE","@id":"https:\/\/wp.kristdemokraterna.se\/linkoping\/kristdemokraterna-vill-ha-ambulanshelikopter-i-sjukvardsregionen\/#primaryimage","url":"https:\/\/wp.kristdemokraterna.se\/linkoping\/files\/2014\/08\/kristdemokraterna-vill-ha-ambulanshelikopter-i-sjukvardsregionen.jpg","contentUrl":"https:\/\/wp.kristdemokraterna.se\/linkoping\/files\/2014\/08\/kristdemokraterna-vill-ha-ambulanshelikopter-i-sjukvardsregionen.jpg","width":500,"height":434},{"@type":"BreadcrumbList","@id":"https:\/\/wp.kristdemokraterna.se\/linkoping\/kristdemokraterna-vill-ha-ambulanshelikopter-i-sjukvardsregionen\/#breadcrumb","itemListElement":[{"@type":"ListItem","position":1,"name":"Hem","item":"https:\/\/wp.kristdemokraterna.se\/linkoping\/"},{"@type":"ListItem","position":2,"name":"Kristdemokraterna vill ha ambulanshelikopter i sjukv\u00e5rdsregionen"}]},{"@type":"WebSite","@id":"https:\/\/wp.kristdemokraterna.se\/linkoping\/#website","url":"https:\/\/wp.kristdemokraterna.se\/linkoping\/","name":"Kristdemokraterna i Link\u00f6ping","description":"","inLanguage":"sv-SE"},{"@type":"Person","@id":"https:\/\/wp.kristdemokraterna.se\/linkoping\/#\/schema\/person\/b0148c3c8863db76d330faa282b9521a","name":"linkoping","image":{"@type":"ImageObject","inLanguage":"sv-SE","@id":"https:\/\/secure.gravatar.com\/avatar\/016e7965fec0e08fdd07b021a7d25181278d4b29b1d5bab57b16017e35421895?s=96&r=g","url":"https:\/\/secure.gravatar.com\/avatar\/016e7965fec0e08fdd07b021a7d25181278d4b29b1d5bab57b16017e35421895?s=96&r=g","contentUrl":"https:\/\/secure.gravatar.com\/avatar\/016e7965fec0e08fdd07b021a7d25181278d4b29b1d5bab57b16017e35421895?s=96&r=g","caption":"linkoping"},"sameAs":["https:\/\/www.facebook.com\/kdlinkoping\/"],"url":"https:\/\/wp.kristdemokraterna.se\/linkoping\/author\/linkoping\/"}]}},"_links":{"self":[{"href":"https:\/\/wp.kristdemokraterna.se\/linkoping\/wp-json\/wp\/v2\/posts\/242","targetHints":{"allow":["GET"]}}],"collection":[{"href":"https:\/\/wp.kristdemokraterna.se\/linkoping\/wp-json\/wp\/v2\/posts"}],"about":[{"href":"https:\/\/wp.kristdemokraterna.se\/linkoping\/wp-json\/wp\/v2\/types\/post"}],"author":[{"embeddable":true,"href":"https:\/\/wp.kristdemokraterna.se\/linkoping\/wp-json\/wp\/v2\/users\/410"}],"replies":[{"embeddable":true,"href":"https:\/\/wp.kristdemokraterna.se\/linkoping\/wp-json\/wp\/v2\/comments?post=242"}],"version-history":[{"count":16,"href":"https:\/\/wp.kristdemokraterna.se\/linkoping\/wp-json\/wp\/v2\/posts\/242\/revisions"}],"predecessor-version":[{"id":258,"href":"https:\/\/wp.kristdemokraterna.se\/linkoping\/wp-json\/wp\/v2\/posts\/242\/revisions\/258"}],"wp:attachment":[{"href":"https:\/\/wp.kristdemokraterna.se\/linkoping\/wp-json\/wp\/v2\/media?parent=242"}],"wp:term":[{"taxonomy":"category","embeddable":true,"href":"https:\/\/wp.kristdemokraterna.se\/linkoping\/wp-json\/wp\/v2\/categories?post=242"},{"taxonomy":"post_tag","embeddable":true,"href":"https:\/\/wp.kristdemokraterna.se\/linkoping\/wp-json\/wp\/v2\/tags?post=242"}],"curies":[{"name":"wp","href":"https:\/\/api.w.org\/{rel}","templated":true}]}}