{"id":2421,"date":"2022-08-15T07:42:08","date_gmt":"2022-08-15T05:42:08","guid":{"rendered":"https:\/\/wp.kristdemokraterna.se\/linkoping\/?p=2421"},"modified":"2022-09-28T07:15:14","modified_gmt":"2022-09-28T05:15:14","slug":"nu-satter-vi-upp-trygghetskameror","status":"publish","type":"post","link":"https:\/\/wp.kristdemokraterna.se\/linkoping\/nu-satter-vi-upp-trygghetskameror\/","title":{"rendered":"Nu s\u00e4tter vi upp trygghetskameror"},"content":{"rendered":"<div class=\"kvgmc6g5 cxmmr5t8 oygrvhab hcukyx3x c1et5uql ii04i59q\">\n<div dir=\"auto\">I Link\u00f6ping finns ett stort behov av att \u00f6ka tryggheten bland kommunens inv\u00e5nare och bes\u00f6kare. Polismyndigheten har sedan l\u00e4nge utlovat \u00f6kad kamerabevakning men har samtidigt inte tilldelats resurser f\u00f6r att uppfylla l\u00f6ftet. D\u00e4rf\u00f6r har Allians f\u00f6r Link\u00f6ping beslutat att avs\u00e4tta medel f\u00f6r installation av kommunala trygghetskameror p\u00e5 utsatta och otrygga platser. Dessa kameror b\u00f6rjar nu att monteras upp.<\/div>\n<\/div>\n<div class=\"cxmmr5t8 oygrvhab hcukyx3x c1et5uql o9v6fnle ii04i59q\">\n<div dir=\"auto\">Idag har vi satt upp en kamera p\u00e5 Tr\u00e4dg\u00e5rdstorget. Kamerorna kommer vara ig\u00e5ng dygnet runt. Materialet sparas i tre dagar och kan beg\u00e4ras ut av polisen. De nya kamerorna blir de f\u00f6rsta som placeras p\u00e5 allm\u00e4nna platser. Men Link\u00f6pings kommun anv\u00e4nder kamerabevakning sedan tidigare, b\u00e5de inomhus och utomhus, p\u00e5 vissa skolor och skolg\u00e5rdar.<\/div>\n<div dir=\"auto\"><\/div>\n<\/div>\n<div class=\"cxmmr5t8 oygrvhab hcukyx3x c1et5uql o9v6fnle ii04i59q\">\n<div dir=\"auto\">&#8211; Det \u00e4r efterl\u00e4ngtat och angel\u00e4get att vi nu b\u00f6rjar s\u00e4tta upp fler trygghetskameror i v\u00e5r kommun. Det \u00f6kar tryggheten f\u00f6r Link\u00f6pingsborna och Polisen f\u00e5r ytterligare verktyg f\u00f6r att s\u00e4kerst\u00e4lla att beg\u00e5ngna brott kan utredas och g\u00e4rningspersonerna kan lagf\u00f6ras, avslutar Denis\u00e9 Cassel, Kommunalr\u00e5d (KD).<\/div>\n<\/div>\n","protected":false},"excerpt":{"rendered":"<p>I Link\u00f6ping finns ett stort behov av att \u00f6ka tryggheten bland kommunens inv\u00e5nare och bes\u00f6kare. Polismyndigheten har sedan l\u00e4nge utlovat \u00f6kad kamerabevakning men har samtidigt inte tilldelats resurser f\u00f6r att uppfylla l\u00f6ftet. D\u00e4rf\u00f6r har Allians f\u00f6r Link\u00f6ping beslutat att avs\u00e4tta medel f\u00f6r installation av kommunala trygghetskameror p\u00e5 utsatta och otrygga platser. Dessa kameror b\u00f6rjar nu <a class=\"read-more-link\" href=\"https:\/\/wp.kristdemokraterna.se\/linkoping\/nu-satter-vi-upp-trygghetskameror\/\">Read More<\/a><\/p>\n","protected":false},"author":410,"featured_media":0,"comment_status":"closed","ping_status":"closed","sticky":false,"template":"","format":"standard","meta":{"_acf_changed":false,"footnotes":""},"categories":[22,13,8],"tags":[],"class_list":["post-2421","post","type-post","status-publish","format-standard","hentry","category-arkiv","category-jobb","category-valprogram"],"acf":[],"yoast_head":"<!-- This site is optimized with the Yoast SEO plugin v27.4 - https:\/\/yoast.com\/product\/yoast-seo-wordpress\/ -->\n<title>Nu s\u00e4tter vi upp trygghetskameror - Kristdemokraterna i Link\u00f6ping<\/title>\n<meta name=\"robots\" content=\"index, follow, max-snippet:-1, max-image-preview:large, max-video-preview:-1\" \/>\n<link rel=\"canonical\" href=\"https:\/\/wp.kristdemokraterna.se\/linkoping\/nu-satter-vi-upp-trygghetskameror\/\" \/>\n<meta property=\"og:locale\" content=\"sv_SE\" \/>\n<meta property=\"og:type\" content=\"article\" \/>\n<meta property=\"og:title\" content=\"Nu s\u00e4tter vi upp trygghetskameror - Kristdemokraterna i Link\u00f6ping\" \/>\n<meta property=\"og:description\" content=\"I Link\u00f6ping finns ett stort behov av att \u00f6ka tryggheten bland kommunens inv\u00e5nare och bes\u00f6kare. Polismyndigheten har sedan l\u00e4nge utlovat \u00f6kad kamerabevakning men har samtidigt inte tilldelats resurser f\u00f6r att uppfylla l\u00f6ftet. D\u00e4rf\u00f6r har Allians f\u00f6r Link\u00f6ping beslutat att avs\u00e4tta medel f\u00f6r installation av kommunala trygghetskameror p\u00e5 utsatta och otrygga platser. Dessa kameror b\u00f6rjar nu Read More\" \/>\n<meta property=\"og:url\" content=\"https:\/\/wp.kristdemokraterna.se\/linkoping\/nu-satter-vi-upp-trygghetskameror\/\" \/>\n<meta property=\"og:site_name\" content=\"Kristdemokraterna i Link\u00f6ping\" \/>\n<meta property=\"article:author\" content=\"https:\/\/www.facebook.com\/kdlinkoping\/\" \/>\n<meta property=\"article:published_time\" content=\"2022-08-15T05:42:08+00:00\" \/>\n<meta property=\"article:modified_time\" content=\"2022-09-28T05:15:14+00:00\" \/>\n<meta name=\"author\" content=\"linkoping\" \/>\n<meta name=\"twitter:card\" content=\"summary_large_image\" \/>\n<meta name=\"twitter:label1\" content=\"Skriven av\" \/>\n\t<meta name=\"twitter:data1\" content=\"linkoping\" \/>\n\t<meta name=\"twitter:label2\" content=\"Ber\u00e4knad l\u00e4stid\" \/>\n\t<meta name=\"twitter:data2\" content=\"1 minut\" \/>\n<script type=\"application\/ld+json\" class=\"yoast-schema-graph\">{\"@context\":\"https:\\\/\\\/schema.org\",\"@graph\":[{\"@type\":\"Article\",\"@id\":\"https:\\\/\\\/wp.kristdemokraterna.se\\\/linkoping\\\/nu-satter-vi-upp-trygghetskameror\\\/#article\",\"isPartOf\":{\"@id\":\"https:\\\/\\\/wp.kristdemokraterna.se\\\/linkoping\\\/nu-satter-vi-upp-trygghetskameror\\\/\"},\"author\":{\"name\":\"linkoping\",\"@id\":\"https:\\\/\\\/wp.kristdemokraterna.se\\\/linkoping\\\/#\\\/schema\\\/person\\\/b0148c3c8863db76d330faa282b9521a\"},\"headline\":\"Nu s\u00e4tter vi upp trygghetskameror\",\"datePublished\":\"2022-08-15T05:42:08+00:00\",\"dateModified\":\"2022-09-28T05:15:14+00:00\",\"mainEntityOfPage\":{\"@id\":\"https:\\\/\\\/wp.kristdemokraterna.se\\\/linkoping\\\/nu-satter-vi-upp-trygghetskameror\\\/\"},\"wordCount\":199,\"articleSection\":[\"arkiv\",\"jobb\",\"valprogram\"],\"inLanguage\":\"sv-SE\"},{\"@type\":\"WebPage\",\"@id\":\"https:\\\/\\\/wp.kristdemokraterna.se\\\/linkoping\\\/nu-satter-vi-upp-trygghetskameror\\\/\",\"url\":\"https:\\\/\\\/wp.kristdemokraterna.se\\\/linkoping\\\/nu-satter-vi-upp-trygghetskameror\\\/\",\"name\":\"Nu s\u00e4tter vi upp trygghetskameror - Kristdemokraterna i Link\u00f6ping\",\"isPartOf\":{\"@id\":\"https:\\\/\\\/wp.kristdemokraterna.se\\\/linkoping\\\/#website\"},\"datePublished\":\"2022-08-15T05:42:08+00:00\",\"dateModified\":\"2022-09-28T05:15:14+00:00\",\"author\":{\"@id\":\"https:\\\/\\\/wp.kristdemokraterna.se\\\/linkoping\\\/#\\\/schema\\\/person\\\/b0148c3c8863db76d330faa282b9521a\"},\"breadcrumb\":{\"@id\":\"https:\\\/\\\/wp.kristdemokraterna.se\\\/linkoping\\\/nu-satter-vi-upp-trygghetskameror\\\/#breadcrumb\"},\"inLanguage\":\"sv-SE\",\"potentialAction\":[{\"@type\":\"ReadAction\",\"target\":[\"https:\\\/\\\/wp.kristdemokraterna.se\\\/linkoping\\\/nu-satter-vi-upp-trygghetskameror\\\/\"]}]},{\"@type\":\"BreadcrumbList\",\"@id\":\"https:\\\/\\\/wp.kristdemokraterna.se\\\/linkoping\\\/nu-satter-vi-upp-trygghetskameror\\\/#breadcrumb\",\"itemListElement\":[{\"@type\":\"ListItem\",\"position\":1,\"name\":\"Hem\",\"item\":\"https:\\\/\\\/wp.kristdemokraterna.se\\\/linkoping\\\/\"},{\"@type\":\"ListItem\",\"position\":2,\"name\":\"Nu s\u00e4tter vi upp trygghetskameror\"}]},{\"@type\":\"WebSite\",\"@id\":\"https:\\\/\\\/wp.kristdemokraterna.se\\\/linkoping\\\/#website\",\"url\":\"https:\\\/\\\/wp.kristdemokraterna.se\\\/linkoping\\\/\",\"name\":\"Kristdemokraterna i Link\u00f6ping\",\"description\":\"\",\"inLanguage\":\"sv-SE\"},{\"@type\":\"Person\",\"@id\":\"https:\\\/\\\/wp.kristdemokraterna.se\\\/linkoping\\\/#\\\/schema\\\/person\\\/b0148c3c8863db76d330faa282b9521a\",\"name\":\"linkoping\",\"image\":{\"@type\":\"ImageObject\",\"inLanguage\":\"sv-SE\",\"@id\":\"https:\\\/\\\/secure.gravatar.com\\\/avatar\\\/016e7965fec0e08fdd07b021a7d25181278d4b29b1d5bab57b16017e35421895?s=96&r=g\",\"url\":\"https:\\\/\\\/secure.gravatar.com\\\/avatar\\\/016e7965fec0e08fdd07b021a7d25181278d4b29b1d5bab57b16017e35421895?s=96&r=g\",\"contentUrl\":\"https:\\\/\\\/secure.gravatar.com\\\/avatar\\\/016e7965fec0e08fdd07b021a7d25181278d4b29b1d5bab57b16017e35421895?s=96&r=g\",\"caption\":\"linkoping\"},\"sameAs\":[\"https:\\\/\\\/www.facebook.com\\\/kdlinkoping\\\/\"],\"url\":\"https:\\\/\\\/wp.kristdemokraterna.se\\\/linkoping\\\/author\\\/linkoping\\\/\"}]}<\/script>\n<!-- \/ Yoast SEO plugin. -->","yoast_head_json":{"title":"Nu s\u00e4tter vi upp trygghetskameror - Kristdemokraterna i Link\u00f6ping","robots":{"index":"index","follow":"follow","max-snippet":"max-snippet:-1","max-image-preview":"max-image-preview:large","max-video-preview":"max-video-preview:-1"},"canonical":"https:\/\/wp.kristdemokraterna.se\/linkoping\/nu-satter-vi-upp-trygghetskameror\/","og_locale":"sv_SE","og_type":"article","og_title":"Nu s\u00e4tter vi upp trygghetskameror - Kristdemokraterna i Link\u00f6ping","og_description":"I Link\u00f6ping finns ett stort behov av att \u00f6ka tryggheten bland kommunens inv\u00e5nare och bes\u00f6kare. Polismyndigheten har sedan l\u00e4nge utlovat \u00f6kad kamerabevakning men har samtidigt inte tilldelats resurser f\u00f6r att uppfylla l\u00f6ftet. D\u00e4rf\u00f6r har Allians f\u00f6r Link\u00f6ping beslutat att avs\u00e4tta medel f\u00f6r installation av kommunala trygghetskameror p\u00e5 utsatta och otrygga platser. Dessa kameror b\u00f6rjar nu Read More","og_url":"https:\/\/wp.kristdemokraterna.se\/linkoping\/nu-satter-vi-upp-trygghetskameror\/","og_site_name":"Kristdemokraterna i Link\u00f6ping","article_author":"https:\/\/www.facebook.com\/kdlinkoping\/","article_published_time":"2022-08-15T05:42:08+00:00","article_modified_time":"2022-09-28T05:15:14+00:00","author":"linkoping","twitter_card":"summary_large_image","twitter_misc":{"Skriven av":"linkoping","Ber\u00e4knad l\u00e4stid":"1 minut"},"schema":{"@context":"https:\/\/schema.org","@graph":[{"@type":"Article","@id":"https:\/\/wp.kristdemokraterna.se\/linkoping\/nu-satter-vi-upp-trygghetskameror\/#article","isPartOf":{"@id":"https:\/\/wp.kristdemokraterna.se\/linkoping\/nu-satter-vi-upp-trygghetskameror\/"},"author":{"name":"linkoping","@id":"https:\/\/wp.kristdemokraterna.se\/linkoping\/#\/schema\/person\/b0148c3c8863db76d330faa282b9521a"},"headline":"Nu s\u00e4tter vi upp trygghetskameror","datePublished":"2022-08-15T05:42:08+00:00","dateModified":"2022-09-28T05:15:14+00:00","mainEntityOfPage":{"@id":"https:\/\/wp.kristdemokraterna.se\/linkoping\/nu-satter-vi-upp-trygghetskameror\/"},"wordCount":199,"articleSection":["arkiv","jobb","valprogram"],"inLanguage":"sv-SE"},{"@type":"WebPage","@id":"https:\/\/wp.kristdemokraterna.se\/linkoping\/nu-satter-vi-upp-trygghetskameror\/","url":"https:\/\/wp.kristdemokraterna.se\/linkoping\/nu-satter-vi-upp-trygghetskameror\/","name":"Nu s\u00e4tter vi upp trygghetskameror - Kristdemokraterna i Link\u00f6ping","isPartOf":{"@id":"https:\/\/wp.kristdemokraterna.se\/linkoping\/#website"},"datePublished":"2022-08-15T05:42:08+00:00","dateModified":"2022-09-28T05:15:14+00:00","author":{"@id":"https:\/\/wp.kristdemokraterna.se\/linkoping\/#\/schema\/person\/b0148c3c8863db76d330faa282b9521a"},"breadcrumb":{"@id":"https:\/\/wp.kristdemokraterna.se\/linkoping\/nu-satter-vi-upp-trygghetskameror\/#breadcrumb"},"inLanguage":"sv-SE","potentialAction":[{"@type":"ReadAction","target":["https:\/\/wp.kristdemokraterna.se\/linkoping\/nu-satter-vi-upp-trygghetskameror\/"]}]},{"@type":"BreadcrumbList","@id":"https:\/\/wp.kristdemokraterna.se\/linkoping\/nu-satter-vi-upp-trygghetskameror\/#breadcrumb","itemListElement":[{"@type":"ListItem","position":1,"name":"Hem","item":"https:\/\/wp.kristdemokraterna.se\/linkoping\/"},{"@type":"ListItem","position":2,"name":"Nu s\u00e4tter vi upp trygghetskameror"}]},{"@type":"WebSite","@id":"https:\/\/wp.kristdemokraterna.se\/linkoping\/#website","url":"https:\/\/wp.kristdemokraterna.se\/linkoping\/","name":"Kristdemokraterna i Link\u00f6ping","description":"","inLanguage":"sv-SE"},{"@type":"Person","@id":"https:\/\/wp.kristdemokraterna.se\/linkoping\/#\/schema\/person\/b0148c3c8863db76d330faa282b9521a","name":"linkoping","image":{"@type":"ImageObject","inLanguage":"sv-SE","@id":"https:\/\/secure.gravatar.com\/avatar\/016e7965fec0e08fdd07b021a7d25181278d4b29b1d5bab57b16017e35421895?s=96&r=g","url":"https:\/\/secure.gravatar.com\/avatar\/016e7965fec0e08fdd07b021a7d25181278d4b29b1d5bab57b16017e35421895?s=96&r=g","contentUrl":"https:\/\/secure.gravatar.com\/avatar\/016e7965fec0e08fdd07b021a7d25181278d4b29b1d5bab57b16017e35421895?s=96&r=g","caption":"linkoping"},"sameAs":["https:\/\/www.facebook.com\/kdlinkoping\/"],"url":"https:\/\/wp.kristdemokraterna.se\/linkoping\/author\/linkoping\/"}]}},"_links":{"self":[{"href":"https:\/\/wp.kristdemokraterna.se\/linkoping\/wp-json\/wp\/v2\/posts\/2421","targetHints":{"allow":["GET"]}}],"collection":[{"href":"https:\/\/wp.kristdemokraterna.se\/linkoping\/wp-json\/wp\/v2\/posts"}],"about":[{"href":"https:\/\/wp.kristdemokraterna.se\/linkoping\/wp-json\/wp\/v2\/types\/post"}],"author":[{"embeddable":true,"href":"https:\/\/wp.kristdemokraterna.se\/linkoping\/wp-json\/wp\/v2\/users\/410"}],"replies":[{"embeddable":true,"href":"https:\/\/wp.kristdemokraterna.se\/linkoping\/wp-json\/wp\/v2\/comments?post=2421"}],"version-history":[{"count":1,"href":"https:\/\/wp.kristdemokraterna.se\/linkoping\/wp-json\/wp\/v2\/posts\/2421\/revisions"}],"predecessor-version":[{"id":2423,"href":"https:\/\/wp.kristdemokraterna.se\/linkoping\/wp-json\/wp\/v2\/posts\/2421\/revisions\/2423"}],"wp:attachment":[{"href":"https:\/\/wp.kristdemokraterna.se\/linkoping\/wp-json\/wp\/v2\/media?parent=2421"}],"wp:term":[{"taxonomy":"category","embeddable":true,"href":"https:\/\/wp.kristdemokraterna.se\/linkoping\/wp-json\/wp\/v2\/categories?post=2421"},{"taxonomy":"post_tag","embeddable":true,"href":"https:\/\/wp.kristdemokraterna.se\/linkoping\/wp-json\/wp\/v2\/tags?post=2421"}],"curies":[{"name":"wp","href":"https:\/\/api.w.org\/{rel}","templated":true}]}}