{"id":2437,"date":"2022-08-20T18:11:51","date_gmt":"2022-08-20T16:11:51","guid":{"rendered":"https:\/\/wp.kristdemokraterna.se\/linkoping\/?p=2437"},"modified":"2022-11-01T11:21:06","modified_gmt":"2022-11-01T10:21:06","slug":"invigning-av-var-valstuga","status":"publish","type":"post","link":"https:\/\/wp.kristdemokraterna.se\/linkoping\/invigning-av-var-valstuga\/","title":{"rendered":"Invigning av v\u00e5r valstuga"},"content":{"rendered":"<div class=\"m8h3af8h l7ghb35v kjdc1dyq kmwttqpk gh25dzvf n3t5jt4f\">\n<div dir=\"auto\">Idag har vi invigt v\u00e5r valstuga p\u00e5 Stora Torget. V\u00e5rt kommunalr\u00e5d Denis\u00e9 Cassel (KD) och regionr\u00e5d Per Larsson (KD) h\u00f6ll i bandet n\u00e4r partiavdelningsordf\u00f6rande Johan H\u00e4ggblom klippte med den gyllene saxen. Efter invigningen bj\u00f6ds det p\u00e5 kaffe och t\u00e5rta. De nytryckta flygbladen gick \u00e5t som sm\u00f6r i solsken och redan f\u00f6rsta dagen fick vi m\u00e5nga bra samtal med Link\u00f6pingsbor som ville prata politik med oss.<\/div>\n<div dir=\"auto\"><\/div>\n<\/div>\n<div class=\"l7ghb35v kjdc1dyq kmwttqpk gh25dzvf jikcssrz n3t5jt4f\">\n<div dir=\"auto\">Valstugan h\u00e5ller \u00f6ppet varje dag kl. 10.00-18.00.<\/div>\n<div dir=\"auto\"><\/div>\n<\/div>\n<div class=\"l7ghb35v kjdc1dyq kmwttqpk gh25dzvf jikcssrz n3t5jt4f\">\n<div dir=\"auto\">V\u00e4lkomna!<\/div>\n<\/div>\n","protected":false},"excerpt":{"rendered":"<p>Idag har vi invigt v\u00e5r valstuga p\u00e5 Stora Torget. V\u00e5rt kommunalr\u00e5d Denis\u00e9 Cassel (KD) och regionr\u00e5d Per Larsson (KD) h\u00f6ll i bandet n\u00e4r partiavdelningsordf\u00f6rande Johan H\u00e4ggblom klippte med den gyllene saxen. Efter invigningen bj\u00f6ds det p\u00e5 kaffe och t\u00e5rta. De nytryckta flygbladen gick \u00e5t som sm\u00f6r i solsken och redan f\u00f6rsta dagen fick vi m\u00e5nga <a class=\"read-more-link\" href=\"https:\/\/wp.kristdemokraterna.se\/linkoping\/invigning-av-var-valstuga\/\">Read More<\/a><\/p>\n","protected":false},"author":410,"featured_media":0,"comment_status":"closed","ping_status":"closed","sticky":false,"template":"","format":"standard","meta":{"_acf_changed":false,"footnotes":""},"categories":[22,8],"tags":[],"class_list":["post-2437","post","type-post","status-publish","format-standard","hentry","category-arkiv","category-valprogram"],"acf":[],"yoast_head":"<!-- This site is optimized with the Yoast SEO plugin v27.4 - https:\/\/yoast.com\/product\/yoast-seo-wordpress\/ -->\n<title>Invigning av v\u00e5r valstuga - Kristdemokraterna i Link\u00f6ping<\/title>\n<meta name=\"robots\" content=\"index, follow, max-snippet:-1, max-image-preview:large, max-video-preview:-1\" \/>\n<link rel=\"canonical\" href=\"https:\/\/wp.kristdemokraterna.se\/linkoping\/invigning-av-var-valstuga\/\" \/>\n<meta property=\"og:locale\" content=\"sv_SE\" \/>\n<meta property=\"og:type\" content=\"article\" \/>\n<meta property=\"og:title\" content=\"Invigning av v\u00e5r valstuga - Kristdemokraterna i Link\u00f6ping\" \/>\n<meta property=\"og:description\" content=\"Idag har vi invigt v\u00e5r valstuga p\u00e5 Stora Torget. V\u00e5rt kommunalr\u00e5d Denis\u00e9 Cassel (KD) och regionr\u00e5d Per Larsson (KD) h\u00f6ll i bandet n\u00e4r partiavdelningsordf\u00f6rande Johan H\u00e4ggblom klippte med den gyllene saxen. Efter invigningen bj\u00f6ds det p\u00e5 kaffe och t\u00e5rta. De nytryckta flygbladen gick \u00e5t som sm\u00f6r i solsken och redan f\u00f6rsta dagen fick vi m\u00e5nga Read More\" \/>\n<meta property=\"og:url\" content=\"https:\/\/wp.kristdemokraterna.se\/linkoping\/invigning-av-var-valstuga\/\" \/>\n<meta property=\"og:site_name\" content=\"Kristdemokraterna i Link\u00f6ping\" \/>\n<meta property=\"article:author\" content=\"https:\/\/www.facebook.com\/kdlinkoping\/\" \/>\n<meta property=\"article:published_time\" content=\"2022-08-20T16:11:51+00:00\" \/>\n<meta property=\"article:modified_time\" content=\"2022-11-01T10:21:06+00:00\" \/>\n<meta name=\"author\" content=\"linkoping\" \/>\n<meta name=\"twitter:card\" content=\"summary_large_image\" \/>\n<meta name=\"twitter:label1\" content=\"Skriven av\" \/>\n\t<meta name=\"twitter:data1\" content=\"linkoping\" \/>\n\t<meta name=\"twitter:label2\" content=\"Ber\u00e4knad l\u00e4stid\" \/>\n\t<meta name=\"twitter:data2\" content=\"1 minut\" \/>\n<script type=\"application\/ld+json\" class=\"yoast-schema-graph\">{\"@context\":\"https:\\\/\\\/schema.org\",\"@graph\":[{\"@type\":\"Article\",\"@id\":\"https:\\\/\\\/wp.kristdemokraterna.se\\\/linkoping\\\/invigning-av-var-valstuga\\\/#article\",\"isPartOf\":{\"@id\":\"https:\\\/\\\/wp.kristdemokraterna.se\\\/linkoping\\\/invigning-av-var-valstuga\\\/\"},\"author\":{\"name\":\"linkoping\",\"@id\":\"https:\\\/\\\/wp.kristdemokraterna.se\\\/linkoping\\\/#\\\/schema\\\/person\\\/b0148c3c8863db76d330faa282b9521a\"},\"headline\":\"Invigning av v\u00e5r valstuga\",\"datePublished\":\"2022-08-20T16:11:51+00:00\",\"dateModified\":\"2022-11-01T10:21:06+00:00\",\"mainEntityOfPage\":{\"@id\":\"https:\\\/\\\/wp.kristdemokraterna.se\\\/linkoping\\\/invigning-av-var-valstuga\\\/\"},\"wordCount\":94,\"articleSection\":[\"arkiv\",\"valprogram\"],\"inLanguage\":\"sv-SE\"},{\"@type\":\"WebPage\",\"@id\":\"https:\\\/\\\/wp.kristdemokraterna.se\\\/linkoping\\\/invigning-av-var-valstuga\\\/\",\"url\":\"https:\\\/\\\/wp.kristdemokraterna.se\\\/linkoping\\\/invigning-av-var-valstuga\\\/\",\"name\":\"Invigning av v\u00e5r valstuga - Kristdemokraterna i Link\u00f6ping\",\"isPartOf\":{\"@id\":\"https:\\\/\\\/wp.kristdemokraterna.se\\\/linkoping\\\/#website\"},\"datePublished\":\"2022-08-20T16:11:51+00:00\",\"dateModified\":\"2022-11-01T10:21:06+00:00\",\"author\":{\"@id\":\"https:\\\/\\\/wp.kristdemokraterna.se\\\/linkoping\\\/#\\\/schema\\\/person\\\/b0148c3c8863db76d330faa282b9521a\"},\"breadcrumb\":{\"@id\":\"https:\\\/\\\/wp.kristdemokraterna.se\\\/linkoping\\\/invigning-av-var-valstuga\\\/#breadcrumb\"},\"inLanguage\":\"sv-SE\",\"potentialAction\":[{\"@type\":\"ReadAction\",\"target\":[\"https:\\\/\\\/wp.kristdemokraterna.se\\\/linkoping\\\/invigning-av-var-valstuga\\\/\"]}]},{\"@type\":\"BreadcrumbList\",\"@id\":\"https:\\\/\\\/wp.kristdemokraterna.se\\\/linkoping\\\/invigning-av-var-valstuga\\\/#breadcrumb\",\"itemListElement\":[{\"@type\":\"ListItem\",\"position\":1,\"name\":\"Hem\",\"item\":\"https:\\\/\\\/wp.kristdemokraterna.se\\\/linkoping\\\/\"},{\"@type\":\"ListItem\",\"position\":2,\"name\":\"Invigning av v\u00e5r valstuga\"}]},{\"@type\":\"WebSite\",\"@id\":\"https:\\\/\\\/wp.kristdemokraterna.se\\\/linkoping\\\/#website\",\"url\":\"https:\\\/\\\/wp.kristdemokraterna.se\\\/linkoping\\\/\",\"name\":\"Kristdemokraterna i Link\u00f6ping\",\"description\":\"\",\"inLanguage\":\"sv-SE\"},{\"@type\":\"Person\",\"@id\":\"https:\\\/\\\/wp.kristdemokraterna.se\\\/linkoping\\\/#\\\/schema\\\/person\\\/b0148c3c8863db76d330faa282b9521a\",\"name\":\"linkoping\",\"image\":{\"@type\":\"ImageObject\",\"inLanguage\":\"sv-SE\",\"@id\":\"https:\\\/\\\/secure.gravatar.com\\\/avatar\\\/016e7965fec0e08fdd07b021a7d25181278d4b29b1d5bab57b16017e35421895?s=96&r=g\",\"url\":\"https:\\\/\\\/secure.gravatar.com\\\/avatar\\\/016e7965fec0e08fdd07b021a7d25181278d4b29b1d5bab57b16017e35421895?s=96&r=g\",\"contentUrl\":\"https:\\\/\\\/secure.gravatar.com\\\/avatar\\\/016e7965fec0e08fdd07b021a7d25181278d4b29b1d5bab57b16017e35421895?s=96&r=g\",\"caption\":\"linkoping\"},\"sameAs\":[\"https:\\\/\\\/www.facebook.com\\\/kdlinkoping\\\/\"],\"url\":\"https:\\\/\\\/wp.kristdemokraterna.se\\\/linkoping\\\/author\\\/linkoping\\\/\"}]}<\/script>\n<!-- \/ Yoast SEO plugin. -->","yoast_head_json":{"title":"Invigning av v\u00e5r valstuga - Kristdemokraterna i Link\u00f6ping","robots":{"index":"index","follow":"follow","max-snippet":"max-snippet:-1","max-image-preview":"max-image-preview:large","max-video-preview":"max-video-preview:-1"},"canonical":"https:\/\/wp.kristdemokraterna.se\/linkoping\/invigning-av-var-valstuga\/","og_locale":"sv_SE","og_type":"article","og_title":"Invigning av v\u00e5r valstuga - Kristdemokraterna i Link\u00f6ping","og_description":"Idag har vi invigt v\u00e5r valstuga p\u00e5 Stora Torget. V\u00e5rt kommunalr\u00e5d Denis\u00e9 Cassel (KD) och regionr\u00e5d Per Larsson (KD) h\u00f6ll i bandet n\u00e4r partiavdelningsordf\u00f6rande Johan H\u00e4ggblom klippte med den gyllene saxen. Efter invigningen bj\u00f6ds det p\u00e5 kaffe och t\u00e5rta. De nytryckta flygbladen gick \u00e5t som sm\u00f6r i solsken och redan f\u00f6rsta dagen fick vi m\u00e5nga Read More","og_url":"https:\/\/wp.kristdemokraterna.se\/linkoping\/invigning-av-var-valstuga\/","og_site_name":"Kristdemokraterna i Link\u00f6ping","article_author":"https:\/\/www.facebook.com\/kdlinkoping\/","article_published_time":"2022-08-20T16:11:51+00:00","article_modified_time":"2022-11-01T10:21:06+00:00","author":"linkoping","twitter_card":"summary_large_image","twitter_misc":{"Skriven av":"linkoping","Ber\u00e4knad l\u00e4stid":"1 minut"},"schema":{"@context":"https:\/\/schema.org","@graph":[{"@type":"Article","@id":"https:\/\/wp.kristdemokraterna.se\/linkoping\/invigning-av-var-valstuga\/#article","isPartOf":{"@id":"https:\/\/wp.kristdemokraterna.se\/linkoping\/invigning-av-var-valstuga\/"},"author":{"name":"linkoping","@id":"https:\/\/wp.kristdemokraterna.se\/linkoping\/#\/schema\/person\/b0148c3c8863db76d330faa282b9521a"},"headline":"Invigning av v\u00e5r valstuga","datePublished":"2022-08-20T16:11:51+00:00","dateModified":"2022-11-01T10:21:06+00:00","mainEntityOfPage":{"@id":"https:\/\/wp.kristdemokraterna.se\/linkoping\/invigning-av-var-valstuga\/"},"wordCount":94,"articleSection":["arkiv","valprogram"],"inLanguage":"sv-SE"},{"@type":"WebPage","@id":"https:\/\/wp.kristdemokraterna.se\/linkoping\/invigning-av-var-valstuga\/","url":"https:\/\/wp.kristdemokraterna.se\/linkoping\/invigning-av-var-valstuga\/","name":"Invigning av v\u00e5r valstuga - Kristdemokraterna i Link\u00f6ping","isPartOf":{"@id":"https:\/\/wp.kristdemokraterna.se\/linkoping\/#website"},"datePublished":"2022-08-20T16:11:51+00:00","dateModified":"2022-11-01T10:21:06+00:00","author":{"@id":"https:\/\/wp.kristdemokraterna.se\/linkoping\/#\/schema\/person\/b0148c3c8863db76d330faa282b9521a"},"breadcrumb":{"@id":"https:\/\/wp.kristdemokraterna.se\/linkoping\/invigning-av-var-valstuga\/#breadcrumb"},"inLanguage":"sv-SE","potentialAction":[{"@type":"ReadAction","target":["https:\/\/wp.kristdemokraterna.se\/linkoping\/invigning-av-var-valstuga\/"]}]},{"@type":"BreadcrumbList","@id":"https:\/\/wp.kristdemokraterna.se\/linkoping\/invigning-av-var-valstuga\/#breadcrumb","itemListElement":[{"@type":"ListItem","position":1,"name":"Hem","item":"https:\/\/wp.kristdemokraterna.se\/linkoping\/"},{"@type":"ListItem","position":2,"name":"Invigning av v\u00e5r valstuga"}]},{"@type":"WebSite","@id":"https:\/\/wp.kristdemokraterna.se\/linkoping\/#website","url":"https:\/\/wp.kristdemokraterna.se\/linkoping\/","name":"Kristdemokraterna i Link\u00f6ping","description":"","inLanguage":"sv-SE"},{"@type":"Person","@id":"https:\/\/wp.kristdemokraterna.se\/linkoping\/#\/schema\/person\/b0148c3c8863db76d330faa282b9521a","name":"linkoping","image":{"@type":"ImageObject","inLanguage":"sv-SE","@id":"https:\/\/secure.gravatar.com\/avatar\/016e7965fec0e08fdd07b021a7d25181278d4b29b1d5bab57b16017e35421895?s=96&r=g","url":"https:\/\/secure.gravatar.com\/avatar\/016e7965fec0e08fdd07b021a7d25181278d4b29b1d5bab57b16017e35421895?s=96&r=g","contentUrl":"https:\/\/secure.gravatar.com\/avatar\/016e7965fec0e08fdd07b021a7d25181278d4b29b1d5bab57b16017e35421895?s=96&r=g","caption":"linkoping"},"sameAs":["https:\/\/www.facebook.com\/kdlinkoping\/"],"url":"https:\/\/wp.kristdemokraterna.se\/linkoping\/author\/linkoping\/"}]}},"_links":{"self":[{"href":"https:\/\/wp.kristdemokraterna.se\/linkoping\/wp-json\/wp\/v2\/posts\/2437","targetHints":{"allow":["GET"]}}],"collection":[{"href":"https:\/\/wp.kristdemokraterna.se\/linkoping\/wp-json\/wp\/v2\/posts"}],"about":[{"href":"https:\/\/wp.kristdemokraterna.se\/linkoping\/wp-json\/wp\/v2\/types\/post"}],"author":[{"embeddable":true,"href":"https:\/\/wp.kristdemokraterna.se\/linkoping\/wp-json\/wp\/v2\/users\/410"}],"replies":[{"embeddable":true,"href":"https:\/\/wp.kristdemokraterna.se\/linkoping\/wp-json\/wp\/v2\/comments?post=2437"}],"version-history":[{"count":1,"href":"https:\/\/wp.kristdemokraterna.se\/linkoping\/wp-json\/wp\/v2\/posts\/2437\/revisions"}],"predecessor-version":[{"id":2439,"href":"https:\/\/wp.kristdemokraterna.se\/linkoping\/wp-json\/wp\/v2\/posts\/2437\/revisions\/2439"}],"wp:attachment":[{"href":"https:\/\/wp.kristdemokraterna.se\/linkoping\/wp-json\/wp\/v2\/media?parent=2437"}],"wp:term":[{"taxonomy":"category","embeddable":true,"href":"https:\/\/wp.kristdemokraterna.se\/linkoping\/wp-json\/wp\/v2\/categories?post=2437"},{"taxonomy":"post_tag","embeddable":true,"href":"https:\/\/wp.kristdemokraterna.se\/linkoping\/wp-json\/wp\/v2\/tags?post=2437"}],"curies":[{"name":"wp","href":"https:\/\/api.w.org\/{rel}","templated":true}]}}