{"id":2457,"date":"2022-09-28T07:13:32","date_gmt":"2022-09-28T05:13:32","guid":{"rendered":"https:\/\/wp.kristdemokraterna.se\/linkoping\/?p=2457"},"modified":"2022-12-12T12:22:10","modified_gmt":"2022-12-12T11:22:10","slug":"kf-gruppen-samlades-for-sista-gangen","status":"publish","type":"post","link":"https:\/\/wp.kristdemokraterna.se\/linkoping\/kf-gruppen-samlades-for-sista-gangen\/","title":{"rendered":"KF-gruppen samlades f\u00f6r sista g\u00e5ngen"},"content":{"rendered":"<div class=\"m8h3af8h l7ghb35v kjdc1dyq kmwttqpk gh25dzvf n3t5jt4f\">\n<div dir=\"auto\">I dag sammantr\u00e4dde Link\u00f6pings nuvarande kommunfullm\u00e4ktige f\u00f6r allra sista g\u00e5ngen. V\u00e5r KF-grupp 2018-2022 har nu k\u00e4mpat tappert i fyra \u00e5r och n\u00e4sta g\u00e5ng kommunfullm\u00e4ktige sammantr\u00e4der i slutet p\u00e5 oktober \u00e4r det en ny upps\u00e4ttning av politiker som tar plats i Stadshuset. Vi tackar v\u00e5r avg\u00e5ende KF-grupp f\u00f6r det gedigna arbetet under den g\u00e5ngna mandatperioden.<\/div>\n<div dir=\"auto\"><\/div>\n<\/div>\n<p>&nbsp;<\/p>\n<div class=\"l7ghb35v kjdc1dyq kmwttqpk gh25dzvf jikcssrz n3t5jt4f\">\n<div dir=\"auto\">P\u00e5 bilden ses fr\u00e5n v\u00e4nster till h\u00f6ger: Kjell O.Lejon, Magnus Landberg, Yvonne Svalin, Denis\u00e9 Cassel, Rihab Chahaf och Liselotte Fager.<\/div>\n<\/div>\n","protected":false},"excerpt":{"rendered":"<p>I dag sammantr\u00e4dde Link\u00f6pings nuvarande kommunfullm\u00e4ktige f\u00f6r allra sista g\u00e5ngen. V\u00e5r KF-grupp 2018-2022 har nu k\u00e4mpat tappert i fyra \u00e5r och n\u00e4sta g\u00e5ng kommunfullm\u00e4ktige sammantr\u00e4der i slutet p\u00e5 oktober \u00e4r det en ny upps\u00e4ttning av politiker som tar plats i Stadshuset. Vi tackar v\u00e5r avg\u00e5ende KF-grupp f\u00f6r det gedigna arbetet under den g\u00e5ngna mandatperioden. &nbsp; <a class=\"read-more-link\" href=\"https:\/\/wp.kristdemokraterna.se\/linkoping\/kf-gruppen-samlades-for-sista-gangen\/\">Read More<\/a><\/p>\n","protected":false},"author":410,"featured_media":0,"comment_status":"closed","ping_status":"closed","sticky":false,"template":"","format":"standard","meta":{"_acf_changed":false,"footnotes":""},"categories":[22,1],"tags":[],"class_list":["post-2457","post","type-post","status-publish","format-standard","hentry","category-arkiv","category-okategoriserade"],"acf":[],"yoast_head":"<!-- This site is optimized with the Yoast SEO plugin v27.4 - https:\/\/yoast.com\/product\/yoast-seo-wordpress\/ -->\n<title>KF-gruppen samlades f\u00f6r sista g\u00e5ngen - Kristdemokraterna i Link\u00f6ping<\/title>\n<meta name=\"robots\" content=\"index, follow, max-snippet:-1, max-image-preview:large, max-video-preview:-1\" \/>\n<link rel=\"canonical\" href=\"https:\/\/wp.kristdemokraterna.se\/linkoping\/kf-gruppen-samlades-for-sista-gangen\/\" \/>\n<meta property=\"og:locale\" content=\"sv_SE\" \/>\n<meta property=\"og:type\" content=\"article\" \/>\n<meta property=\"og:title\" content=\"KF-gruppen samlades f\u00f6r sista g\u00e5ngen - Kristdemokraterna i Link\u00f6ping\" \/>\n<meta property=\"og:description\" content=\"I dag sammantr\u00e4dde Link\u00f6pings nuvarande kommunfullm\u00e4ktige f\u00f6r allra sista g\u00e5ngen. V\u00e5r KF-grupp 2018-2022 har nu k\u00e4mpat tappert i fyra \u00e5r och n\u00e4sta g\u00e5ng kommunfullm\u00e4ktige sammantr\u00e4der i slutet p\u00e5 oktober \u00e4r det en ny upps\u00e4ttning av politiker som tar plats i Stadshuset. Vi tackar v\u00e5r avg\u00e5ende KF-grupp f\u00f6r det gedigna arbetet under den g\u00e5ngna mandatperioden. &nbsp; Read More\" \/>\n<meta property=\"og:url\" content=\"https:\/\/wp.kristdemokraterna.se\/linkoping\/kf-gruppen-samlades-for-sista-gangen\/\" \/>\n<meta property=\"og:site_name\" content=\"Kristdemokraterna i Link\u00f6ping\" \/>\n<meta property=\"article:author\" content=\"https:\/\/www.facebook.com\/kdlinkoping\/\" \/>\n<meta property=\"article:published_time\" content=\"2022-09-28T05:13:32+00:00\" \/>\n<meta property=\"article:modified_time\" content=\"2022-12-12T11:22:10+00:00\" \/>\n<meta name=\"author\" content=\"linkoping\" \/>\n<meta name=\"twitter:card\" content=\"summary_large_image\" \/>\n<meta name=\"twitter:label1\" content=\"Skriven av\" \/>\n\t<meta name=\"twitter:data1\" content=\"linkoping\" \/>\n\t<meta name=\"twitter:label2\" content=\"Ber\u00e4knad l\u00e4stid\" \/>\n\t<meta name=\"twitter:data2\" content=\"1 minut\" \/>\n<script type=\"application\/ld+json\" class=\"yoast-schema-graph\">{\"@context\":\"https:\\\/\\\/schema.org\",\"@graph\":[{\"@type\":\"Article\",\"@id\":\"https:\\\/\\\/wp.kristdemokraterna.se\\\/linkoping\\\/kf-gruppen-samlades-for-sista-gangen\\\/#article\",\"isPartOf\":{\"@id\":\"https:\\\/\\\/wp.kristdemokraterna.se\\\/linkoping\\\/kf-gruppen-samlades-for-sista-gangen\\\/\"},\"author\":{\"name\":\"linkoping\",\"@id\":\"https:\\\/\\\/wp.kristdemokraterna.se\\\/linkoping\\\/#\\\/schema\\\/person\\\/b0148c3c8863db76d330faa282b9521a\"},\"headline\":\"KF-gruppen samlades f\u00f6r sista g\u00e5ngen\",\"datePublished\":\"2022-09-28T05:13:32+00:00\",\"dateModified\":\"2022-12-12T11:22:10+00:00\",\"mainEntityOfPage\":{\"@id\":\"https:\\\/\\\/wp.kristdemokraterna.se\\\/linkoping\\\/kf-gruppen-samlades-for-sista-gangen\\\/\"},\"wordCount\":102,\"articleSection\":[\"arkiv\",\"okategoriserade\"],\"inLanguage\":\"sv-SE\"},{\"@type\":\"WebPage\",\"@id\":\"https:\\\/\\\/wp.kristdemokraterna.se\\\/linkoping\\\/kf-gruppen-samlades-for-sista-gangen\\\/\",\"url\":\"https:\\\/\\\/wp.kristdemokraterna.se\\\/linkoping\\\/kf-gruppen-samlades-for-sista-gangen\\\/\",\"name\":\"KF-gruppen samlades f\u00f6r sista g\u00e5ngen - Kristdemokraterna i Link\u00f6ping\",\"isPartOf\":{\"@id\":\"https:\\\/\\\/wp.kristdemokraterna.se\\\/linkoping\\\/#website\"},\"datePublished\":\"2022-09-28T05:13:32+00:00\",\"dateModified\":\"2022-12-12T11:22:10+00:00\",\"author\":{\"@id\":\"https:\\\/\\\/wp.kristdemokraterna.se\\\/linkoping\\\/#\\\/schema\\\/person\\\/b0148c3c8863db76d330faa282b9521a\"},\"breadcrumb\":{\"@id\":\"https:\\\/\\\/wp.kristdemokraterna.se\\\/linkoping\\\/kf-gruppen-samlades-for-sista-gangen\\\/#breadcrumb\"},\"inLanguage\":\"sv-SE\",\"potentialAction\":[{\"@type\":\"ReadAction\",\"target\":[\"https:\\\/\\\/wp.kristdemokraterna.se\\\/linkoping\\\/kf-gruppen-samlades-for-sista-gangen\\\/\"]}]},{\"@type\":\"BreadcrumbList\",\"@id\":\"https:\\\/\\\/wp.kristdemokraterna.se\\\/linkoping\\\/kf-gruppen-samlades-for-sista-gangen\\\/#breadcrumb\",\"itemListElement\":[{\"@type\":\"ListItem\",\"position\":1,\"name\":\"Hem\",\"item\":\"https:\\\/\\\/wp.kristdemokraterna.se\\\/linkoping\\\/\"},{\"@type\":\"ListItem\",\"position\":2,\"name\":\"KF-gruppen samlades f\u00f6r sista g\u00e5ngen\"}]},{\"@type\":\"WebSite\",\"@id\":\"https:\\\/\\\/wp.kristdemokraterna.se\\\/linkoping\\\/#website\",\"url\":\"https:\\\/\\\/wp.kristdemokraterna.se\\\/linkoping\\\/\",\"name\":\"Kristdemokraterna i Link\u00f6ping\",\"description\":\"\",\"inLanguage\":\"sv-SE\"},{\"@type\":\"Person\",\"@id\":\"https:\\\/\\\/wp.kristdemokraterna.se\\\/linkoping\\\/#\\\/schema\\\/person\\\/b0148c3c8863db76d330faa282b9521a\",\"name\":\"linkoping\",\"image\":{\"@type\":\"ImageObject\",\"inLanguage\":\"sv-SE\",\"@id\":\"https:\\\/\\\/secure.gravatar.com\\\/avatar\\\/016e7965fec0e08fdd07b021a7d25181278d4b29b1d5bab57b16017e35421895?s=96&r=g\",\"url\":\"https:\\\/\\\/secure.gravatar.com\\\/avatar\\\/016e7965fec0e08fdd07b021a7d25181278d4b29b1d5bab57b16017e35421895?s=96&r=g\",\"contentUrl\":\"https:\\\/\\\/secure.gravatar.com\\\/avatar\\\/016e7965fec0e08fdd07b021a7d25181278d4b29b1d5bab57b16017e35421895?s=96&r=g\",\"caption\":\"linkoping\"},\"sameAs\":[\"https:\\\/\\\/www.facebook.com\\\/kdlinkoping\\\/\"],\"url\":\"https:\\\/\\\/wp.kristdemokraterna.se\\\/linkoping\\\/author\\\/linkoping\\\/\"}]}<\/script>\n<!-- \/ Yoast SEO plugin. -->","yoast_head_json":{"title":"KF-gruppen samlades f\u00f6r sista g\u00e5ngen - Kristdemokraterna i Link\u00f6ping","robots":{"index":"index","follow":"follow","max-snippet":"max-snippet:-1","max-image-preview":"max-image-preview:large","max-video-preview":"max-video-preview:-1"},"canonical":"https:\/\/wp.kristdemokraterna.se\/linkoping\/kf-gruppen-samlades-for-sista-gangen\/","og_locale":"sv_SE","og_type":"article","og_title":"KF-gruppen samlades f\u00f6r sista g\u00e5ngen - Kristdemokraterna i Link\u00f6ping","og_description":"I dag sammantr\u00e4dde Link\u00f6pings nuvarande kommunfullm\u00e4ktige f\u00f6r allra sista g\u00e5ngen. V\u00e5r KF-grupp 2018-2022 har nu k\u00e4mpat tappert i fyra \u00e5r och n\u00e4sta g\u00e5ng kommunfullm\u00e4ktige sammantr\u00e4der i slutet p\u00e5 oktober \u00e4r det en ny upps\u00e4ttning av politiker som tar plats i Stadshuset. Vi tackar v\u00e5r avg\u00e5ende KF-grupp f\u00f6r det gedigna arbetet under den g\u00e5ngna mandatperioden. &nbsp; Read More","og_url":"https:\/\/wp.kristdemokraterna.se\/linkoping\/kf-gruppen-samlades-for-sista-gangen\/","og_site_name":"Kristdemokraterna i Link\u00f6ping","article_author":"https:\/\/www.facebook.com\/kdlinkoping\/","article_published_time":"2022-09-28T05:13:32+00:00","article_modified_time":"2022-12-12T11:22:10+00:00","author":"linkoping","twitter_card":"summary_large_image","twitter_misc":{"Skriven av":"linkoping","Ber\u00e4knad l\u00e4stid":"1 minut"},"schema":{"@context":"https:\/\/schema.org","@graph":[{"@type":"Article","@id":"https:\/\/wp.kristdemokraterna.se\/linkoping\/kf-gruppen-samlades-for-sista-gangen\/#article","isPartOf":{"@id":"https:\/\/wp.kristdemokraterna.se\/linkoping\/kf-gruppen-samlades-for-sista-gangen\/"},"author":{"name":"linkoping","@id":"https:\/\/wp.kristdemokraterna.se\/linkoping\/#\/schema\/person\/b0148c3c8863db76d330faa282b9521a"},"headline":"KF-gruppen samlades f\u00f6r sista g\u00e5ngen","datePublished":"2022-09-28T05:13:32+00:00","dateModified":"2022-12-12T11:22:10+00:00","mainEntityOfPage":{"@id":"https:\/\/wp.kristdemokraterna.se\/linkoping\/kf-gruppen-samlades-for-sista-gangen\/"},"wordCount":102,"articleSection":["arkiv","okategoriserade"],"inLanguage":"sv-SE"},{"@type":"WebPage","@id":"https:\/\/wp.kristdemokraterna.se\/linkoping\/kf-gruppen-samlades-for-sista-gangen\/","url":"https:\/\/wp.kristdemokraterna.se\/linkoping\/kf-gruppen-samlades-for-sista-gangen\/","name":"KF-gruppen samlades f\u00f6r sista g\u00e5ngen - Kristdemokraterna i Link\u00f6ping","isPartOf":{"@id":"https:\/\/wp.kristdemokraterna.se\/linkoping\/#website"},"datePublished":"2022-09-28T05:13:32+00:00","dateModified":"2022-12-12T11:22:10+00:00","author":{"@id":"https:\/\/wp.kristdemokraterna.se\/linkoping\/#\/schema\/person\/b0148c3c8863db76d330faa282b9521a"},"breadcrumb":{"@id":"https:\/\/wp.kristdemokraterna.se\/linkoping\/kf-gruppen-samlades-for-sista-gangen\/#breadcrumb"},"inLanguage":"sv-SE","potentialAction":[{"@type":"ReadAction","target":["https:\/\/wp.kristdemokraterna.se\/linkoping\/kf-gruppen-samlades-for-sista-gangen\/"]}]},{"@type":"BreadcrumbList","@id":"https:\/\/wp.kristdemokraterna.se\/linkoping\/kf-gruppen-samlades-for-sista-gangen\/#breadcrumb","itemListElement":[{"@type":"ListItem","position":1,"name":"Hem","item":"https:\/\/wp.kristdemokraterna.se\/linkoping\/"},{"@type":"ListItem","position":2,"name":"KF-gruppen samlades f\u00f6r sista g\u00e5ngen"}]},{"@type":"WebSite","@id":"https:\/\/wp.kristdemokraterna.se\/linkoping\/#website","url":"https:\/\/wp.kristdemokraterna.se\/linkoping\/","name":"Kristdemokraterna i Link\u00f6ping","description":"","inLanguage":"sv-SE"},{"@type":"Person","@id":"https:\/\/wp.kristdemokraterna.se\/linkoping\/#\/schema\/person\/b0148c3c8863db76d330faa282b9521a","name":"linkoping","image":{"@type":"ImageObject","inLanguage":"sv-SE","@id":"https:\/\/secure.gravatar.com\/avatar\/016e7965fec0e08fdd07b021a7d25181278d4b29b1d5bab57b16017e35421895?s=96&r=g","url":"https:\/\/secure.gravatar.com\/avatar\/016e7965fec0e08fdd07b021a7d25181278d4b29b1d5bab57b16017e35421895?s=96&r=g","contentUrl":"https:\/\/secure.gravatar.com\/avatar\/016e7965fec0e08fdd07b021a7d25181278d4b29b1d5bab57b16017e35421895?s=96&r=g","caption":"linkoping"},"sameAs":["https:\/\/www.facebook.com\/kdlinkoping\/"],"url":"https:\/\/wp.kristdemokraterna.se\/linkoping\/author\/linkoping\/"}]}},"_links":{"self":[{"href":"https:\/\/wp.kristdemokraterna.se\/linkoping\/wp-json\/wp\/v2\/posts\/2457","targetHints":{"allow":["GET"]}}],"collection":[{"href":"https:\/\/wp.kristdemokraterna.se\/linkoping\/wp-json\/wp\/v2\/posts"}],"about":[{"href":"https:\/\/wp.kristdemokraterna.se\/linkoping\/wp-json\/wp\/v2\/types\/post"}],"author":[{"embeddable":true,"href":"https:\/\/wp.kristdemokraterna.se\/linkoping\/wp-json\/wp\/v2\/users\/410"}],"replies":[{"embeddable":true,"href":"https:\/\/wp.kristdemokraterna.se\/linkoping\/wp-json\/wp\/v2\/comments?post=2457"}],"version-history":[{"count":5,"href":"https:\/\/wp.kristdemokraterna.se\/linkoping\/wp-json\/wp\/v2\/posts\/2457\/revisions"}],"predecessor-version":[{"id":2463,"href":"https:\/\/wp.kristdemokraterna.se\/linkoping\/wp-json\/wp\/v2\/posts\/2457\/revisions\/2463"}],"wp:attachment":[{"href":"https:\/\/wp.kristdemokraterna.se\/linkoping\/wp-json\/wp\/v2\/media?parent=2457"}],"wp:term":[{"taxonomy":"category","embeddable":true,"href":"https:\/\/wp.kristdemokraterna.se\/linkoping\/wp-json\/wp\/v2\/categories?post=2457"},{"taxonomy":"post_tag","embeddable":true,"href":"https:\/\/wp.kristdemokraterna.se\/linkoping\/wp-json\/wp\/v2\/tags?post=2457"}],"curies":[{"name":"wp","href":"https:\/\/api.w.org\/{rel}","templated":true}]}}