{"id":2511,"date":"2022-10-27T11:20:43","date_gmt":"2022-10-27T09:20:43","guid":{"rendered":"https:\/\/wp.kristdemokraterna.se\/linkoping\/?p=2511"},"modified":"2023-02-14T07:12:15","modified_gmt":"2023-02-14T06:12:15","slug":"kd-ingar-valteknisk-samverkan-med-l-och-sd","status":"publish","type":"post","link":"https:\/\/wp.kristdemokraterna.se\/linkoping\/kd-ingar-valteknisk-samverkan-med-l-och-sd\/","title":{"rendered":"KD ing\u00e5r valteknisk samverkan med L och SD"},"content":{"rendered":"<p>Ig\u00e5r blev det klart att Kristdemokraterna i Link\u00f6ping ing\u00e5r en valteknisk samverkan i opposition tillsammans med Liberalerna och Sverigedemokraterna. Genom att sl\u00e5 ihop de mandat som vi fick av Link\u00f6pingsborna i valet f\u00e5r vi fler platser i kommunstyrelsen och n\u00e4mnderna. Trots den valtekniska samverkan kommer v\u00e5rt parti att agera sj\u00e4lvst\u00e4ndigt under mandatperioden och inf\u00f6r valet 2026.<\/p>\n<p>\u2013 Det vi \u00f6nskade oss fr\u00e5n b\u00f6rjan var ett majoritetsstyre med KD, SD, L och M. N\u00e4r det visade sig inte vara m\u00f6jligt b\u00f6rjade vi arbeta f\u00f6r en valteknisk samverkan med L och SD. Vi kommer att vara en borgerlig opposition som motvikt till v\u00e4nsteroppositionen, det \u00e4r m\u00e5nga Link\u00f6pingsv\u00e4ljare som \u00e4r borgerligt sinnade och de beh\u00f6ver f\u00e5 utdelning, s\u00e4ger Denis\u00e9 Cassel.<\/p>\n","protected":false},"excerpt":{"rendered":"<p>Ig\u00e5r blev det klart att Kristdemokraterna i Link\u00f6ping ing\u00e5r en valteknisk samverkan i opposition tillsammans med Liberalerna och Sverigedemokraterna. Genom att sl\u00e5 ihop de mandat som vi fick av Link\u00f6pingsborna i valet f\u00e5r vi fler platser i kommunstyrelsen och n\u00e4mnderna. Trots den valtekniska samverkan kommer v\u00e5rt parti att agera sj\u00e4lvst\u00e4ndigt under mandatperioden och inf\u00f6r valet <a class=\"read-more-link\" href=\"https:\/\/wp.kristdemokraterna.se\/linkoping\/kd-ingar-valteknisk-samverkan-med-l-och-sd\/\">Read More<\/a><\/p>\n","protected":false},"author":410,"featured_media":0,"comment_status":"closed","ping_status":"closed","sticky":false,"template":"","format":"standard","meta":{"_acf_changed":false,"footnotes":""},"categories":[22,5],"tags":[],"class_list":["post-2511","post","type-post","status-publish","format-standard","hentry","category-arkiv","category-pressmeddelanden"],"acf":[],"yoast_head":"<!-- This site is optimized with the Yoast SEO plugin v27.5 - https:\/\/yoast.com\/product\/yoast-seo-wordpress\/ -->\n<title>KD ing\u00e5r valteknisk samverkan med L och SD - Kristdemokraterna i Link\u00f6ping<\/title>\n<meta name=\"robots\" content=\"index, follow, max-snippet:-1, max-image-preview:large, max-video-preview:-1\" \/>\n<link rel=\"canonical\" href=\"https:\/\/wp.kristdemokraterna.se\/linkoping\/kd-ingar-valteknisk-samverkan-med-l-och-sd\/\" \/>\n<meta property=\"og:locale\" content=\"sv_SE\" \/>\n<meta property=\"og:type\" content=\"article\" \/>\n<meta property=\"og:title\" content=\"KD ing\u00e5r valteknisk samverkan med L och SD - Kristdemokraterna i Link\u00f6ping\" \/>\n<meta property=\"og:description\" content=\"Ig\u00e5r blev det klart att Kristdemokraterna i Link\u00f6ping ing\u00e5r en valteknisk samverkan i opposition tillsammans med Liberalerna och Sverigedemokraterna. Genom att sl\u00e5 ihop de mandat som vi fick av Link\u00f6pingsborna i valet f\u00e5r vi fler platser i kommunstyrelsen och n\u00e4mnderna. Trots den valtekniska samverkan kommer v\u00e5rt parti att agera sj\u00e4lvst\u00e4ndigt under mandatperioden och inf\u00f6r valet Read More\" \/>\n<meta property=\"og:url\" content=\"https:\/\/wp.kristdemokraterna.se\/linkoping\/kd-ingar-valteknisk-samverkan-med-l-och-sd\/\" \/>\n<meta property=\"og:site_name\" content=\"Kristdemokraterna i Link\u00f6ping\" \/>\n<meta property=\"article:author\" content=\"https:\/\/www.facebook.com\/kdlinkoping\/\" \/>\n<meta property=\"article:published_time\" content=\"2022-10-27T09:20:43+00:00\" \/>\n<meta property=\"article:modified_time\" content=\"2023-02-14T06:12:15+00:00\" \/>\n<meta name=\"author\" content=\"linkoping\" \/>\n<meta name=\"twitter:card\" content=\"summary_large_image\" \/>\n<meta name=\"twitter:label1\" content=\"Skriven av\" \/>\n\t<meta name=\"twitter:data1\" content=\"linkoping\" \/>\n\t<meta name=\"twitter:label2\" content=\"Ber\u00e4knad l\u00e4stid\" \/>\n\t<meta name=\"twitter:data2\" content=\"1 minut\" \/>\n<script type=\"application\/ld+json\" class=\"yoast-schema-graph\">{\"@context\":\"https:\\\/\\\/schema.org\",\"@graph\":[{\"@type\":\"Article\",\"@id\":\"https:\\\/\\\/wp.kristdemokraterna.se\\\/linkoping\\\/kd-ingar-valteknisk-samverkan-med-l-och-sd\\\/#article\",\"isPartOf\":{\"@id\":\"https:\\\/\\\/wp.kristdemokraterna.se\\\/linkoping\\\/kd-ingar-valteknisk-samverkan-med-l-och-sd\\\/\"},\"author\":{\"name\":\"linkoping\",\"@id\":\"https:\\\/\\\/wp.kristdemokraterna.se\\\/linkoping\\\/#\\\/schema\\\/person\\\/b0148c3c8863db76d330faa282b9521a\"},\"headline\":\"KD ing\u00e5r valteknisk samverkan med L och SD\",\"datePublished\":\"2022-10-27T09:20:43+00:00\",\"dateModified\":\"2023-02-14T06:12:15+00:00\",\"mainEntityOfPage\":{\"@id\":\"https:\\\/\\\/wp.kristdemokraterna.se\\\/linkoping\\\/kd-ingar-valteknisk-samverkan-med-l-och-sd\\\/\"},\"wordCount\":146,\"articleSection\":[\"arkiv\",\"pressmeddelanden\"],\"inLanguage\":\"sv-SE\"},{\"@type\":\"WebPage\",\"@id\":\"https:\\\/\\\/wp.kristdemokraterna.se\\\/linkoping\\\/kd-ingar-valteknisk-samverkan-med-l-och-sd\\\/\",\"url\":\"https:\\\/\\\/wp.kristdemokraterna.se\\\/linkoping\\\/kd-ingar-valteknisk-samverkan-med-l-och-sd\\\/\",\"name\":\"KD ing\u00e5r valteknisk samverkan med L och SD - Kristdemokraterna i Link\u00f6ping\",\"isPartOf\":{\"@id\":\"https:\\\/\\\/wp.kristdemokraterna.se\\\/linkoping\\\/#website\"},\"datePublished\":\"2022-10-27T09:20:43+00:00\",\"dateModified\":\"2023-02-14T06:12:15+00:00\",\"author\":{\"@id\":\"https:\\\/\\\/wp.kristdemokraterna.se\\\/linkoping\\\/#\\\/schema\\\/person\\\/b0148c3c8863db76d330faa282b9521a\"},\"breadcrumb\":{\"@id\":\"https:\\\/\\\/wp.kristdemokraterna.se\\\/linkoping\\\/kd-ingar-valteknisk-samverkan-med-l-och-sd\\\/#breadcrumb\"},\"inLanguage\":\"sv-SE\",\"potentialAction\":[{\"@type\":\"ReadAction\",\"target\":[\"https:\\\/\\\/wp.kristdemokraterna.se\\\/linkoping\\\/kd-ingar-valteknisk-samverkan-med-l-och-sd\\\/\"]}]},{\"@type\":\"BreadcrumbList\",\"@id\":\"https:\\\/\\\/wp.kristdemokraterna.se\\\/linkoping\\\/kd-ingar-valteknisk-samverkan-med-l-och-sd\\\/#breadcrumb\",\"itemListElement\":[{\"@type\":\"ListItem\",\"position\":1,\"name\":\"Hem\",\"item\":\"https:\\\/\\\/wp.kristdemokraterna.se\\\/linkoping\\\/\"},{\"@type\":\"ListItem\",\"position\":2,\"name\":\"KD ing\u00e5r valteknisk samverkan med L och SD\"}]},{\"@type\":\"WebSite\",\"@id\":\"https:\\\/\\\/wp.kristdemokraterna.se\\\/linkoping\\\/#website\",\"url\":\"https:\\\/\\\/wp.kristdemokraterna.se\\\/linkoping\\\/\",\"name\":\"Kristdemokraterna i Link\u00f6ping\",\"description\":\"\",\"inLanguage\":\"sv-SE\"},{\"@type\":\"Person\",\"@id\":\"https:\\\/\\\/wp.kristdemokraterna.se\\\/linkoping\\\/#\\\/schema\\\/person\\\/b0148c3c8863db76d330faa282b9521a\",\"name\":\"linkoping\",\"image\":{\"@type\":\"ImageObject\",\"inLanguage\":\"sv-SE\",\"@id\":\"https:\\\/\\\/secure.gravatar.com\\\/avatar\\\/016e7965fec0e08fdd07b021a7d25181278d4b29b1d5bab57b16017e35421895?s=96&r=g\",\"url\":\"https:\\\/\\\/secure.gravatar.com\\\/avatar\\\/016e7965fec0e08fdd07b021a7d25181278d4b29b1d5bab57b16017e35421895?s=96&r=g\",\"contentUrl\":\"https:\\\/\\\/secure.gravatar.com\\\/avatar\\\/016e7965fec0e08fdd07b021a7d25181278d4b29b1d5bab57b16017e35421895?s=96&r=g\",\"caption\":\"linkoping\"},\"sameAs\":[\"https:\\\/\\\/www.facebook.com\\\/kdlinkoping\\\/\"],\"url\":\"https:\\\/\\\/wp.kristdemokraterna.se\\\/linkoping\\\/author\\\/linkoping\\\/\"}]}<\/script>\n<!-- \/ Yoast SEO plugin. -->","yoast_head_json":{"title":"KD ing\u00e5r valteknisk samverkan med L och SD - Kristdemokraterna i Link\u00f6ping","robots":{"index":"index","follow":"follow","max-snippet":"max-snippet:-1","max-image-preview":"max-image-preview:large","max-video-preview":"max-video-preview:-1"},"canonical":"https:\/\/wp.kristdemokraterna.se\/linkoping\/kd-ingar-valteknisk-samverkan-med-l-och-sd\/","og_locale":"sv_SE","og_type":"article","og_title":"KD ing\u00e5r valteknisk samverkan med L och SD - Kristdemokraterna i Link\u00f6ping","og_description":"Ig\u00e5r blev det klart att Kristdemokraterna i Link\u00f6ping ing\u00e5r en valteknisk samverkan i opposition tillsammans med Liberalerna och Sverigedemokraterna. Genom att sl\u00e5 ihop de mandat som vi fick av Link\u00f6pingsborna i valet f\u00e5r vi fler platser i kommunstyrelsen och n\u00e4mnderna. Trots den valtekniska samverkan kommer v\u00e5rt parti att agera sj\u00e4lvst\u00e4ndigt under mandatperioden och inf\u00f6r valet Read More","og_url":"https:\/\/wp.kristdemokraterna.se\/linkoping\/kd-ingar-valteknisk-samverkan-med-l-och-sd\/","og_site_name":"Kristdemokraterna i Link\u00f6ping","article_author":"https:\/\/www.facebook.com\/kdlinkoping\/","article_published_time":"2022-10-27T09:20:43+00:00","article_modified_time":"2023-02-14T06:12:15+00:00","author":"linkoping","twitter_card":"summary_large_image","twitter_misc":{"Skriven av":"linkoping","Ber\u00e4knad l\u00e4stid":"1 minut"},"schema":{"@context":"https:\/\/schema.org","@graph":[{"@type":"Article","@id":"https:\/\/wp.kristdemokraterna.se\/linkoping\/kd-ingar-valteknisk-samverkan-med-l-och-sd\/#article","isPartOf":{"@id":"https:\/\/wp.kristdemokraterna.se\/linkoping\/kd-ingar-valteknisk-samverkan-med-l-och-sd\/"},"author":{"name":"linkoping","@id":"https:\/\/wp.kristdemokraterna.se\/linkoping\/#\/schema\/person\/b0148c3c8863db76d330faa282b9521a"},"headline":"KD ing\u00e5r valteknisk samverkan med L och SD","datePublished":"2022-10-27T09:20:43+00:00","dateModified":"2023-02-14T06:12:15+00:00","mainEntityOfPage":{"@id":"https:\/\/wp.kristdemokraterna.se\/linkoping\/kd-ingar-valteknisk-samverkan-med-l-och-sd\/"},"wordCount":146,"articleSection":["arkiv","pressmeddelanden"],"inLanguage":"sv-SE"},{"@type":"WebPage","@id":"https:\/\/wp.kristdemokraterna.se\/linkoping\/kd-ingar-valteknisk-samverkan-med-l-och-sd\/","url":"https:\/\/wp.kristdemokraterna.se\/linkoping\/kd-ingar-valteknisk-samverkan-med-l-och-sd\/","name":"KD ing\u00e5r valteknisk samverkan med L och SD - Kristdemokraterna i Link\u00f6ping","isPartOf":{"@id":"https:\/\/wp.kristdemokraterna.se\/linkoping\/#website"},"datePublished":"2022-10-27T09:20:43+00:00","dateModified":"2023-02-14T06:12:15+00:00","author":{"@id":"https:\/\/wp.kristdemokraterna.se\/linkoping\/#\/schema\/person\/b0148c3c8863db76d330faa282b9521a"},"breadcrumb":{"@id":"https:\/\/wp.kristdemokraterna.se\/linkoping\/kd-ingar-valteknisk-samverkan-med-l-och-sd\/#breadcrumb"},"inLanguage":"sv-SE","potentialAction":[{"@type":"ReadAction","target":["https:\/\/wp.kristdemokraterna.se\/linkoping\/kd-ingar-valteknisk-samverkan-med-l-och-sd\/"]}]},{"@type":"BreadcrumbList","@id":"https:\/\/wp.kristdemokraterna.se\/linkoping\/kd-ingar-valteknisk-samverkan-med-l-och-sd\/#breadcrumb","itemListElement":[{"@type":"ListItem","position":1,"name":"Hem","item":"https:\/\/wp.kristdemokraterna.se\/linkoping\/"},{"@type":"ListItem","position":2,"name":"KD ing\u00e5r valteknisk samverkan med L och SD"}]},{"@type":"WebSite","@id":"https:\/\/wp.kristdemokraterna.se\/linkoping\/#website","url":"https:\/\/wp.kristdemokraterna.se\/linkoping\/","name":"Kristdemokraterna i Link\u00f6ping","description":"","inLanguage":"sv-SE"},{"@type":"Person","@id":"https:\/\/wp.kristdemokraterna.se\/linkoping\/#\/schema\/person\/b0148c3c8863db76d330faa282b9521a","name":"linkoping","image":{"@type":"ImageObject","inLanguage":"sv-SE","@id":"https:\/\/secure.gravatar.com\/avatar\/016e7965fec0e08fdd07b021a7d25181278d4b29b1d5bab57b16017e35421895?s=96&r=g","url":"https:\/\/secure.gravatar.com\/avatar\/016e7965fec0e08fdd07b021a7d25181278d4b29b1d5bab57b16017e35421895?s=96&r=g","contentUrl":"https:\/\/secure.gravatar.com\/avatar\/016e7965fec0e08fdd07b021a7d25181278d4b29b1d5bab57b16017e35421895?s=96&r=g","caption":"linkoping"},"sameAs":["https:\/\/www.facebook.com\/kdlinkoping\/"],"url":"https:\/\/wp.kristdemokraterna.se\/linkoping\/author\/linkoping\/"}]}},"_links":{"self":[{"href":"https:\/\/wp.kristdemokraterna.se\/linkoping\/wp-json\/wp\/v2\/posts\/2511","targetHints":{"allow":["GET"]}}],"collection":[{"href":"https:\/\/wp.kristdemokraterna.se\/linkoping\/wp-json\/wp\/v2\/posts"}],"about":[{"href":"https:\/\/wp.kristdemokraterna.se\/linkoping\/wp-json\/wp\/v2\/types\/post"}],"author":[{"embeddable":true,"href":"https:\/\/wp.kristdemokraterna.se\/linkoping\/wp-json\/wp\/v2\/users\/410"}],"replies":[{"embeddable":true,"href":"https:\/\/wp.kristdemokraterna.se\/linkoping\/wp-json\/wp\/v2\/comments?post=2511"}],"version-history":[{"count":5,"href":"https:\/\/wp.kristdemokraterna.se\/linkoping\/wp-json\/wp\/v2\/posts\/2511\/revisions"}],"predecessor-version":[{"id":2517,"href":"https:\/\/wp.kristdemokraterna.se\/linkoping\/wp-json\/wp\/v2\/posts\/2511\/revisions\/2517"}],"wp:attachment":[{"href":"https:\/\/wp.kristdemokraterna.se\/linkoping\/wp-json\/wp\/v2\/media?parent=2511"}],"wp:term":[{"taxonomy":"category","embeddable":true,"href":"https:\/\/wp.kristdemokraterna.se\/linkoping\/wp-json\/wp\/v2\/categories?post=2511"},{"taxonomy":"post_tag","embeddable":true,"href":"https:\/\/wp.kristdemokraterna.se\/linkoping\/wp-json\/wp\/v2\/tags?post=2511"}],"curies":[{"name":"wp","href":"https:\/\/api.w.org\/{rel}","templated":true}]}}