{"id":2612,"date":"2023-02-14T07:11:42","date_gmt":"2023-02-14T06:11:42","guid":{"rendered":"https:\/\/wp.kristdemokraterna.se\/linkoping\/?p=2612"},"modified":"2023-09-12T19:34:22","modified_gmt":"2023-09-12T17:34:22","slug":"kd-linkoping-holl-arsmote","status":"publish","type":"post","link":"https:\/\/wp.kristdemokraterna.se\/linkoping\/kd-linkoping-holl-arsmote\/","title":{"rendered":"KD Link\u00f6ping h\u00f6ll \u00e5rsm\u00f6te"},"content":{"rendered":"<p>Ig\u00e5r h\u00f6ll Kristdemokraterna i Link\u00f6ping \u00e5rsm\u00f6te i K\u00e4rna kyrka f\u00f6rsamlingsg\u00e5rd. Kv\u00e4llen inleddes med kaffe och sm\u00f6rg\u00e5st\u00e5rta och d\u00e4refter h\u00f6ll Magnus Berntsson, riksdagsledamot och ledamot i utrikesutskottet, ett intressant anf\u00f6rande om vad som sker inom rikspolitiken. D\u00e4refter talade v\u00e5r gruppledare Liselotte Fager och regionr\u00e5d Per Larsson om aktuella fr\u00e5gor i kommun och region.<\/p>\n<p>Under kv\u00e4llen blev det klubbat att Mikael Joum\u00e9 tar \u00f6ver som ordf\u00f6rande i partiavdelningens styrelse efter Johan H\u00e4ggblom. Annika Lejon valdes till vice ordf\u00f6rande. Mikael Joum\u00e9 jobbar sedan 2019 som Direktor p\u00e5 Hj\u00e4rta till Hj\u00e4rta, som bland annat har ett stort engagemang i Ukraina. Med en bakgrund som operas\u00e5ngare vid Malm\u00f6 Opera h\u00e4nder det ibland att Mikael tar ton!<\/p>\n<p>&#8211; Som ordf\u00f6rande f\u00f6r partiavdelningens styrelse vill jag verka f\u00f6r ett \u00f6kat engagemang bland v\u00e5ra medlemmar och f\u00f6r Kristdemokratisk politik, vi \u00e4r en viktig r\u00f6st i det politiska landskapet. Med min bakgrund inom civilsamh\u00e4llet vet jag vilken styrka det finns i det ideella engagemanget. Det h\u00e4nder saker n\u00e4r m\u00e4nniskor kommer tillsammans, och delaktighet f\u00f6der engagemang. Resan mot valet 2026 har redan b\u00f6rjat och nu ligger en tid framf\u00f6r oss d\u00e4r vi ska lyssna in v\u00e5ra medlemmar och ta vara p\u00e5 alla id\u00e9er, all den kunskap och erfarenhet som finns i v\u00e5ra led, avslutar Mikael Joum\u00e9, nyvald ordf\u00f6rande i partiavdelningens styrelse.<\/p>\n","protected":false},"excerpt":{"rendered":"<p>Ig\u00e5r h\u00f6ll Kristdemokraterna i Link\u00f6ping \u00e5rsm\u00f6te i K\u00e4rna kyrka f\u00f6rsamlingsg\u00e5rd. Kv\u00e4llen inleddes med kaffe och sm\u00f6rg\u00e5st\u00e5rta och d\u00e4refter h\u00f6ll Magnus Berntsson, riksdagsledamot och ledamot i utrikesutskottet, ett intressant anf\u00f6rande om vad som sker inom rikspolitiken. D\u00e4refter talade v\u00e5r gruppledare Liselotte Fager och regionr\u00e5d Per Larsson om aktuella fr\u00e5gor i kommun och region. Under kv\u00e4llen blev <a class=\"read-more-link\" href=\"https:\/\/wp.kristdemokraterna.se\/linkoping\/kd-linkoping-holl-arsmote\/\">Read More<\/a><\/p>\n","protected":false},"author":410,"featured_media":0,"comment_status":"closed","ping_status":"closed","sticky":false,"template":"","format":"standard","meta":{"_acf_changed":false,"footnotes":""},"categories":[22,1],"tags":[],"class_list":["post-2612","post","type-post","status-publish","format-standard","hentry","category-arkiv","category-okategoriserade"],"acf":[],"yoast_head":"<!-- This site is optimized with the Yoast SEO plugin v27.4 - https:\/\/yoast.com\/product\/yoast-seo-wordpress\/ -->\n<title>KD Link\u00f6ping h\u00f6ll \u00e5rsm\u00f6te - Kristdemokraterna i Link\u00f6ping<\/title>\n<meta name=\"robots\" content=\"index, follow, max-snippet:-1, max-image-preview:large, max-video-preview:-1\" \/>\n<link rel=\"canonical\" href=\"https:\/\/wp.kristdemokraterna.se\/linkoping\/kd-linkoping-holl-arsmote\/\" \/>\n<meta property=\"og:locale\" content=\"sv_SE\" \/>\n<meta property=\"og:type\" content=\"article\" \/>\n<meta property=\"og:title\" content=\"KD Link\u00f6ping h\u00f6ll \u00e5rsm\u00f6te - Kristdemokraterna i Link\u00f6ping\" \/>\n<meta property=\"og:description\" content=\"Ig\u00e5r h\u00f6ll Kristdemokraterna i Link\u00f6ping \u00e5rsm\u00f6te i K\u00e4rna kyrka f\u00f6rsamlingsg\u00e5rd. Kv\u00e4llen inleddes med kaffe och sm\u00f6rg\u00e5st\u00e5rta och d\u00e4refter h\u00f6ll Magnus Berntsson, riksdagsledamot och ledamot i utrikesutskottet, ett intressant anf\u00f6rande om vad som sker inom rikspolitiken. D\u00e4refter talade v\u00e5r gruppledare Liselotte Fager och regionr\u00e5d Per Larsson om aktuella fr\u00e5gor i kommun och region. Under kv\u00e4llen blev Read More\" \/>\n<meta property=\"og:url\" content=\"https:\/\/wp.kristdemokraterna.se\/linkoping\/kd-linkoping-holl-arsmote\/\" \/>\n<meta property=\"og:site_name\" content=\"Kristdemokraterna i Link\u00f6ping\" \/>\n<meta property=\"article:author\" content=\"https:\/\/www.facebook.com\/kdlinkoping\/\" \/>\n<meta property=\"article:published_time\" content=\"2023-02-14T06:11:42+00:00\" \/>\n<meta property=\"article:modified_time\" content=\"2023-09-12T17:34:22+00:00\" \/>\n<meta name=\"author\" content=\"linkoping\" \/>\n<meta name=\"twitter:card\" content=\"summary_large_image\" \/>\n<meta name=\"twitter:label1\" content=\"Skriven av\" \/>\n\t<meta name=\"twitter:data1\" content=\"linkoping\" \/>\n\t<meta name=\"twitter:label2\" content=\"Ber\u00e4knad l\u00e4stid\" \/>\n\t<meta name=\"twitter:data2\" content=\"2 minuter\" \/>\n<script type=\"application\/ld+json\" class=\"yoast-schema-graph\">{\"@context\":\"https:\\\/\\\/schema.org\",\"@graph\":[{\"@type\":\"Article\",\"@id\":\"https:\\\/\\\/wp.kristdemokraterna.se\\\/linkoping\\\/kd-linkoping-holl-arsmote\\\/#article\",\"isPartOf\":{\"@id\":\"https:\\\/\\\/wp.kristdemokraterna.se\\\/linkoping\\\/kd-linkoping-holl-arsmote\\\/\"},\"author\":{\"name\":\"linkoping\",\"@id\":\"https:\\\/\\\/wp.kristdemokraterna.se\\\/linkoping\\\/#\\\/schema\\\/person\\\/b0148c3c8863db76d330faa282b9521a\"},\"headline\":\"KD Link\u00f6ping h\u00f6ll \u00e5rsm\u00f6te\",\"datePublished\":\"2023-02-14T06:11:42+00:00\",\"dateModified\":\"2023-09-12T17:34:22+00:00\",\"mainEntityOfPage\":{\"@id\":\"https:\\\/\\\/wp.kristdemokraterna.se\\\/linkoping\\\/kd-linkoping-holl-arsmote\\\/\"},\"wordCount\":260,\"articleSection\":[\"arkiv\",\"okategoriserade\"],\"inLanguage\":\"sv-SE\"},{\"@type\":\"WebPage\",\"@id\":\"https:\\\/\\\/wp.kristdemokraterna.se\\\/linkoping\\\/kd-linkoping-holl-arsmote\\\/\",\"url\":\"https:\\\/\\\/wp.kristdemokraterna.se\\\/linkoping\\\/kd-linkoping-holl-arsmote\\\/\",\"name\":\"KD Link\u00f6ping h\u00f6ll \u00e5rsm\u00f6te - Kristdemokraterna i Link\u00f6ping\",\"isPartOf\":{\"@id\":\"https:\\\/\\\/wp.kristdemokraterna.se\\\/linkoping\\\/#website\"},\"datePublished\":\"2023-02-14T06:11:42+00:00\",\"dateModified\":\"2023-09-12T17:34:22+00:00\",\"author\":{\"@id\":\"https:\\\/\\\/wp.kristdemokraterna.se\\\/linkoping\\\/#\\\/schema\\\/person\\\/b0148c3c8863db76d330faa282b9521a\"},\"breadcrumb\":{\"@id\":\"https:\\\/\\\/wp.kristdemokraterna.se\\\/linkoping\\\/kd-linkoping-holl-arsmote\\\/#breadcrumb\"},\"inLanguage\":\"sv-SE\",\"potentialAction\":[{\"@type\":\"ReadAction\",\"target\":[\"https:\\\/\\\/wp.kristdemokraterna.se\\\/linkoping\\\/kd-linkoping-holl-arsmote\\\/\"]}]},{\"@type\":\"BreadcrumbList\",\"@id\":\"https:\\\/\\\/wp.kristdemokraterna.se\\\/linkoping\\\/kd-linkoping-holl-arsmote\\\/#breadcrumb\",\"itemListElement\":[{\"@type\":\"ListItem\",\"position\":1,\"name\":\"Hem\",\"item\":\"https:\\\/\\\/wp.kristdemokraterna.se\\\/linkoping\\\/\"},{\"@type\":\"ListItem\",\"position\":2,\"name\":\"KD Link\u00f6ping h\u00f6ll \u00e5rsm\u00f6te\"}]},{\"@type\":\"WebSite\",\"@id\":\"https:\\\/\\\/wp.kristdemokraterna.se\\\/linkoping\\\/#website\",\"url\":\"https:\\\/\\\/wp.kristdemokraterna.se\\\/linkoping\\\/\",\"name\":\"Kristdemokraterna i Link\u00f6ping\",\"description\":\"\",\"inLanguage\":\"sv-SE\"},{\"@type\":\"Person\",\"@id\":\"https:\\\/\\\/wp.kristdemokraterna.se\\\/linkoping\\\/#\\\/schema\\\/person\\\/b0148c3c8863db76d330faa282b9521a\",\"name\":\"linkoping\",\"image\":{\"@type\":\"ImageObject\",\"inLanguage\":\"sv-SE\",\"@id\":\"https:\\\/\\\/secure.gravatar.com\\\/avatar\\\/016e7965fec0e08fdd07b021a7d25181278d4b29b1d5bab57b16017e35421895?s=96&r=g\",\"url\":\"https:\\\/\\\/secure.gravatar.com\\\/avatar\\\/016e7965fec0e08fdd07b021a7d25181278d4b29b1d5bab57b16017e35421895?s=96&r=g\",\"contentUrl\":\"https:\\\/\\\/secure.gravatar.com\\\/avatar\\\/016e7965fec0e08fdd07b021a7d25181278d4b29b1d5bab57b16017e35421895?s=96&r=g\",\"caption\":\"linkoping\"},\"sameAs\":[\"https:\\\/\\\/www.facebook.com\\\/kdlinkoping\\\/\"],\"url\":\"https:\\\/\\\/wp.kristdemokraterna.se\\\/linkoping\\\/author\\\/linkoping\\\/\"}]}<\/script>\n<!-- \/ Yoast SEO plugin. -->","yoast_head_json":{"title":"KD Link\u00f6ping h\u00f6ll \u00e5rsm\u00f6te - Kristdemokraterna i Link\u00f6ping","robots":{"index":"index","follow":"follow","max-snippet":"max-snippet:-1","max-image-preview":"max-image-preview:large","max-video-preview":"max-video-preview:-1"},"canonical":"https:\/\/wp.kristdemokraterna.se\/linkoping\/kd-linkoping-holl-arsmote\/","og_locale":"sv_SE","og_type":"article","og_title":"KD Link\u00f6ping h\u00f6ll \u00e5rsm\u00f6te - Kristdemokraterna i Link\u00f6ping","og_description":"Ig\u00e5r h\u00f6ll Kristdemokraterna i Link\u00f6ping \u00e5rsm\u00f6te i K\u00e4rna kyrka f\u00f6rsamlingsg\u00e5rd. Kv\u00e4llen inleddes med kaffe och sm\u00f6rg\u00e5st\u00e5rta och d\u00e4refter h\u00f6ll Magnus Berntsson, riksdagsledamot och ledamot i utrikesutskottet, ett intressant anf\u00f6rande om vad som sker inom rikspolitiken. D\u00e4refter talade v\u00e5r gruppledare Liselotte Fager och regionr\u00e5d Per Larsson om aktuella fr\u00e5gor i kommun och region. Under kv\u00e4llen blev Read More","og_url":"https:\/\/wp.kristdemokraterna.se\/linkoping\/kd-linkoping-holl-arsmote\/","og_site_name":"Kristdemokraterna i Link\u00f6ping","article_author":"https:\/\/www.facebook.com\/kdlinkoping\/","article_published_time":"2023-02-14T06:11:42+00:00","article_modified_time":"2023-09-12T17:34:22+00:00","author":"linkoping","twitter_card":"summary_large_image","twitter_misc":{"Skriven av":"linkoping","Ber\u00e4knad l\u00e4stid":"2 minuter"},"schema":{"@context":"https:\/\/schema.org","@graph":[{"@type":"Article","@id":"https:\/\/wp.kristdemokraterna.se\/linkoping\/kd-linkoping-holl-arsmote\/#article","isPartOf":{"@id":"https:\/\/wp.kristdemokraterna.se\/linkoping\/kd-linkoping-holl-arsmote\/"},"author":{"name":"linkoping","@id":"https:\/\/wp.kristdemokraterna.se\/linkoping\/#\/schema\/person\/b0148c3c8863db76d330faa282b9521a"},"headline":"KD Link\u00f6ping h\u00f6ll \u00e5rsm\u00f6te","datePublished":"2023-02-14T06:11:42+00:00","dateModified":"2023-09-12T17:34:22+00:00","mainEntityOfPage":{"@id":"https:\/\/wp.kristdemokraterna.se\/linkoping\/kd-linkoping-holl-arsmote\/"},"wordCount":260,"articleSection":["arkiv","okategoriserade"],"inLanguage":"sv-SE"},{"@type":"WebPage","@id":"https:\/\/wp.kristdemokraterna.se\/linkoping\/kd-linkoping-holl-arsmote\/","url":"https:\/\/wp.kristdemokraterna.se\/linkoping\/kd-linkoping-holl-arsmote\/","name":"KD Link\u00f6ping h\u00f6ll \u00e5rsm\u00f6te - Kristdemokraterna i Link\u00f6ping","isPartOf":{"@id":"https:\/\/wp.kristdemokraterna.se\/linkoping\/#website"},"datePublished":"2023-02-14T06:11:42+00:00","dateModified":"2023-09-12T17:34:22+00:00","author":{"@id":"https:\/\/wp.kristdemokraterna.se\/linkoping\/#\/schema\/person\/b0148c3c8863db76d330faa282b9521a"},"breadcrumb":{"@id":"https:\/\/wp.kristdemokraterna.se\/linkoping\/kd-linkoping-holl-arsmote\/#breadcrumb"},"inLanguage":"sv-SE","potentialAction":[{"@type":"ReadAction","target":["https:\/\/wp.kristdemokraterna.se\/linkoping\/kd-linkoping-holl-arsmote\/"]}]},{"@type":"BreadcrumbList","@id":"https:\/\/wp.kristdemokraterna.se\/linkoping\/kd-linkoping-holl-arsmote\/#breadcrumb","itemListElement":[{"@type":"ListItem","position":1,"name":"Hem","item":"https:\/\/wp.kristdemokraterna.se\/linkoping\/"},{"@type":"ListItem","position":2,"name":"KD Link\u00f6ping h\u00f6ll \u00e5rsm\u00f6te"}]},{"@type":"WebSite","@id":"https:\/\/wp.kristdemokraterna.se\/linkoping\/#website","url":"https:\/\/wp.kristdemokraterna.se\/linkoping\/","name":"Kristdemokraterna i Link\u00f6ping","description":"","inLanguage":"sv-SE"},{"@type":"Person","@id":"https:\/\/wp.kristdemokraterna.se\/linkoping\/#\/schema\/person\/b0148c3c8863db76d330faa282b9521a","name":"linkoping","image":{"@type":"ImageObject","inLanguage":"sv-SE","@id":"https:\/\/secure.gravatar.com\/avatar\/016e7965fec0e08fdd07b021a7d25181278d4b29b1d5bab57b16017e35421895?s=96&r=g","url":"https:\/\/secure.gravatar.com\/avatar\/016e7965fec0e08fdd07b021a7d25181278d4b29b1d5bab57b16017e35421895?s=96&r=g","contentUrl":"https:\/\/secure.gravatar.com\/avatar\/016e7965fec0e08fdd07b021a7d25181278d4b29b1d5bab57b16017e35421895?s=96&r=g","caption":"linkoping"},"sameAs":["https:\/\/www.facebook.com\/kdlinkoping\/"],"url":"https:\/\/wp.kristdemokraterna.se\/linkoping\/author\/linkoping\/"}]}},"_links":{"self":[{"href":"https:\/\/wp.kristdemokraterna.se\/linkoping\/wp-json\/wp\/v2\/posts\/2612","targetHints":{"allow":["GET"]}}],"collection":[{"href":"https:\/\/wp.kristdemokraterna.se\/linkoping\/wp-json\/wp\/v2\/posts"}],"about":[{"href":"https:\/\/wp.kristdemokraterna.se\/linkoping\/wp-json\/wp\/v2\/types\/post"}],"author":[{"embeddable":true,"href":"https:\/\/wp.kristdemokraterna.se\/linkoping\/wp-json\/wp\/v2\/users\/410"}],"replies":[{"embeddable":true,"href":"https:\/\/wp.kristdemokraterna.se\/linkoping\/wp-json\/wp\/v2\/comments?post=2612"}],"version-history":[{"count":3,"href":"https:\/\/wp.kristdemokraterna.se\/linkoping\/wp-json\/wp\/v2\/posts\/2612\/revisions"}],"predecessor-version":[{"id":2616,"href":"https:\/\/wp.kristdemokraterna.se\/linkoping\/wp-json\/wp\/v2\/posts\/2612\/revisions\/2616"}],"wp:attachment":[{"href":"https:\/\/wp.kristdemokraterna.se\/linkoping\/wp-json\/wp\/v2\/media?parent=2612"}],"wp:term":[{"taxonomy":"category","embeddable":true,"href":"https:\/\/wp.kristdemokraterna.se\/linkoping\/wp-json\/wp\/v2\/categories?post=2612"},{"taxonomy":"post_tag","embeddable":true,"href":"https:\/\/wp.kristdemokraterna.se\/linkoping\/wp-json\/wp\/v2\/tags?post=2612"}],"curies":[{"name":"wp","href":"https:\/\/api.w.org\/{rel}","templated":true}]}}