{"id":2661,"date":"2023-10-07T09:07:57","date_gmt":"2023-10-07T07:07:57","guid":{"rendered":"https:\/\/wp.kristdemokraterna.se\/linkoping\/?p=2661"},"modified":"2024-02-21T09:20:46","modified_gmt":"2024-02-21T08:20:46","slug":"besok-pa-ryttargardskyrkan","status":"publish","type":"post","link":"https:\/\/wp.kristdemokraterna.se\/linkoping\/besok-pa-ryttargardskyrkan\/","title":{"rendered":"Bes\u00f6k p\u00e5 Ryttarg\u00e5rdskyrkan"},"content":{"rendered":"<p>Vi kristdemokrater v\u00e4rnar om civilsamh\u00e4llet som en av samh\u00e4llets grundbultar och anser att de ideella organisationerna \u00e4r centrala i demokratiarbetet. V\u00e5r gruppledare Liselotte Fager (KD) bes\u00f6kte i f\u00f6rra veckan Ryttarg\u00e5rdskyrkan tillsammans med Lars Rox\u00e5 (KD) och Susanne H\u00e4rner (KD). Fr\u00e5n Ryttarg\u00e5rdskyrkan deltog Peter Nordlander och Fredrik Lignell.<\/p>\n<p>Ryttarg\u00e5rdskyrkan \u00e4r en av de st\u00f6rre akt\u00f6rerna inom civilsamh\u00e4llet i Link\u00f6pings kommun och dagens f\u00f6ruts\u00e4ttningsl\u00f6sa m\u00f6te handlade bland annat om vilka utmaningar som Ryttarg\u00e5rdskyrkan har och hur kommunen kan st\u00f6dja den viktiga verksamheten p\u00e5 b\u00e4sta s\u00e4tt, avslutar Liselotte Fager (KD), gruppledare.<\/p>\n<p>Foto: Fredrik Lignell, Lars Rox\u00e5, Peter Nordlander, Liselotte Fager och Susanne H\u00e4rner.<\/p>\n","protected":false},"excerpt":{"rendered":"<p>Vi kristdemokrater v\u00e4rnar om civilsamh\u00e4llet som en av samh\u00e4llets grundbultar och anser att de ideella organisationerna \u00e4r centrala i demokratiarbetet. V\u00e5r gruppledare Liselotte Fager (KD) bes\u00f6kte i f\u00f6rra veckan Ryttarg\u00e5rdskyrkan tillsammans med Lars Rox\u00e5 (KD) och Susanne H\u00e4rner (KD). Fr\u00e5n Ryttarg\u00e5rdskyrkan deltog Peter Nordlander och Fredrik Lignell. Ryttarg\u00e5rdskyrkan \u00e4r en av de st\u00f6rre akt\u00f6rerna inom <a class=\"read-more-link\" href=\"https:\/\/wp.kristdemokraterna.se\/linkoping\/besok-pa-ryttargardskyrkan\/\">Read More<\/a><\/p>\n","protected":false},"author":410,"featured_media":0,"comment_status":"closed","ping_status":"closed","sticky":false,"template":"","format":"standard","meta":{"_acf_changed":false,"footnotes":""},"categories":[22,1],"tags":[],"class_list":["post-2661","post","type-post","status-publish","format-standard","hentry","category-arkiv","category-okategoriserade"],"acf":[],"yoast_head":"<!-- This site is optimized with the Yoast SEO plugin v27.4 - https:\/\/yoast.com\/product\/yoast-seo-wordpress\/ -->\n<title>Bes\u00f6k p\u00e5 Ryttarg\u00e5rdskyrkan - Kristdemokraterna i Link\u00f6ping<\/title>\n<meta name=\"robots\" content=\"index, follow, max-snippet:-1, max-image-preview:large, max-video-preview:-1\" \/>\n<link rel=\"canonical\" href=\"https:\/\/wp.kristdemokraterna.se\/linkoping\/besok-pa-ryttargardskyrkan\/\" \/>\n<meta property=\"og:locale\" content=\"sv_SE\" \/>\n<meta property=\"og:type\" content=\"article\" \/>\n<meta property=\"og:title\" content=\"Bes\u00f6k p\u00e5 Ryttarg\u00e5rdskyrkan - Kristdemokraterna i Link\u00f6ping\" \/>\n<meta property=\"og:description\" content=\"Vi kristdemokrater v\u00e4rnar om civilsamh\u00e4llet som en av samh\u00e4llets grundbultar och anser att de ideella organisationerna \u00e4r centrala i demokratiarbetet. V\u00e5r gruppledare Liselotte Fager (KD) bes\u00f6kte i f\u00f6rra veckan Ryttarg\u00e5rdskyrkan tillsammans med Lars Rox\u00e5 (KD) och Susanne H\u00e4rner (KD). Fr\u00e5n Ryttarg\u00e5rdskyrkan deltog Peter Nordlander och Fredrik Lignell. Ryttarg\u00e5rdskyrkan \u00e4r en av de st\u00f6rre akt\u00f6rerna inom Read More\" \/>\n<meta property=\"og:url\" content=\"https:\/\/wp.kristdemokraterna.se\/linkoping\/besok-pa-ryttargardskyrkan\/\" \/>\n<meta property=\"og:site_name\" content=\"Kristdemokraterna i Link\u00f6ping\" \/>\n<meta property=\"article:author\" content=\"https:\/\/www.facebook.com\/kdlinkoping\/\" \/>\n<meta property=\"article:published_time\" content=\"2023-10-07T07:07:57+00:00\" \/>\n<meta property=\"article:modified_time\" content=\"2024-02-21T08:20:46+00:00\" \/>\n<meta name=\"author\" content=\"linkoping\" \/>\n<meta name=\"twitter:card\" content=\"summary_large_image\" \/>\n<meta name=\"twitter:label1\" content=\"Skriven av\" \/>\n\t<meta name=\"twitter:data1\" content=\"linkoping\" \/>\n\t<meta name=\"twitter:label2\" content=\"Ber\u00e4knad l\u00e4stid\" \/>\n\t<meta name=\"twitter:data2\" content=\"1 minut\" \/>\n<script type=\"application\/ld+json\" class=\"yoast-schema-graph\">{\"@context\":\"https:\\\/\\\/schema.org\",\"@graph\":[{\"@type\":\"Article\",\"@id\":\"https:\\\/\\\/wp.kristdemokraterna.se\\\/linkoping\\\/besok-pa-ryttargardskyrkan\\\/#article\",\"isPartOf\":{\"@id\":\"https:\\\/\\\/wp.kristdemokraterna.se\\\/linkoping\\\/besok-pa-ryttargardskyrkan\\\/\"},\"author\":{\"name\":\"linkoping\",\"@id\":\"https:\\\/\\\/wp.kristdemokraterna.se\\\/linkoping\\\/#\\\/schema\\\/person\\\/b0148c3c8863db76d330faa282b9521a\"},\"headline\":\"Bes\u00f6k p\u00e5 Ryttarg\u00e5rdskyrkan\",\"datePublished\":\"2023-10-07T07:07:57+00:00\",\"dateModified\":\"2024-02-21T08:20:46+00:00\",\"mainEntityOfPage\":{\"@id\":\"https:\\\/\\\/wp.kristdemokraterna.se\\\/linkoping\\\/besok-pa-ryttargardskyrkan\\\/\"},\"wordCount\":129,\"articleSection\":[\"arkiv\",\"okategoriserade\"],\"inLanguage\":\"sv-SE\"},{\"@type\":\"WebPage\",\"@id\":\"https:\\\/\\\/wp.kristdemokraterna.se\\\/linkoping\\\/besok-pa-ryttargardskyrkan\\\/\",\"url\":\"https:\\\/\\\/wp.kristdemokraterna.se\\\/linkoping\\\/besok-pa-ryttargardskyrkan\\\/\",\"name\":\"Bes\u00f6k p\u00e5 Ryttarg\u00e5rdskyrkan - Kristdemokraterna i Link\u00f6ping\",\"isPartOf\":{\"@id\":\"https:\\\/\\\/wp.kristdemokraterna.se\\\/linkoping\\\/#website\"},\"datePublished\":\"2023-10-07T07:07:57+00:00\",\"dateModified\":\"2024-02-21T08:20:46+00:00\",\"author\":{\"@id\":\"https:\\\/\\\/wp.kristdemokraterna.se\\\/linkoping\\\/#\\\/schema\\\/person\\\/b0148c3c8863db76d330faa282b9521a\"},\"breadcrumb\":{\"@id\":\"https:\\\/\\\/wp.kristdemokraterna.se\\\/linkoping\\\/besok-pa-ryttargardskyrkan\\\/#breadcrumb\"},\"inLanguage\":\"sv-SE\",\"potentialAction\":[{\"@type\":\"ReadAction\",\"target\":[\"https:\\\/\\\/wp.kristdemokraterna.se\\\/linkoping\\\/besok-pa-ryttargardskyrkan\\\/\"]}]},{\"@type\":\"BreadcrumbList\",\"@id\":\"https:\\\/\\\/wp.kristdemokraterna.se\\\/linkoping\\\/besok-pa-ryttargardskyrkan\\\/#breadcrumb\",\"itemListElement\":[{\"@type\":\"ListItem\",\"position\":1,\"name\":\"Hem\",\"item\":\"https:\\\/\\\/wp.kristdemokraterna.se\\\/linkoping\\\/\"},{\"@type\":\"ListItem\",\"position\":2,\"name\":\"Bes\u00f6k p\u00e5 Ryttarg\u00e5rdskyrkan\"}]},{\"@type\":\"WebSite\",\"@id\":\"https:\\\/\\\/wp.kristdemokraterna.se\\\/linkoping\\\/#website\",\"url\":\"https:\\\/\\\/wp.kristdemokraterna.se\\\/linkoping\\\/\",\"name\":\"Kristdemokraterna i Link\u00f6ping\",\"description\":\"\",\"inLanguage\":\"sv-SE\"},{\"@type\":\"Person\",\"@id\":\"https:\\\/\\\/wp.kristdemokraterna.se\\\/linkoping\\\/#\\\/schema\\\/person\\\/b0148c3c8863db76d330faa282b9521a\",\"name\":\"linkoping\",\"image\":{\"@type\":\"ImageObject\",\"inLanguage\":\"sv-SE\",\"@id\":\"https:\\\/\\\/secure.gravatar.com\\\/avatar\\\/016e7965fec0e08fdd07b021a7d25181278d4b29b1d5bab57b16017e35421895?s=96&r=g\",\"url\":\"https:\\\/\\\/secure.gravatar.com\\\/avatar\\\/016e7965fec0e08fdd07b021a7d25181278d4b29b1d5bab57b16017e35421895?s=96&r=g\",\"contentUrl\":\"https:\\\/\\\/secure.gravatar.com\\\/avatar\\\/016e7965fec0e08fdd07b021a7d25181278d4b29b1d5bab57b16017e35421895?s=96&r=g\",\"caption\":\"linkoping\"},\"sameAs\":[\"https:\\\/\\\/www.facebook.com\\\/kdlinkoping\\\/\"],\"url\":\"https:\\\/\\\/wp.kristdemokraterna.se\\\/linkoping\\\/author\\\/linkoping\\\/\"}]}<\/script>\n<!-- \/ Yoast SEO plugin. -->","yoast_head_json":{"title":"Bes\u00f6k p\u00e5 Ryttarg\u00e5rdskyrkan - Kristdemokraterna i Link\u00f6ping","robots":{"index":"index","follow":"follow","max-snippet":"max-snippet:-1","max-image-preview":"max-image-preview:large","max-video-preview":"max-video-preview:-1"},"canonical":"https:\/\/wp.kristdemokraterna.se\/linkoping\/besok-pa-ryttargardskyrkan\/","og_locale":"sv_SE","og_type":"article","og_title":"Bes\u00f6k p\u00e5 Ryttarg\u00e5rdskyrkan - Kristdemokraterna i Link\u00f6ping","og_description":"Vi kristdemokrater v\u00e4rnar om civilsamh\u00e4llet som en av samh\u00e4llets grundbultar och anser att de ideella organisationerna \u00e4r centrala i demokratiarbetet. V\u00e5r gruppledare Liselotte Fager (KD) bes\u00f6kte i f\u00f6rra veckan Ryttarg\u00e5rdskyrkan tillsammans med Lars Rox\u00e5 (KD) och Susanne H\u00e4rner (KD). Fr\u00e5n Ryttarg\u00e5rdskyrkan deltog Peter Nordlander och Fredrik Lignell. Ryttarg\u00e5rdskyrkan \u00e4r en av de st\u00f6rre akt\u00f6rerna inom Read More","og_url":"https:\/\/wp.kristdemokraterna.se\/linkoping\/besok-pa-ryttargardskyrkan\/","og_site_name":"Kristdemokraterna i Link\u00f6ping","article_author":"https:\/\/www.facebook.com\/kdlinkoping\/","article_published_time":"2023-10-07T07:07:57+00:00","article_modified_time":"2024-02-21T08:20:46+00:00","author":"linkoping","twitter_card":"summary_large_image","twitter_misc":{"Skriven av":"linkoping","Ber\u00e4knad l\u00e4stid":"1 minut"},"schema":{"@context":"https:\/\/schema.org","@graph":[{"@type":"Article","@id":"https:\/\/wp.kristdemokraterna.se\/linkoping\/besok-pa-ryttargardskyrkan\/#article","isPartOf":{"@id":"https:\/\/wp.kristdemokraterna.se\/linkoping\/besok-pa-ryttargardskyrkan\/"},"author":{"name":"linkoping","@id":"https:\/\/wp.kristdemokraterna.se\/linkoping\/#\/schema\/person\/b0148c3c8863db76d330faa282b9521a"},"headline":"Bes\u00f6k p\u00e5 Ryttarg\u00e5rdskyrkan","datePublished":"2023-10-07T07:07:57+00:00","dateModified":"2024-02-21T08:20:46+00:00","mainEntityOfPage":{"@id":"https:\/\/wp.kristdemokraterna.se\/linkoping\/besok-pa-ryttargardskyrkan\/"},"wordCount":129,"articleSection":["arkiv","okategoriserade"],"inLanguage":"sv-SE"},{"@type":"WebPage","@id":"https:\/\/wp.kristdemokraterna.se\/linkoping\/besok-pa-ryttargardskyrkan\/","url":"https:\/\/wp.kristdemokraterna.se\/linkoping\/besok-pa-ryttargardskyrkan\/","name":"Bes\u00f6k p\u00e5 Ryttarg\u00e5rdskyrkan - Kristdemokraterna i Link\u00f6ping","isPartOf":{"@id":"https:\/\/wp.kristdemokraterna.se\/linkoping\/#website"},"datePublished":"2023-10-07T07:07:57+00:00","dateModified":"2024-02-21T08:20:46+00:00","author":{"@id":"https:\/\/wp.kristdemokraterna.se\/linkoping\/#\/schema\/person\/b0148c3c8863db76d330faa282b9521a"},"breadcrumb":{"@id":"https:\/\/wp.kristdemokraterna.se\/linkoping\/besok-pa-ryttargardskyrkan\/#breadcrumb"},"inLanguage":"sv-SE","potentialAction":[{"@type":"ReadAction","target":["https:\/\/wp.kristdemokraterna.se\/linkoping\/besok-pa-ryttargardskyrkan\/"]}]},{"@type":"BreadcrumbList","@id":"https:\/\/wp.kristdemokraterna.se\/linkoping\/besok-pa-ryttargardskyrkan\/#breadcrumb","itemListElement":[{"@type":"ListItem","position":1,"name":"Hem","item":"https:\/\/wp.kristdemokraterna.se\/linkoping\/"},{"@type":"ListItem","position":2,"name":"Bes\u00f6k p\u00e5 Ryttarg\u00e5rdskyrkan"}]},{"@type":"WebSite","@id":"https:\/\/wp.kristdemokraterna.se\/linkoping\/#website","url":"https:\/\/wp.kristdemokraterna.se\/linkoping\/","name":"Kristdemokraterna i Link\u00f6ping","description":"","inLanguage":"sv-SE"},{"@type":"Person","@id":"https:\/\/wp.kristdemokraterna.se\/linkoping\/#\/schema\/person\/b0148c3c8863db76d330faa282b9521a","name":"linkoping","image":{"@type":"ImageObject","inLanguage":"sv-SE","@id":"https:\/\/secure.gravatar.com\/avatar\/016e7965fec0e08fdd07b021a7d25181278d4b29b1d5bab57b16017e35421895?s=96&r=g","url":"https:\/\/secure.gravatar.com\/avatar\/016e7965fec0e08fdd07b021a7d25181278d4b29b1d5bab57b16017e35421895?s=96&r=g","contentUrl":"https:\/\/secure.gravatar.com\/avatar\/016e7965fec0e08fdd07b021a7d25181278d4b29b1d5bab57b16017e35421895?s=96&r=g","caption":"linkoping"},"sameAs":["https:\/\/www.facebook.com\/kdlinkoping\/"],"url":"https:\/\/wp.kristdemokraterna.se\/linkoping\/author\/linkoping\/"}]}},"_links":{"self":[{"href":"https:\/\/wp.kristdemokraterna.se\/linkoping\/wp-json\/wp\/v2\/posts\/2661","targetHints":{"allow":["GET"]}}],"collection":[{"href":"https:\/\/wp.kristdemokraterna.se\/linkoping\/wp-json\/wp\/v2\/posts"}],"about":[{"href":"https:\/\/wp.kristdemokraterna.se\/linkoping\/wp-json\/wp\/v2\/types\/post"}],"author":[{"embeddable":true,"href":"https:\/\/wp.kristdemokraterna.se\/linkoping\/wp-json\/wp\/v2\/users\/410"}],"replies":[{"embeddable":true,"href":"https:\/\/wp.kristdemokraterna.se\/linkoping\/wp-json\/wp\/v2\/comments?post=2661"}],"version-history":[{"count":6,"href":"https:\/\/wp.kristdemokraterna.se\/linkoping\/wp-json\/wp\/v2\/posts\/2661\/revisions"}],"predecessor-version":[{"id":2667,"href":"https:\/\/wp.kristdemokraterna.se\/linkoping\/wp-json\/wp\/v2\/posts\/2661\/revisions\/2667"}],"wp:attachment":[{"href":"https:\/\/wp.kristdemokraterna.se\/linkoping\/wp-json\/wp\/v2\/media?parent=2661"}],"wp:term":[{"taxonomy":"category","embeddable":true,"href":"https:\/\/wp.kristdemokraterna.se\/linkoping\/wp-json\/wp\/v2\/categories?post=2661"},{"taxonomy":"post_tag","embeddable":true,"href":"https:\/\/wp.kristdemokraterna.se\/linkoping\/wp-json\/wp\/v2\/tags?post=2661"}],"curies":[{"name":"wp","href":"https:\/\/api.w.org\/{rel}","templated":true}]}}