{"id":2741,"date":"2024-05-14T18:03:48","date_gmt":"2024-05-14T16:03:48","guid":{"rendered":"https:\/\/wp.kristdemokraterna.se\/linkoping\/?p=2741"},"modified":"2024-06-17T17:11:30","modified_gmt":"2024-06-17T15:11:30","slug":"eu-valmanifest-2024","status":"publish","type":"post","link":"https:\/\/wp.kristdemokraterna.se\/linkoping\/eu-valmanifest-2024\/","title":{"rendered":"EU-valmanifest 2024"},"content":{"rendered":"<p><strong>Kristdemokraternas kampanj handlar om tv\u00e5 ord, som ni kommer att h\u00f6ra oss upprepa g\u00e5ng p\u00e5 g\u00e5ng i valr\u00f6relsen: Gr\u00e4nser och Frihet.<br \/>\nEU har under l\u00e5ng tid f\u00f6rs\u00f6kt ta sig an omr\u00e5den som m\u00e5nga g\u00e5nger \u00e4r b\u00e4ttre f\u00f6r medlemsl\u00e4nderna att best\u00e4mma \u00f6ver sj\u00e4lva. N\u00e4r makt flyttas till Bryssel s\u00e4tter vi unionens legitimitet p\u00e5 spel. Ska vi l\u00e5ngsiktigt uppr\u00e4tth\u00e5lla v\u00e5r frihet och Europas fred beh\u00f6ver vi s\u00e4tta gr\u00e4nser f\u00f6r vad EU ska g\u00f6ra. Vi beh\u00f6ver en tydlig gr\u00e4ns f\u00f6r n\u00e4r beslut ska tas under den svenska flaggan. Och n\u00e4r det blir b\u00e4st att beslutet fattas under EU-fanan. Det \u00e4r gr\u00e4nser som v\u00e4rnar v\u00e5r frihet och Europas fred. Det h\u00e4r kallar vi f\u00f6r att r\u00f6sta bl\u00e5gult. V\u00e5rt valmanifest best\u00e5r av 46 f\u00f6rslag som \u00e4mnar att g\u00f6ra EU och Sverige starkare och friare.<\/strong><\/p>\n<p>Ett tryggt Europa i en orolig v\u00e4rld<\/p>\n<p>Inf\u00f6r ett gemensamt kvotflyktingsystem<br \/>\n\u00d6ka f\u00f6rsvarsmobiliteten<br \/>\nInr\u00e4tta ett cyberf\u00f6rsvar<br \/>\nUtveckla systemet f\u00f6r m\u00e4nniskor\u00e4ttsliga sanktioner<\/p>\n<p>Fossilfri omst\u00e4llning tillsammans med tillv\u00e4xt och social sammanh\u00e5llning<\/p>\n<p>Inkludera kandidatl\u00e4nder i utsl\u00e4ppshandeln<br \/>\nAmbiti\u00f6sa och realistiska klimatm\u00e5l<br \/>\nInf\u00f6r en gemensam reaktorspr\u00f6vning<\/p>\n<p>Livskraftigt jord och skogsbruk<\/p>\n<p>Skydda svensk skog fr\u00e5n EU<br \/>\nBort med EU reglering av varg och skarv<br \/>\nBort med EU reglering f\u00f6r markanv\u00e4ndning<br \/>\nSt\u00e4rk djurskyddet<\/p>\n<p>Ett verkligt socialt EU respekterar olikheter<\/p>\n<p>Bort med EU:s sociala pelare och bidragspolitik<br \/>\nS\u00e4tt gr\u00e4nser f\u00f6r n\u00e4tj\u00e4ttarna och Tiktok<br \/>\nMotverka spridning av antisemitism och desinformation<br \/>\nSkydda den svenska EPA-traktorn<\/p>\n<p>Ett blomstrande Eu med frihandel och tillv\u00e4xt<\/p>\n<p>Minska regelb\u00f6rdan &#8211; 1 regel in, 2 regler ut.<br \/>\nNya frihandelsavtal med likasinnade<br \/>\nEU swish och digital ID handling<\/p>\n<p>&nbsp;<\/p>\n<p><strong>Ladda ner<\/strong>\u00a0v\u00e5rt EU-valmanifest d\u00e4r vi presenterar vad vi vill g\u00f6ra under den kommande mandatperioden:<\/p>\n<p><a href=\"https:\/\/wp.kristdemokraterna.se\/linkoping\/files\/2024\/05\/valmanifest-kd-12.pdf\" target=\"_blank\" rel=\"noopener\"><img loading=\"lazy\" decoding=\"async\" class=\"alignnone wp-image-2397\" src=\"https:\/\/wp.kristdemokraterna.se\/linkoping\/files\/2022\/07\/pdf_icon-150x150.png\" alt=\"Valprogram 2022\" width=\"100\" height=\"100\" srcset=\"https:\/\/wp.kristdemokraterna.se\/linkoping\/files\/2022\/07\/pdf_icon-150x150.png 150w, https:\/\/wp.kristdemokraterna.se\/linkoping\/files\/2022\/07\/pdf_icon-300x300.png 300w, https:\/\/wp.kristdemokraterna.se\/linkoping\/files\/2022\/07\/pdf_icon-200x200.png 200w, https:\/\/wp.kristdemokraterna.se\/linkoping\/files\/2022\/07\/pdf_icon-370x370.png 370w, https:\/\/wp.kristdemokraterna.se\/linkoping\/files\/2022\/07\/pdf_icon-90x90.png 90w, https:\/\/wp.kristdemokraterna.se\/linkoping\/files\/2022\/07\/pdf_icon-450x450.png 450w, https:\/\/wp.kristdemokraterna.se\/linkoping\/files\/2022\/07\/pdf_icon-280x280.png 280w, https:\/\/wp.kristdemokraterna.se\/linkoping\/files\/2022\/07\/pdf_icon-340x340.png 340w, https:\/\/wp.kristdemokraterna.se\/linkoping\/files\/2022\/07\/pdf_icon-56x56.png 56w, https:\/\/wp.kristdemokraterna.se\/linkoping\/files\/2022\/07\/pdf_icon.png 512w\" sizes=\"auto, (max-width: 100px) 100vw, 100px\" \/><\/a><\/p>\n<p>&nbsp;<\/p>\n<p>&nbsp;<\/p>\n<p>&nbsp;<\/p>\n","protected":false},"excerpt":{"rendered":"<p>Kristdemokraternas kampanj handlar om tv\u00e5 ord, som ni kommer att h\u00f6ra oss upprepa g\u00e5ng p\u00e5 g\u00e5ng i valr\u00f6relsen: Gr\u00e4nser och Frihet. EU har under l\u00e5ng tid f\u00f6rs\u00f6kt ta sig an omr\u00e5den som m\u00e5nga g\u00e5nger \u00e4r b\u00e4ttre f\u00f6r medlemsl\u00e4nderna att best\u00e4mma \u00f6ver sj\u00e4lva. N\u00e4r makt flyttas till Bryssel s\u00e4tter vi unionens legitimitet p\u00e5 spel. Ska vi <a class=\"read-more-link\" href=\"https:\/\/wp.kristdemokraterna.se\/linkoping\/eu-valmanifest-2024\/\">Read More<\/a><\/p>\n","protected":false},"author":410,"featured_media":0,"comment_status":"closed","ping_status":"closed","sticky":false,"template":"","format":"standard","meta":{"_acf_changed":false,"footnotes":""},"categories":[22,5,8],"tags":[],"class_list":["post-2741","post","type-post","status-publish","format-standard","hentry","category-arkiv","category-pressmeddelanden","category-valprogram"],"acf":[],"yoast_head":"<!-- This site is optimized with the Yoast SEO plugin v27.4 - https:\/\/yoast.com\/product\/yoast-seo-wordpress\/ -->\n<title>EU-valmanifest 2024 - Kristdemokraterna i Link\u00f6ping<\/title>\n<meta name=\"robots\" content=\"index, follow, max-snippet:-1, max-image-preview:large, max-video-preview:-1\" \/>\n<link rel=\"canonical\" href=\"https:\/\/wp.kristdemokraterna.se\/linkoping\/eu-valmanifest-2024\/\" \/>\n<meta property=\"og:locale\" content=\"sv_SE\" \/>\n<meta property=\"og:type\" content=\"article\" \/>\n<meta property=\"og:title\" content=\"EU-valmanifest 2024 - Kristdemokraterna i Link\u00f6ping\" \/>\n<meta property=\"og:description\" content=\"Kristdemokraternas kampanj handlar om tv\u00e5 ord, som ni kommer att h\u00f6ra oss upprepa g\u00e5ng p\u00e5 g\u00e5ng i valr\u00f6relsen: Gr\u00e4nser och Frihet. EU har under l\u00e5ng tid f\u00f6rs\u00f6kt ta sig an omr\u00e5den som m\u00e5nga g\u00e5nger \u00e4r b\u00e4ttre f\u00f6r medlemsl\u00e4nderna att best\u00e4mma \u00f6ver sj\u00e4lva. N\u00e4r makt flyttas till Bryssel s\u00e4tter vi unionens legitimitet p\u00e5 spel. Ska vi Read More\" \/>\n<meta property=\"og:url\" content=\"https:\/\/wp.kristdemokraterna.se\/linkoping\/eu-valmanifest-2024\/\" \/>\n<meta property=\"og:site_name\" content=\"Kristdemokraterna i Link\u00f6ping\" \/>\n<meta property=\"article:author\" content=\"https:\/\/www.facebook.com\/kdlinkoping\/\" \/>\n<meta property=\"article:published_time\" content=\"2024-05-14T16:03:48+00:00\" \/>\n<meta property=\"article:modified_time\" content=\"2024-06-17T15:11:30+00:00\" \/>\n<meta property=\"og:image\" content=\"https:\/\/wp.kristdemokraterna.se\/linkoping\/files\/2022\/07\/pdf_icon-150x150.png\" \/>\n<meta name=\"author\" content=\"linkoping\" \/>\n<meta name=\"twitter:card\" content=\"summary_large_image\" \/>\n<meta name=\"twitter:label1\" content=\"Skriven av\" \/>\n\t<meta name=\"twitter:data1\" content=\"linkoping\" \/>\n\t<meta name=\"twitter:label2\" content=\"Ber\u00e4knad l\u00e4stid\" \/>\n\t<meta name=\"twitter:data2\" content=\"2 minuter\" \/>\n<script type=\"application\/ld+json\" class=\"yoast-schema-graph\">{\"@context\":\"https:\\\/\\\/schema.org\",\"@graph\":[{\"@type\":\"Article\",\"@id\":\"https:\\\/\\\/wp.kristdemokraterna.se\\\/linkoping\\\/eu-valmanifest-2024\\\/#article\",\"isPartOf\":{\"@id\":\"https:\\\/\\\/wp.kristdemokraterna.se\\\/linkoping\\\/eu-valmanifest-2024\\\/\"},\"author\":{\"name\":\"linkoping\",\"@id\":\"https:\\\/\\\/wp.kristdemokraterna.se\\\/linkoping\\\/#\\\/schema\\\/person\\\/b0148c3c8863db76d330faa282b9521a\"},\"headline\":\"EU-valmanifest 2024\",\"datePublished\":\"2024-05-14T16:03:48+00:00\",\"dateModified\":\"2024-06-17T15:11:30+00:00\",\"mainEntityOfPage\":{\"@id\":\"https:\\\/\\\/wp.kristdemokraterna.se\\\/linkoping\\\/eu-valmanifest-2024\\\/\"},\"wordCount\":343,\"image\":{\"@id\":\"https:\\\/\\\/wp.kristdemokraterna.se\\\/linkoping\\\/eu-valmanifest-2024\\\/#primaryimage\"},\"thumbnailUrl\":\"https:\\\/\\\/wp.kristdemokraterna.se\\\/linkoping\\\/files\\\/2022\\\/07\\\/pdf_icon-150x150.png\",\"articleSection\":[\"arkiv\",\"pressmeddelanden\",\"valprogram\"],\"inLanguage\":\"sv-SE\"},{\"@type\":\"WebPage\",\"@id\":\"https:\\\/\\\/wp.kristdemokraterna.se\\\/linkoping\\\/eu-valmanifest-2024\\\/\",\"url\":\"https:\\\/\\\/wp.kristdemokraterna.se\\\/linkoping\\\/eu-valmanifest-2024\\\/\",\"name\":\"EU-valmanifest 2024 - Kristdemokraterna i Link\u00f6ping\",\"isPartOf\":{\"@id\":\"https:\\\/\\\/wp.kristdemokraterna.se\\\/linkoping\\\/#website\"},\"primaryImageOfPage\":{\"@id\":\"https:\\\/\\\/wp.kristdemokraterna.se\\\/linkoping\\\/eu-valmanifest-2024\\\/#primaryimage\"},\"image\":{\"@id\":\"https:\\\/\\\/wp.kristdemokraterna.se\\\/linkoping\\\/eu-valmanifest-2024\\\/#primaryimage\"},\"thumbnailUrl\":\"https:\\\/\\\/wp.kristdemokraterna.se\\\/linkoping\\\/files\\\/2022\\\/07\\\/pdf_icon-150x150.png\",\"datePublished\":\"2024-05-14T16:03:48+00:00\",\"dateModified\":\"2024-06-17T15:11:30+00:00\",\"author\":{\"@id\":\"https:\\\/\\\/wp.kristdemokraterna.se\\\/linkoping\\\/#\\\/schema\\\/person\\\/b0148c3c8863db76d330faa282b9521a\"},\"breadcrumb\":{\"@id\":\"https:\\\/\\\/wp.kristdemokraterna.se\\\/linkoping\\\/eu-valmanifest-2024\\\/#breadcrumb\"},\"inLanguage\":\"sv-SE\",\"potentialAction\":[{\"@type\":\"ReadAction\",\"target\":[\"https:\\\/\\\/wp.kristdemokraterna.se\\\/linkoping\\\/eu-valmanifest-2024\\\/\"]}]},{\"@type\":\"ImageObject\",\"inLanguage\":\"sv-SE\",\"@id\":\"https:\\\/\\\/wp.kristdemokraterna.se\\\/linkoping\\\/eu-valmanifest-2024\\\/#primaryimage\",\"url\":\"https:\\\/\\\/wp.kristdemokraterna.se\\\/linkoping\\\/files\\\/2022\\\/07\\\/pdf_icon.png\",\"contentUrl\":\"https:\\\/\\\/wp.kristdemokraterna.se\\\/linkoping\\\/files\\\/2022\\\/07\\\/pdf_icon.png\",\"width\":512,\"height\":512},{\"@type\":\"BreadcrumbList\",\"@id\":\"https:\\\/\\\/wp.kristdemokraterna.se\\\/linkoping\\\/eu-valmanifest-2024\\\/#breadcrumb\",\"itemListElement\":[{\"@type\":\"ListItem\",\"position\":1,\"name\":\"Hem\",\"item\":\"https:\\\/\\\/wp.kristdemokraterna.se\\\/linkoping\\\/\"},{\"@type\":\"ListItem\",\"position\":2,\"name\":\"EU-valmanifest 2024\"}]},{\"@type\":\"WebSite\",\"@id\":\"https:\\\/\\\/wp.kristdemokraterna.se\\\/linkoping\\\/#website\",\"url\":\"https:\\\/\\\/wp.kristdemokraterna.se\\\/linkoping\\\/\",\"name\":\"Kristdemokraterna i Link\u00f6ping\",\"description\":\"\",\"inLanguage\":\"sv-SE\"},{\"@type\":\"Person\",\"@id\":\"https:\\\/\\\/wp.kristdemokraterna.se\\\/linkoping\\\/#\\\/schema\\\/person\\\/b0148c3c8863db76d330faa282b9521a\",\"name\":\"linkoping\",\"image\":{\"@type\":\"ImageObject\",\"inLanguage\":\"sv-SE\",\"@id\":\"https:\\\/\\\/secure.gravatar.com\\\/avatar\\\/016e7965fec0e08fdd07b021a7d25181278d4b29b1d5bab57b16017e35421895?s=96&r=g\",\"url\":\"https:\\\/\\\/secure.gravatar.com\\\/avatar\\\/016e7965fec0e08fdd07b021a7d25181278d4b29b1d5bab57b16017e35421895?s=96&r=g\",\"contentUrl\":\"https:\\\/\\\/secure.gravatar.com\\\/avatar\\\/016e7965fec0e08fdd07b021a7d25181278d4b29b1d5bab57b16017e35421895?s=96&r=g\",\"caption\":\"linkoping\"},\"sameAs\":[\"https:\\\/\\\/www.facebook.com\\\/kdlinkoping\\\/\"],\"url\":\"https:\\\/\\\/wp.kristdemokraterna.se\\\/linkoping\\\/author\\\/linkoping\\\/\"}]}<\/script>\n<!-- \/ Yoast SEO plugin. -->","yoast_head_json":{"title":"EU-valmanifest 2024 - Kristdemokraterna i Link\u00f6ping","robots":{"index":"index","follow":"follow","max-snippet":"max-snippet:-1","max-image-preview":"max-image-preview:large","max-video-preview":"max-video-preview:-1"},"canonical":"https:\/\/wp.kristdemokraterna.se\/linkoping\/eu-valmanifest-2024\/","og_locale":"sv_SE","og_type":"article","og_title":"EU-valmanifest 2024 - Kristdemokraterna i Link\u00f6ping","og_description":"Kristdemokraternas kampanj handlar om tv\u00e5 ord, som ni kommer att h\u00f6ra oss upprepa g\u00e5ng p\u00e5 g\u00e5ng i valr\u00f6relsen: Gr\u00e4nser och Frihet. EU har under l\u00e5ng tid f\u00f6rs\u00f6kt ta sig an omr\u00e5den som m\u00e5nga g\u00e5nger \u00e4r b\u00e4ttre f\u00f6r medlemsl\u00e4nderna att best\u00e4mma \u00f6ver sj\u00e4lva. N\u00e4r makt flyttas till Bryssel s\u00e4tter vi unionens legitimitet p\u00e5 spel. Ska vi Read More","og_url":"https:\/\/wp.kristdemokraterna.se\/linkoping\/eu-valmanifest-2024\/","og_site_name":"Kristdemokraterna i Link\u00f6ping","article_author":"https:\/\/www.facebook.com\/kdlinkoping\/","article_published_time":"2024-05-14T16:03:48+00:00","article_modified_time":"2024-06-17T15:11:30+00:00","og_image":[{"url":"https:\/\/wp.kristdemokraterna.se\/linkoping\/files\/2022\/07\/pdf_icon-150x150.png","type":"","width":"","height":""}],"author":"linkoping","twitter_card":"summary_large_image","twitter_misc":{"Skriven av":"linkoping","Ber\u00e4knad l\u00e4stid":"2 minuter"},"schema":{"@context":"https:\/\/schema.org","@graph":[{"@type":"Article","@id":"https:\/\/wp.kristdemokraterna.se\/linkoping\/eu-valmanifest-2024\/#article","isPartOf":{"@id":"https:\/\/wp.kristdemokraterna.se\/linkoping\/eu-valmanifest-2024\/"},"author":{"name":"linkoping","@id":"https:\/\/wp.kristdemokraterna.se\/linkoping\/#\/schema\/person\/b0148c3c8863db76d330faa282b9521a"},"headline":"EU-valmanifest 2024","datePublished":"2024-05-14T16:03:48+00:00","dateModified":"2024-06-17T15:11:30+00:00","mainEntityOfPage":{"@id":"https:\/\/wp.kristdemokraterna.se\/linkoping\/eu-valmanifest-2024\/"},"wordCount":343,"image":{"@id":"https:\/\/wp.kristdemokraterna.se\/linkoping\/eu-valmanifest-2024\/#primaryimage"},"thumbnailUrl":"https:\/\/wp.kristdemokraterna.se\/linkoping\/files\/2022\/07\/pdf_icon-150x150.png","articleSection":["arkiv","pressmeddelanden","valprogram"],"inLanguage":"sv-SE"},{"@type":"WebPage","@id":"https:\/\/wp.kristdemokraterna.se\/linkoping\/eu-valmanifest-2024\/","url":"https:\/\/wp.kristdemokraterna.se\/linkoping\/eu-valmanifest-2024\/","name":"EU-valmanifest 2024 - Kristdemokraterna i Link\u00f6ping","isPartOf":{"@id":"https:\/\/wp.kristdemokraterna.se\/linkoping\/#website"},"primaryImageOfPage":{"@id":"https:\/\/wp.kristdemokraterna.se\/linkoping\/eu-valmanifest-2024\/#primaryimage"},"image":{"@id":"https:\/\/wp.kristdemokraterna.se\/linkoping\/eu-valmanifest-2024\/#primaryimage"},"thumbnailUrl":"https:\/\/wp.kristdemokraterna.se\/linkoping\/files\/2022\/07\/pdf_icon-150x150.png","datePublished":"2024-05-14T16:03:48+00:00","dateModified":"2024-06-17T15:11:30+00:00","author":{"@id":"https:\/\/wp.kristdemokraterna.se\/linkoping\/#\/schema\/person\/b0148c3c8863db76d330faa282b9521a"},"breadcrumb":{"@id":"https:\/\/wp.kristdemokraterna.se\/linkoping\/eu-valmanifest-2024\/#breadcrumb"},"inLanguage":"sv-SE","potentialAction":[{"@type":"ReadAction","target":["https:\/\/wp.kristdemokraterna.se\/linkoping\/eu-valmanifest-2024\/"]}]},{"@type":"ImageObject","inLanguage":"sv-SE","@id":"https:\/\/wp.kristdemokraterna.se\/linkoping\/eu-valmanifest-2024\/#primaryimage","url":"https:\/\/wp.kristdemokraterna.se\/linkoping\/files\/2022\/07\/pdf_icon.png","contentUrl":"https:\/\/wp.kristdemokraterna.se\/linkoping\/files\/2022\/07\/pdf_icon.png","width":512,"height":512},{"@type":"BreadcrumbList","@id":"https:\/\/wp.kristdemokraterna.se\/linkoping\/eu-valmanifest-2024\/#breadcrumb","itemListElement":[{"@type":"ListItem","position":1,"name":"Hem","item":"https:\/\/wp.kristdemokraterna.se\/linkoping\/"},{"@type":"ListItem","position":2,"name":"EU-valmanifest 2024"}]},{"@type":"WebSite","@id":"https:\/\/wp.kristdemokraterna.se\/linkoping\/#website","url":"https:\/\/wp.kristdemokraterna.se\/linkoping\/","name":"Kristdemokraterna i Link\u00f6ping","description":"","inLanguage":"sv-SE"},{"@type":"Person","@id":"https:\/\/wp.kristdemokraterna.se\/linkoping\/#\/schema\/person\/b0148c3c8863db76d330faa282b9521a","name":"linkoping","image":{"@type":"ImageObject","inLanguage":"sv-SE","@id":"https:\/\/secure.gravatar.com\/avatar\/016e7965fec0e08fdd07b021a7d25181278d4b29b1d5bab57b16017e35421895?s=96&r=g","url":"https:\/\/secure.gravatar.com\/avatar\/016e7965fec0e08fdd07b021a7d25181278d4b29b1d5bab57b16017e35421895?s=96&r=g","contentUrl":"https:\/\/secure.gravatar.com\/avatar\/016e7965fec0e08fdd07b021a7d25181278d4b29b1d5bab57b16017e35421895?s=96&r=g","caption":"linkoping"},"sameAs":["https:\/\/www.facebook.com\/kdlinkoping\/"],"url":"https:\/\/wp.kristdemokraterna.se\/linkoping\/author\/linkoping\/"}]}},"_links":{"self":[{"href":"https:\/\/wp.kristdemokraterna.se\/linkoping\/wp-json\/wp\/v2\/posts\/2741","targetHints":{"allow":["GET"]}}],"collection":[{"href":"https:\/\/wp.kristdemokraterna.se\/linkoping\/wp-json\/wp\/v2\/posts"}],"about":[{"href":"https:\/\/wp.kristdemokraterna.se\/linkoping\/wp-json\/wp\/v2\/types\/post"}],"author":[{"embeddable":true,"href":"https:\/\/wp.kristdemokraterna.se\/linkoping\/wp-json\/wp\/v2\/users\/410"}],"replies":[{"embeddable":true,"href":"https:\/\/wp.kristdemokraterna.se\/linkoping\/wp-json\/wp\/v2\/comments?post=2741"}],"version-history":[{"count":4,"href":"https:\/\/wp.kristdemokraterna.se\/linkoping\/wp-json\/wp\/v2\/posts\/2741\/revisions"}],"predecessor-version":[{"id":2746,"href":"https:\/\/wp.kristdemokraterna.se\/linkoping\/wp-json\/wp\/v2\/posts\/2741\/revisions\/2746"}],"wp:attachment":[{"href":"https:\/\/wp.kristdemokraterna.se\/linkoping\/wp-json\/wp\/v2\/media?parent=2741"}],"wp:term":[{"taxonomy":"category","embeddable":true,"href":"https:\/\/wp.kristdemokraterna.se\/linkoping\/wp-json\/wp\/v2\/categories?post=2741"},{"taxonomy":"post_tag","embeddable":true,"href":"https:\/\/wp.kristdemokraterna.se\/linkoping\/wp-json\/wp\/v2\/tags?post=2741"}],"curies":[{"name":"wp","href":"https:\/\/api.w.org\/{rel}","templated":true}]}}