{"id":351,"date":"2015-02-19T09:32:40","date_gmt":"2015-02-19T08:32:40","guid":{"rendered":"http:\/\/wp.kristdemokraterna.se\/linkoping\/?p=351"},"modified":"2021-08-13T11:49:10","modified_gmt":"2021-08-13T09:49:10","slug":"pressmeddelande-kristdemokraterna-i-linkoping-nominerar-acko-ankarberg-som-ny-partiledare","status":"publish","type":"post","link":"https:\/\/wp.kristdemokraterna.se\/linkoping\/pressmeddelande-kristdemokraterna-i-linkoping-nominerar-acko-ankarberg-som-ny-partiledare\/","title":{"rendered":"PRESSMEDDELANDE: Kristdemokraterna i Link\u00f6ping nominerar Acko Ankarberg som ny partiledare"},"content":{"rendered":"<p><img loading=\"lazy\" decoding=\"async\" class=\"alignleft size-large wp-image-350\" src=\"https:\/\/wp.kristdemokraterna.se\/linkoping\/files\/2015\/02\/ackoankarbergjohansson-11-540x360.jpg\" alt=\"Acko Ankarberg Johansson, partisekreterare, Kristdemokraterna.\" width=\"540\" height=\"360\" srcset=\"https:\/\/wp.kristdemokraterna.se\/linkoping\/files\/2015\/02\/ackoankarbergjohansson-11-540x360.jpg 540w, https:\/\/wp.kristdemokraterna.se\/linkoping\/files\/2015\/02\/ackoankarbergjohansson-11-300x200.jpg 300w, https:\/\/wp.kristdemokraterna.se\/linkoping\/files\/2015\/02\/ackoankarbergjohansson-11-519x346.jpg 519w, https:\/\/wp.kristdemokraterna.se\/linkoping\/files\/2015\/02\/ackoankarbergjohansson-11-168x112.jpg 168w\" sizes=\"auto, (max-width: 540px) 100vw, 540px\" \/><\/p>\n<p><strong>Kristdemokraterna i Link\u00f6ping beslutade vid styrelsem\u00f6te p\u00e5 onsdagskv\u00e4llen att nominera Acko Ankarberg Johansson till ny partiledare f\u00f6r Kristdemokraterna. <\/strong><br \/>\n<strong>&#8211; Vi tror att Acko Ankarberg Johansson har b\u00e4st kompetens, erfarenhet och pondus f\u00f6r att bli en framg\u00e5ngsrik partiledare, s\u00e4ger Magnus Engstr\u00f6m, ordf\u00f6rande f\u00f6r Kristdemokraterna i Link\u00f6ping, en av landets st\u00f6rsta lokalavdelningar<\/strong>.<\/p>\n<p>Kristdemokraterna i Link\u00f6ping beslutade ocks\u00e5 att nominera <strong>Jakob Forssmed<\/strong> till f\u00f6rste vice ordf\u00f6rande och <strong>Lars Adaktusson<\/strong> till andre vice ordf\u00f6rande.<\/p>\n<p>&#8211; Vi tror att Jakob Forssmed som riksdagsledamot och ekonomiskpolitisk talesperson och Lars Adaktusson som Europaparlamentariker, p\u00e5 ett bra s\u00e4tt kan komplettera Acko och bli ett vinnande team, forts\u00e4tter Magnus Engstr\u00f6m.<\/p>\n<p>Styrelsem\u00f6tet beslutade ocks\u00e5 att nominera ett antal personer som ledam\u00f6ter i partistyrelsen. Bland annat nominerades \u00f6stg\u00f6tarna <strong>Per Larsson<\/strong>, oppositionsr\u00e5d i Region \u00d6sterg\u00f6tland, <strong>Andreas Ardenfors<\/strong>, kommunalr\u00e5d i Link\u00f6ping, <strong>Annicki Oscarsson<\/strong>, kommunstyrelseordf\u00f6rande i \u00d6desh\u00f6g och <strong>Eva-Britt Sj\u00f6berg<\/strong>, kommunalr\u00e5d i Norrk\u00f6ping.<br \/>\n&#8211; Vi tycker att det \u00e4r dags att efter n\u00e4stan tio \u00e5r utan \u00f6stg\u00f6tsk representation i partistyrelsen, \u00e5ter f\u00e5 ledam\u00f6ter fr\u00e5n ett av Kristdemokraternas st\u00f6rsta distrikt. Vi har flera mycket kompetenta f\u00f6retr\u00e4dare fr\u00e5n \u00d6sterg\u00f6tland, som st\u00e5r beredda att vara med och lyfta Kristdemokraterna till framg\u00e5ngar i kommande val, avslutar Magnus Engstr\u00f6m, ordf\u00f6rande f\u00f6r Kristdemokraterna i Link\u00f6ping.<\/p>\n<p><strong>F\u00f6r mer information:<\/strong><br \/>\nMagnus Engstr\u00f6m Ordf\u00f6rande f\u00f6r Kristdemokraterna i Link\u00f6ping, tfn 0708-865004<br \/>\nPer Larsson Oppositionsr\u00e5d i Region \u00d6sterg\u00f6tland, tfn 0702-88 21 34<br \/>\nAndreas Ardenfors Kommunalr\u00e5d i Link\u00f6pings kommun, tfn 0725-74 00 13<\/p>\n","protected":false},"excerpt":{"rendered":"<p>Kristdemokraterna i Link\u00f6ping beslutade vid styrelsem\u00f6te p\u00e5 onsdagskv\u00e4llen att nominera Acko Ankarberg Johansson till ny partiledare f\u00f6r Kristdemokraterna. &#8211; Vi tror att Acko Ankarberg Johansson har b\u00e4st kompetens, erfarenhet och pondus f\u00f6r att bli en framg\u00e5ngsrik partiledare, s\u00e4ger Magnus Engstr\u00f6m, ordf\u00f6rande f\u00f6r Kristdemokraterna i Link\u00f6ping, en av landets st\u00f6rsta lokalavdelningar. Kristdemokraterna i Link\u00f6ping beslutade ocks\u00e5 <a class=\"read-more-link\" href=\"https:\/\/wp.kristdemokraterna.se\/linkoping\/pressmeddelande-kristdemokraterna-i-linkoping-nominerar-acko-ankarberg-som-ny-partiledare\/\">Read More<\/a><\/p>\n","protected":false},"author":410,"featured_media":0,"comment_status":"closed","ping_status":"closed","sticky":false,"template":"","format":"standard","meta":{"_acf_changed":false,"footnotes":""},"categories":[22,1],"tags":[],"class_list":["post-351","post","type-post","status-publish","format-standard","hentry","category-arkiv","category-okategoriserade"],"acf":[],"yoast_head":"<!-- This site is optimized with the Yoast SEO plugin v27.4 - https:\/\/yoast.com\/product\/yoast-seo-wordpress\/ -->\n<title>PRESSMEDDELANDE: Kristdemokraterna i Link\u00f6ping nominerar Acko Ankarberg som ny partiledare - Kristdemokraterna i Link\u00f6ping<\/title>\n<meta name=\"robots\" content=\"index, follow, max-snippet:-1, max-image-preview:large, max-video-preview:-1\" \/>\n<link rel=\"canonical\" href=\"https:\/\/wp.kristdemokraterna.se\/linkoping\/pressmeddelande-kristdemokraterna-i-linkoping-nominerar-acko-ankarberg-som-ny-partiledare\/\" \/>\n<meta property=\"og:locale\" content=\"sv_SE\" \/>\n<meta property=\"og:type\" content=\"article\" \/>\n<meta property=\"og:title\" content=\"PRESSMEDDELANDE: Kristdemokraterna i Link\u00f6ping nominerar Acko Ankarberg som ny partiledare - Kristdemokraterna i Link\u00f6ping\" \/>\n<meta property=\"og:description\" content=\"Kristdemokraterna i Link\u00f6ping beslutade vid styrelsem\u00f6te p\u00e5 onsdagskv\u00e4llen att nominera Acko Ankarberg Johansson till ny partiledare f\u00f6r Kristdemokraterna. &#8211; Vi tror att Acko Ankarberg Johansson har b\u00e4st kompetens, erfarenhet och pondus f\u00f6r att bli en framg\u00e5ngsrik partiledare, s\u00e4ger Magnus Engstr\u00f6m, ordf\u00f6rande f\u00f6r Kristdemokraterna i Link\u00f6ping, en av landets st\u00f6rsta lokalavdelningar. Kristdemokraterna i Link\u00f6ping beslutade ocks\u00e5 Read More\" \/>\n<meta property=\"og:url\" content=\"https:\/\/wp.kristdemokraterna.se\/linkoping\/pressmeddelande-kristdemokraterna-i-linkoping-nominerar-acko-ankarberg-som-ny-partiledare\/\" \/>\n<meta property=\"og:site_name\" content=\"Kristdemokraterna i Link\u00f6ping\" \/>\n<meta property=\"article:author\" content=\"https:\/\/www.facebook.com\/kdlinkoping\/\" \/>\n<meta property=\"article:published_time\" content=\"2015-02-19T08:32:40+00:00\" \/>\n<meta property=\"article:modified_time\" content=\"2021-08-13T09:49:10+00:00\" \/>\n<meta property=\"og:image\" content=\"http:\/\/wp.kristdemokraterna.se\/linkoping\/files\/2015\/02\/ackoankarbergjohansson-11-540x360.jpg\" \/>\n<meta name=\"author\" content=\"linkoping\" \/>\n<meta name=\"twitter:card\" content=\"summary_large_image\" \/>\n<meta name=\"twitter:label1\" content=\"Skriven av\" \/>\n\t<meta name=\"twitter:data1\" content=\"linkoping\" \/>\n\t<meta name=\"twitter:label2\" content=\"Ber\u00e4knad l\u00e4stid\" \/>\n\t<meta name=\"twitter:data2\" content=\"1 minut\" \/>\n<script type=\"application\/ld+json\" class=\"yoast-schema-graph\">{\"@context\":\"https:\\\/\\\/schema.org\",\"@graph\":[{\"@type\":\"Article\",\"@id\":\"https:\\\/\\\/wp.kristdemokraterna.se\\\/linkoping\\\/pressmeddelande-kristdemokraterna-i-linkoping-nominerar-acko-ankarberg-som-ny-partiledare\\\/#article\",\"isPartOf\":{\"@id\":\"https:\\\/\\\/wp.kristdemokraterna.se\\\/linkoping\\\/pressmeddelande-kristdemokraterna-i-linkoping-nominerar-acko-ankarberg-som-ny-partiledare\\\/\"},\"author\":{\"name\":\"linkoping\",\"@id\":\"https:\\\/\\\/wp.kristdemokraterna.se\\\/linkoping\\\/#\\\/schema\\\/person\\\/b0148c3c8863db76d330faa282b9521a\"},\"headline\":\"PRESSMEDDELANDE: Kristdemokraterna i Link\u00f6ping nominerar Acko Ankarberg som ny partiledare\",\"datePublished\":\"2015-02-19T08:32:40+00:00\",\"dateModified\":\"2021-08-13T09:49:10+00:00\",\"mainEntityOfPage\":{\"@id\":\"https:\\\/\\\/wp.kristdemokraterna.se\\\/linkoping\\\/pressmeddelande-kristdemokraterna-i-linkoping-nominerar-acko-ankarberg-som-ny-partiledare\\\/\"},\"wordCount\":290,\"image\":{\"@id\":\"https:\\\/\\\/wp.kristdemokraterna.se\\\/linkoping\\\/pressmeddelande-kristdemokraterna-i-linkoping-nominerar-acko-ankarberg-som-ny-partiledare\\\/#primaryimage\"},\"thumbnailUrl\":\"http:\\\/\\\/wp.kristdemokraterna.se\\\/linkoping\\\/files\\\/2015\\\/02\\\/ackoankarbergjohansson-11-540x360.jpg\",\"articleSection\":[\"arkiv\",\"okategoriserade\"],\"inLanguage\":\"sv-SE\"},{\"@type\":\"WebPage\",\"@id\":\"https:\\\/\\\/wp.kristdemokraterna.se\\\/linkoping\\\/pressmeddelande-kristdemokraterna-i-linkoping-nominerar-acko-ankarberg-som-ny-partiledare\\\/\",\"url\":\"https:\\\/\\\/wp.kristdemokraterna.se\\\/linkoping\\\/pressmeddelande-kristdemokraterna-i-linkoping-nominerar-acko-ankarberg-som-ny-partiledare\\\/\",\"name\":\"PRESSMEDDELANDE: Kristdemokraterna i Link\u00f6ping nominerar Acko Ankarberg som ny partiledare - Kristdemokraterna i Link\u00f6ping\",\"isPartOf\":{\"@id\":\"https:\\\/\\\/wp.kristdemokraterna.se\\\/linkoping\\\/#website\"},\"primaryImageOfPage\":{\"@id\":\"https:\\\/\\\/wp.kristdemokraterna.se\\\/linkoping\\\/pressmeddelande-kristdemokraterna-i-linkoping-nominerar-acko-ankarberg-som-ny-partiledare\\\/#primaryimage\"},\"image\":{\"@id\":\"https:\\\/\\\/wp.kristdemokraterna.se\\\/linkoping\\\/pressmeddelande-kristdemokraterna-i-linkoping-nominerar-acko-ankarberg-som-ny-partiledare\\\/#primaryimage\"},\"thumbnailUrl\":\"http:\\\/\\\/wp.kristdemokraterna.se\\\/linkoping\\\/files\\\/2015\\\/02\\\/ackoankarbergjohansson-11-540x360.jpg\",\"datePublished\":\"2015-02-19T08:32:40+00:00\",\"dateModified\":\"2021-08-13T09:49:10+00:00\",\"author\":{\"@id\":\"https:\\\/\\\/wp.kristdemokraterna.se\\\/linkoping\\\/#\\\/schema\\\/person\\\/b0148c3c8863db76d330faa282b9521a\"},\"breadcrumb\":{\"@id\":\"https:\\\/\\\/wp.kristdemokraterna.se\\\/linkoping\\\/pressmeddelande-kristdemokraterna-i-linkoping-nominerar-acko-ankarberg-som-ny-partiledare\\\/#breadcrumb\"},\"inLanguage\":\"sv-SE\",\"potentialAction\":[{\"@type\":\"ReadAction\",\"target\":[\"https:\\\/\\\/wp.kristdemokraterna.se\\\/linkoping\\\/pressmeddelande-kristdemokraterna-i-linkoping-nominerar-acko-ankarberg-som-ny-partiledare\\\/\"]}]},{\"@type\":\"ImageObject\",\"inLanguage\":\"sv-SE\",\"@id\":\"https:\\\/\\\/wp.kristdemokraterna.se\\\/linkoping\\\/pressmeddelande-kristdemokraterna-i-linkoping-nominerar-acko-ankarberg-som-ny-partiledare\\\/#primaryimage\",\"url\":\"https:\\\/\\\/wp.kristdemokraterna.se\\\/linkoping\\\/files\\\/2015\\\/02\\\/ackoankarbergjohansson-11.jpg\",\"contentUrl\":\"https:\\\/\\\/wp.kristdemokraterna.se\\\/linkoping\\\/files\\\/2015\\\/02\\\/ackoankarbergjohansson-11.jpg\",\"width\":3543,\"height\":2362},{\"@type\":\"BreadcrumbList\",\"@id\":\"https:\\\/\\\/wp.kristdemokraterna.se\\\/linkoping\\\/pressmeddelande-kristdemokraterna-i-linkoping-nominerar-acko-ankarberg-som-ny-partiledare\\\/#breadcrumb\",\"itemListElement\":[{\"@type\":\"ListItem\",\"position\":1,\"name\":\"Hem\",\"item\":\"https:\\\/\\\/wp.kristdemokraterna.se\\\/linkoping\\\/\"},{\"@type\":\"ListItem\",\"position\":2,\"name\":\"PRESSMEDDELANDE: Kristdemokraterna i Link\u00f6ping nominerar Acko Ankarberg som ny partiledare\"}]},{\"@type\":\"WebSite\",\"@id\":\"https:\\\/\\\/wp.kristdemokraterna.se\\\/linkoping\\\/#website\",\"url\":\"https:\\\/\\\/wp.kristdemokraterna.se\\\/linkoping\\\/\",\"name\":\"Kristdemokraterna i Link\u00f6ping\",\"description\":\"\",\"inLanguage\":\"sv-SE\"},{\"@type\":\"Person\",\"@id\":\"https:\\\/\\\/wp.kristdemokraterna.se\\\/linkoping\\\/#\\\/schema\\\/person\\\/b0148c3c8863db76d330faa282b9521a\",\"name\":\"linkoping\",\"image\":{\"@type\":\"ImageObject\",\"inLanguage\":\"sv-SE\",\"@id\":\"https:\\\/\\\/secure.gravatar.com\\\/avatar\\\/016e7965fec0e08fdd07b021a7d25181278d4b29b1d5bab57b16017e35421895?s=96&r=g\",\"url\":\"https:\\\/\\\/secure.gravatar.com\\\/avatar\\\/016e7965fec0e08fdd07b021a7d25181278d4b29b1d5bab57b16017e35421895?s=96&r=g\",\"contentUrl\":\"https:\\\/\\\/secure.gravatar.com\\\/avatar\\\/016e7965fec0e08fdd07b021a7d25181278d4b29b1d5bab57b16017e35421895?s=96&r=g\",\"caption\":\"linkoping\"},\"sameAs\":[\"https:\\\/\\\/www.facebook.com\\\/kdlinkoping\\\/\"],\"url\":\"https:\\\/\\\/wp.kristdemokraterna.se\\\/linkoping\\\/author\\\/linkoping\\\/\"}]}<\/script>\n<!-- \/ Yoast SEO plugin. -->","yoast_head_json":{"title":"PRESSMEDDELANDE: Kristdemokraterna i Link\u00f6ping nominerar Acko Ankarberg som ny partiledare - Kristdemokraterna i Link\u00f6ping","robots":{"index":"index","follow":"follow","max-snippet":"max-snippet:-1","max-image-preview":"max-image-preview:large","max-video-preview":"max-video-preview:-1"},"canonical":"https:\/\/wp.kristdemokraterna.se\/linkoping\/pressmeddelande-kristdemokraterna-i-linkoping-nominerar-acko-ankarberg-som-ny-partiledare\/","og_locale":"sv_SE","og_type":"article","og_title":"PRESSMEDDELANDE: Kristdemokraterna i Link\u00f6ping nominerar Acko Ankarberg som ny partiledare - Kristdemokraterna i Link\u00f6ping","og_description":"Kristdemokraterna i Link\u00f6ping beslutade vid styrelsem\u00f6te p\u00e5 onsdagskv\u00e4llen att nominera Acko Ankarberg Johansson till ny partiledare f\u00f6r Kristdemokraterna. &#8211; Vi tror att Acko Ankarberg Johansson har b\u00e4st kompetens, erfarenhet och pondus f\u00f6r att bli en framg\u00e5ngsrik partiledare, s\u00e4ger Magnus Engstr\u00f6m, ordf\u00f6rande f\u00f6r Kristdemokraterna i Link\u00f6ping, en av landets st\u00f6rsta lokalavdelningar. Kristdemokraterna i Link\u00f6ping beslutade ocks\u00e5 Read More","og_url":"https:\/\/wp.kristdemokraterna.se\/linkoping\/pressmeddelande-kristdemokraterna-i-linkoping-nominerar-acko-ankarberg-som-ny-partiledare\/","og_site_name":"Kristdemokraterna i Link\u00f6ping","article_author":"https:\/\/www.facebook.com\/kdlinkoping\/","article_published_time":"2015-02-19T08:32:40+00:00","article_modified_time":"2021-08-13T09:49:10+00:00","og_image":[{"url":"http:\/\/wp.kristdemokraterna.se\/linkoping\/files\/2015\/02\/ackoankarbergjohansson-11-540x360.jpg","type":"","width":"","height":""}],"author":"linkoping","twitter_card":"summary_large_image","twitter_misc":{"Skriven av":"linkoping","Ber\u00e4knad l\u00e4stid":"1 minut"},"schema":{"@context":"https:\/\/schema.org","@graph":[{"@type":"Article","@id":"https:\/\/wp.kristdemokraterna.se\/linkoping\/pressmeddelande-kristdemokraterna-i-linkoping-nominerar-acko-ankarberg-som-ny-partiledare\/#article","isPartOf":{"@id":"https:\/\/wp.kristdemokraterna.se\/linkoping\/pressmeddelande-kristdemokraterna-i-linkoping-nominerar-acko-ankarberg-som-ny-partiledare\/"},"author":{"name":"linkoping","@id":"https:\/\/wp.kristdemokraterna.se\/linkoping\/#\/schema\/person\/b0148c3c8863db76d330faa282b9521a"},"headline":"PRESSMEDDELANDE: Kristdemokraterna i Link\u00f6ping nominerar Acko Ankarberg som ny partiledare","datePublished":"2015-02-19T08:32:40+00:00","dateModified":"2021-08-13T09:49:10+00:00","mainEntityOfPage":{"@id":"https:\/\/wp.kristdemokraterna.se\/linkoping\/pressmeddelande-kristdemokraterna-i-linkoping-nominerar-acko-ankarberg-som-ny-partiledare\/"},"wordCount":290,"image":{"@id":"https:\/\/wp.kristdemokraterna.se\/linkoping\/pressmeddelande-kristdemokraterna-i-linkoping-nominerar-acko-ankarberg-som-ny-partiledare\/#primaryimage"},"thumbnailUrl":"http:\/\/wp.kristdemokraterna.se\/linkoping\/files\/2015\/02\/ackoankarbergjohansson-11-540x360.jpg","articleSection":["arkiv","okategoriserade"],"inLanguage":"sv-SE"},{"@type":"WebPage","@id":"https:\/\/wp.kristdemokraterna.se\/linkoping\/pressmeddelande-kristdemokraterna-i-linkoping-nominerar-acko-ankarberg-som-ny-partiledare\/","url":"https:\/\/wp.kristdemokraterna.se\/linkoping\/pressmeddelande-kristdemokraterna-i-linkoping-nominerar-acko-ankarberg-som-ny-partiledare\/","name":"PRESSMEDDELANDE: Kristdemokraterna i Link\u00f6ping nominerar Acko Ankarberg som ny partiledare - Kristdemokraterna i Link\u00f6ping","isPartOf":{"@id":"https:\/\/wp.kristdemokraterna.se\/linkoping\/#website"},"primaryImageOfPage":{"@id":"https:\/\/wp.kristdemokraterna.se\/linkoping\/pressmeddelande-kristdemokraterna-i-linkoping-nominerar-acko-ankarberg-som-ny-partiledare\/#primaryimage"},"image":{"@id":"https:\/\/wp.kristdemokraterna.se\/linkoping\/pressmeddelande-kristdemokraterna-i-linkoping-nominerar-acko-ankarberg-som-ny-partiledare\/#primaryimage"},"thumbnailUrl":"http:\/\/wp.kristdemokraterna.se\/linkoping\/files\/2015\/02\/ackoankarbergjohansson-11-540x360.jpg","datePublished":"2015-02-19T08:32:40+00:00","dateModified":"2021-08-13T09:49:10+00:00","author":{"@id":"https:\/\/wp.kristdemokraterna.se\/linkoping\/#\/schema\/person\/b0148c3c8863db76d330faa282b9521a"},"breadcrumb":{"@id":"https:\/\/wp.kristdemokraterna.se\/linkoping\/pressmeddelande-kristdemokraterna-i-linkoping-nominerar-acko-ankarberg-som-ny-partiledare\/#breadcrumb"},"inLanguage":"sv-SE","potentialAction":[{"@type":"ReadAction","target":["https:\/\/wp.kristdemokraterna.se\/linkoping\/pressmeddelande-kristdemokraterna-i-linkoping-nominerar-acko-ankarberg-som-ny-partiledare\/"]}]},{"@type":"ImageObject","inLanguage":"sv-SE","@id":"https:\/\/wp.kristdemokraterna.se\/linkoping\/pressmeddelande-kristdemokraterna-i-linkoping-nominerar-acko-ankarberg-som-ny-partiledare\/#primaryimage","url":"https:\/\/wp.kristdemokraterna.se\/linkoping\/files\/2015\/02\/ackoankarbergjohansson-11.jpg","contentUrl":"https:\/\/wp.kristdemokraterna.se\/linkoping\/files\/2015\/02\/ackoankarbergjohansson-11.jpg","width":3543,"height":2362},{"@type":"BreadcrumbList","@id":"https:\/\/wp.kristdemokraterna.se\/linkoping\/pressmeddelande-kristdemokraterna-i-linkoping-nominerar-acko-ankarberg-som-ny-partiledare\/#breadcrumb","itemListElement":[{"@type":"ListItem","position":1,"name":"Hem","item":"https:\/\/wp.kristdemokraterna.se\/linkoping\/"},{"@type":"ListItem","position":2,"name":"PRESSMEDDELANDE: Kristdemokraterna i Link\u00f6ping nominerar Acko Ankarberg som ny partiledare"}]},{"@type":"WebSite","@id":"https:\/\/wp.kristdemokraterna.se\/linkoping\/#website","url":"https:\/\/wp.kristdemokraterna.se\/linkoping\/","name":"Kristdemokraterna i Link\u00f6ping","description":"","inLanguage":"sv-SE"},{"@type":"Person","@id":"https:\/\/wp.kristdemokraterna.se\/linkoping\/#\/schema\/person\/b0148c3c8863db76d330faa282b9521a","name":"linkoping","image":{"@type":"ImageObject","inLanguage":"sv-SE","@id":"https:\/\/secure.gravatar.com\/avatar\/016e7965fec0e08fdd07b021a7d25181278d4b29b1d5bab57b16017e35421895?s=96&r=g","url":"https:\/\/secure.gravatar.com\/avatar\/016e7965fec0e08fdd07b021a7d25181278d4b29b1d5bab57b16017e35421895?s=96&r=g","contentUrl":"https:\/\/secure.gravatar.com\/avatar\/016e7965fec0e08fdd07b021a7d25181278d4b29b1d5bab57b16017e35421895?s=96&r=g","caption":"linkoping"},"sameAs":["https:\/\/www.facebook.com\/kdlinkoping\/"],"url":"https:\/\/wp.kristdemokraterna.se\/linkoping\/author\/linkoping\/"}]}},"_links":{"self":[{"href":"https:\/\/wp.kristdemokraterna.se\/linkoping\/wp-json\/wp\/v2\/posts\/351","targetHints":{"allow":["GET"]}}],"collection":[{"href":"https:\/\/wp.kristdemokraterna.se\/linkoping\/wp-json\/wp\/v2\/posts"}],"about":[{"href":"https:\/\/wp.kristdemokraterna.se\/linkoping\/wp-json\/wp\/v2\/types\/post"}],"author":[{"embeddable":true,"href":"https:\/\/wp.kristdemokraterna.se\/linkoping\/wp-json\/wp\/v2\/users\/410"}],"replies":[{"embeddable":true,"href":"https:\/\/wp.kristdemokraterna.se\/linkoping\/wp-json\/wp\/v2\/comments?post=351"}],"version-history":[{"count":3,"href":"https:\/\/wp.kristdemokraterna.se\/linkoping\/wp-json\/wp\/v2\/posts\/351\/revisions"}],"predecessor-version":[{"id":354,"href":"https:\/\/wp.kristdemokraterna.se\/linkoping\/wp-json\/wp\/v2\/posts\/351\/revisions\/354"}],"wp:attachment":[{"href":"https:\/\/wp.kristdemokraterna.se\/linkoping\/wp-json\/wp\/v2\/media?parent=351"}],"wp:term":[{"taxonomy":"category","embeddable":true,"href":"https:\/\/wp.kristdemokraterna.se\/linkoping\/wp-json\/wp\/v2\/categories?post=351"},{"taxonomy":"post_tag","embeddable":true,"href":"https:\/\/wp.kristdemokraterna.se\/linkoping\/wp-json\/wp\/v2\/tags?post=351"}],"curies":[{"name":"wp","href":"https:\/\/api.w.org\/{rel}","templated":true}]}}