{"id":37,"date":"2013-06-18T15:10:39","date_gmt":"2013-06-18T13:10:39","guid":{"rendered":"http:\/\/wp.kristdemokraterna.se\/linkoping\/?p=37"},"modified":"2021-08-13T11:49:26","modified_gmt":"2021-08-13T09:49:26","slug":"utdelningskampanj-i-ekangen","status":"publish","type":"post","link":"https:\/\/wp.kristdemokraterna.se\/linkoping\/utdelningskampanj-i-ekangen\/","title":{"rendered":"Utdelningskampanj i Ek\u00e4ngen"},"content":{"rendered":"<p><a href=\"https:\/\/wp.kristdemokraterna.se\/linkoping\/files\/2013\/06\/ekangen.jpg\"><img loading=\"lazy\" decoding=\"async\" class=\" wp-image-38 alignleft\" alt=\"ekangen\" src=\"https:\/\/wp.kristdemokraterna.se\/linkoping\/files\/2013\/06\/ekangen-300x224.jpg\" width=\"300\" height=\"224\" srcset=\"https:\/\/wp.kristdemokraterna.se\/linkoping\/files\/2013\/06\/ekangen-300x224.jpg 300w, https:\/\/wp.kristdemokraterna.se\/linkoping\/files\/2013\/06\/ekangen-540x403.jpg 540w, https:\/\/wp.kristdemokraterna.se\/linkoping\/files\/2013\/06\/ekangen-463x346.jpg 463w, https:\/\/wp.kristdemokraterna.se\/linkoping\/files\/2013\/06\/ekangen-149x112.jpg 149w, https:\/\/wp.kristdemokraterna.se\/linkoping\/files\/2013\/06\/ekangen.jpg 640w\" sizes=\"auto, (max-width: 300px) 100vw, 300px\" \/><\/a><\/p>\n<p>Ig\u00e5r kv\u00e4ll begav sig ett g\u00e4ng fr\u00e5n Kristdemokraterna i Link\u00f6ping till Ek\u00e4ngen f\u00f6r att dela ut kampanjtidningen <a href=\"http:\/\/www.kristdemokraterna.se\/Global\/pdf\/Vardagsliv_2013.pdf\" target=\"_blank\" rel=\"noopener\">Vardagsliv<\/a>. Efter\u00e5t tr\u00e4ffades vi vid Tv\u00e4rskogsudde vid Roxen, grillade och nj\u00f6t av solsken och vacker vy \u00f6ver sj\u00f6n! H\u00e4r ser vi \u00a0Petra Hellsing, andre vice ordf\u00f6rande och Magnus Engstr\u00f6m, ordf\u00f6rande.<\/p>\n","protected":false},"excerpt":{"rendered":"<p>Ig\u00e5r kv\u00e4ll begav sig ett g\u00e4ng fr\u00e5n Kristdemokraterna i Link\u00f6ping till Ek\u00e4ngen f\u00f6r att dela ut kampanjtidningen Vardagsliv. Efter\u00e5t tr\u00e4ffades vi vid Tv\u00e4rskogsudde vid Roxen, grillade och nj\u00f6t av solsken och vacker vy \u00f6ver sj\u00f6n! H\u00e4r ser vi \u00a0Petra Hellsing, andre vice ordf\u00f6rande och Magnus Engstr\u00f6m, ordf\u00f6rande.<\/p>\n","protected":false},"author":410,"featured_media":0,"comment_status":"open","ping_status":"open","sticky":false,"template":"","format":"standard","meta":{"_acf_changed":false,"footnotes":""},"categories":[22,1],"tags":[],"class_list":["post-37","post","type-post","status-publish","format-standard","hentry","category-arkiv","category-okategoriserade"],"acf":[],"yoast_head":"<!-- This site is optimized with the Yoast SEO plugin v27.4 - https:\/\/yoast.com\/product\/yoast-seo-wordpress\/ -->\n<title>Utdelningskampanj i Ek\u00e4ngen - Kristdemokraterna i Link\u00f6ping<\/title>\n<meta name=\"robots\" content=\"index, follow, max-snippet:-1, max-image-preview:large, max-video-preview:-1\" \/>\n<link rel=\"canonical\" href=\"https:\/\/wp.kristdemokraterna.se\/linkoping\/utdelningskampanj-i-ekangen\/\" \/>\n<meta property=\"og:locale\" content=\"sv_SE\" \/>\n<meta property=\"og:type\" content=\"article\" \/>\n<meta property=\"og:title\" content=\"Utdelningskampanj i Ek\u00e4ngen - Kristdemokraterna i Link\u00f6ping\" \/>\n<meta property=\"og:description\" content=\"Ig\u00e5r kv\u00e4ll begav sig ett g\u00e4ng fr\u00e5n Kristdemokraterna i Link\u00f6ping till Ek\u00e4ngen f\u00f6r att dela ut kampanjtidningen Vardagsliv. Efter\u00e5t tr\u00e4ffades vi vid Tv\u00e4rskogsudde vid Roxen, grillade och nj\u00f6t av solsken och vacker vy \u00f6ver sj\u00f6n! H\u00e4r ser vi \u00a0Petra Hellsing, andre vice ordf\u00f6rande och Magnus Engstr\u00f6m, ordf\u00f6rande.\" \/>\n<meta property=\"og:url\" content=\"https:\/\/wp.kristdemokraterna.se\/linkoping\/utdelningskampanj-i-ekangen\/\" \/>\n<meta property=\"og:site_name\" content=\"Kristdemokraterna i Link\u00f6ping\" \/>\n<meta property=\"article:author\" content=\"https:\/\/www.facebook.com\/kdlinkoping\/\" \/>\n<meta property=\"article:published_time\" content=\"2013-06-18T13:10:39+00:00\" \/>\n<meta property=\"article:modified_time\" content=\"2021-08-13T09:49:26+00:00\" \/>\n<meta property=\"og:image\" content=\"http:\/\/wp.kristdemokraterna.se\/linkoping\/files\/2013\/06\/ekangen-300x224.jpg\" \/>\n<meta name=\"author\" content=\"linkoping\" \/>\n<meta name=\"twitter:card\" content=\"summary_large_image\" \/>\n<meta name=\"twitter:label1\" content=\"Skriven av\" \/>\n\t<meta name=\"twitter:data1\" content=\"linkoping\" \/>\n<script type=\"application\/ld+json\" class=\"yoast-schema-graph\">{\"@context\":\"https:\\\/\\\/schema.org\",\"@graph\":[{\"@type\":\"Article\",\"@id\":\"https:\\\/\\\/wp.kristdemokraterna.se\\\/linkoping\\\/utdelningskampanj-i-ekangen\\\/#article\",\"isPartOf\":{\"@id\":\"https:\\\/\\\/wp.kristdemokraterna.se\\\/linkoping\\\/utdelningskampanj-i-ekangen\\\/\"},\"author\":{\"name\":\"linkoping\",\"@id\":\"https:\\\/\\\/wp.kristdemokraterna.se\\\/linkoping\\\/#\\\/schema\\\/person\\\/b0148c3c8863db76d330faa282b9521a\"},\"headline\":\"Utdelningskampanj i Ek\u00e4ngen\",\"datePublished\":\"2013-06-18T13:10:39+00:00\",\"dateModified\":\"2021-08-13T09:49:26+00:00\",\"mainEntityOfPage\":{\"@id\":\"https:\\\/\\\/wp.kristdemokraterna.se\\\/linkoping\\\/utdelningskampanj-i-ekangen\\\/\"},\"wordCount\":67,\"commentCount\":0,\"image\":{\"@id\":\"https:\\\/\\\/wp.kristdemokraterna.se\\\/linkoping\\\/utdelningskampanj-i-ekangen\\\/#primaryimage\"},\"thumbnailUrl\":\"http:\\\/\\\/wp.kristdemokraterna.se\\\/linkoping\\\/files\\\/2013\\\/06\\\/ekangen-300x224.jpg\",\"articleSection\":[\"arkiv\",\"okategoriserade\"],\"inLanguage\":\"sv-SE\"},{\"@type\":\"WebPage\",\"@id\":\"https:\\\/\\\/wp.kristdemokraterna.se\\\/linkoping\\\/utdelningskampanj-i-ekangen\\\/\",\"url\":\"https:\\\/\\\/wp.kristdemokraterna.se\\\/linkoping\\\/utdelningskampanj-i-ekangen\\\/\",\"name\":\"Utdelningskampanj i Ek\u00e4ngen - Kristdemokraterna i Link\u00f6ping\",\"isPartOf\":{\"@id\":\"https:\\\/\\\/wp.kristdemokraterna.se\\\/linkoping\\\/#website\"},\"primaryImageOfPage\":{\"@id\":\"https:\\\/\\\/wp.kristdemokraterna.se\\\/linkoping\\\/utdelningskampanj-i-ekangen\\\/#primaryimage\"},\"image\":{\"@id\":\"https:\\\/\\\/wp.kristdemokraterna.se\\\/linkoping\\\/utdelningskampanj-i-ekangen\\\/#primaryimage\"},\"thumbnailUrl\":\"http:\\\/\\\/wp.kristdemokraterna.se\\\/linkoping\\\/files\\\/2013\\\/06\\\/ekangen-300x224.jpg\",\"datePublished\":\"2013-06-18T13:10:39+00:00\",\"dateModified\":\"2021-08-13T09:49:26+00:00\",\"author\":{\"@id\":\"https:\\\/\\\/wp.kristdemokraterna.se\\\/linkoping\\\/#\\\/schema\\\/person\\\/b0148c3c8863db76d330faa282b9521a\"},\"breadcrumb\":{\"@id\":\"https:\\\/\\\/wp.kristdemokraterna.se\\\/linkoping\\\/utdelningskampanj-i-ekangen\\\/#breadcrumb\"},\"inLanguage\":\"sv-SE\",\"potentialAction\":[{\"@type\":\"ReadAction\",\"target\":[\"https:\\\/\\\/wp.kristdemokraterna.se\\\/linkoping\\\/utdelningskampanj-i-ekangen\\\/\"]}]},{\"@type\":\"ImageObject\",\"inLanguage\":\"sv-SE\",\"@id\":\"https:\\\/\\\/wp.kristdemokraterna.se\\\/linkoping\\\/utdelningskampanj-i-ekangen\\\/#primaryimage\",\"url\":\"https:\\\/\\\/wp.kristdemokraterna.se\\\/linkoping\\\/files\\\/2013\\\/06\\\/ekangen.jpg\",\"contentUrl\":\"https:\\\/\\\/wp.kristdemokraterna.se\\\/linkoping\\\/files\\\/2013\\\/06\\\/ekangen.jpg\",\"width\":640,\"height\":478},{\"@type\":\"BreadcrumbList\",\"@id\":\"https:\\\/\\\/wp.kristdemokraterna.se\\\/linkoping\\\/utdelningskampanj-i-ekangen\\\/#breadcrumb\",\"itemListElement\":[{\"@type\":\"ListItem\",\"position\":1,\"name\":\"Hem\",\"item\":\"https:\\\/\\\/wp.kristdemokraterna.se\\\/linkoping\\\/\"},{\"@type\":\"ListItem\",\"position\":2,\"name\":\"Utdelningskampanj i Ek\u00e4ngen\"}]},{\"@type\":\"WebSite\",\"@id\":\"https:\\\/\\\/wp.kristdemokraterna.se\\\/linkoping\\\/#website\",\"url\":\"https:\\\/\\\/wp.kristdemokraterna.se\\\/linkoping\\\/\",\"name\":\"Kristdemokraterna i Link\u00f6ping\",\"description\":\"\",\"inLanguage\":\"sv-SE\"},{\"@type\":\"Person\",\"@id\":\"https:\\\/\\\/wp.kristdemokraterna.se\\\/linkoping\\\/#\\\/schema\\\/person\\\/b0148c3c8863db76d330faa282b9521a\",\"name\":\"linkoping\",\"image\":{\"@type\":\"ImageObject\",\"inLanguage\":\"sv-SE\",\"@id\":\"https:\\\/\\\/secure.gravatar.com\\\/avatar\\\/016e7965fec0e08fdd07b021a7d25181278d4b29b1d5bab57b16017e35421895?s=96&r=g\",\"url\":\"https:\\\/\\\/secure.gravatar.com\\\/avatar\\\/016e7965fec0e08fdd07b021a7d25181278d4b29b1d5bab57b16017e35421895?s=96&r=g\",\"contentUrl\":\"https:\\\/\\\/secure.gravatar.com\\\/avatar\\\/016e7965fec0e08fdd07b021a7d25181278d4b29b1d5bab57b16017e35421895?s=96&r=g\",\"caption\":\"linkoping\"},\"sameAs\":[\"https:\\\/\\\/www.facebook.com\\\/kdlinkoping\\\/\"],\"url\":\"https:\\\/\\\/wp.kristdemokraterna.se\\\/linkoping\\\/author\\\/linkoping\\\/\"}]}<\/script>\n<!-- \/ Yoast SEO plugin. -->","yoast_head_json":{"title":"Utdelningskampanj i Ek\u00e4ngen - Kristdemokraterna i Link\u00f6ping","robots":{"index":"index","follow":"follow","max-snippet":"max-snippet:-1","max-image-preview":"max-image-preview:large","max-video-preview":"max-video-preview:-1"},"canonical":"https:\/\/wp.kristdemokraterna.se\/linkoping\/utdelningskampanj-i-ekangen\/","og_locale":"sv_SE","og_type":"article","og_title":"Utdelningskampanj i Ek\u00e4ngen - Kristdemokraterna i Link\u00f6ping","og_description":"Ig\u00e5r kv\u00e4ll begav sig ett g\u00e4ng fr\u00e5n Kristdemokraterna i Link\u00f6ping till Ek\u00e4ngen f\u00f6r att dela ut kampanjtidningen Vardagsliv. Efter\u00e5t tr\u00e4ffades vi vid Tv\u00e4rskogsudde vid Roxen, grillade och nj\u00f6t av solsken och vacker vy \u00f6ver sj\u00f6n! H\u00e4r ser vi \u00a0Petra Hellsing, andre vice ordf\u00f6rande och Magnus Engstr\u00f6m, ordf\u00f6rande.","og_url":"https:\/\/wp.kristdemokraterna.se\/linkoping\/utdelningskampanj-i-ekangen\/","og_site_name":"Kristdemokraterna i Link\u00f6ping","article_author":"https:\/\/www.facebook.com\/kdlinkoping\/","article_published_time":"2013-06-18T13:10:39+00:00","article_modified_time":"2021-08-13T09:49:26+00:00","og_image":[{"url":"http:\/\/wp.kristdemokraterna.se\/linkoping\/files\/2013\/06\/ekangen-300x224.jpg","type":"","width":"","height":""}],"author":"linkoping","twitter_card":"summary_large_image","twitter_misc":{"Skriven av":"linkoping"},"schema":{"@context":"https:\/\/schema.org","@graph":[{"@type":"Article","@id":"https:\/\/wp.kristdemokraterna.se\/linkoping\/utdelningskampanj-i-ekangen\/#article","isPartOf":{"@id":"https:\/\/wp.kristdemokraterna.se\/linkoping\/utdelningskampanj-i-ekangen\/"},"author":{"name":"linkoping","@id":"https:\/\/wp.kristdemokraterna.se\/linkoping\/#\/schema\/person\/b0148c3c8863db76d330faa282b9521a"},"headline":"Utdelningskampanj i Ek\u00e4ngen","datePublished":"2013-06-18T13:10:39+00:00","dateModified":"2021-08-13T09:49:26+00:00","mainEntityOfPage":{"@id":"https:\/\/wp.kristdemokraterna.se\/linkoping\/utdelningskampanj-i-ekangen\/"},"wordCount":67,"commentCount":0,"image":{"@id":"https:\/\/wp.kristdemokraterna.se\/linkoping\/utdelningskampanj-i-ekangen\/#primaryimage"},"thumbnailUrl":"http:\/\/wp.kristdemokraterna.se\/linkoping\/files\/2013\/06\/ekangen-300x224.jpg","articleSection":["arkiv","okategoriserade"],"inLanguage":"sv-SE"},{"@type":"WebPage","@id":"https:\/\/wp.kristdemokraterna.se\/linkoping\/utdelningskampanj-i-ekangen\/","url":"https:\/\/wp.kristdemokraterna.se\/linkoping\/utdelningskampanj-i-ekangen\/","name":"Utdelningskampanj i Ek\u00e4ngen - Kristdemokraterna i Link\u00f6ping","isPartOf":{"@id":"https:\/\/wp.kristdemokraterna.se\/linkoping\/#website"},"primaryImageOfPage":{"@id":"https:\/\/wp.kristdemokraterna.se\/linkoping\/utdelningskampanj-i-ekangen\/#primaryimage"},"image":{"@id":"https:\/\/wp.kristdemokraterna.se\/linkoping\/utdelningskampanj-i-ekangen\/#primaryimage"},"thumbnailUrl":"http:\/\/wp.kristdemokraterna.se\/linkoping\/files\/2013\/06\/ekangen-300x224.jpg","datePublished":"2013-06-18T13:10:39+00:00","dateModified":"2021-08-13T09:49:26+00:00","author":{"@id":"https:\/\/wp.kristdemokraterna.se\/linkoping\/#\/schema\/person\/b0148c3c8863db76d330faa282b9521a"},"breadcrumb":{"@id":"https:\/\/wp.kristdemokraterna.se\/linkoping\/utdelningskampanj-i-ekangen\/#breadcrumb"},"inLanguage":"sv-SE","potentialAction":[{"@type":"ReadAction","target":["https:\/\/wp.kristdemokraterna.se\/linkoping\/utdelningskampanj-i-ekangen\/"]}]},{"@type":"ImageObject","inLanguage":"sv-SE","@id":"https:\/\/wp.kristdemokraterna.se\/linkoping\/utdelningskampanj-i-ekangen\/#primaryimage","url":"https:\/\/wp.kristdemokraterna.se\/linkoping\/files\/2013\/06\/ekangen.jpg","contentUrl":"https:\/\/wp.kristdemokraterna.se\/linkoping\/files\/2013\/06\/ekangen.jpg","width":640,"height":478},{"@type":"BreadcrumbList","@id":"https:\/\/wp.kristdemokraterna.se\/linkoping\/utdelningskampanj-i-ekangen\/#breadcrumb","itemListElement":[{"@type":"ListItem","position":1,"name":"Hem","item":"https:\/\/wp.kristdemokraterna.se\/linkoping\/"},{"@type":"ListItem","position":2,"name":"Utdelningskampanj i Ek\u00e4ngen"}]},{"@type":"WebSite","@id":"https:\/\/wp.kristdemokraterna.se\/linkoping\/#website","url":"https:\/\/wp.kristdemokraterna.se\/linkoping\/","name":"Kristdemokraterna i Link\u00f6ping","description":"","inLanguage":"sv-SE"},{"@type":"Person","@id":"https:\/\/wp.kristdemokraterna.se\/linkoping\/#\/schema\/person\/b0148c3c8863db76d330faa282b9521a","name":"linkoping","image":{"@type":"ImageObject","inLanguage":"sv-SE","@id":"https:\/\/secure.gravatar.com\/avatar\/016e7965fec0e08fdd07b021a7d25181278d4b29b1d5bab57b16017e35421895?s=96&r=g","url":"https:\/\/secure.gravatar.com\/avatar\/016e7965fec0e08fdd07b021a7d25181278d4b29b1d5bab57b16017e35421895?s=96&r=g","contentUrl":"https:\/\/secure.gravatar.com\/avatar\/016e7965fec0e08fdd07b021a7d25181278d4b29b1d5bab57b16017e35421895?s=96&r=g","caption":"linkoping"},"sameAs":["https:\/\/www.facebook.com\/kdlinkoping\/"],"url":"https:\/\/wp.kristdemokraterna.se\/linkoping\/author\/linkoping\/"}]}},"_links":{"self":[{"href":"https:\/\/wp.kristdemokraterna.se\/linkoping\/wp-json\/wp\/v2\/posts\/37","targetHints":{"allow":["GET"]}}],"collection":[{"href":"https:\/\/wp.kristdemokraterna.se\/linkoping\/wp-json\/wp\/v2\/posts"}],"about":[{"href":"https:\/\/wp.kristdemokraterna.se\/linkoping\/wp-json\/wp\/v2\/types\/post"}],"author":[{"embeddable":true,"href":"https:\/\/wp.kristdemokraterna.se\/linkoping\/wp-json\/wp\/v2\/users\/410"}],"replies":[{"embeddable":true,"href":"https:\/\/wp.kristdemokraterna.se\/linkoping\/wp-json\/wp\/v2\/comments?post=37"}],"version-history":[{"count":7,"href":"https:\/\/wp.kristdemokraterna.se\/linkoping\/wp-json\/wp\/v2\/posts\/37\/revisions"}],"predecessor-version":[{"id":1907,"href":"https:\/\/wp.kristdemokraterna.se\/linkoping\/wp-json\/wp\/v2\/posts\/37\/revisions\/1907"}],"wp:attachment":[{"href":"https:\/\/wp.kristdemokraterna.se\/linkoping\/wp-json\/wp\/v2\/media?parent=37"}],"wp:term":[{"taxonomy":"category","embeddable":true,"href":"https:\/\/wp.kristdemokraterna.se\/linkoping\/wp-json\/wp\/v2\/categories?post=37"},{"taxonomy":"post_tag","embeddable":true,"href":"https:\/\/wp.kristdemokraterna.se\/linkoping\/wp-json\/wp\/v2\/tags?post=37"}],"curies":[{"name":"wp","href":"https:\/\/api.w.org\/{rel}","templated":true}]}}