{"id":382,"date":"2015-05-26T11:23:17","date_gmt":"2015-05-26T09:23:17","guid":{"rendered":"http:\/\/wp.kristdemokraterna.se\/linkoping\/?p=382"},"modified":"2021-08-13T11:49:10","modified_gmt":"2021-08-13T09:49:10","slug":"debatt-foretagare-i-linkoping-blir-osakra","status":"publish","type":"post","link":"https:\/\/wp.kristdemokraterna.se\/linkoping\/debatt-foretagare-i-linkoping-blir-osakra\/","title":{"rendered":"Debatt: F\u00f6retagare i Link\u00f6ping blir os\u00e4kra"},"content":{"rendered":"<p><a href=\"http:\/\/www.corren.se\/asikter\/debatt\/foretagare-i-linkoping-blir-osakra-8075381.aspx\" target=\"_blank\" rel=\"noopener\"><img loading=\"lazy\" decoding=\"async\" class=\"alignleft size-full wp-image-383\" src=\"https:\/\/wp.kristdemokraterna.se\/linkoping\/files\/2015\/05\/safe_image.jpg\" alt=\"safe_image\" width=\"470\" height=\"245\" srcset=\"https:\/\/wp.kristdemokraterna.se\/linkoping\/files\/2015\/05\/safe_image.jpg 470w, https:\/\/wp.kristdemokraterna.se\/linkoping\/files\/2015\/05\/safe_image-300x156.jpg 300w, https:\/\/wp.kristdemokraterna.se\/linkoping\/files\/2015\/05\/safe_image-186x97.jpg 186w\" sizes=\"auto, (max-width: 470px) 100vw, 470px\" \/><\/a>Kristdemokraternas kommunalr\u00e5d Andreas Ardenfors skriver debattartikel i dagens Corren: &#8221;Jag vet att det \u00e4r det viktigt att forts\u00e4tta att l\u00e5ta f\u00f6retag med god kvalit\u00e9 f\u00e5 utvecklas i Link\u00f6ping. Vi kristdemokrater vill vara med och forts\u00e4tta att se hur v\u00e5r kommun blir en plats f\u00f6r de b\u00e4sta id\u00e9er bli verklighet.&#8221;<\/p>\n<p><a href=\"http:\/\/www.corren.se\/asikter\/debatt\/foretagare-i-linkoping-blir-osakra-8075381.aspx\" target=\"_blank\" rel=\"noopener\">http:\/\/www.corren.se\/asikter\/debatt\/foretagare-i-linkoping-blir-osakra-8075381.aspx<\/a><\/p>\n","protected":false},"excerpt":{"rendered":"<p>Kristdemokraternas kommunalr\u00e5d Andreas Ardenfors skriver debattartikel i dagens Corren: &#8221;Jag vet att det \u00e4r det viktigt att forts\u00e4tta att l\u00e5ta f\u00f6retag med god kvalit\u00e9 f\u00e5 utvecklas i Link\u00f6ping. Vi kristdemokrater vill vara med och forts\u00e4tta att se hur v\u00e5r kommun blir en plats f\u00f6r de b\u00e4sta id\u00e9er bli verklighet.&#8221; http:\/\/www.corren.se\/asikter\/debatt\/foretagare-i-linkoping-blir-osakra-8075381.aspx<\/p>\n","protected":false},"author":410,"featured_media":0,"comment_status":"closed","ping_status":"closed","sticky":false,"template":"","format":"standard","meta":{"_acf_changed":false,"footnotes":""},"categories":[22,1],"tags":[],"class_list":["post-382","post","type-post","status-publish","format-standard","hentry","category-arkiv","category-okategoriserade"],"acf":[],"yoast_head":"<!-- This site is optimized with the Yoast SEO plugin v27.4 - https:\/\/yoast.com\/product\/yoast-seo-wordpress\/ -->\n<title>Debatt: F\u00f6retagare i Link\u00f6ping blir os\u00e4kra - Kristdemokraterna i Link\u00f6ping<\/title>\n<meta name=\"robots\" content=\"index, follow, max-snippet:-1, max-image-preview:large, max-video-preview:-1\" \/>\n<link rel=\"canonical\" href=\"https:\/\/wp.kristdemokraterna.se\/linkoping\/debatt-foretagare-i-linkoping-blir-osakra\/\" \/>\n<meta property=\"og:locale\" content=\"sv_SE\" \/>\n<meta property=\"og:type\" content=\"article\" \/>\n<meta property=\"og:title\" content=\"Debatt: F\u00f6retagare i Link\u00f6ping blir os\u00e4kra - Kristdemokraterna i Link\u00f6ping\" \/>\n<meta property=\"og:description\" content=\"Kristdemokraternas kommunalr\u00e5d Andreas Ardenfors skriver debattartikel i dagens Corren: &#8221;Jag vet att det \u00e4r det viktigt att forts\u00e4tta att l\u00e5ta f\u00f6retag med god kvalit\u00e9 f\u00e5 utvecklas i Link\u00f6ping. Vi kristdemokrater vill vara med och forts\u00e4tta att se hur v\u00e5r kommun blir en plats f\u00f6r de b\u00e4sta id\u00e9er bli verklighet.&#8221; http:\/\/www.corren.se\/asikter\/debatt\/foretagare-i-linkoping-blir-osakra-8075381.aspx\" \/>\n<meta property=\"og:url\" content=\"https:\/\/wp.kristdemokraterna.se\/linkoping\/debatt-foretagare-i-linkoping-blir-osakra\/\" \/>\n<meta property=\"og:site_name\" content=\"Kristdemokraterna i Link\u00f6ping\" \/>\n<meta property=\"article:author\" content=\"https:\/\/www.facebook.com\/kdlinkoping\/\" \/>\n<meta property=\"article:published_time\" content=\"2015-05-26T09:23:17+00:00\" \/>\n<meta property=\"article:modified_time\" content=\"2021-08-13T09:49:10+00:00\" \/>\n<meta property=\"og:image\" content=\"http:\/\/wp.kristdemokraterna.se\/linkoping\/files\/2015\/05\/safe_image.jpg\" \/>\n<meta name=\"author\" content=\"linkoping\" \/>\n<meta name=\"twitter:card\" content=\"summary_large_image\" \/>\n<meta name=\"twitter:label1\" content=\"Skriven av\" \/>\n\t<meta name=\"twitter:data1\" content=\"linkoping\" \/>\n<script type=\"application\/ld+json\" class=\"yoast-schema-graph\">{\"@context\":\"https:\\\/\\\/schema.org\",\"@graph\":[{\"@type\":\"Article\",\"@id\":\"https:\\\/\\\/wp.kristdemokraterna.se\\\/linkoping\\\/debatt-foretagare-i-linkoping-blir-osakra\\\/#article\",\"isPartOf\":{\"@id\":\"https:\\\/\\\/wp.kristdemokraterna.se\\\/linkoping\\\/debatt-foretagare-i-linkoping-blir-osakra\\\/\"},\"author\":{\"name\":\"linkoping\",\"@id\":\"https:\\\/\\\/wp.kristdemokraterna.se\\\/linkoping\\\/#\\\/schema\\\/person\\\/b0148c3c8863db76d330faa282b9521a\"},\"headline\":\"Debatt: F\u00f6retagare i Link\u00f6ping blir os\u00e4kra\",\"datePublished\":\"2015-05-26T09:23:17+00:00\",\"dateModified\":\"2021-08-13T09:49:10+00:00\",\"mainEntityOfPage\":{\"@id\":\"https:\\\/\\\/wp.kristdemokraterna.se\\\/linkoping\\\/debatt-foretagare-i-linkoping-blir-osakra\\\/\"},\"wordCount\":76,\"image\":{\"@id\":\"https:\\\/\\\/wp.kristdemokraterna.se\\\/linkoping\\\/debatt-foretagare-i-linkoping-blir-osakra\\\/#primaryimage\"},\"thumbnailUrl\":\"http:\\\/\\\/wp.kristdemokraterna.se\\\/linkoping\\\/files\\\/2015\\\/05\\\/safe_image.jpg\",\"articleSection\":[\"arkiv\",\"okategoriserade\"],\"inLanguage\":\"sv-SE\"},{\"@type\":\"WebPage\",\"@id\":\"https:\\\/\\\/wp.kristdemokraterna.se\\\/linkoping\\\/debatt-foretagare-i-linkoping-blir-osakra\\\/\",\"url\":\"https:\\\/\\\/wp.kristdemokraterna.se\\\/linkoping\\\/debatt-foretagare-i-linkoping-blir-osakra\\\/\",\"name\":\"Debatt: F\u00f6retagare i Link\u00f6ping blir os\u00e4kra - Kristdemokraterna i Link\u00f6ping\",\"isPartOf\":{\"@id\":\"https:\\\/\\\/wp.kristdemokraterna.se\\\/linkoping\\\/#website\"},\"primaryImageOfPage\":{\"@id\":\"https:\\\/\\\/wp.kristdemokraterna.se\\\/linkoping\\\/debatt-foretagare-i-linkoping-blir-osakra\\\/#primaryimage\"},\"image\":{\"@id\":\"https:\\\/\\\/wp.kristdemokraterna.se\\\/linkoping\\\/debatt-foretagare-i-linkoping-blir-osakra\\\/#primaryimage\"},\"thumbnailUrl\":\"http:\\\/\\\/wp.kristdemokraterna.se\\\/linkoping\\\/files\\\/2015\\\/05\\\/safe_image.jpg\",\"datePublished\":\"2015-05-26T09:23:17+00:00\",\"dateModified\":\"2021-08-13T09:49:10+00:00\",\"author\":{\"@id\":\"https:\\\/\\\/wp.kristdemokraterna.se\\\/linkoping\\\/#\\\/schema\\\/person\\\/b0148c3c8863db76d330faa282b9521a\"},\"breadcrumb\":{\"@id\":\"https:\\\/\\\/wp.kristdemokraterna.se\\\/linkoping\\\/debatt-foretagare-i-linkoping-blir-osakra\\\/#breadcrumb\"},\"inLanguage\":\"sv-SE\",\"potentialAction\":[{\"@type\":\"ReadAction\",\"target\":[\"https:\\\/\\\/wp.kristdemokraterna.se\\\/linkoping\\\/debatt-foretagare-i-linkoping-blir-osakra\\\/\"]}]},{\"@type\":\"ImageObject\",\"inLanguage\":\"sv-SE\",\"@id\":\"https:\\\/\\\/wp.kristdemokraterna.se\\\/linkoping\\\/debatt-foretagare-i-linkoping-blir-osakra\\\/#primaryimage\",\"url\":\"https:\\\/\\\/wp.kristdemokraterna.se\\\/linkoping\\\/files\\\/2015\\\/05\\\/safe_image.jpg\",\"contentUrl\":\"https:\\\/\\\/wp.kristdemokraterna.se\\\/linkoping\\\/files\\\/2015\\\/05\\\/safe_image.jpg\",\"width\":470,\"height\":245},{\"@type\":\"BreadcrumbList\",\"@id\":\"https:\\\/\\\/wp.kristdemokraterna.se\\\/linkoping\\\/debatt-foretagare-i-linkoping-blir-osakra\\\/#breadcrumb\",\"itemListElement\":[{\"@type\":\"ListItem\",\"position\":1,\"name\":\"Hem\",\"item\":\"https:\\\/\\\/wp.kristdemokraterna.se\\\/linkoping\\\/\"},{\"@type\":\"ListItem\",\"position\":2,\"name\":\"Debatt: F\u00f6retagare i Link\u00f6ping blir os\u00e4kra\"}]},{\"@type\":\"WebSite\",\"@id\":\"https:\\\/\\\/wp.kristdemokraterna.se\\\/linkoping\\\/#website\",\"url\":\"https:\\\/\\\/wp.kristdemokraterna.se\\\/linkoping\\\/\",\"name\":\"Kristdemokraterna i Link\u00f6ping\",\"description\":\"\",\"inLanguage\":\"sv-SE\"},{\"@type\":\"Person\",\"@id\":\"https:\\\/\\\/wp.kristdemokraterna.se\\\/linkoping\\\/#\\\/schema\\\/person\\\/b0148c3c8863db76d330faa282b9521a\",\"name\":\"linkoping\",\"image\":{\"@type\":\"ImageObject\",\"inLanguage\":\"sv-SE\",\"@id\":\"https:\\\/\\\/secure.gravatar.com\\\/avatar\\\/016e7965fec0e08fdd07b021a7d25181278d4b29b1d5bab57b16017e35421895?s=96&r=g\",\"url\":\"https:\\\/\\\/secure.gravatar.com\\\/avatar\\\/016e7965fec0e08fdd07b021a7d25181278d4b29b1d5bab57b16017e35421895?s=96&r=g\",\"contentUrl\":\"https:\\\/\\\/secure.gravatar.com\\\/avatar\\\/016e7965fec0e08fdd07b021a7d25181278d4b29b1d5bab57b16017e35421895?s=96&r=g\",\"caption\":\"linkoping\"},\"sameAs\":[\"https:\\\/\\\/www.facebook.com\\\/kdlinkoping\\\/\"],\"url\":\"https:\\\/\\\/wp.kristdemokraterna.se\\\/linkoping\\\/author\\\/linkoping\\\/\"}]}<\/script>\n<!-- \/ Yoast SEO plugin. -->","yoast_head_json":{"title":"Debatt: F\u00f6retagare i Link\u00f6ping blir os\u00e4kra - Kristdemokraterna i Link\u00f6ping","robots":{"index":"index","follow":"follow","max-snippet":"max-snippet:-1","max-image-preview":"max-image-preview:large","max-video-preview":"max-video-preview:-1"},"canonical":"https:\/\/wp.kristdemokraterna.se\/linkoping\/debatt-foretagare-i-linkoping-blir-osakra\/","og_locale":"sv_SE","og_type":"article","og_title":"Debatt: F\u00f6retagare i Link\u00f6ping blir os\u00e4kra - Kristdemokraterna i Link\u00f6ping","og_description":"Kristdemokraternas kommunalr\u00e5d Andreas Ardenfors skriver debattartikel i dagens Corren: &#8221;Jag vet att det \u00e4r det viktigt att forts\u00e4tta att l\u00e5ta f\u00f6retag med god kvalit\u00e9 f\u00e5 utvecklas i Link\u00f6ping. Vi kristdemokrater vill vara med och forts\u00e4tta att se hur v\u00e5r kommun blir en plats f\u00f6r de b\u00e4sta id\u00e9er bli verklighet.&#8221; http:\/\/www.corren.se\/asikter\/debatt\/foretagare-i-linkoping-blir-osakra-8075381.aspx","og_url":"https:\/\/wp.kristdemokraterna.se\/linkoping\/debatt-foretagare-i-linkoping-blir-osakra\/","og_site_name":"Kristdemokraterna i Link\u00f6ping","article_author":"https:\/\/www.facebook.com\/kdlinkoping\/","article_published_time":"2015-05-26T09:23:17+00:00","article_modified_time":"2021-08-13T09:49:10+00:00","og_image":[{"url":"http:\/\/wp.kristdemokraterna.se\/linkoping\/files\/2015\/05\/safe_image.jpg","type":"","width":"","height":""}],"author":"linkoping","twitter_card":"summary_large_image","twitter_misc":{"Skriven av":"linkoping"},"schema":{"@context":"https:\/\/schema.org","@graph":[{"@type":"Article","@id":"https:\/\/wp.kristdemokraterna.se\/linkoping\/debatt-foretagare-i-linkoping-blir-osakra\/#article","isPartOf":{"@id":"https:\/\/wp.kristdemokraterna.se\/linkoping\/debatt-foretagare-i-linkoping-blir-osakra\/"},"author":{"name":"linkoping","@id":"https:\/\/wp.kristdemokraterna.se\/linkoping\/#\/schema\/person\/b0148c3c8863db76d330faa282b9521a"},"headline":"Debatt: F\u00f6retagare i Link\u00f6ping blir os\u00e4kra","datePublished":"2015-05-26T09:23:17+00:00","dateModified":"2021-08-13T09:49:10+00:00","mainEntityOfPage":{"@id":"https:\/\/wp.kristdemokraterna.se\/linkoping\/debatt-foretagare-i-linkoping-blir-osakra\/"},"wordCount":76,"image":{"@id":"https:\/\/wp.kristdemokraterna.se\/linkoping\/debatt-foretagare-i-linkoping-blir-osakra\/#primaryimage"},"thumbnailUrl":"http:\/\/wp.kristdemokraterna.se\/linkoping\/files\/2015\/05\/safe_image.jpg","articleSection":["arkiv","okategoriserade"],"inLanguage":"sv-SE"},{"@type":"WebPage","@id":"https:\/\/wp.kristdemokraterna.se\/linkoping\/debatt-foretagare-i-linkoping-blir-osakra\/","url":"https:\/\/wp.kristdemokraterna.se\/linkoping\/debatt-foretagare-i-linkoping-blir-osakra\/","name":"Debatt: F\u00f6retagare i Link\u00f6ping blir os\u00e4kra - Kristdemokraterna i Link\u00f6ping","isPartOf":{"@id":"https:\/\/wp.kristdemokraterna.se\/linkoping\/#website"},"primaryImageOfPage":{"@id":"https:\/\/wp.kristdemokraterna.se\/linkoping\/debatt-foretagare-i-linkoping-blir-osakra\/#primaryimage"},"image":{"@id":"https:\/\/wp.kristdemokraterna.se\/linkoping\/debatt-foretagare-i-linkoping-blir-osakra\/#primaryimage"},"thumbnailUrl":"http:\/\/wp.kristdemokraterna.se\/linkoping\/files\/2015\/05\/safe_image.jpg","datePublished":"2015-05-26T09:23:17+00:00","dateModified":"2021-08-13T09:49:10+00:00","author":{"@id":"https:\/\/wp.kristdemokraterna.se\/linkoping\/#\/schema\/person\/b0148c3c8863db76d330faa282b9521a"},"breadcrumb":{"@id":"https:\/\/wp.kristdemokraterna.se\/linkoping\/debatt-foretagare-i-linkoping-blir-osakra\/#breadcrumb"},"inLanguage":"sv-SE","potentialAction":[{"@type":"ReadAction","target":["https:\/\/wp.kristdemokraterna.se\/linkoping\/debatt-foretagare-i-linkoping-blir-osakra\/"]}]},{"@type":"ImageObject","inLanguage":"sv-SE","@id":"https:\/\/wp.kristdemokraterna.se\/linkoping\/debatt-foretagare-i-linkoping-blir-osakra\/#primaryimage","url":"https:\/\/wp.kristdemokraterna.se\/linkoping\/files\/2015\/05\/safe_image.jpg","contentUrl":"https:\/\/wp.kristdemokraterna.se\/linkoping\/files\/2015\/05\/safe_image.jpg","width":470,"height":245},{"@type":"BreadcrumbList","@id":"https:\/\/wp.kristdemokraterna.se\/linkoping\/debatt-foretagare-i-linkoping-blir-osakra\/#breadcrumb","itemListElement":[{"@type":"ListItem","position":1,"name":"Hem","item":"https:\/\/wp.kristdemokraterna.se\/linkoping\/"},{"@type":"ListItem","position":2,"name":"Debatt: F\u00f6retagare i Link\u00f6ping blir os\u00e4kra"}]},{"@type":"WebSite","@id":"https:\/\/wp.kristdemokraterna.se\/linkoping\/#website","url":"https:\/\/wp.kristdemokraterna.se\/linkoping\/","name":"Kristdemokraterna i Link\u00f6ping","description":"","inLanguage":"sv-SE"},{"@type":"Person","@id":"https:\/\/wp.kristdemokraterna.se\/linkoping\/#\/schema\/person\/b0148c3c8863db76d330faa282b9521a","name":"linkoping","image":{"@type":"ImageObject","inLanguage":"sv-SE","@id":"https:\/\/secure.gravatar.com\/avatar\/016e7965fec0e08fdd07b021a7d25181278d4b29b1d5bab57b16017e35421895?s=96&r=g","url":"https:\/\/secure.gravatar.com\/avatar\/016e7965fec0e08fdd07b021a7d25181278d4b29b1d5bab57b16017e35421895?s=96&r=g","contentUrl":"https:\/\/secure.gravatar.com\/avatar\/016e7965fec0e08fdd07b021a7d25181278d4b29b1d5bab57b16017e35421895?s=96&r=g","caption":"linkoping"},"sameAs":["https:\/\/www.facebook.com\/kdlinkoping\/"],"url":"https:\/\/wp.kristdemokraterna.se\/linkoping\/author\/linkoping\/"}]}},"_links":{"self":[{"href":"https:\/\/wp.kristdemokraterna.se\/linkoping\/wp-json\/wp\/v2\/posts\/382","targetHints":{"allow":["GET"]}}],"collection":[{"href":"https:\/\/wp.kristdemokraterna.se\/linkoping\/wp-json\/wp\/v2\/posts"}],"about":[{"href":"https:\/\/wp.kristdemokraterna.se\/linkoping\/wp-json\/wp\/v2\/types\/post"}],"author":[{"embeddable":true,"href":"https:\/\/wp.kristdemokraterna.se\/linkoping\/wp-json\/wp\/v2\/users\/410"}],"replies":[{"embeddable":true,"href":"https:\/\/wp.kristdemokraterna.se\/linkoping\/wp-json\/wp\/v2\/comments?post=382"}],"version-history":[{"count":2,"href":"https:\/\/wp.kristdemokraterna.se\/linkoping\/wp-json\/wp\/v2\/posts\/382\/revisions"}],"predecessor-version":[{"id":1898,"href":"https:\/\/wp.kristdemokraterna.se\/linkoping\/wp-json\/wp\/v2\/posts\/382\/revisions\/1898"}],"wp:attachment":[{"href":"https:\/\/wp.kristdemokraterna.se\/linkoping\/wp-json\/wp\/v2\/media?parent=382"}],"wp:term":[{"taxonomy":"category","embeddable":true,"href":"https:\/\/wp.kristdemokraterna.se\/linkoping\/wp-json\/wp\/v2\/categories?post=382"},{"taxonomy":"post_tag","embeddable":true,"href":"https:\/\/wp.kristdemokraterna.se\/linkoping\/wp-json\/wp\/v2\/tags?post=382"}],"curies":[{"name":"wp","href":"https:\/\/api.w.org\/{rel}","templated":true}]}}