{"id":386,"date":"2015-05-05T18:28:54","date_gmt":"2015-05-05T16:28:54","guid":{"rendered":"http:\/\/wp.kristdemokraterna.se\/linkoping\/?p=386"},"modified":"2021-08-13T11:49:10","modified_gmt":"2021-08-13T09:49:10","slug":"allaktivitetshuset-behovs","status":"publish","type":"post","link":"https:\/\/wp.kristdemokraterna.se\/linkoping\/allaktivitetshuset-behovs\/","title":{"rendered":"Debatt: Allaktivitetshuset beh\u00f6vs"},"content":{"rendered":"<p><a href=\"http:\/\/www.corren.se\/asikter\/debatt\/allaktivitetshuset-behovs-8008701.aspx\" target=\"_blank\" rel=\"noopener\"><img loading=\"lazy\" decoding=\"async\" class=\" size-full wp-image-383 alignnone\" src=\"https:\/\/wp.kristdemokraterna.se\/linkoping\/files\/2015\/05\/safe_image.jpg\" alt=\"safe_image\" width=\"470\" height=\"245\" srcset=\"https:\/\/wp.kristdemokraterna.se\/linkoping\/files\/2015\/05\/safe_image.jpg 470w, https:\/\/wp.kristdemokraterna.se\/linkoping\/files\/2015\/05\/safe_image-300x156.jpg 300w, https:\/\/wp.kristdemokraterna.se\/linkoping\/files\/2015\/05\/safe_image-186x97.jpg 186w\" sizes=\"auto, (max-width: 470px) 100vw, 470px\" \/><\/a><\/p>\n<p><a href=\"http:\/\/www.corren.se\/asikter\/debatt\/allaktivitetshuset-behovs-8008701.aspx\" target=\"_blank\" rel=\"noopener\">http:\/\/www.corren.se\/asikter\/debatt\/allaktivitetshuset-behovs-8008701.aspx<\/a><\/p>\n<p>Varf\u00f6r h\u00e4nder inget med det nedbrunna Allaktivitetshuset i Sk\u00e4ggetorp undrar\u00a0Catharina Rosencrantz (M) Mikael Larsson (C) Liselotte Fager (KD).<\/p>\n<p>Vi tillsammans med alla ungdomar i Sk\u00e4ggetorp undrar vad som ska h\u00e4nda med Allaktivitetshuset i Sk\u00e4ggetorp. Det har snart g\u00e5tt ett \u00e5r sedan huset brann ner och ingen verkar veta vad som h\u00e4nder. Det b\u00f6rjar bli br\u00e5ttom. Det provisorium som \u00e4r ig\u00e5ng i Centrumhuset \u00e4r en n\u00f6dl\u00f6sning i v\u00e4ntan p\u00e5 ett nytt hus.<!--more--><\/p>\n<p>Allaktivitetshuset var en samlingsplats i Sk\u00e4ggetorp f\u00f6r ungdomar i alla \u00e5ldrar. Allt fr\u00e5n yngre till \u00e4ldre och blandat med tjejer och killar.<\/p>\n<p>Allaktivitetshuset fyllde en viktig funktion med en m\u00e4ngd olika aktiviteter under samma tak. Branden var en stor tragedi, men \u00f6ppnade ocks\u00e5 m\u00f6jligheten att bygga n\u00e5got \u00e4nnu b\u00e4ttre. Men just nu st\u00e5r allt stilla. Det utreds. Det pratas om detaljplaner f\u00f6r Sk\u00e4ggetorp. Det diskuteras att verksamheten ska utvecklas med ytterligare f\u00f6reningar och verksamheter. Det \u00e4r bra. Men varf\u00f6r h\u00e4nder ingenting? Vi ser allvarligt p\u00e5 detta. Vi beh\u00f6ver verksamheten i Allaktivitetshuset!<\/p>\n<p>Vi anser att det \u00e4r j\u00e4tteviktigt att fatta beslut om ett nytt hus, f\u00f6r att f\u00e5 ig\u00e5ng verksamhet i ett nytt Allaktivitetshus. Fr\u00e5n beslut till f\u00e4rdigt hus tar det \u00e4nd\u00e5 n\u00e4rmare tv\u00e5 \u00e5r och det har redan tagit f\u00f6r l\u00e5ng tid sedan det brann ner.<\/p>\n<p>Vi anser att den nya majoriteten nu m\u00e5ste ta sitt ansvar och i v\u00e4ntan p\u00e5 ett nytt hus ger verksamheten tillf\u00e4lliga lokaler i baracker f\u00f6r att s\u00e5 fort som m\u00f6jligt f\u00e5 ig\u00e5ng verksamheten. De nuvarande lokalerna i Centrumhuset var t\u00e4nkt som en kortsiktig l\u00f6sning och fungerar inte i v\u00e4ntan p\u00e5 ett nytt hus. Vad v\u00e4ntar S, MP och FP p\u00e5? Vi tycker att det \u00e4r dags att de tar sitt ansvar och ser till att ge besked till alla som undrar n\u00e4r vi f\u00e5r ett nytt Allaktivitetshus? Ett nytt hus med \u00e4nnu b\u00e4ttre verksamhet, som tar h\u00e4nsyn till vad ungdomar, vuxna och f\u00f6reningar vill se i det nya huset, som ser fram\u00e5t i dialog med boende och ungdomarna i Sk\u00e4ggetorp. De vet b\u00e4st, bara n\u00e5gon lyssnar. Allaktivitetshuset brann ner \u2013 l\u00e5t inte verksamheten och all drivkraft som fanns d\u00e4r brinna inne.<\/p>\n<p>Catharina Rosencrantz (M) Mikael Larsson (C) Liselotte Fager (KD).<\/p>\n","protected":false},"excerpt":{"rendered":"<p>http:\/\/www.corren.se\/asikter\/debatt\/allaktivitetshuset-behovs-8008701.aspx Varf\u00f6r h\u00e4nder inget med det nedbrunna Allaktivitetshuset i Sk\u00e4ggetorp undrar\u00a0Catharina Rosencrantz (M) Mikael Larsson (C) Liselotte Fager (KD). Vi tillsammans med alla ungdomar i Sk\u00e4ggetorp undrar vad som ska h\u00e4nda med Allaktivitetshuset i Sk\u00e4ggetorp. Det har snart g\u00e5tt ett \u00e5r sedan huset brann ner och ingen verkar veta vad som h\u00e4nder. Det b\u00f6rjar bli <a class=\"read-more-link\" href=\"https:\/\/wp.kristdemokraterna.se\/linkoping\/allaktivitetshuset-behovs\/\">Read More<\/a><\/p>\n","protected":false},"author":410,"featured_media":0,"comment_status":"closed","ping_status":"closed","sticky":false,"template":"","format":"standard","meta":{"_acf_changed":false,"footnotes":""},"categories":[22,1],"tags":[],"class_list":["post-386","post","type-post","status-publish","format-standard","hentry","category-arkiv","category-okategoriserade"],"acf":[],"yoast_head":"<!-- This site is optimized with the Yoast SEO plugin v27.4 - https:\/\/yoast.com\/product\/yoast-seo-wordpress\/ -->\n<title>Debatt: Allaktivitetshuset beh\u00f6vs - Kristdemokraterna i Link\u00f6ping<\/title>\n<meta name=\"robots\" content=\"index, follow, max-snippet:-1, max-image-preview:large, max-video-preview:-1\" \/>\n<link rel=\"canonical\" href=\"https:\/\/wp.kristdemokraterna.se\/linkoping\/allaktivitetshuset-behovs\/\" \/>\n<meta property=\"og:locale\" content=\"sv_SE\" \/>\n<meta property=\"og:type\" content=\"article\" \/>\n<meta property=\"og:title\" content=\"Debatt: Allaktivitetshuset beh\u00f6vs - Kristdemokraterna i Link\u00f6ping\" \/>\n<meta property=\"og:description\" content=\"http:\/\/www.corren.se\/asikter\/debatt\/allaktivitetshuset-behovs-8008701.aspx Varf\u00f6r h\u00e4nder inget med det nedbrunna Allaktivitetshuset i Sk\u00e4ggetorp undrar\u00a0Catharina Rosencrantz (M) Mikael Larsson (C) Liselotte Fager (KD). Vi tillsammans med alla ungdomar i Sk\u00e4ggetorp undrar vad som ska h\u00e4nda med Allaktivitetshuset i Sk\u00e4ggetorp. Det har snart g\u00e5tt ett \u00e5r sedan huset brann ner och ingen verkar veta vad som h\u00e4nder. Det b\u00f6rjar bli Read More\" \/>\n<meta property=\"og:url\" content=\"https:\/\/wp.kristdemokraterna.se\/linkoping\/allaktivitetshuset-behovs\/\" \/>\n<meta property=\"og:site_name\" content=\"Kristdemokraterna i Link\u00f6ping\" \/>\n<meta property=\"article:author\" content=\"https:\/\/www.facebook.com\/kdlinkoping\/\" \/>\n<meta property=\"article:published_time\" content=\"2015-05-05T16:28:54+00:00\" \/>\n<meta property=\"article:modified_time\" content=\"2021-08-13T09:49:10+00:00\" \/>\n<meta property=\"og:image\" content=\"http:\/\/wp.kristdemokraterna.se\/linkoping\/files\/2015\/05\/safe_image.jpg\" \/>\n<meta name=\"author\" content=\"linkoping\" \/>\n<meta name=\"twitter:card\" content=\"summary_large_image\" \/>\n<meta name=\"twitter:label1\" content=\"Skriven av\" \/>\n\t<meta name=\"twitter:data1\" content=\"linkoping\" \/>\n\t<meta name=\"twitter:label2\" content=\"Ber\u00e4knad l\u00e4stid\" \/>\n\t<meta name=\"twitter:data2\" content=\"2 minuter\" \/>\n<script type=\"application\/ld+json\" class=\"yoast-schema-graph\">{\"@context\":\"https:\\\/\\\/schema.org\",\"@graph\":[{\"@type\":\"Article\",\"@id\":\"https:\\\/\\\/wp.kristdemokraterna.se\\\/linkoping\\\/allaktivitetshuset-behovs\\\/#article\",\"isPartOf\":{\"@id\":\"https:\\\/\\\/wp.kristdemokraterna.se\\\/linkoping\\\/allaktivitetshuset-behovs\\\/\"},\"author\":{\"name\":\"linkoping\",\"@id\":\"https:\\\/\\\/wp.kristdemokraterna.se\\\/linkoping\\\/#\\\/schema\\\/person\\\/b0148c3c8863db76d330faa282b9521a\"},\"headline\":\"Debatt: Allaktivitetshuset beh\u00f6vs\",\"datePublished\":\"2015-05-05T16:28:54+00:00\",\"dateModified\":\"2021-08-13T09:49:10+00:00\",\"mainEntityOfPage\":{\"@id\":\"https:\\\/\\\/wp.kristdemokraterna.se\\\/linkoping\\\/allaktivitetshuset-behovs\\\/\"},\"wordCount\":426,\"image\":{\"@id\":\"https:\\\/\\\/wp.kristdemokraterna.se\\\/linkoping\\\/allaktivitetshuset-behovs\\\/#primaryimage\"},\"thumbnailUrl\":\"http:\\\/\\\/wp.kristdemokraterna.se\\\/linkoping\\\/files\\\/2015\\\/05\\\/safe_image.jpg\",\"articleSection\":[\"arkiv\",\"okategoriserade\"],\"inLanguage\":\"sv-SE\"},{\"@type\":\"WebPage\",\"@id\":\"https:\\\/\\\/wp.kristdemokraterna.se\\\/linkoping\\\/allaktivitetshuset-behovs\\\/\",\"url\":\"https:\\\/\\\/wp.kristdemokraterna.se\\\/linkoping\\\/allaktivitetshuset-behovs\\\/\",\"name\":\"Debatt: Allaktivitetshuset beh\u00f6vs - Kristdemokraterna i Link\u00f6ping\",\"isPartOf\":{\"@id\":\"https:\\\/\\\/wp.kristdemokraterna.se\\\/linkoping\\\/#website\"},\"primaryImageOfPage\":{\"@id\":\"https:\\\/\\\/wp.kristdemokraterna.se\\\/linkoping\\\/allaktivitetshuset-behovs\\\/#primaryimage\"},\"image\":{\"@id\":\"https:\\\/\\\/wp.kristdemokraterna.se\\\/linkoping\\\/allaktivitetshuset-behovs\\\/#primaryimage\"},\"thumbnailUrl\":\"http:\\\/\\\/wp.kristdemokraterna.se\\\/linkoping\\\/files\\\/2015\\\/05\\\/safe_image.jpg\",\"datePublished\":\"2015-05-05T16:28:54+00:00\",\"dateModified\":\"2021-08-13T09:49:10+00:00\",\"author\":{\"@id\":\"https:\\\/\\\/wp.kristdemokraterna.se\\\/linkoping\\\/#\\\/schema\\\/person\\\/b0148c3c8863db76d330faa282b9521a\"},\"breadcrumb\":{\"@id\":\"https:\\\/\\\/wp.kristdemokraterna.se\\\/linkoping\\\/allaktivitetshuset-behovs\\\/#breadcrumb\"},\"inLanguage\":\"sv-SE\",\"potentialAction\":[{\"@type\":\"ReadAction\",\"target\":[\"https:\\\/\\\/wp.kristdemokraterna.se\\\/linkoping\\\/allaktivitetshuset-behovs\\\/\"]}]},{\"@type\":\"ImageObject\",\"inLanguage\":\"sv-SE\",\"@id\":\"https:\\\/\\\/wp.kristdemokraterna.se\\\/linkoping\\\/allaktivitetshuset-behovs\\\/#primaryimage\",\"url\":\"https:\\\/\\\/wp.kristdemokraterna.se\\\/linkoping\\\/files\\\/2015\\\/05\\\/safe_image.jpg\",\"contentUrl\":\"https:\\\/\\\/wp.kristdemokraterna.se\\\/linkoping\\\/files\\\/2015\\\/05\\\/safe_image.jpg\",\"width\":470,\"height\":245},{\"@type\":\"BreadcrumbList\",\"@id\":\"https:\\\/\\\/wp.kristdemokraterna.se\\\/linkoping\\\/allaktivitetshuset-behovs\\\/#breadcrumb\",\"itemListElement\":[{\"@type\":\"ListItem\",\"position\":1,\"name\":\"Hem\",\"item\":\"https:\\\/\\\/wp.kristdemokraterna.se\\\/linkoping\\\/\"},{\"@type\":\"ListItem\",\"position\":2,\"name\":\"Debatt: Allaktivitetshuset beh\u00f6vs\"}]},{\"@type\":\"WebSite\",\"@id\":\"https:\\\/\\\/wp.kristdemokraterna.se\\\/linkoping\\\/#website\",\"url\":\"https:\\\/\\\/wp.kristdemokraterna.se\\\/linkoping\\\/\",\"name\":\"Kristdemokraterna i Link\u00f6ping\",\"description\":\"\",\"inLanguage\":\"sv-SE\"},{\"@type\":\"Person\",\"@id\":\"https:\\\/\\\/wp.kristdemokraterna.se\\\/linkoping\\\/#\\\/schema\\\/person\\\/b0148c3c8863db76d330faa282b9521a\",\"name\":\"linkoping\",\"image\":{\"@type\":\"ImageObject\",\"inLanguage\":\"sv-SE\",\"@id\":\"https:\\\/\\\/secure.gravatar.com\\\/avatar\\\/016e7965fec0e08fdd07b021a7d25181278d4b29b1d5bab57b16017e35421895?s=96&r=g\",\"url\":\"https:\\\/\\\/secure.gravatar.com\\\/avatar\\\/016e7965fec0e08fdd07b021a7d25181278d4b29b1d5bab57b16017e35421895?s=96&r=g\",\"contentUrl\":\"https:\\\/\\\/secure.gravatar.com\\\/avatar\\\/016e7965fec0e08fdd07b021a7d25181278d4b29b1d5bab57b16017e35421895?s=96&r=g\",\"caption\":\"linkoping\"},\"sameAs\":[\"https:\\\/\\\/www.facebook.com\\\/kdlinkoping\\\/\"],\"url\":\"https:\\\/\\\/wp.kristdemokraterna.se\\\/linkoping\\\/author\\\/linkoping\\\/\"}]}<\/script>\n<!-- \/ Yoast SEO plugin. -->","yoast_head_json":{"title":"Debatt: Allaktivitetshuset beh\u00f6vs - Kristdemokraterna i Link\u00f6ping","robots":{"index":"index","follow":"follow","max-snippet":"max-snippet:-1","max-image-preview":"max-image-preview:large","max-video-preview":"max-video-preview:-1"},"canonical":"https:\/\/wp.kristdemokraterna.se\/linkoping\/allaktivitetshuset-behovs\/","og_locale":"sv_SE","og_type":"article","og_title":"Debatt: Allaktivitetshuset beh\u00f6vs - Kristdemokraterna i Link\u00f6ping","og_description":"http:\/\/www.corren.se\/asikter\/debatt\/allaktivitetshuset-behovs-8008701.aspx Varf\u00f6r h\u00e4nder inget med det nedbrunna Allaktivitetshuset i Sk\u00e4ggetorp undrar\u00a0Catharina Rosencrantz (M) Mikael Larsson (C) Liselotte Fager (KD). Vi tillsammans med alla ungdomar i Sk\u00e4ggetorp undrar vad som ska h\u00e4nda med Allaktivitetshuset i Sk\u00e4ggetorp. Det har snart g\u00e5tt ett \u00e5r sedan huset brann ner och ingen verkar veta vad som h\u00e4nder. Det b\u00f6rjar bli Read More","og_url":"https:\/\/wp.kristdemokraterna.se\/linkoping\/allaktivitetshuset-behovs\/","og_site_name":"Kristdemokraterna i Link\u00f6ping","article_author":"https:\/\/www.facebook.com\/kdlinkoping\/","article_published_time":"2015-05-05T16:28:54+00:00","article_modified_time":"2021-08-13T09:49:10+00:00","og_image":[{"url":"http:\/\/wp.kristdemokraterna.se\/linkoping\/files\/2015\/05\/safe_image.jpg","type":"","width":"","height":""}],"author":"linkoping","twitter_card":"summary_large_image","twitter_misc":{"Skriven av":"linkoping","Ber\u00e4knad l\u00e4stid":"2 minuter"},"schema":{"@context":"https:\/\/schema.org","@graph":[{"@type":"Article","@id":"https:\/\/wp.kristdemokraterna.se\/linkoping\/allaktivitetshuset-behovs\/#article","isPartOf":{"@id":"https:\/\/wp.kristdemokraterna.se\/linkoping\/allaktivitetshuset-behovs\/"},"author":{"name":"linkoping","@id":"https:\/\/wp.kristdemokraterna.se\/linkoping\/#\/schema\/person\/b0148c3c8863db76d330faa282b9521a"},"headline":"Debatt: Allaktivitetshuset beh\u00f6vs","datePublished":"2015-05-05T16:28:54+00:00","dateModified":"2021-08-13T09:49:10+00:00","mainEntityOfPage":{"@id":"https:\/\/wp.kristdemokraterna.se\/linkoping\/allaktivitetshuset-behovs\/"},"wordCount":426,"image":{"@id":"https:\/\/wp.kristdemokraterna.se\/linkoping\/allaktivitetshuset-behovs\/#primaryimage"},"thumbnailUrl":"http:\/\/wp.kristdemokraterna.se\/linkoping\/files\/2015\/05\/safe_image.jpg","articleSection":["arkiv","okategoriserade"],"inLanguage":"sv-SE"},{"@type":"WebPage","@id":"https:\/\/wp.kristdemokraterna.se\/linkoping\/allaktivitetshuset-behovs\/","url":"https:\/\/wp.kristdemokraterna.se\/linkoping\/allaktivitetshuset-behovs\/","name":"Debatt: Allaktivitetshuset beh\u00f6vs - Kristdemokraterna i Link\u00f6ping","isPartOf":{"@id":"https:\/\/wp.kristdemokraterna.se\/linkoping\/#website"},"primaryImageOfPage":{"@id":"https:\/\/wp.kristdemokraterna.se\/linkoping\/allaktivitetshuset-behovs\/#primaryimage"},"image":{"@id":"https:\/\/wp.kristdemokraterna.se\/linkoping\/allaktivitetshuset-behovs\/#primaryimage"},"thumbnailUrl":"http:\/\/wp.kristdemokraterna.se\/linkoping\/files\/2015\/05\/safe_image.jpg","datePublished":"2015-05-05T16:28:54+00:00","dateModified":"2021-08-13T09:49:10+00:00","author":{"@id":"https:\/\/wp.kristdemokraterna.se\/linkoping\/#\/schema\/person\/b0148c3c8863db76d330faa282b9521a"},"breadcrumb":{"@id":"https:\/\/wp.kristdemokraterna.se\/linkoping\/allaktivitetshuset-behovs\/#breadcrumb"},"inLanguage":"sv-SE","potentialAction":[{"@type":"ReadAction","target":["https:\/\/wp.kristdemokraterna.se\/linkoping\/allaktivitetshuset-behovs\/"]}]},{"@type":"ImageObject","inLanguage":"sv-SE","@id":"https:\/\/wp.kristdemokraterna.se\/linkoping\/allaktivitetshuset-behovs\/#primaryimage","url":"https:\/\/wp.kristdemokraterna.se\/linkoping\/files\/2015\/05\/safe_image.jpg","contentUrl":"https:\/\/wp.kristdemokraterna.se\/linkoping\/files\/2015\/05\/safe_image.jpg","width":470,"height":245},{"@type":"BreadcrumbList","@id":"https:\/\/wp.kristdemokraterna.se\/linkoping\/allaktivitetshuset-behovs\/#breadcrumb","itemListElement":[{"@type":"ListItem","position":1,"name":"Hem","item":"https:\/\/wp.kristdemokraterna.se\/linkoping\/"},{"@type":"ListItem","position":2,"name":"Debatt: Allaktivitetshuset beh\u00f6vs"}]},{"@type":"WebSite","@id":"https:\/\/wp.kristdemokraterna.se\/linkoping\/#website","url":"https:\/\/wp.kristdemokraterna.se\/linkoping\/","name":"Kristdemokraterna i Link\u00f6ping","description":"","inLanguage":"sv-SE"},{"@type":"Person","@id":"https:\/\/wp.kristdemokraterna.se\/linkoping\/#\/schema\/person\/b0148c3c8863db76d330faa282b9521a","name":"linkoping","image":{"@type":"ImageObject","inLanguage":"sv-SE","@id":"https:\/\/secure.gravatar.com\/avatar\/016e7965fec0e08fdd07b021a7d25181278d4b29b1d5bab57b16017e35421895?s=96&r=g","url":"https:\/\/secure.gravatar.com\/avatar\/016e7965fec0e08fdd07b021a7d25181278d4b29b1d5bab57b16017e35421895?s=96&r=g","contentUrl":"https:\/\/secure.gravatar.com\/avatar\/016e7965fec0e08fdd07b021a7d25181278d4b29b1d5bab57b16017e35421895?s=96&r=g","caption":"linkoping"},"sameAs":["https:\/\/www.facebook.com\/kdlinkoping\/"],"url":"https:\/\/wp.kristdemokraterna.se\/linkoping\/author\/linkoping\/"}]}},"_links":{"self":[{"href":"https:\/\/wp.kristdemokraterna.se\/linkoping\/wp-json\/wp\/v2\/posts\/386","targetHints":{"allow":["GET"]}}],"collection":[{"href":"https:\/\/wp.kristdemokraterna.se\/linkoping\/wp-json\/wp\/v2\/posts"}],"about":[{"href":"https:\/\/wp.kristdemokraterna.se\/linkoping\/wp-json\/wp\/v2\/types\/post"}],"author":[{"embeddable":true,"href":"https:\/\/wp.kristdemokraterna.se\/linkoping\/wp-json\/wp\/v2\/users\/410"}],"replies":[{"embeddable":true,"href":"https:\/\/wp.kristdemokraterna.se\/linkoping\/wp-json\/wp\/v2\/comments?post=386"}],"version-history":[{"count":4,"href":"https:\/\/wp.kristdemokraterna.se\/linkoping\/wp-json\/wp\/v2\/posts\/386\/revisions"}],"predecessor-version":[{"id":1900,"href":"https:\/\/wp.kristdemokraterna.se\/linkoping\/wp-json\/wp\/v2\/posts\/386\/revisions\/1900"}],"wp:attachment":[{"href":"https:\/\/wp.kristdemokraterna.se\/linkoping\/wp-json\/wp\/v2\/media?parent=386"}],"wp:term":[{"taxonomy":"category","embeddable":true,"href":"https:\/\/wp.kristdemokraterna.se\/linkoping\/wp-json\/wp\/v2\/categories?post=386"},{"taxonomy":"post_tag","embeddable":true,"href":"https:\/\/wp.kristdemokraterna.se\/linkoping\/wp-json\/wp\/v2\/tags?post=386"}],"curies":[{"name":"wp","href":"https:\/\/api.w.org\/{rel}","templated":true}]}}