{"id":402,"date":"2015-06-06T10:03:37","date_gmt":"2015-06-06T08:03:37","guid":{"rendered":"http:\/\/wp.kristdemokraterna.se\/linkoping\/?p=402"},"modified":"2021-08-13T11:49:10","modified_gmt":"2021-08-13T09:49:10","slug":"pressmeddelande-battre-skolresultat-med-fysisk-aktivitet","status":"publish","type":"post","link":"https:\/\/wp.kristdemokraterna.se\/linkoping\/pressmeddelande-battre-skolresultat-med-fysisk-aktivitet\/","title":{"rendered":"Pressmeddelande: B\u00e4ttre skolresultat med fysisk aktivitet"},"content":{"rendered":"<p><a href=\"https:\/\/wp.kristdemokraterna.se\/linkoping\/files\/2015\/06\/motion-150604.pdf\" target=\"_blank\" rel=\"noopener\">L\u00e4s motionen som PDF h\u00e4r.<\/a><\/p>\n<p>Elever som motionerar m\u00e5r inte bara b\u00e4ttre, de l\u00e4r sig mer ocks\u00e5. Daglig fysisk aktivitet i skolan ger en rad positiva effekter som f\u00f6rb\u00e4ttrad koncentrationsf\u00f6rm\u00e5ga, f\u00f6rb\u00e4ttrad f\u00f6rm\u00e5ga att l\u00f6sa problem och som en f\u00f6ljd \u00e4ven b\u00e4ttre betyg. Catharina Rosencrantz (M), Lars Vikinge (C) och Liselotte Fager (KD) l\u00e4mnar idag in en motion till kommunfullm\u00e4ktige d\u00e4r de vill att det ska finnas fysisk r\u00f6relse p\u00e5 schemat varje skoldag.<br \/>\n<!--more--><br \/>\nI USA och runt om i Sverige, bland annat i Valdemarsvik, har det genomf\u00f6rts olika projekt d\u00e4r skolor har fokuserat p\u00e5 mer fysisk aktivitet f\u00f6r eleverna. Man har d\u00e5 kunnat se en tydlig f\u00f6rb\u00e4ttring i elevernas l\u00e4sf\u00f6rst\u00e5else, koncentrationsf\u00f6rm\u00e5ga och tydliga framsteg i de teoretiska \u00e4mnena.<\/p>\n<p>\u2013 Vi vill med v\u00e5r motion att eleverna i Link\u00f6ping ska erbjudas goda f\u00f6ruts\u00e4ttningar till f\u00f6rb\u00e4ttrade och j\u00e4mlika skolresultat och b\u00e4ttre h\u00e4lsa och d\u00e5 \u00e4r daglig fysisk aktivitet en del s\u00e4ger Catharina Rosencrantz (M), vice ordf\u00f6rande i barn- och ungdomsn\u00e4mnden.<\/p>\n<p>\u2013 P\u00e5 de skolor, b\u00e5de i grundskola och p\u00e5 gymnasieniv\u00e5, d\u00e4r man arbetar p\u00e5 detta s\u00e4tt har man ocks\u00e5 kunnat se att mobbning och br\u00e5k minskat betydligt vilket skapar en tryggare skolmilj\u00f6 f\u00f6r alla, s\u00e4ger Liselotte Fager (KD), ledamot i barn- och ungdomsn\u00e4mnden.<\/p>\n<p>\u2013 I vuxen \u00e5lder \u00e4r det sv\u00e5rt att \u00e4ndra levnadsvanor. Har man d\u00e4remot redan som barn vant sig vid daglig fysisk aktivitet \u00e4r chansen avsev\u00e4rt st\u00f6rre att man forts\u00e4tter med det som vuxen. H\u00e4r spelar skolan en viktig roll f\u00f6r att kompensera de barn och ungdomar som inte har egna f\u00f6rebilder, avslutar Lars Vikinge (C), vice ordf\u00f6rande i kultur- och fritidsn\u00e4mnden.<\/p>\n<p>F\u00f6r mer information eller fr\u00e5gor kontakta g\u00e4rna:<br \/>\nCatharina Rosencrantz (M)<br \/>\n0706 19 71 82<\/p>\n<p>Liselotte Fager (KD)<br \/>\n0760 48 14 90<\/p>\n<p>Lars Vikinge (C)<br \/>\n0705 54 3125<\/p>\n","protected":false},"excerpt":{"rendered":"<p>L\u00e4s motionen som PDF h\u00e4r. Elever som motionerar m\u00e5r inte bara b\u00e4ttre, de l\u00e4r sig mer ocks\u00e5. Daglig fysisk aktivitet i skolan ger en rad positiva effekter som f\u00f6rb\u00e4ttrad koncentrationsf\u00f6rm\u00e5ga, f\u00f6rb\u00e4ttrad f\u00f6rm\u00e5ga att l\u00f6sa problem och som en f\u00f6ljd \u00e4ven b\u00e4ttre betyg. Catharina Rosencrantz (M), Lars Vikinge (C) och Liselotte Fager (KD) l\u00e4mnar idag in <a class=\"read-more-link\" href=\"https:\/\/wp.kristdemokraterna.se\/linkoping\/pressmeddelande-battre-skolresultat-med-fysisk-aktivitet\/\">Read More<\/a><\/p>\n","protected":false},"author":410,"featured_media":0,"comment_status":"closed","ping_status":"closed","sticky":false,"template":"","format":"standard","meta":{"_acf_changed":false,"footnotes":""},"categories":[22,1],"tags":[],"class_list":["post-402","post","type-post","status-publish","format-standard","hentry","category-arkiv","category-okategoriserade"],"acf":[],"yoast_head":"<!-- This site is optimized with the Yoast SEO plugin v27.4 - https:\/\/yoast.com\/product\/yoast-seo-wordpress\/ -->\n<title>Pressmeddelande: B\u00e4ttre skolresultat med fysisk aktivitet - Kristdemokraterna i Link\u00f6ping<\/title>\n<meta name=\"robots\" content=\"index, follow, max-snippet:-1, max-image-preview:large, max-video-preview:-1\" \/>\n<link rel=\"canonical\" href=\"https:\/\/wp.kristdemokraterna.se\/linkoping\/pressmeddelande-battre-skolresultat-med-fysisk-aktivitet\/\" \/>\n<meta property=\"og:locale\" content=\"sv_SE\" \/>\n<meta property=\"og:type\" content=\"article\" \/>\n<meta property=\"og:title\" content=\"Pressmeddelande: B\u00e4ttre skolresultat med fysisk aktivitet - Kristdemokraterna i Link\u00f6ping\" \/>\n<meta property=\"og:description\" content=\"L\u00e4s motionen som PDF h\u00e4r. Elever som motionerar m\u00e5r inte bara b\u00e4ttre, de l\u00e4r sig mer ocks\u00e5. Daglig fysisk aktivitet i skolan ger en rad positiva effekter som f\u00f6rb\u00e4ttrad koncentrationsf\u00f6rm\u00e5ga, f\u00f6rb\u00e4ttrad f\u00f6rm\u00e5ga att l\u00f6sa problem och som en f\u00f6ljd \u00e4ven b\u00e4ttre betyg. Catharina Rosencrantz (M), Lars Vikinge (C) och Liselotte Fager (KD) l\u00e4mnar idag in Read More\" \/>\n<meta property=\"og:url\" content=\"https:\/\/wp.kristdemokraterna.se\/linkoping\/pressmeddelande-battre-skolresultat-med-fysisk-aktivitet\/\" \/>\n<meta property=\"og:site_name\" content=\"Kristdemokraterna i Link\u00f6ping\" \/>\n<meta property=\"article:author\" content=\"https:\/\/www.facebook.com\/kdlinkoping\/\" \/>\n<meta property=\"article:published_time\" content=\"2015-06-06T08:03:37+00:00\" \/>\n<meta property=\"article:modified_time\" content=\"2021-08-13T09:49:10+00:00\" \/>\n<meta name=\"author\" content=\"linkoping\" \/>\n<meta name=\"twitter:card\" content=\"summary_large_image\" \/>\n<meta name=\"twitter:label1\" content=\"Skriven av\" \/>\n\t<meta name=\"twitter:data1\" content=\"linkoping\" \/>\n\t<meta name=\"twitter:label2\" content=\"Ber\u00e4knad l\u00e4stid\" \/>\n\t<meta name=\"twitter:data2\" content=\"2 minuter\" \/>\n<script type=\"application\/ld+json\" class=\"yoast-schema-graph\">{\"@context\":\"https:\\\/\\\/schema.org\",\"@graph\":[{\"@type\":\"Article\",\"@id\":\"https:\\\/\\\/wp.kristdemokraterna.se\\\/linkoping\\\/pressmeddelande-battre-skolresultat-med-fysisk-aktivitet\\\/#article\",\"isPartOf\":{\"@id\":\"https:\\\/\\\/wp.kristdemokraterna.se\\\/linkoping\\\/pressmeddelande-battre-skolresultat-med-fysisk-aktivitet\\\/\"},\"author\":{\"name\":\"linkoping\",\"@id\":\"https:\\\/\\\/wp.kristdemokraterna.se\\\/linkoping\\\/#\\\/schema\\\/person\\\/b0148c3c8863db76d330faa282b9521a\"},\"headline\":\"Pressmeddelande: B\u00e4ttre skolresultat med fysisk aktivitet\",\"datePublished\":\"2015-06-06T08:03:37+00:00\",\"dateModified\":\"2021-08-13T09:49:10+00:00\",\"mainEntityOfPage\":{\"@id\":\"https:\\\/\\\/wp.kristdemokraterna.se\\\/linkoping\\\/pressmeddelande-battre-skolresultat-med-fysisk-aktivitet\\\/\"},\"wordCount\":343,\"articleSection\":[\"arkiv\",\"okategoriserade\"],\"inLanguage\":\"sv-SE\"},{\"@type\":\"WebPage\",\"@id\":\"https:\\\/\\\/wp.kristdemokraterna.se\\\/linkoping\\\/pressmeddelande-battre-skolresultat-med-fysisk-aktivitet\\\/\",\"url\":\"https:\\\/\\\/wp.kristdemokraterna.se\\\/linkoping\\\/pressmeddelande-battre-skolresultat-med-fysisk-aktivitet\\\/\",\"name\":\"Pressmeddelande: B\u00e4ttre skolresultat med fysisk aktivitet - Kristdemokraterna i Link\u00f6ping\",\"isPartOf\":{\"@id\":\"https:\\\/\\\/wp.kristdemokraterna.se\\\/linkoping\\\/#website\"},\"datePublished\":\"2015-06-06T08:03:37+00:00\",\"dateModified\":\"2021-08-13T09:49:10+00:00\",\"author\":{\"@id\":\"https:\\\/\\\/wp.kristdemokraterna.se\\\/linkoping\\\/#\\\/schema\\\/person\\\/b0148c3c8863db76d330faa282b9521a\"},\"breadcrumb\":{\"@id\":\"https:\\\/\\\/wp.kristdemokraterna.se\\\/linkoping\\\/pressmeddelande-battre-skolresultat-med-fysisk-aktivitet\\\/#breadcrumb\"},\"inLanguage\":\"sv-SE\",\"potentialAction\":[{\"@type\":\"ReadAction\",\"target\":[\"https:\\\/\\\/wp.kristdemokraterna.se\\\/linkoping\\\/pressmeddelande-battre-skolresultat-med-fysisk-aktivitet\\\/\"]}]},{\"@type\":\"BreadcrumbList\",\"@id\":\"https:\\\/\\\/wp.kristdemokraterna.se\\\/linkoping\\\/pressmeddelande-battre-skolresultat-med-fysisk-aktivitet\\\/#breadcrumb\",\"itemListElement\":[{\"@type\":\"ListItem\",\"position\":1,\"name\":\"Hem\",\"item\":\"https:\\\/\\\/wp.kristdemokraterna.se\\\/linkoping\\\/\"},{\"@type\":\"ListItem\",\"position\":2,\"name\":\"Pressmeddelande: B\u00e4ttre skolresultat med fysisk aktivitet\"}]},{\"@type\":\"WebSite\",\"@id\":\"https:\\\/\\\/wp.kristdemokraterna.se\\\/linkoping\\\/#website\",\"url\":\"https:\\\/\\\/wp.kristdemokraterna.se\\\/linkoping\\\/\",\"name\":\"Kristdemokraterna i Link\u00f6ping\",\"description\":\"\",\"inLanguage\":\"sv-SE\"},{\"@type\":\"Person\",\"@id\":\"https:\\\/\\\/wp.kristdemokraterna.se\\\/linkoping\\\/#\\\/schema\\\/person\\\/b0148c3c8863db76d330faa282b9521a\",\"name\":\"linkoping\",\"image\":{\"@type\":\"ImageObject\",\"inLanguage\":\"sv-SE\",\"@id\":\"https:\\\/\\\/secure.gravatar.com\\\/avatar\\\/016e7965fec0e08fdd07b021a7d25181278d4b29b1d5bab57b16017e35421895?s=96&r=g\",\"url\":\"https:\\\/\\\/secure.gravatar.com\\\/avatar\\\/016e7965fec0e08fdd07b021a7d25181278d4b29b1d5bab57b16017e35421895?s=96&r=g\",\"contentUrl\":\"https:\\\/\\\/secure.gravatar.com\\\/avatar\\\/016e7965fec0e08fdd07b021a7d25181278d4b29b1d5bab57b16017e35421895?s=96&r=g\",\"caption\":\"linkoping\"},\"sameAs\":[\"https:\\\/\\\/www.facebook.com\\\/kdlinkoping\\\/\"],\"url\":\"https:\\\/\\\/wp.kristdemokraterna.se\\\/linkoping\\\/author\\\/linkoping\\\/\"}]}<\/script>\n<!-- \/ Yoast SEO plugin. -->","yoast_head_json":{"title":"Pressmeddelande: B\u00e4ttre skolresultat med fysisk aktivitet - Kristdemokraterna i Link\u00f6ping","robots":{"index":"index","follow":"follow","max-snippet":"max-snippet:-1","max-image-preview":"max-image-preview:large","max-video-preview":"max-video-preview:-1"},"canonical":"https:\/\/wp.kristdemokraterna.se\/linkoping\/pressmeddelande-battre-skolresultat-med-fysisk-aktivitet\/","og_locale":"sv_SE","og_type":"article","og_title":"Pressmeddelande: B\u00e4ttre skolresultat med fysisk aktivitet - Kristdemokraterna i Link\u00f6ping","og_description":"L\u00e4s motionen som PDF h\u00e4r. Elever som motionerar m\u00e5r inte bara b\u00e4ttre, de l\u00e4r sig mer ocks\u00e5. Daglig fysisk aktivitet i skolan ger en rad positiva effekter som f\u00f6rb\u00e4ttrad koncentrationsf\u00f6rm\u00e5ga, f\u00f6rb\u00e4ttrad f\u00f6rm\u00e5ga att l\u00f6sa problem och som en f\u00f6ljd \u00e4ven b\u00e4ttre betyg. Catharina Rosencrantz (M), Lars Vikinge (C) och Liselotte Fager (KD) l\u00e4mnar idag in Read More","og_url":"https:\/\/wp.kristdemokraterna.se\/linkoping\/pressmeddelande-battre-skolresultat-med-fysisk-aktivitet\/","og_site_name":"Kristdemokraterna i Link\u00f6ping","article_author":"https:\/\/www.facebook.com\/kdlinkoping\/","article_published_time":"2015-06-06T08:03:37+00:00","article_modified_time":"2021-08-13T09:49:10+00:00","author":"linkoping","twitter_card":"summary_large_image","twitter_misc":{"Skriven av":"linkoping","Ber\u00e4knad l\u00e4stid":"2 minuter"},"schema":{"@context":"https:\/\/schema.org","@graph":[{"@type":"Article","@id":"https:\/\/wp.kristdemokraterna.se\/linkoping\/pressmeddelande-battre-skolresultat-med-fysisk-aktivitet\/#article","isPartOf":{"@id":"https:\/\/wp.kristdemokraterna.se\/linkoping\/pressmeddelande-battre-skolresultat-med-fysisk-aktivitet\/"},"author":{"name":"linkoping","@id":"https:\/\/wp.kristdemokraterna.se\/linkoping\/#\/schema\/person\/b0148c3c8863db76d330faa282b9521a"},"headline":"Pressmeddelande: B\u00e4ttre skolresultat med fysisk aktivitet","datePublished":"2015-06-06T08:03:37+00:00","dateModified":"2021-08-13T09:49:10+00:00","mainEntityOfPage":{"@id":"https:\/\/wp.kristdemokraterna.se\/linkoping\/pressmeddelande-battre-skolresultat-med-fysisk-aktivitet\/"},"wordCount":343,"articleSection":["arkiv","okategoriserade"],"inLanguage":"sv-SE"},{"@type":"WebPage","@id":"https:\/\/wp.kristdemokraterna.se\/linkoping\/pressmeddelande-battre-skolresultat-med-fysisk-aktivitet\/","url":"https:\/\/wp.kristdemokraterna.se\/linkoping\/pressmeddelande-battre-skolresultat-med-fysisk-aktivitet\/","name":"Pressmeddelande: B\u00e4ttre skolresultat med fysisk aktivitet - Kristdemokraterna i Link\u00f6ping","isPartOf":{"@id":"https:\/\/wp.kristdemokraterna.se\/linkoping\/#website"},"datePublished":"2015-06-06T08:03:37+00:00","dateModified":"2021-08-13T09:49:10+00:00","author":{"@id":"https:\/\/wp.kristdemokraterna.se\/linkoping\/#\/schema\/person\/b0148c3c8863db76d330faa282b9521a"},"breadcrumb":{"@id":"https:\/\/wp.kristdemokraterna.se\/linkoping\/pressmeddelande-battre-skolresultat-med-fysisk-aktivitet\/#breadcrumb"},"inLanguage":"sv-SE","potentialAction":[{"@type":"ReadAction","target":["https:\/\/wp.kristdemokraterna.se\/linkoping\/pressmeddelande-battre-skolresultat-med-fysisk-aktivitet\/"]}]},{"@type":"BreadcrumbList","@id":"https:\/\/wp.kristdemokraterna.se\/linkoping\/pressmeddelande-battre-skolresultat-med-fysisk-aktivitet\/#breadcrumb","itemListElement":[{"@type":"ListItem","position":1,"name":"Hem","item":"https:\/\/wp.kristdemokraterna.se\/linkoping\/"},{"@type":"ListItem","position":2,"name":"Pressmeddelande: B\u00e4ttre skolresultat med fysisk aktivitet"}]},{"@type":"WebSite","@id":"https:\/\/wp.kristdemokraterna.se\/linkoping\/#website","url":"https:\/\/wp.kristdemokraterna.se\/linkoping\/","name":"Kristdemokraterna i Link\u00f6ping","description":"","inLanguage":"sv-SE"},{"@type":"Person","@id":"https:\/\/wp.kristdemokraterna.se\/linkoping\/#\/schema\/person\/b0148c3c8863db76d330faa282b9521a","name":"linkoping","image":{"@type":"ImageObject","inLanguage":"sv-SE","@id":"https:\/\/secure.gravatar.com\/avatar\/016e7965fec0e08fdd07b021a7d25181278d4b29b1d5bab57b16017e35421895?s=96&r=g","url":"https:\/\/secure.gravatar.com\/avatar\/016e7965fec0e08fdd07b021a7d25181278d4b29b1d5bab57b16017e35421895?s=96&r=g","contentUrl":"https:\/\/secure.gravatar.com\/avatar\/016e7965fec0e08fdd07b021a7d25181278d4b29b1d5bab57b16017e35421895?s=96&r=g","caption":"linkoping"},"sameAs":["https:\/\/www.facebook.com\/kdlinkoping\/"],"url":"https:\/\/wp.kristdemokraterna.se\/linkoping\/author\/linkoping\/"}]}},"_links":{"self":[{"href":"https:\/\/wp.kristdemokraterna.se\/linkoping\/wp-json\/wp\/v2\/posts\/402","targetHints":{"allow":["GET"]}}],"collection":[{"href":"https:\/\/wp.kristdemokraterna.se\/linkoping\/wp-json\/wp\/v2\/posts"}],"about":[{"href":"https:\/\/wp.kristdemokraterna.se\/linkoping\/wp-json\/wp\/v2\/types\/post"}],"author":[{"embeddable":true,"href":"https:\/\/wp.kristdemokraterna.se\/linkoping\/wp-json\/wp\/v2\/users\/410"}],"replies":[{"embeddable":true,"href":"https:\/\/wp.kristdemokraterna.se\/linkoping\/wp-json\/wp\/v2\/comments?post=402"}],"version-history":[{"count":2,"href":"https:\/\/wp.kristdemokraterna.se\/linkoping\/wp-json\/wp\/v2\/posts\/402\/revisions"}],"predecessor-version":[{"id":1897,"href":"https:\/\/wp.kristdemokraterna.se\/linkoping\/wp-json\/wp\/v2\/posts\/402\/revisions\/1897"}],"wp:attachment":[{"href":"https:\/\/wp.kristdemokraterna.se\/linkoping\/wp-json\/wp\/v2\/media?parent=402"}],"wp:term":[{"taxonomy":"category","embeddable":true,"href":"https:\/\/wp.kristdemokraterna.se\/linkoping\/wp-json\/wp\/v2\/categories?post=402"},{"taxonomy":"post_tag","embeddable":true,"href":"https:\/\/wp.kristdemokraterna.se\/linkoping\/wp-json\/wp\/v2\/tags?post=402"}],"curies":[{"name":"wp","href":"https:\/\/api.w.org\/{rel}","templated":true}]}}