{"id":413,"date":"2015-09-02T20:53:24","date_gmt":"2015-09-02T18:53:24","guid":{"rendered":"http:\/\/wp.kristdemokraterna.se\/linkoping\/?p=413"},"modified":"2021-08-13T11:49:10","modified_gmt":"2021-08-13T09:49:10","slug":"ideologidag-12-september","status":"publish","type":"post","link":"https:\/\/wp.kristdemokraterna.se\/linkoping\/ideologidag-12-september\/","title":{"rendered":"Ideologidag 12 september"},"content":{"rendered":"<p><em><img loading=\"lazy\" decoding=\"async\" class=\"alignright size-full wp-image-412\" src=\"https:\/\/wp.kristdemokraterna.se\/linkoping\/files\/2015\/09\/ideologidag.jpg\" alt=\"ideologidag\" width=\"826\" height=\"752\" srcset=\"https:\/\/wp.kristdemokraterna.se\/linkoping\/files\/2015\/09\/ideologidag.jpg 826w, https:\/\/wp.kristdemokraterna.se\/linkoping\/files\/2015\/09\/ideologidag-300x273.jpg 300w, https:\/\/wp.kristdemokraterna.se\/linkoping\/files\/2015\/09\/ideologidag-540x492.jpg 540w, https:\/\/wp.kristdemokraterna.se\/linkoping\/files\/2015\/09\/ideologidag-380x346.jpg 380w, https:\/\/wp.kristdemokraterna.se\/linkoping\/files\/2015\/09\/ideologidag-123x112.jpg 123w\" sizes=\"auto, (max-width: 826px) 100vw, 826px\" \/><br \/>\nKristdemokraterna i \u00d6sterg\u00f6tland bjuder i samverkan med\u00a0<\/em> <em>Studieorganisationen Framtidsbildarna och Sensus Studief\u00f6rbund in till:<\/em><\/p>\n<p><strong>IDEOLOGIDAG<\/strong><\/p>\n<p>\u00c5rets tema \u00e4r: Hur st\u00f6djer vi oss p\u00e5 Kristdemokratisk ideologi n\u00e4r<br \/>\nvi tar kommunala beslut som r\u00f6r EU-migranter?<\/p>\n<p>L\u00f6rdag 12 september kl 09.30-11.30 p\u00e5 Kristdemokraternas distriktskansli.<br \/>\nGr\u00e4nden Duvan 2, Link\u00f6ping.<\/p>\n<p>Magnus Engstr\u00f6m, ordf\u00f6rande f\u00f6r Kristdemokraterna i Link\u00f6ping, inleder samtalet.<\/p>\n<p>Fika serveras.<\/p>\n<p><strong>Anm\u00e4lan:<\/strong> Senast torsdag 10 september till fredrik.topplund@kristdemokraterna.se<\/p>\n<p><strong>Deltagaravgift<\/strong>: 30kr kontant alt. fakturering till lokalavdelning efter \u00f6verenskommelse.<\/p>\n","protected":false},"excerpt":{"rendered":"<p>Kristdemokraterna i \u00d6sterg\u00f6tland bjuder i samverkan med\u00a0 Studieorganisationen Framtidsbildarna och Sensus Studief\u00f6rbund in till: IDEOLOGIDAG \u00c5rets tema \u00e4r: Hur st\u00f6djer vi oss p\u00e5 Kristdemokratisk ideologi n\u00e4r vi tar kommunala beslut som r\u00f6r EU-migranter? L\u00f6rdag 12 september kl 09.30-11.30 p\u00e5 Kristdemokraternas distriktskansli. Gr\u00e4nden Duvan 2, Link\u00f6ping. Magnus Engstr\u00f6m, ordf\u00f6rande f\u00f6r Kristdemokraterna i Link\u00f6ping, inleder samtalet. Fika <a class=\"read-more-link\" href=\"https:\/\/wp.kristdemokraterna.se\/linkoping\/ideologidag-12-september\/\">Read More<\/a><\/p>\n","protected":false},"author":410,"featured_media":0,"comment_status":"closed","ping_status":"closed","sticky":false,"template":"","format":"standard","meta":{"_acf_changed":false,"footnotes":""},"categories":[22,1],"tags":[],"class_list":["post-413","post","type-post","status-publish","format-standard","hentry","category-arkiv","category-okategoriserade"],"acf":[],"yoast_head":"<!-- This site is optimized with the Yoast SEO plugin v27.4 - https:\/\/yoast.com\/product\/yoast-seo-wordpress\/ -->\n<title>Ideologidag 12 september - Kristdemokraterna i Link\u00f6ping<\/title>\n<meta name=\"robots\" content=\"index, follow, max-snippet:-1, max-image-preview:large, max-video-preview:-1\" \/>\n<link rel=\"canonical\" href=\"https:\/\/wp.kristdemokraterna.se\/linkoping\/ideologidag-12-september\/\" \/>\n<meta property=\"og:locale\" content=\"sv_SE\" \/>\n<meta property=\"og:type\" content=\"article\" \/>\n<meta property=\"og:title\" content=\"Ideologidag 12 september - Kristdemokraterna i Link\u00f6ping\" \/>\n<meta property=\"og:description\" content=\"Kristdemokraterna i \u00d6sterg\u00f6tland bjuder i samverkan med\u00a0 Studieorganisationen Framtidsbildarna och Sensus Studief\u00f6rbund in till: IDEOLOGIDAG \u00c5rets tema \u00e4r: Hur st\u00f6djer vi oss p\u00e5 Kristdemokratisk ideologi n\u00e4r vi tar kommunala beslut som r\u00f6r EU-migranter? L\u00f6rdag 12 september kl 09.30-11.30 p\u00e5 Kristdemokraternas distriktskansli. Gr\u00e4nden Duvan 2, Link\u00f6ping. Magnus Engstr\u00f6m, ordf\u00f6rande f\u00f6r Kristdemokraterna i Link\u00f6ping, inleder samtalet. Fika Read More\" \/>\n<meta property=\"og:url\" content=\"https:\/\/wp.kristdemokraterna.se\/linkoping\/ideologidag-12-september\/\" \/>\n<meta property=\"og:site_name\" content=\"Kristdemokraterna i Link\u00f6ping\" \/>\n<meta property=\"article:author\" content=\"https:\/\/www.facebook.com\/kdlinkoping\/\" \/>\n<meta property=\"article:published_time\" content=\"2015-09-02T18:53:24+00:00\" \/>\n<meta property=\"article:modified_time\" content=\"2021-08-13T09:49:10+00:00\" \/>\n<meta property=\"og:image\" content=\"http:\/\/wp.kristdemokraterna.se\/linkoping\/files\/2015\/09\/ideologidag.jpg\" \/>\n<meta name=\"author\" content=\"linkoping\" \/>\n<meta name=\"twitter:card\" content=\"summary_large_image\" \/>\n<meta name=\"twitter:label1\" content=\"Skriven av\" \/>\n\t<meta name=\"twitter:data1\" content=\"linkoping\" \/>\n<script type=\"application\/ld+json\" class=\"yoast-schema-graph\">{\"@context\":\"https:\\\/\\\/schema.org\",\"@graph\":[{\"@type\":\"Article\",\"@id\":\"https:\\\/\\\/wp.kristdemokraterna.se\\\/linkoping\\\/ideologidag-12-september\\\/#article\",\"isPartOf\":{\"@id\":\"https:\\\/\\\/wp.kristdemokraterna.se\\\/linkoping\\\/ideologidag-12-september\\\/\"},\"author\":{\"name\":\"linkoping\",\"@id\":\"https:\\\/\\\/wp.kristdemokraterna.se\\\/linkoping\\\/#\\\/schema\\\/person\\\/b0148c3c8863db76d330faa282b9521a\"},\"headline\":\"Ideologidag 12 september\",\"datePublished\":\"2015-09-02T18:53:24+00:00\",\"dateModified\":\"2021-08-13T09:49:10+00:00\",\"mainEntityOfPage\":{\"@id\":\"https:\\\/\\\/wp.kristdemokraterna.se\\\/linkoping\\\/ideologidag-12-september\\\/\"},\"wordCount\":87,\"image\":{\"@id\":\"https:\\\/\\\/wp.kristdemokraterna.se\\\/linkoping\\\/ideologidag-12-september\\\/#primaryimage\"},\"thumbnailUrl\":\"http:\\\/\\\/wp.kristdemokraterna.se\\\/linkoping\\\/files\\\/2015\\\/09\\\/ideologidag.jpg\",\"articleSection\":[\"arkiv\",\"okategoriserade\"],\"inLanguage\":\"sv-SE\"},{\"@type\":\"WebPage\",\"@id\":\"https:\\\/\\\/wp.kristdemokraterna.se\\\/linkoping\\\/ideologidag-12-september\\\/\",\"url\":\"https:\\\/\\\/wp.kristdemokraterna.se\\\/linkoping\\\/ideologidag-12-september\\\/\",\"name\":\"Ideologidag 12 september - Kristdemokraterna i Link\u00f6ping\",\"isPartOf\":{\"@id\":\"https:\\\/\\\/wp.kristdemokraterna.se\\\/linkoping\\\/#website\"},\"primaryImageOfPage\":{\"@id\":\"https:\\\/\\\/wp.kristdemokraterna.se\\\/linkoping\\\/ideologidag-12-september\\\/#primaryimage\"},\"image\":{\"@id\":\"https:\\\/\\\/wp.kristdemokraterna.se\\\/linkoping\\\/ideologidag-12-september\\\/#primaryimage\"},\"thumbnailUrl\":\"http:\\\/\\\/wp.kristdemokraterna.se\\\/linkoping\\\/files\\\/2015\\\/09\\\/ideologidag.jpg\",\"datePublished\":\"2015-09-02T18:53:24+00:00\",\"dateModified\":\"2021-08-13T09:49:10+00:00\",\"author\":{\"@id\":\"https:\\\/\\\/wp.kristdemokraterna.se\\\/linkoping\\\/#\\\/schema\\\/person\\\/b0148c3c8863db76d330faa282b9521a\"},\"breadcrumb\":{\"@id\":\"https:\\\/\\\/wp.kristdemokraterna.se\\\/linkoping\\\/ideologidag-12-september\\\/#breadcrumb\"},\"inLanguage\":\"sv-SE\",\"potentialAction\":[{\"@type\":\"ReadAction\",\"target\":[\"https:\\\/\\\/wp.kristdemokraterna.se\\\/linkoping\\\/ideologidag-12-september\\\/\"]}]},{\"@type\":\"ImageObject\",\"inLanguage\":\"sv-SE\",\"@id\":\"https:\\\/\\\/wp.kristdemokraterna.se\\\/linkoping\\\/ideologidag-12-september\\\/#primaryimage\",\"url\":\"https:\\\/\\\/wp.kristdemokraterna.se\\\/linkoping\\\/files\\\/2015\\\/09\\\/ideologidag.jpg\",\"contentUrl\":\"https:\\\/\\\/wp.kristdemokraterna.se\\\/linkoping\\\/files\\\/2015\\\/09\\\/ideologidag.jpg\",\"width\":826,\"height\":752},{\"@type\":\"BreadcrumbList\",\"@id\":\"https:\\\/\\\/wp.kristdemokraterna.se\\\/linkoping\\\/ideologidag-12-september\\\/#breadcrumb\",\"itemListElement\":[{\"@type\":\"ListItem\",\"position\":1,\"name\":\"Hem\",\"item\":\"https:\\\/\\\/wp.kristdemokraterna.se\\\/linkoping\\\/\"},{\"@type\":\"ListItem\",\"position\":2,\"name\":\"Ideologidag 12 september\"}]},{\"@type\":\"WebSite\",\"@id\":\"https:\\\/\\\/wp.kristdemokraterna.se\\\/linkoping\\\/#website\",\"url\":\"https:\\\/\\\/wp.kristdemokraterna.se\\\/linkoping\\\/\",\"name\":\"Kristdemokraterna i Link\u00f6ping\",\"description\":\"\",\"inLanguage\":\"sv-SE\"},{\"@type\":\"Person\",\"@id\":\"https:\\\/\\\/wp.kristdemokraterna.se\\\/linkoping\\\/#\\\/schema\\\/person\\\/b0148c3c8863db76d330faa282b9521a\",\"name\":\"linkoping\",\"image\":{\"@type\":\"ImageObject\",\"inLanguage\":\"sv-SE\",\"@id\":\"https:\\\/\\\/secure.gravatar.com\\\/avatar\\\/016e7965fec0e08fdd07b021a7d25181278d4b29b1d5bab57b16017e35421895?s=96&r=g\",\"url\":\"https:\\\/\\\/secure.gravatar.com\\\/avatar\\\/016e7965fec0e08fdd07b021a7d25181278d4b29b1d5bab57b16017e35421895?s=96&r=g\",\"contentUrl\":\"https:\\\/\\\/secure.gravatar.com\\\/avatar\\\/016e7965fec0e08fdd07b021a7d25181278d4b29b1d5bab57b16017e35421895?s=96&r=g\",\"caption\":\"linkoping\"},\"sameAs\":[\"https:\\\/\\\/www.facebook.com\\\/kdlinkoping\\\/\"],\"url\":\"https:\\\/\\\/wp.kristdemokraterna.se\\\/linkoping\\\/author\\\/linkoping\\\/\"}]}<\/script>\n<!-- \/ Yoast SEO plugin. -->","yoast_head_json":{"title":"Ideologidag 12 september - Kristdemokraterna i Link\u00f6ping","robots":{"index":"index","follow":"follow","max-snippet":"max-snippet:-1","max-image-preview":"max-image-preview:large","max-video-preview":"max-video-preview:-1"},"canonical":"https:\/\/wp.kristdemokraterna.se\/linkoping\/ideologidag-12-september\/","og_locale":"sv_SE","og_type":"article","og_title":"Ideologidag 12 september - Kristdemokraterna i Link\u00f6ping","og_description":"Kristdemokraterna i \u00d6sterg\u00f6tland bjuder i samverkan med\u00a0 Studieorganisationen Framtidsbildarna och Sensus Studief\u00f6rbund in till: IDEOLOGIDAG \u00c5rets tema \u00e4r: Hur st\u00f6djer vi oss p\u00e5 Kristdemokratisk ideologi n\u00e4r vi tar kommunala beslut som r\u00f6r EU-migranter? L\u00f6rdag 12 september kl 09.30-11.30 p\u00e5 Kristdemokraternas distriktskansli. Gr\u00e4nden Duvan 2, Link\u00f6ping. Magnus Engstr\u00f6m, ordf\u00f6rande f\u00f6r Kristdemokraterna i Link\u00f6ping, inleder samtalet. Fika Read More","og_url":"https:\/\/wp.kristdemokraterna.se\/linkoping\/ideologidag-12-september\/","og_site_name":"Kristdemokraterna i Link\u00f6ping","article_author":"https:\/\/www.facebook.com\/kdlinkoping\/","article_published_time":"2015-09-02T18:53:24+00:00","article_modified_time":"2021-08-13T09:49:10+00:00","og_image":[{"url":"http:\/\/wp.kristdemokraterna.se\/linkoping\/files\/2015\/09\/ideologidag.jpg","type":"","width":"","height":""}],"author":"linkoping","twitter_card":"summary_large_image","twitter_misc":{"Skriven av":"linkoping"},"schema":{"@context":"https:\/\/schema.org","@graph":[{"@type":"Article","@id":"https:\/\/wp.kristdemokraterna.se\/linkoping\/ideologidag-12-september\/#article","isPartOf":{"@id":"https:\/\/wp.kristdemokraterna.se\/linkoping\/ideologidag-12-september\/"},"author":{"name":"linkoping","@id":"https:\/\/wp.kristdemokraterna.se\/linkoping\/#\/schema\/person\/b0148c3c8863db76d330faa282b9521a"},"headline":"Ideologidag 12 september","datePublished":"2015-09-02T18:53:24+00:00","dateModified":"2021-08-13T09:49:10+00:00","mainEntityOfPage":{"@id":"https:\/\/wp.kristdemokraterna.se\/linkoping\/ideologidag-12-september\/"},"wordCount":87,"image":{"@id":"https:\/\/wp.kristdemokraterna.se\/linkoping\/ideologidag-12-september\/#primaryimage"},"thumbnailUrl":"http:\/\/wp.kristdemokraterna.se\/linkoping\/files\/2015\/09\/ideologidag.jpg","articleSection":["arkiv","okategoriserade"],"inLanguage":"sv-SE"},{"@type":"WebPage","@id":"https:\/\/wp.kristdemokraterna.se\/linkoping\/ideologidag-12-september\/","url":"https:\/\/wp.kristdemokraterna.se\/linkoping\/ideologidag-12-september\/","name":"Ideologidag 12 september - Kristdemokraterna i Link\u00f6ping","isPartOf":{"@id":"https:\/\/wp.kristdemokraterna.se\/linkoping\/#website"},"primaryImageOfPage":{"@id":"https:\/\/wp.kristdemokraterna.se\/linkoping\/ideologidag-12-september\/#primaryimage"},"image":{"@id":"https:\/\/wp.kristdemokraterna.se\/linkoping\/ideologidag-12-september\/#primaryimage"},"thumbnailUrl":"http:\/\/wp.kristdemokraterna.se\/linkoping\/files\/2015\/09\/ideologidag.jpg","datePublished":"2015-09-02T18:53:24+00:00","dateModified":"2021-08-13T09:49:10+00:00","author":{"@id":"https:\/\/wp.kristdemokraterna.se\/linkoping\/#\/schema\/person\/b0148c3c8863db76d330faa282b9521a"},"breadcrumb":{"@id":"https:\/\/wp.kristdemokraterna.se\/linkoping\/ideologidag-12-september\/#breadcrumb"},"inLanguage":"sv-SE","potentialAction":[{"@type":"ReadAction","target":["https:\/\/wp.kristdemokraterna.se\/linkoping\/ideologidag-12-september\/"]}]},{"@type":"ImageObject","inLanguage":"sv-SE","@id":"https:\/\/wp.kristdemokraterna.se\/linkoping\/ideologidag-12-september\/#primaryimage","url":"https:\/\/wp.kristdemokraterna.se\/linkoping\/files\/2015\/09\/ideologidag.jpg","contentUrl":"https:\/\/wp.kristdemokraterna.se\/linkoping\/files\/2015\/09\/ideologidag.jpg","width":826,"height":752},{"@type":"BreadcrumbList","@id":"https:\/\/wp.kristdemokraterna.se\/linkoping\/ideologidag-12-september\/#breadcrumb","itemListElement":[{"@type":"ListItem","position":1,"name":"Hem","item":"https:\/\/wp.kristdemokraterna.se\/linkoping\/"},{"@type":"ListItem","position":2,"name":"Ideologidag 12 september"}]},{"@type":"WebSite","@id":"https:\/\/wp.kristdemokraterna.se\/linkoping\/#website","url":"https:\/\/wp.kristdemokraterna.se\/linkoping\/","name":"Kristdemokraterna i Link\u00f6ping","description":"","inLanguage":"sv-SE"},{"@type":"Person","@id":"https:\/\/wp.kristdemokraterna.se\/linkoping\/#\/schema\/person\/b0148c3c8863db76d330faa282b9521a","name":"linkoping","image":{"@type":"ImageObject","inLanguage":"sv-SE","@id":"https:\/\/secure.gravatar.com\/avatar\/016e7965fec0e08fdd07b021a7d25181278d4b29b1d5bab57b16017e35421895?s=96&r=g","url":"https:\/\/secure.gravatar.com\/avatar\/016e7965fec0e08fdd07b021a7d25181278d4b29b1d5bab57b16017e35421895?s=96&r=g","contentUrl":"https:\/\/secure.gravatar.com\/avatar\/016e7965fec0e08fdd07b021a7d25181278d4b29b1d5bab57b16017e35421895?s=96&r=g","caption":"linkoping"},"sameAs":["https:\/\/www.facebook.com\/kdlinkoping\/"],"url":"https:\/\/wp.kristdemokraterna.se\/linkoping\/author\/linkoping\/"}]}},"_links":{"self":[{"href":"https:\/\/wp.kristdemokraterna.se\/linkoping\/wp-json\/wp\/v2\/posts\/413","targetHints":{"allow":["GET"]}}],"collection":[{"href":"https:\/\/wp.kristdemokraterna.se\/linkoping\/wp-json\/wp\/v2\/posts"}],"about":[{"href":"https:\/\/wp.kristdemokraterna.se\/linkoping\/wp-json\/wp\/v2\/types\/post"}],"author":[{"embeddable":true,"href":"https:\/\/wp.kristdemokraterna.se\/linkoping\/wp-json\/wp\/v2\/users\/410"}],"replies":[{"embeddable":true,"href":"https:\/\/wp.kristdemokraterna.se\/linkoping\/wp-json\/wp\/v2\/comments?post=413"}],"version-history":[{"count":2,"href":"https:\/\/wp.kristdemokraterna.se\/linkoping\/wp-json\/wp\/v2\/posts\/413\/revisions"}],"predecessor-version":[{"id":415,"href":"https:\/\/wp.kristdemokraterna.se\/linkoping\/wp-json\/wp\/v2\/posts\/413\/revisions\/415"}],"wp:attachment":[{"href":"https:\/\/wp.kristdemokraterna.se\/linkoping\/wp-json\/wp\/v2\/media?parent=413"}],"wp:term":[{"taxonomy":"category","embeddable":true,"href":"https:\/\/wp.kristdemokraterna.se\/linkoping\/wp-json\/wp\/v2\/categories?post=413"},{"taxonomy":"post_tag","embeddable":true,"href":"https:\/\/wp.kristdemokraterna.se\/linkoping\/wp-json\/wp\/v2\/tags?post=413"}],"curies":[{"name":"wp","href":"https:\/\/api.w.org\/{rel}","templated":true}]}}