{"id":435,"date":"2016-02-17T16:01:14","date_gmt":"2016-02-17T15:01:14","guid":{"rendered":"http:\/\/wp.kristdemokraterna.se\/linkoping\/?p=435"},"modified":"2021-08-13T11:48:54","modified_gmt":"2021-08-13T09:48:54","slug":"frukostmote-27-feb-en-missbrukares-livspussel","status":"publish","type":"post","link":"https:\/\/wp.kristdemokraterna.se\/linkoping\/frukostmote-27-feb-en-missbrukares-livspussel\/","title":{"rendered":"Frukostm\u00f6te 27 feb &#8211; &#8221;En missbrukares livspussel&#8221;"},"content":{"rendered":"<p><img loading=\"lazy\" decoding=\"async\" class=\"alignright size-full wp-image-434\" src=\"https:\/\/wp.kristdemokraterna.se\/linkoping\/files\/2016\/02\/frukostmote_160227.jpg\" alt=\"frukostmote_160227\" width=\"595\" height=\"541\" srcset=\"https:\/\/wp.kristdemokraterna.se\/linkoping\/files\/2016\/02\/frukostmote_160227.jpg 595w, https:\/\/wp.kristdemokraterna.se\/linkoping\/files\/2016\/02\/frukostmote_160227-300x273.jpg 300w, https:\/\/wp.kristdemokraterna.se\/linkoping\/files\/2016\/02\/frukostmote_160227-540x491.jpg 540w, https:\/\/wp.kristdemokraterna.se\/linkoping\/files\/2016\/02\/frukostmote_160227-381x346.jpg 381w, https:\/\/wp.kristdemokraterna.se\/linkoping\/files\/2016\/02\/frukostmote_160227-123x112.jpg 123w\" sizes=\"auto, (max-width: 595px) 100vw, 595px\" \/><strong>Frukostm\u00f6te med tema:\u00a0&#8221;En missbrukares livspussel&#8221;<br \/>\n<\/strong><span style=\"font-weight: 300\">Vi g\u00e4stas av Peter Magnusson fr\u00e5n Link\u00f6pings Stadsmission\u00a0som ber\u00e4ttar om deras arbete med missbruksv\u00e5rd.\u00a0L\u00e4ttare frukost serveras.<\/span><\/p>\n<p><strong>Tid:<\/strong> L\u00f6rdag 27\u00a0feb kl. 09.00-10.30<br \/>\n<strong>Plats:<\/strong> Distriktskansliet, Gr\u00e4nden Duvan 2, Link\u00f6ping<\/p>\n<p><strong>Anm\u00e4lan:<\/strong> senast fredag 26\/2 till fredrik.topplund@kristdemokraterna.se<\/p>\n","protected":false},"excerpt":{"rendered":"<p>Frukostm\u00f6te med tema:\u00a0&#8221;En missbrukares livspussel&#8221; Vi g\u00e4stas av Peter Magnusson fr\u00e5n Link\u00f6pings Stadsmission\u00a0som ber\u00e4ttar om deras arbete med missbruksv\u00e5rd.\u00a0L\u00e4ttare frukost serveras. Tid: L\u00f6rdag 27\u00a0feb kl. 09.00-10.30 Plats: Distriktskansliet, Gr\u00e4nden Duvan 2, Link\u00f6ping Anm\u00e4lan: senast fredag 26\/2 till fredrik.topplund@kristdemokraterna.se<\/p>\n","protected":false},"author":410,"featured_media":0,"comment_status":"closed","ping_status":"closed","sticky":false,"template":"","format":"standard","meta":{"_acf_changed":false,"footnotes":""},"categories":[22,1],"tags":[],"class_list":["post-435","post","type-post","status-publish","format-standard","hentry","category-arkiv","category-okategoriserade"],"acf":[],"yoast_head":"<!-- This site is optimized with the Yoast SEO plugin v27.4 - https:\/\/yoast.com\/product\/yoast-seo-wordpress\/ -->\n<title>Frukostm\u00f6te 27 feb - &quot;En missbrukares livspussel&quot; - Kristdemokraterna i Link\u00f6ping<\/title>\n<meta name=\"robots\" content=\"index, follow, max-snippet:-1, max-image-preview:large, max-video-preview:-1\" \/>\n<link rel=\"canonical\" href=\"https:\/\/wp.kristdemokraterna.se\/linkoping\/frukostmote-27-feb-en-missbrukares-livspussel\/\" \/>\n<meta property=\"og:locale\" content=\"sv_SE\" \/>\n<meta property=\"og:type\" content=\"article\" \/>\n<meta property=\"og:title\" content=\"Frukostm\u00f6te 27 feb - &quot;En missbrukares livspussel&quot; - Kristdemokraterna i Link\u00f6ping\" \/>\n<meta property=\"og:description\" content=\"Frukostm\u00f6te med tema:\u00a0&#8221;En missbrukares livspussel&#8221; Vi g\u00e4stas av Peter Magnusson fr\u00e5n Link\u00f6pings Stadsmission\u00a0som ber\u00e4ttar om deras arbete med missbruksv\u00e5rd.\u00a0L\u00e4ttare frukost serveras. Tid: L\u00f6rdag 27\u00a0feb kl. 09.00-10.30 Plats: Distriktskansliet, Gr\u00e4nden Duvan 2, Link\u00f6ping Anm\u00e4lan: senast fredag 26\/2 till fredrik.topplund@kristdemokraterna.se\" \/>\n<meta property=\"og:url\" content=\"https:\/\/wp.kristdemokraterna.se\/linkoping\/frukostmote-27-feb-en-missbrukares-livspussel\/\" \/>\n<meta property=\"og:site_name\" content=\"Kristdemokraterna i Link\u00f6ping\" \/>\n<meta property=\"article:author\" content=\"https:\/\/www.facebook.com\/kdlinkoping\/\" \/>\n<meta property=\"article:published_time\" content=\"2016-02-17T15:01:14+00:00\" \/>\n<meta property=\"article:modified_time\" content=\"2021-08-13T09:48:54+00:00\" \/>\n<meta property=\"og:image\" content=\"http:\/\/wp.kristdemokraterna.se\/linkoping\/files\/2016\/02\/frukostmote_160227.jpg\" \/>\n<meta name=\"author\" content=\"linkoping\" \/>\n<meta name=\"twitter:card\" content=\"summary_large_image\" \/>\n<meta name=\"twitter:label1\" content=\"Skriven av\" \/>\n\t<meta name=\"twitter:data1\" content=\"linkoping\" \/>\n<script type=\"application\/ld+json\" class=\"yoast-schema-graph\">{\"@context\":\"https:\\\/\\\/schema.org\",\"@graph\":[{\"@type\":\"Article\",\"@id\":\"https:\\\/\\\/wp.kristdemokraterna.se\\\/linkoping\\\/frukostmote-27-feb-en-missbrukares-livspussel\\\/#article\",\"isPartOf\":{\"@id\":\"https:\\\/\\\/wp.kristdemokraterna.se\\\/linkoping\\\/frukostmote-27-feb-en-missbrukares-livspussel\\\/\"},\"author\":{\"name\":\"linkoping\",\"@id\":\"https:\\\/\\\/wp.kristdemokraterna.se\\\/linkoping\\\/#\\\/schema\\\/person\\\/b0148c3c8863db76d330faa282b9521a\"},\"headline\":\"Frukostm\u00f6te 27 feb &#8211; &#8221;En missbrukares livspussel&#8221;\",\"datePublished\":\"2016-02-17T15:01:14+00:00\",\"dateModified\":\"2021-08-13T09:48:54+00:00\",\"mainEntityOfPage\":{\"@id\":\"https:\\\/\\\/wp.kristdemokraterna.se\\\/linkoping\\\/frukostmote-27-feb-en-missbrukares-livspussel\\\/\"},\"wordCount\":60,\"image\":{\"@id\":\"https:\\\/\\\/wp.kristdemokraterna.se\\\/linkoping\\\/frukostmote-27-feb-en-missbrukares-livspussel\\\/#primaryimage\"},\"thumbnailUrl\":\"http:\\\/\\\/wp.kristdemokraterna.se\\\/linkoping\\\/files\\\/2016\\\/02\\\/frukostmote_160227.jpg\",\"articleSection\":[\"arkiv\",\"okategoriserade\"],\"inLanguage\":\"sv-SE\"},{\"@type\":\"WebPage\",\"@id\":\"https:\\\/\\\/wp.kristdemokraterna.se\\\/linkoping\\\/frukostmote-27-feb-en-missbrukares-livspussel\\\/\",\"url\":\"https:\\\/\\\/wp.kristdemokraterna.se\\\/linkoping\\\/frukostmote-27-feb-en-missbrukares-livspussel\\\/\",\"name\":\"Frukostm\u00f6te 27 feb - \\\"En missbrukares livspussel\\\" - Kristdemokraterna i Link\u00f6ping\",\"isPartOf\":{\"@id\":\"https:\\\/\\\/wp.kristdemokraterna.se\\\/linkoping\\\/#website\"},\"primaryImageOfPage\":{\"@id\":\"https:\\\/\\\/wp.kristdemokraterna.se\\\/linkoping\\\/frukostmote-27-feb-en-missbrukares-livspussel\\\/#primaryimage\"},\"image\":{\"@id\":\"https:\\\/\\\/wp.kristdemokraterna.se\\\/linkoping\\\/frukostmote-27-feb-en-missbrukares-livspussel\\\/#primaryimage\"},\"thumbnailUrl\":\"http:\\\/\\\/wp.kristdemokraterna.se\\\/linkoping\\\/files\\\/2016\\\/02\\\/frukostmote_160227.jpg\",\"datePublished\":\"2016-02-17T15:01:14+00:00\",\"dateModified\":\"2021-08-13T09:48:54+00:00\",\"author\":{\"@id\":\"https:\\\/\\\/wp.kristdemokraterna.se\\\/linkoping\\\/#\\\/schema\\\/person\\\/b0148c3c8863db76d330faa282b9521a\"},\"breadcrumb\":{\"@id\":\"https:\\\/\\\/wp.kristdemokraterna.se\\\/linkoping\\\/frukostmote-27-feb-en-missbrukares-livspussel\\\/#breadcrumb\"},\"inLanguage\":\"sv-SE\",\"potentialAction\":[{\"@type\":\"ReadAction\",\"target\":[\"https:\\\/\\\/wp.kristdemokraterna.se\\\/linkoping\\\/frukostmote-27-feb-en-missbrukares-livspussel\\\/\"]}]},{\"@type\":\"ImageObject\",\"inLanguage\":\"sv-SE\",\"@id\":\"https:\\\/\\\/wp.kristdemokraterna.se\\\/linkoping\\\/frukostmote-27-feb-en-missbrukares-livspussel\\\/#primaryimage\",\"url\":\"https:\\\/\\\/wp.kristdemokraterna.se\\\/linkoping\\\/files\\\/2016\\\/02\\\/frukostmote_160227.jpg\",\"contentUrl\":\"https:\\\/\\\/wp.kristdemokraterna.se\\\/linkoping\\\/files\\\/2016\\\/02\\\/frukostmote_160227.jpg\",\"width\":595,\"height\":541},{\"@type\":\"BreadcrumbList\",\"@id\":\"https:\\\/\\\/wp.kristdemokraterna.se\\\/linkoping\\\/frukostmote-27-feb-en-missbrukares-livspussel\\\/#breadcrumb\",\"itemListElement\":[{\"@type\":\"ListItem\",\"position\":1,\"name\":\"Hem\",\"item\":\"https:\\\/\\\/wp.kristdemokraterna.se\\\/linkoping\\\/\"},{\"@type\":\"ListItem\",\"position\":2,\"name\":\"Frukostm\u00f6te 27 feb &#8211; &#8221;En missbrukares livspussel&#8221;\"}]},{\"@type\":\"WebSite\",\"@id\":\"https:\\\/\\\/wp.kristdemokraterna.se\\\/linkoping\\\/#website\",\"url\":\"https:\\\/\\\/wp.kristdemokraterna.se\\\/linkoping\\\/\",\"name\":\"Kristdemokraterna i Link\u00f6ping\",\"description\":\"\",\"inLanguage\":\"sv-SE\"},{\"@type\":\"Person\",\"@id\":\"https:\\\/\\\/wp.kristdemokraterna.se\\\/linkoping\\\/#\\\/schema\\\/person\\\/b0148c3c8863db76d330faa282b9521a\",\"name\":\"linkoping\",\"image\":{\"@type\":\"ImageObject\",\"inLanguage\":\"sv-SE\",\"@id\":\"https:\\\/\\\/secure.gravatar.com\\\/avatar\\\/016e7965fec0e08fdd07b021a7d25181278d4b29b1d5bab57b16017e35421895?s=96&r=g\",\"url\":\"https:\\\/\\\/secure.gravatar.com\\\/avatar\\\/016e7965fec0e08fdd07b021a7d25181278d4b29b1d5bab57b16017e35421895?s=96&r=g\",\"contentUrl\":\"https:\\\/\\\/secure.gravatar.com\\\/avatar\\\/016e7965fec0e08fdd07b021a7d25181278d4b29b1d5bab57b16017e35421895?s=96&r=g\",\"caption\":\"linkoping\"},\"sameAs\":[\"https:\\\/\\\/www.facebook.com\\\/kdlinkoping\\\/\"],\"url\":\"https:\\\/\\\/wp.kristdemokraterna.se\\\/linkoping\\\/author\\\/linkoping\\\/\"}]}<\/script>\n<!-- \/ Yoast SEO plugin. -->","yoast_head_json":{"title":"Frukostm\u00f6te 27 feb - \"En missbrukares livspussel\" - Kristdemokraterna i Link\u00f6ping","robots":{"index":"index","follow":"follow","max-snippet":"max-snippet:-1","max-image-preview":"max-image-preview:large","max-video-preview":"max-video-preview:-1"},"canonical":"https:\/\/wp.kristdemokraterna.se\/linkoping\/frukostmote-27-feb-en-missbrukares-livspussel\/","og_locale":"sv_SE","og_type":"article","og_title":"Frukostm\u00f6te 27 feb - \"En missbrukares livspussel\" - Kristdemokraterna i Link\u00f6ping","og_description":"Frukostm\u00f6te med tema:\u00a0&#8221;En missbrukares livspussel&#8221; Vi g\u00e4stas av Peter Magnusson fr\u00e5n Link\u00f6pings Stadsmission\u00a0som ber\u00e4ttar om deras arbete med missbruksv\u00e5rd.\u00a0L\u00e4ttare frukost serveras. Tid: L\u00f6rdag 27\u00a0feb kl. 09.00-10.30 Plats: Distriktskansliet, Gr\u00e4nden Duvan 2, Link\u00f6ping Anm\u00e4lan: senast fredag 26\/2 till fredrik.topplund@kristdemokraterna.se","og_url":"https:\/\/wp.kristdemokraterna.se\/linkoping\/frukostmote-27-feb-en-missbrukares-livspussel\/","og_site_name":"Kristdemokraterna i Link\u00f6ping","article_author":"https:\/\/www.facebook.com\/kdlinkoping\/","article_published_time":"2016-02-17T15:01:14+00:00","article_modified_time":"2021-08-13T09:48:54+00:00","og_image":[{"url":"http:\/\/wp.kristdemokraterna.se\/linkoping\/files\/2016\/02\/frukostmote_160227.jpg","type":"","width":"","height":""}],"author":"linkoping","twitter_card":"summary_large_image","twitter_misc":{"Skriven av":"linkoping"},"schema":{"@context":"https:\/\/schema.org","@graph":[{"@type":"Article","@id":"https:\/\/wp.kristdemokraterna.se\/linkoping\/frukostmote-27-feb-en-missbrukares-livspussel\/#article","isPartOf":{"@id":"https:\/\/wp.kristdemokraterna.se\/linkoping\/frukostmote-27-feb-en-missbrukares-livspussel\/"},"author":{"name":"linkoping","@id":"https:\/\/wp.kristdemokraterna.se\/linkoping\/#\/schema\/person\/b0148c3c8863db76d330faa282b9521a"},"headline":"Frukostm\u00f6te 27 feb &#8211; &#8221;En missbrukares livspussel&#8221;","datePublished":"2016-02-17T15:01:14+00:00","dateModified":"2021-08-13T09:48:54+00:00","mainEntityOfPage":{"@id":"https:\/\/wp.kristdemokraterna.se\/linkoping\/frukostmote-27-feb-en-missbrukares-livspussel\/"},"wordCount":60,"image":{"@id":"https:\/\/wp.kristdemokraterna.se\/linkoping\/frukostmote-27-feb-en-missbrukares-livspussel\/#primaryimage"},"thumbnailUrl":"http:\/\/wp.kristdemokraterna.se\/linkoping\/files\/2016\/02\/frukostmote_160227.jpg","articleSection":["arkiv","okategoriserade"],"inLanguage":"sv-SE"},{"@type":"WebPage","@id":"https:\/\/wp.kristdemokraterna.se\/linkoping\/frukostmote-27-feb-en-missbrukares-livspussel\/","url":"https:\/\/wp.kristdemokraterna.se\/linkoping\/frukostmote-27-feb-en-missbrukares-livspussel\/","name":"Frukostm\u00f6te 27 feb - \"En missbrukares livspussel\" - Kristdemokraterna i Link\u00f6ping","isPartOf":{"@id":"https:\/\/wp.kristdemokraterna.se\/linkoping\/#website"},"primaryImageOfPage":{"@id":"https:\/\/wp.kristdemokraterna.se\/linkoping\/frukostmote-27-feb-en-missbrukares-livspussel\/#primaryimage"},"image":{"@id":"https:\/\/wp.kristdemokraterna.se\/linkoping\/frukostmote-27-feb-en-missbrukares-livspussel\/#primaryimage"},"thumbnailUrl":"http:\/\/wp.kristdemokraterna.se\/linkoping\/files\/2016\/02\/frukostmote_160227.jpg","datePublished":"2016-02-17T15:01:14+00:00","dateModified":"2021-08-13T09:48:54+00:00","author":{"@id":"https:\/\/wp.kristdemokraterna.se\/linkoping\/#\/schema\/person\/b0148c3c8863db76d330faa282b9521a"},"breadcrumb":{"@id":"https:\/\/wp.kristdemokraterna.se\/linkoping\/frukostmote-27-feb-en-missbrukares-livspussel\/#breadcrumb"},"inLanguage":"sv-SE","potentialAction":[{"@type":"ReadAction","target":["https:\/\/wp.kristdemokraterna.se\/linkoping\/frukostmote-27-feb-en-missbrukares-livspussel\/"]}]},{"@type":"ImageObject","inLanguage":"sv-SE","@id":"https:\/\/wp.kristdemokraterna.se\/linkoping\/frukostmote-27-feb-en-missbrukares-livspussel\/#primaryimage","url":"https:\/\/wp.kristdemokraterna.se\/linkoping\/files\/2016\/02\/frukostmote_160227.jpg","contentUrl":"https:\/\/wp.kristdemokraterna.se\/linkoping\/files\/2016\/02\/frukostmote_160227.jpg","width":595,"height":541},{"@type":"BreadcrumbList","@id":"https:\/\/wp.kristdemokraterna.se\/linkoping\/frukostmote-27-feb-en-missbrukares-livspussel\/#breadcrumb","itemListElement":[{"@type":"ListItem","position":1,"name":"Hem","item":"https:\/\/wp.kristdemokraterna.se\/linkoping\/"},{"@type":"ListItem","position":2,"name":"Frukostm\u00f6te 27 feb &#8211; &#8221;En missbrukares livspussel&#8221;"}]},{"@type":"WebSite","@id":"https:\/\/wp.kristdemokraterna.se\/linkoping\/#website","url":"https:\/\/wp.kristdemokraterna.se\/linkoping\/","name":"Kristdemokraterna i Link\u00f6ping","description":"","inLanguage":"sv-SE"},{"@type":"Person","@id":"https:\/\/wp.kristdemokraterna.se\/linkoping\/#\/schema\/person\/b0148c3c8863db76d330faa282b9521a","name":"linkoping","image":{"@type":"ImageObject","inLanguage":"sv-SE","@id":"https:\/\/secure.gravatar.com\/avatar\/016e7965fec0e08fdd07b021a7d25181278d4b29b1d5bab57b16017e35421895?s=96&r=g","url":"https:\/\/secure.gravatar.com\/avatar\/016e7965fec0e08fdd07b021a7d25181278d4b29b1d5bab57b16017e35421895?s=96&r=g","contentUrl":"https:\/\/secure.gravatar.com\/avatar\/016e7965fec0e08fdd07b021a7d25181278d4b29b1d5bab57b16017e35421895?s=96&r=g","caption":"linkoping"},"sameAs":["https:\/\/www.facebook.com\/kdlinkoping\/"],"url":"https:\/\/wp.kristdemokraterna.se\/linkoping\/author\/linkoping\/"}]}},"_links":{"self":[{"href":"https:\/\/wp.kristdemokraterna.se\/linkoping\/wp-json\/wp\/v2\/posts\/435","targetHints":{"allow":["GET"]}}],"collection":[{"href":"https:\/\/wp.kristdemokraterna.se\/linkoping\/wp-json\/wp\/v2\/posts"}],"about":[{"href":"https:\/\/wp.kristdemokraterna.se\/linkoping\/wp-json\/wp\/v2\/types\/post"}],"author":[{"embeddable":true,"href":"https:\/\/wp.kristdemokraterna.se\/linkoping\/wp-json\/wp\/v2\/users\/410"}],"replies":[{"embeddable":true,"href":"https:\/\/wp.kristdemokraterna.se\/linkoping\/wp-json\/wp\/v2\/comments?post=435"}],"version-history":[{"count":2,"href":"https:\/\/wp.kristdemokraterna.se\/linkoping\/wp-json\/wp\/v2\/posts\/435\/revisions"}],"predecessor-version":[{"id":437,"href":"https:\/\/wp.kristdemokraterna.se\/linkoping\/wp-json\/wp\/v2\/posts\/435\/revisions\/437"}],"wp:attachment":[{"href":"https:\/\/wp.kristdemokraterna.se\/linkoping\/wp-json\/wp\/v2\/media?parent=435"}],"wp:term":[{"taxonomy":"category","embeddable":true,"href":"https:\/\/wp.kristdemokraterna.se\/linkoping\/wp-json\/wp\/v2\/categories?post=435"},{"taxonomy":"post_tag","embeddable":true,"href":"https:\/\/wp.kristdemokraterna.se\/linkoping\/wp-json\/wp\/v2\/tags?post=435"}],"curies":[{"name":"wp","href":"https:\/\/api.w.org\/{rel}","templated":true}]}}