{"id":440,"date":"2016-02-19T08:56:10","date_gmt":"2016-02-19T07:56:10","guid":{"rendered":"http:\/\/wp.kristdemokraterna.se\/linkoping\/?p=440"},"modified":"2021-08-13T11:48:54","modified_gmt":"2021-08-13T09:48:54","slug":"kd-ostgotadagarna-4-5-mars","status":"publish","type":"post","link":"https:\/\/wp.kristdemokraterna.se\/linkoping\/kd-ostgotadagarna-4-5-mars\/","title":{"rendered":"KD \u00d6stg\u00f6tadagarna 4-5 mars"},"content":{"rendered":"<h2><img loading=\"lazy\" decoding=\"async\" class=\"alignright size-full wp-image-441\" src=\"https:\/\/wp.kristdemokraterna.se\/linkoping\/files\/2016\/02\/160217_kd-ostgotadagarna.jpg\" alt=\"160217_KD \u00d6stg\u00f6tadagarna\" width=\"827\" height=\"1169\" srcset=\"https:\/\/wp.kristdemokraterna.se\/linkoping\/files\/2016\/02\/160217_kd-ostgotadagarna.jpg 827w, https:\/\/wp.kristdemokraterna.se\/linkoping\/files\/2016\/02\/160217_kd-ostgotadagarna-212x300.jpg 212w, https:\/\/wp.kristdemokraterna.se\/linkoping\/files\/2016\/02\/160217_kd-ostgotadagarna-768x1086.jpg 768w, https:\/\/wp.kristdemokraterna.se\/linkoping\/files\/2016\/02\/160217_kd-ostgotadagarna-382x540.jpg 382w, https:\/\/wp.kristdemokraterna.se\/linkoping\/files\/2016\/02\/160217_kd-ostgotadagarna-245x346.jpg 245w, https:\/\/wp.kristdemokraterna.se\/linkoping\/files\/2016\/02\/160217_kd-ostgotadagarna-79x112.jpg 79w\" sizes=\"auto, (max-width: 827px) 100vw, 827px\" \/>V\u00e4lkommen till tv\u00e5 dagar sp\u00e4ckade med intressanta talare, m\u00f6ten och m\u00f6jlighet till att utbyta id\u00e9er med partiv\u00e4nner.<\/h2>\n<p><!--more--><\/p>\n<p><strong>Fredag 4 mars<\/strong><br \/>\n17:30 Drop-in kaffe och fralla<br \/>\n18:00 V\u00e4lkommen, informationer<br \/>\n18:15 Emma Henriksson, riksdagsledamot &#8211;\u00a0\u201dAktuellt p\u00e5 riksplanet\u201d<br \/>\n19:00 Benstr\u00e4ckare<br \/>\n19:15 Andreas Capilla, regionutvecklingsdirekt\u00f6r &#8211;\u00a0\u201dEtt \u00e5r med regionala utvecklingsfr\u00e5gor\u201d<br \/>\n20:00 Paus<br \/>\n20:15 Gemenskapskv\u00e4ll: Sm\u00f6rg\u00e5st\u00e5rta, kaffe och kaka, underh\u00e5llning<\/p>\n<p><strong>L\u00f6rdag 5 mars<\/strong><br \/>\n08:30 Drop-in kaffe och fralla<br \/>\n09:00 Henrik Ehrenberg, ordf\u00f6rande i KIC:s styrelse &#8211; \u201dKristdemokraterna och utrikespolitik\u201d<br \/>\n09:45 Paus<br \/>\n10:00 Stina Sinclair, politisk sekreterare Region J\u00f6nk\u00f6pings l\u00e4n \u2013 \u201dPartiets organisation\u201d<br \/>\n10:45 Kaffepaus<br \/>\n11:15 Patrick Vigren, l\u00e4kare \u2013 \u201dKristdemokratisk ideologi\u201d<br \/>\n12:00 Sopplunch<br \/>\n13:30 Jimmy Loord, politisk sekreterare Landstinget Kalmar \u2013 \u201dMediekontakter\u201d<br \/>\n14:15 Paus<br \/>\n14:30 Alexander Vibeck, Sensus studief\u00f6rbund &#8211; \u201dEn styrelse som g\u00f6r skillnad\u201d<br \/>\n15:15 Summering<br \/>\n15:30 Slut<\/p>\n<p><strong>Pris &amp; Anm\u00e4lan<\/strong><br \/>\nDeltagaravgiften \u00e4r 225 kr per person f\u00f6r b\u00e5da dagarna, alternativt 150 kr f\u00f6r deltagande per dag. Deltagaravgiften betalas in p\u00e5 Studieorganisationen Framtidsbildarnas plusgirokonto 66 48 53-9 eller faktureras i efterhand. <strong>Anm\u00e4l dig senast onsdag 2\/3<\/strong> till <strong><a href=\"mailto:fredrik.topplund@kristdemokraterna.se\" target=\"_blank\" rel=\"noopener\">fredrik.topplund@kristdemokraterna.se<\/a><\/strong>. Ange om du beh\u00f6ver n\u00e5gon form av specialkost.<\/p>\n<p><strong>Hitta hit:\u00a0<\/strong><br \/>\nKyrkliden vid Slaka Kyrka,\u00a0Gamla Kalmarv\u00e4gen 2, Link\u00f6ping<br \/>\n<a href=\"https:\/\/goo.gl\/LWiaAZ\" target=\"_blank\" rel=\"noopener\">https:\/\/goo.gl\/LWiaAZ<\/a><\/p>\n","protected":false},"excerpt":{"rendered":"<p>V\u00e4lkommen till tv\u00e5 dagar sp\u00e4ckade med intressanta talare, m\u00f6ten och m\u00f6jlighet till att utbyta id\u00e9er med partiv\u00e4nner.<\/p>\n","protected":false},"author":410,"featured_media":0,"comment_status":"closed","ping_status":"closed","sticky":false,"template":"","format":"standard","meta":{"_acf_changed":false,"footnotes":""},"categories":[22,1],"tags":[],"class_list":["post-440","post","type-post","status-publish","format-standard","hentry","category-arkiv","category-okategoriserade"],"acf":[],"yoast_head":"<!-- This site is optimized with the Yoast SEO plugin v27.4 - https:\/\/yoast.com\/product\/yoast-seo-wordpress\/ -->\n<title>KD \u00d6stg\u00f6tadagarna 4-5 mars - Kristdemokraterna i Link\u00f6ping<\/title>\n<meta name=\"robots\" content=\"index, follow, max-snippet:-1, max-image-preview:large, max-video-preview:-1\" \/>\n<link rel=\"canonical\" href=\"https:\/\/wp.kristdemokraterna.se\/linkoping\/kd-ostgotadagarna-4-5-mars\/\" \/>\n<meta property=\"og:locale\" content=\"sv_SE\" \/>\n<meta property=\"og:type\" content=\"article\" \/>\n<meta property=\"og:title\" content=\"KD \u00d6stg\u00f6tadagarna 4-5 mars - Kristdemokraterna i Link\u00f6ping\" \/>\n<meta property=\"og:description\" content=\"V\u00e4lkommen till tv\u00e5 dagar sp\u00e4ckade med intressanta talare, m\u00f6ten och m\u00f6jlighet till att utbyta id\u00e9er med partiv\u00e4nner.\" \/>\n<meta property=\"og:url\" content=\"https:\/\/wp.kristdemokraterna.se\/linkoping\/kd-ostgotadagarna-4-5-mars\/\" \/>\n<meta property=\"og:site_name\" content=\"Kristdemokraterna i Link\u00f6ping\" \/>\n<meta property=\"article:author\" content=\"https:\/\/www.facebook.com\/kdlinkoping\/\" \/>\n<meta property=\"article:published_time\" content=\"2016-02-19T07:56:10+00:00\" \/>\n<meta property=\"article:modified_time\" content=\"2021-08-13T09:48:54+00:00\" \/>\n<meta property=\"og:image\" content=\"http:\/\/wp.kristdemokraterna.se\/linkoping\/files\/2016\/02\/160217_kd-ostgotadagarna.jpg\" \/>\n<meta name=\"author\" content=\"linkoping\" \/>\n<meta name=\"twitter:card\" content=\"summary_large_image\" \/>\n<meta name=\"twitter:label1\" content=\"Skriven av\" \/>\n\t<meta name=\"twitter:data1\" content=\"linkoping\" \/>\n\t<meta name=\"twitter:label2\" content=\"Ber\u00e4knad l\u00e4stid\" \/>\n\t<meta name=\"twitter:data2\" content=\"1 minut\" \/>\n<script type=\"application\/ld+json\" class=\"yoast-schema-graph\">{\"@context\":\"https:\\\/\\\/schema.org\",\"@graph\":[{\"@type\":\"Article\",\"@id\":\"https:\\\/\\\/wp.kristdemokraterna.se\\\/linkoping\\\/kd-ostgotadagarna-4-5-mars\\\/#article\",\"isPartOf\":{\"@id\":\"https:\\\/\\\/wp.kristdemokraterna.se\\\/linkoping\\\/kd-ostgotadagarna-4-5-mars\\\/\"},\"author\":{\"name\":\"linkoping\",\"@id\":\"https:\\\/\\\/wp.kristdemokraterna.se\\\/linkoping\\\/#\\\/schema\\\/person\\\/b0148c3c8863db76d330faa282b9521a\"},\"headline\":\"KD \u00d6stg\u00f6tadagarna 4-5 mars\",\"datePublished\":\"2016-02-19T07:56:10+00:00\",\"dateModified\":\"2021-08-13T09:48:54+00:00\",\"mainEntityOfPage\":{\"@id\":\"https:\\\/\\\/wp.kristdemokraterna.se\\\/linkoping\\\/kd-ostgotadagarna-4-5-mars\\\/\"},\"wordCount\":199,\"image\":{\"@id\":\"https:\\\/\\\/wp.kristdemokraterna.se\\\/linkoping\\\/kd-ostgotadagarna-4-5-mars\\\/#primaryimage\"},\"thumbnailUrl\":\"http:\\\/\\\/wp.kristdemokraterna.se\\\/linkoping\\\/files\\\/2016\\\/02\\\/160217_kd-ostgotadagarna.jpg\",\"articleSection\":[\"arkiv\",\"okategoriserade\"],\"inLanguage\":\"sv-SE\"},{\"@type\":\"WebPage\",\"@id\":\"https:\\\/\\\/wp.kristdemokraterna.se\\\/linkoping\\\/kd-ostgotadagarna-4-5-mars\\\/\",\"url\":\"https:\\\/\\\/wp.kristdemokraterna.se\\\/linkoping\\\/kd-ostgotadagarna-4-5-mars\\\/\",\"name\":\"KD \u00d6stg\u00f6tadagarna 4-5 mars - Kristdemokraterna i Link\u00f6ping\",\"isPartOf\":{\"@id\":\"https:\\\/\\\/wp.kristdemokraterna.se\\\/linkoping\\\/#website\"},\"primaryImageOfPage\":{\"@id\":\"https:\\\/\\\/wp.kristdemokraterna.se\\\/linkoping\\\/kd-ostgotadagarna-4-5-mars\\\/#primaryimage\"},\"image\":{\"@id\":\"https:\\\/\\\/wp.kristdemokraterna.se\\\/linkoping\\\/kd-ostgotadagarna-4-5-mars\\\/#primaryimage\"},\"thumbnailUrl\":\"http:\\\/\\\/wp.kristdemokraterna.se\\\/linkoping\\\/files\\\/2016\\\/02\\\/160217_kd-ostgotadagarna.jpg\",\"datePublished\":\"2016-02-19T07:56:10+00:00\",\"dateModified\":\"2021-08-13T09:48:54+00:00\",\"author\":{\"@id\":\"https:\\\/\\\/wp.kristdemokraterna.se\\\/linkoping\\\/#\\\/schema\\\/person\\\/b0148c3c8863db76d330faa282b9521a\"},\"breadcrumb\":{\"@id\":\"https:\\\/\\\/wp.kristdemokraterna.se\\\/linkoping\\\/kd-ostgotadagarna-4-5-mars\\\/#breadcrumb\"},\"inLanguage\":\"sv-SE\",\"potentialAction\":[{\"@type\":\"ReadAction\",\"target\":[\"https:\\\/\\\/wp.kristdemokraterna.se\\\/linkoping\\\/kd-ostgotadagarna-4-5-mars\\\/\"]}]},{\"@type\":\"ImageObject\",\"inLanguage\":\"sv-SE\",\"@id\":\"https:\\\/\\\/wp.kristdemokraterna.se\\\/linkoping\\\/kd-ostgotadagarna-4-5-mars\\\/#primaryimage\",\"url\":\"https:\\\/\\\/wp.kristdemokraterna.se\\\/linkoping\\\/files\\\/2016\\\/02\\\/160217_kd-ostgotadagarna.jpg\",\"contentUrl\":\"https:\\\/\\\/wp.kristdemokraterna.se\\\/linkoping\\\/files\\\/2016\\\/02\\\/160217_kd-ostgotadagarna.jpg\",\"width\":827,\"height\":1169},{\"@type\":\"BreadcrumbList\",\"@id\":\"https:\\\/\\\/wp.kristdemokraterna.se\\\/linkoping\\\/kd-ostgotadagarna-4-5-mars\\\/#breadcrumb\",\"itemListElement\":[{\"@type\":\"ListItem\",\"position\":1,\"name\":\"Hem\",\"item\":\"https:\\\/\\\/wp.kristdemokraterna.se\\\/linkoping\\\/\"},{\"@type\":\"ListItem\",\"position\":2,\"name\":\"KD \u00d6stg\u00f6tadagarna 4-5 mars\"}]},{\"@type\":\"WebSite\",\"@id\":\"https:\\\/\\\/wp.kristdemokraterna.se\\\/linkoping\\\/#website\",\"url\":\"https:\\\/\\\/wp.kristdemokraterna.se\\\/linkoping\\\/\",\"name\":\"Kristdemokraterna i Link\u00f6ping\",\"description\":\"\",\"inLanguage\":\"sv-SE\"},{\"@type\":\"Person\",\"@id\":\"https:\\\/\\\/wp.kristdemokraterna.se\\\/linkoping\\\/#\\\/schema\\\/person\\\/b0148c3c8863db76d330faa282b9521a\",\"name\":\"linkoping\",\"image\":{\"@type\":\"ImageObject\",\"inLanguage\":\"sv-SE\",\"@id\":\"https:\\\/\\\/secure.gravatar.com\\\/avatar\\\/016e7965fec0e08fdd07b021a7d25181278d4b29b1d5bab57b16017e35421895?s=96&r=g\",\"url\":\"https:\\\/\\\/secure.gravatar.com\\\/avatar\\\/016e7965fec0e08fdd07b021a7d25181278d4b29b1d5bab57b16017e35421895?s=96&r=g\",\"contentUrl\":\"https:\\\/\\\/secure.gravatar.com\\\/avatar\\\/016e7965fec0e08fdd07b021a7d25181278d4b29b1d5bab57b16017e35421895?s=96&r=g\",\"caption\":\"linkoping\"},\"sameAs\":[\"https:\\\/\\\/www.facebook.com\\\/kdlinkoping\\\/\"],\"url\":\"https:\\\/\\\/wp.kristdemokraterna.se\\\/linkoping\\\/author\\\/linkoping\\\/\"}]}<\/script>\n<!-- \/ Yoast SEO plugin. -->","yoast_head_json":{"title":"KD \u00d6stg\u00f6tadagarna 4-5 mars - Kristdemokraterna i Link\u00f6ping","robots":{"index":"index","follow":"follow","max-snippet":"max-snippet:-1","max-image-preview":"max-image-preview:large","max-video-preview":"max-video-preview:-1"},"canonical":"https:\/\/wp.kristdemokraterna.se\/linkoping\/kd-ostgotadagarna-4-5-mars\/","og_locale":"sv_SE","og_type":"article","og_title":"KD \u00d6stg\u00f6tadagarna 4-5 mars - Kristdemokraterna i Link\u00f6ping","og_description":"V\u00e4lkommen till tv\u00e5 dagar sp\u00e4ckade med intressanta talare, m\u00f6ten och m\u00f6jlighet till att utbyta id\u00e9er med partiv\u00e4nner.","og_url":"https:\/\/wp.kristdemokraterna.se\/linkoping\/kd-ostgotadagarna-4-5-mars\/","og_site_name":"Kristdemokraterna i Link\u00f6ping","article_author":"https:\/\/www.facebook.com\/kdlinkoping\/","article_published_time":"2016-02-19T07:56:10+00:00","article_modified_time":"2021-08-13T09:48:54+00:00","og_image":[{"url":"http:\/\/wp.kristdemokraterna.se\/linkoping\/files\/2016\/02\/160217_kd-ostgotadagarna.jpg","type":"","width":"","height":""}],"author":"linkoping","twitter_card":"summary_large_image","twitter_misc":{"Skriven av":"linkoping","Ber\u00e4knad l\u00e4stid":"1 minut"},"schema":{"@context":"https:\/\/schema.org","@graph":[{"@type":"Article","@id":"https:\/\/wp.kristdemokraterna.se\/linkoping\/kd-ostgotadagarna-4-5-mars\/#article","isPartOf":{"@id":"https:\/\/wp.kristdemokraterna.se\/linkoping\/kd-ostgotadagarna-4-5-mars\/"},"author":{"name":"linkoping","@id":"https:\/\/wp.kristdemokraterna.se\/linkoping\/#\/schema\/person\/b0148c3c8863db76d330faa282b9521a"},"headline":"KD \u00d6stg\u00f6tadagarna 4-5 mars","datePublished":"2016-02-19T07:56:10+00:00","dateModified":"2021-08-13T09:48:54+00:00","mainEntityOfPage":{"@id":"https:\/\/wp.kristdemokraterna.se\/linkoping\/kd-ostgotadagarna-4-5-mars\/"},"wordCount":199,"image":{"@id":"https:\/\/wp.kristdemokraterna.se\/linkoping\/kd-ostgotadagarna-4-5-mars\/#primaryimage"},"thumbnailUrl":"http:\/\/wp.kristdemokraterna.se\/linkoping\/files\/2016\/02\/160217_kd-ostgotadagarna.jpg","articleSection":["arkiv","okategoriserade"],"inLanguage":"sv-SE"},{"@type":"WebPage","@id":"https:\/\/wp.kristdemokraterna.se\/linkoping\/kd-ostgotadagarna-4-5-mars\/","url":"https:\/\/wp.kristdemokraterna.se\/linkoping\/kd-ostgotadagarna-4-5-mars\/","name":"KD \u00d6stg\u00f6tadagarna 4-5 mars - Kristdemokraterna i Link\u00f6ping","isPartOf":{"@id":"https:\/\/wp.kristdemokraterna.se\/linkoping\/#website"},"primaryImageOfPage":{"@id":"https:\/\/wp.kristdemokraterna.se\/linkoping\/kd-ostgotadagarna-4-5-mars\/#primaryimage"},"image":{"@id":"https:\/\/wp.kristdemokraterna.se\/linkoping\/kd-ostgotadagarna-4-5-mars\/#primaryimage"},"thumbnailUrl":"http:\/\/wp.kristdemokraterna.se\/linkoping\/files\/2016\/02\/160217_kd-ostgotadagarna.jpg","datePublished":"2016-02-19T07:56:10+00:00","dateModified":"2021-08-13T09:48:54+00:00","author":{"@id":"https:\/\/wp.kristdemokraterna.se\/linkoping\/#\/schema\/person\/b0148c3c8863db76d330faa282b9521a"},"breadcrumb":{"@id":"https:\/\/wp.kristdemokraterna.se\/linkoping\/kd-ostgotadagarna-4-5-mars\/#breadcrumb"},"inLanguage":"sv-SE","potentialAction":[{"@type":"ReadAction","target":["https:\/\/wp.kristdemokraterna.se\/linkoping\/kd-ostgotadagarna-4-5-mars\/"]}]},{"@type":"ImageObject","inLanguage":"sv-SE","@id":"https:\/\/wp.kristdemokraterna.se\/linkoping\/kd-ostgotadagarna-4-5-mars\/#primaryimage","url":"https:\/\/wp.kristdemokraterna.se\/linkoping\/files\/2016\/02\/160217_kd-ostgotadagarna.jpg","contentUrl":"https:\/\/wp.kristdemokraterna.se\/linkoping\/files\/2016\/02\/160217_kd-ostgotadagarna.jpg","width":827,"height":1169},{"@type":"BreadcrumbList","@id":"https:\/\/wp.kristdemokraterna.se\/linkoping\/kd-ostgotadagarna-4-5-mars\/#breadcrumb","itemListElement":[{"@type":"ListItem","position":1,"name":"Hem","item":"https:\/\/wp.kristdemokraterna.se\/linkoping\/"},{"@type":"ListItem","position":2,"name":"KD \u00d6stg\u00f6tadagarna 4-5 mars"}]},{"@type":"WebSite","@id":"https:\/\/wp.kristdemokraterna.se\/linkoping\/#website","url":"https:\/\/wp.kristdemokraterna.se\/linkoping\/","name":"Kristdemokraterna i Link\u00f6ping","description":"","inLanguage":"sv-SE"},{"@type":"Person","@id":"https:\/\/wp.kristdemokraterna.se\/linkoping\/#\/schema\/person\/b0148c3c8863db76d330faa282b9521a","name":"linkoping","image":{"@type":"ImageObject","inLanguage":"sv-SE","@id":"https:\/\/secure.gravatar.com\/avatar\/016e7965fec0e08fdd07b021a7d25181278d4b29b1d5bab57b16017e35421895?s=96&r=g","url":"https:\/\/secure.gravatar.com\/avatar\/016e7965fec0e08fdd07b021a7d25181278d4b29b1d5bab57b16017e35421895?s=96&r=g","contentUrl":"https:\/\/secure.gravatar.com\/avatar\/016e7965fec0e08fdd07b021a7d25181278d4b29b1d5bab57b16017e35421895?s=96&r=g","caption":"linkoping"},"sameAs":["https:\/\/www.facebook.com\/kdlinkoping\/"],"url":"https:\/\/wp.kristdemokraterna.se\/linkoping\/author\/linkoping\/"}]}},"_links":{"self":[{"href":"https:\/\/wp.kristdemokraterna.se\/linkoping\/wp-json\/wp\/v2\/posts\/440","targetHints":{"allow":["GET"]}}],"collection":[{"href":"https:\/\/wp.kristdemokraterna.se\/linkoping\/wp-json\/wp\/v2\/posts"}],"about":[{"href":"https:\/\/wp.kristdemokraterna.se\/linkoping\/wp-json\/wp\/v2\/types\/post"}],"author":[{"embeddable":true,"href":"https:\/\/wp.kristdemokraterna.se\/linkoping\/wp-json\/wp\/v2\/users\/410"}],"replies":[{"embeddable":true,"href":"https:\/\/wp.kristdemokraterna.se\/linkoping\/wp-json\/wp\/v2\/comments?post=440"}],"version-history":[{"count":4,"href":"https:\/\/wp.kristdemokraterna.se\/linkoping\/wp-json\/wp\/v2\/posts\/440\/revisions"}],"predecessor-version":[{"id":1895,"href":"https:\/\/wp.kristdemokraterna.se\/linkoping\/wp-json\/wp\/v2\/posts\/440\/revisions\/1895"}],"wp:attachment":[{"href":"https:\/\/wp.kristdemokraterna.se\/linkoping\/wp-json\/wp\/v2\/media?parent=440"}],"wp:term":[{"taxonomy":"category","embeddable":true,"href":"https:\/\/wp.kristdemokraterna.se\/linkoping\/wp-json\/wp\/v2\/categories?post=440"},{"taxonomy":"post_tag","embeddable":true,"href":"https:\/\/wp.kristdemokraterna.se\/linkoping\/wp-json\/wp\/v2\/tags?post=440"}],"curies":[{"name":"wp","href":"https:\/\/api.w.org\/{rel}","templated":true}]}}