{"id":472,"date":"2016-05-08T23:58:16","date_gmt":"2016-05-08T21:58:16","guid":{"rendered":"http:\/\/wp.kristdemokraterna.se\/linkoping\/?p=472"},"modified":"2021-08-13T11:48:53","modified_gmt":"2021-08-13T09:48:53","slug":"familjedag-lordag-28-maj","status":"publish","type":"post","link":"https:\/\/wp.kristdemokraterna.se\/linkoping\/familjedag-lordag-28-maj\/","title":{"rendered":"Familjedag l\u00f6rdag 28 maj"},"content":{"rendered":"<p><img loading=\"lazy\" decoding=\"async\" class=\"alignright size-full wp-image-471\" src=\"https:\/\/wp.kristdemokraterna.se\/linkoping\/files\/2016\/05\/familjedag160528.jpg\" alt=\"familjedag160528\" width=\"884\" height=\"800\" srcset=\"https:\/\/wp.kristdemokraterna.se\/linkoping\/files\/2016\/05\/familjedag160528.jpg 884w, https:\/\/wp.kristdemokraterna.se\/linkoping\/files\/2016\/05\/familjedag160528-300x271.jpg 300w, https:\/\/wp.kristdemokraterna.se\/linkoping\/files\/2016\/05\/familjedag160528-768x695.jpg 768w, https:\/\/wp.kristdemokraterna.se\/linkoping\/files\/2016\/05\/familjedag160528-540x489.jpg 540w, https:\/\/wp.kristdemokraterna.se\/linkoping\/files\/2016\/05\/familjedag160528-382x346.jpg 382w, https:\/\/wp.kristdemokraterna.se\/linkoping\/files\/2016\/05\/familjedag160528-124x112.jpg 124w\" sizes=\"auto, (max-width: 884px) 100vw, 884px\" \/><\/p>\n<p>L\u00f6rdagen den 28 maj \u00e4r det dags igen.\u00a0Kristdemokraternas \u00e5rliga familjedag g\u00e5r\u00a0av stapeln p\u00e5 Lilla torget i Link\u00f6ping.<\/p>\n<p><strong>N\u00e4r:<\/strong> L\u00f6rdag 28 maj kl 11.00-14.00<br \/>\n<strong>Var:<\/strong> Lilla torget, Link\u00f6ping<br \/>\n<strong>Hur:<\/strong> Utdelning av vitsippspris, tal av riksdagsledamot<br \/>\nMagnus Oscarsson, hoppborg, kaffe, v\u00e5fflor,<br \/>\npopcorn, samtal om Kristdemokraternas politik,<br \/>\ngod gemenskap och mycket mer!<\/p>\n","protected":false},"excerpt":{"rendered":"<p>L\u00f6rdagen den 28 maj \u00e4r det dags igen.\u00a0Kristdemokraternas \u00e5rliga familjedag g\u00e5r\u00a0av stapeln p\u00e5 Lilla torget i Link\u00f6ping. N\u00e4r: L\u00f6rdag 28 maj kl 11.00-14.00 Var: Lilla torget, Link\u00f6ping Hur: Utdelning av vitsippspris, tal av riksdagsledamot Magnus Oscarsson, hoppborg, kaffe, v\u00e5fflor, popcorn, samtal om Kristdemokraternas politik, god gemenskap och mycket mer!<\/p>\n","protected":false},"author":410,"featured_media":0,"comment_status":"closed","ping_status":"closed","sticky":false,"template":"","format":"standard","meta":{"_acf_changed":false,"footnotes":""},"categories":[22,1],"tags":[],"class_list":["post-472","post","type-post","status-publish","format-standard","hentry","category-arkiv","category-okategoriserade"],"acf":[],"yoast_head":"<!-- This site is optimized with the Yoast SEO plugin v27.4 - https:\/\/yoast.com\/product\/yoast-seo-wordpress\/ -->\n<title>Familjedag l\u00f6rdag 28 maj - Kristdemokraterna i Link\u00f6ping<\/title>\n<meta name=\"robots\" content=\"index, follow, max-snippet:-1, max-image-preview:large, max-video-preview:-1\" \/>\n<link rel=\"canonical\" href=\"https:\/\/wp.kristdemokraterna.se\/linkoping\/familjedag-lordag-28-maj\/\" \/>\n<meta property=\"og:locale\" content=\"sv_SE\" \/>\n<meta property=\"og:type\" content=\"article\" \/>\n<meta property=\"og:title\" content=\"Familjedag l\u00f6rdag 28 maj - Kristdemokraterna i Link\u00f6ping\" \/>\n<meta property=\"og:description\" content=\"L\u00f6rdagen den 28 maj \u00e4r det dags igen.\u00a0Kristdemokraternas \u00e5rliga familjedag g\u00e5r\u00a0av stapeln p\u00e5 Lilla torget i Link\u00f6ping. N\u00e4r: L\u00f6rdag 28 maj kl 11.00-14.00 Var: Lilla torget, Link\u00f6ping Hur: Utdelning av vitsippspris, tal av riksdagsledamot Magnus Oscarsson, hoppborg, kaffe, v\u00e5fflor, popcorn, samtal om Kristdemokraternas politik, god gemenskap och mycket mer!\" \/>\n<meta property=\"og:url\" content=\"https:\/\/wp.kristdemokraterna.se\/linkoping\/familjedag-lordag-28-maj\/\" \/>\n<meta property=\"og:site_name\" content=\"Kristdemokraterna i Link\u00f6ping\" \/>\n<meta property=\"article:author\" content=\"https:\/\/www.facebook.com\/kdlinkoping\/\" \/>\n<meta property=\"article:published_time\" content=\"2016-05-08T21:58:16+00:00\" \/>\n<meta property=\"article:modified_time\" content=\"2021-08-13T09:48:53+00:00\" \/>\n<meta property=\"og:image\" content=\"http:\/\/wp.kristdemokraterna.se\/linkoping\/files\/2016\/05\/familjedag160528.jpg\" \/>\n<meta name=\"author\" content=\"linkoping\" \/>\n<meta name=\"twitter:card\" content=\"summary_large_image\" \/>\n<meta name=\"twitter:label1\" content=\"Skriven av\" \/>\n\t<meta name=\"twitter:data1\" content=\"linkoping\" \/>\n<script type=\"application\/ld+json\" class=\"yoast-schema-graph\">{\"@context\":\"https:\\\/\\\/schema.org\",\"@graph\":[{\"@type\":\"Article\",\"@id\":\"https:\\\/\\\/wp.kristdemokraterna.se\\\/linkoping\\\/familjedag-lordag-28-maj\\\/#article\",\"isPartOf\":{\"@id\":\"https:\\\/\\\/wp.kristdemokraterna.se\\\/linkoping\\\/familjedag-lordag-28-maj\\\/\"},\"author\":{\"name\":\"linkoping\",\"@id\":\"https:\\\/\\\/wp.kristdemokraterna.se\\\/linkoping\\\/#\\\/schema\\\/person\\\/b0148c3c8863db76d330faa282b9521a\"},\"headline\":\"Familjedag l\u00f6rdag 28 maj\",\"datePublished\":\"2016-05-08T21:58:16+00:00\",\"dateModified\":\"2021-08-13T09:48:53+00:00\",\"mainEntityOfPage\":{\"@id\":\"https:\\\/\\\/wp.kristdemokraterna.se\\\/linkoping\\\/familjedag-lordag-28-maj\\\/\"},\"wordCount\":60,\"image\":{\"@id\":\"https:\\\/\\\/wp.kristdemokraterna.se\\\/linkoping\\\/familjedag-lordag-28-maj\\\/#primaryimage\"},\"thumbnailUrl\":\"http:\\\/\\\/wp.kristdemokraterna.se\\\/linkoping\\\/files\\\/2016\\\/05\\\/familjedag160528.jpg\",\"articleSection\":[\"arkiv\",\"okategoriserade\"],\"inLanguage\":\"sv-SE\"},{\"@type\":\"WebPage\",\"@id\":\"https:\\\/\\\/wp.kristdemokraterna.se\\\/linkoping\\\/familjedag-lordag-28-maj\\\/\",\"url\":\"https:\\\/\\\/wp.kristdemokraterna.se\\\/linkoping\\\/familjedag-lordag-28-maj\\\/\",\"name\":\"Familjedag l\u00f6rdag 28 maj - Kristdemokraterna i Link\u00f6ping\",\"isPartOf\":{\"@id\":\"https:\\\/\\\/wp.kristdemokraterna.se\\\/linkoping\\\/#website\"},\"primaryImageOfPage\":{\"@id\":\"https:\\\/\\\/wp.kristdemokraterna.se\\\/linkoping\\\/familjedag-lordag-28-maj\\\/#primaryimage\"},\"image\":{\"@id\":\"https:\\\/\\\/wp.kristdemokraterna.se\\\/linkoping\\\/familjedag-lordag-28-maj\\\/#primaryimage\"},\"thumbnailUrl\":\"http:\\\/\\\/wp.kristdemokraterna.se\\\/linkoping\\\/files\\\/2016\\\/05\\\/familjedag160528.jpg\",\"datePublished\":\"2016-05-08T21:58:16+00:00\",\"dateModified\":\"2021-08-13T09:48:53+00:00\",\"author\":{\"@id\":\"https:\\\/\\\/wp.kristdemokraterna.se\\\/linkoping\\\/#\\\/schema\\\/person\\\/b0148c3c8863db76d330faa282b9521a\"},\"breadcrumb\":{\"@id\":\"https:\\\/\\\/wp.kristdemokraterna.se\\\/linkoping\\\/familjedag-lordag-28-maj\\\/#breadcrumb\"},\"inLanguage\":\"sv-SE\",\"potentialAction\":[{\"@type\":\"ReadAction\",\"target\":[\"https:\\\/\\\/wp.kristdemokraterna.se\\\/linkoping\\\/familjedag-lordag-28-maj\\\/\"]}]},{\"@type\":\"ImageObject\",\"inLanguage\":\"sv-SE\",\"@id\":\"https:\\\/\\\/wp.kristdemokraterna.se\\\/linkoping\\\/familjedag-lordag-28-maj\\\/#primaryimage\",\"url\":\"https:\\\/\\\/wp.kristdemokraterna.se\\\/linkoping\\\/files\\\/2016\\\/05\\\/familjedag160528.jpg\",\"contentUrl\":\"https:\\\/\\\/wp.kristdemokraterna.se\\\/linkoping\\\/files\\\/2016\\\/05\\\/familjedag160528.jpg\",\"width\":884,\"height\":800},{\"@type\":\"BreadcrumbList\",\"@id\":\"https:\\\/\\\/wp.kristdemokraterna.se\\\/linkoping\\\/familjedag-lordag-28-maj\\\/#breadcrumb\",\"itemListElement\":[{\"@type\":\"ListItem\",\"position\":1,\"name\":\"Hem\",\"item\":\"https:\\\/\\\/wp.kristdemokraterna.se\\\/linkoping\\\/\"},{\"@type\":\"ListItem\",\"position\":2,\"name\":\"Familjedag l\u00f6rdag 28 maj\"}]},{\"@type\":\"WebSite\",\"@id\":\"https:\\\/\\\/wp.kristdemokraterna.se\\\/linkoping\\\/#website\",\"url\":\"https:\\\/\\\/wp.kristdemokraterna.se\\\/linkoping\\\/\",\"name\":\"Kristdemokraterna i Link\u00f6ping\",\"description\":\"\",\"inLanguage\":\"sv-SE\"},{\"@type\":\"Person\",\"@id\":\"https:\\\/\\\/wp.kristdemokraterna.se\\\/linkoping\\\/#\\\/schema\\\/person\\\/b0148c3c8863db76d330faa282b9521a\",\"name\":\"linkoping\",\"image\":{\"@type\":\"ImageObject\",\"inLanguage\":\"sv-SE\",\"@id\":\"https:\\\/\\\/secure.gravatar.com\\\/avatar\\\/016e7965fec0e08fdd07b021a7d25181278d4b29b1d5bab57b16017e35421895?s=96&r=g\",\"url\":\"https:\\\/\\\/secure.gravatar.com\\\/avatar\\\/016e7965fec0e08fdd07b021a7d25181278d4b29b1d5bab57b16017e35421895?s=96&r=g\",\"contentUrl\":\"https:\\\/\\\/secure.gravatar.com\\\/avatar\\\/016e7965fec0e08fdd07b021a7d25181278d4b29b1d5bab57b16017e35421895?s=96&r=g\",\"caption\":\"linkoping\"},\"sameAs\":[\"https:\\\/\\\/www.facebook.com\\\/kdlinkoping\\\/\"],\"url\":\"https:\\\/\\\/wp.kristdemokraterna.se\\\/linkoping\\\/author\\\/linkoping\\\/\"}]}<\/script>\n<!-- \/ Yoast SEO plugin. -->","yoast_head_json":{"title":"Familjedag l\u00f6rdag 28 maj - Kristdemokraterna i Link\u00f6ping","robots":{"index":"index","follow":"follow","max-snippet":"max-snippet:-1","max-image-preview":"max-image-preview:large","max-video-preview":"max-video-preview:-1"},"canonical":"https:\/\/wp.kristdemokraterna.se\/linkoping\/familjedag-lordag-28-maj\/","og_locale":"sv_SE","og_type":"article","og_title":"Familjedag l\u00f6rdag 28 maj - Kristdemokraterna i Link\u00f6ping","og_description":"L\u00f6rdagen den 28 maj \u00e4r det dags igen.\u00a0Kristdemokraternas \u00e5rliga familjedag g\u00e5r\u00a0av stapeln p\u00e5 Lilla torget i Link\u00f6ping. N\u00e4r: L\u00f6rdag 28 maj kl 11.00-14.00 Var: Lilla torget, Link\u00f6ping Hur: Utdelning av vitsippspris, tal av riksdagsledamot Magnus Oscarsson, hoppborg, kaffe, v\u00e5fflor, popcorn, samtal om Kristdemokraternas politik, god gemenskap och mycket mer!","og_url":"https:\/\/wp.kristdemokraterna.se\/linkoping\/familjedag-lordag-28-maj\/","og_site_name":"Kristdemokraterna i Link\u00f6ping","article_author":"https:\/\/www.facebook.com\/kdlinkoping\/","article_published_time":"2016-05-08T21:58:16+00:00","article_modified_time":"2021-08-13T09:48:53+00:00","og_image":[{"url":"http:\/\/wp.kristdemokraterna.se\/linkoping\/files\/2016\/05\/familjedag160528.jpg","type":"","width":"","height":""}],"author":"linkoping","twitter_card":"summary_large_image","twitter_misc":{"Skriven av":"linkoping"},"schema":{"@context":"https:\/\/schema.org","@graph":[{"@type":"Article","@id":"https:\/\/wp.kristdemokraterna.se\/linkoping\/familjedag-lordag-28-maj\/#article","isPartOf":{"@id":"https:\/\/wp.kristdemokraterna.se\/linkoping\/familjedag-lordag-28-maj\/"},"author":{"name":"linkoping","@id":"https:\/\/wp.kristdemokraterna.se\/linkoping\/#\/schema\/person\/b0148c3c8863db76d330faa282b9521a"},"headline":"Familjedag l\u00f6rdag 28 maj","datePublished":"2016-05-08T21:58:16+00:00","dateModified":"2021-08-13T09:48:53+00:00","mainEntityOfPage":{"@id":"https:\/\/wp.kristdemokraterna.se\/linkoping\/familjedag-lordag-28-maj\/"},"wordCount":60,"image":{"@id":"https:\/\/wp.kristdemokraterna.se\/linkoping\/familjedag-lordag-28-maj\/#primaryimage"},"thumbnailUrl":"http:\/\/wp.kristdemokraterna.se\/linkoping\/files\/2016\/05\/familjedag160528.jpg","articleSection":["arkiv","okategoriserade"],"inLanguage":"sv-SE"},{"@type":"WebPage","@id":"https:\/\/wp.kristdemokraterna.se\/linkoping\/familjedag-lordag-28-maj\/","url":"https:\/\/wp.kristdemokraterna.se\/linkoping\/familjedag-lordag-28-maj\/","name":"Familjedag l\u00f6rdag 28 maj - Kristdemokraterna i Link\u00f6ping","isPartOf":{"@id":"https:\/\/wp.kristdemokraterna.se\/linkoping\/#website"},"primaryImageOfPage":{"@id":"https:\/\/wp.kristdemokraterna.se\/linkoping\/familjedag-lordag-28-maj\/#primaryimage"},"image":{"@id":"https:\/\/wp.kristdemokraterna.se\/linkoping\/familjedag-lordag-28-maj\/#primaryimage"},"thumbnailUrl":"http:\/\/wp.kristdemokraterna.se\/linkoping\/files\/2016\/05\/familjedag160528.jpg","datePublished":"2016-05-08T21:58:16+00:00","dateModified":"2021-08-13T09:48:53+00:00","author":{"@id":"https:\/\/wp.kristdemokraterna.se\/linkoping\/#\/schema\/person\/b0148c3c8863db76d330faa282b9521a"},"breadcrumb":{"@id":"https:\/\/wp.kristdemokraterna.se\/linkoping\/familjedag-lordag-28-maj\/#breadcrumb"},"inLanguage":"sv-SE","potentialAction":[{"@type":"ReadAction","target":["https:\/\/wp.kristdemokraterna.se\/linkoping\/familjedag-lordag-28-maj\/"]}]},{"@type":"ImageObject","inLanguage":"sv-SE","@id":"https:\/\/wp.kristdemokraterna.se\/linkoping\/familjedag-lordag-28-maj\/#primaryimage","url":"https:\/\/wp.kristdemokraterna.se\/linkoping\/files\/2016\/05\/familjedag160528.jpg","contentUrl":"https:\/\/wp.kristdemokraterna.se\/linkoping\/files\/2016\/05\/familjedag160528.jpg","width":884,"height":800},{"@type":"BreadcrumbList","@id":"https:\/\/wp.kristdemokraterna.se\/linkoping\/familjedag-lordag-28-maj\/#breadcrumb","itemListElement":[{"@type":"ListItem","position":1,"name":"Hem","item":"https:\/\/wp.kristdemokraterna.se\/linkoping\/"},{"@type":"ListItem","position":2,"name":"Familjedag l\u00f6rdag 28 maj"}]},{"@type":"WebSite","@id":"https:\/\/wp.kristdemokraterna.se\/linkoping\/#website","url":"https:\/\/wp.kristdemokraterna.se\/linkoping\/","name":"Kristdemokraterna i Link\u00f6ping","description":"","inLanguage":"sv-SE"},{"@type":"Person","@id":"https:\/\/wp.kristdemokraterna.se\/linkoping\/#\/schema\/person\/b0148c3c8863db76d330faa282b9521a","name":"linkoping","image":{"@type":"ImageObject","inLanguage":"sv-SE","@id":"https:\/\/secure.gravatar.com\/avatar\/016e7965fec0e08fdd07b021a7d25181278d4b29b1d5bab57b16017e35421895?s=96&r=g","url":"https:\/\/secure.gravatar.com\/avatar\/016e7965fec0e08fdd07b021a7d25181278d4b29b1d5bab57b16017e35421895?s=96&r=g","contentUrl":"https:\/\/secure.gravatar.com\/avatar\/016e7965fec0e08fdd07b021a7d25181278d4b29b1d5bab57b16017e35421895?s=96&r=g","caption":"linkoping"},"sameAs":["https:\/\/www.facebook.com\/kdlinkoping\/"],"url":"https:\/\/wp.kristdemokraterna.se\/linkoping\/author\/linkoping\/"}]}},"_links":{"self":[{"href":"https:\/\/wp.kristdemokraterna.se\/linkoping\/wp-json\/wp\/v2\/posts\/472","targetHints":{"allow":["GET"]}}],"collection":[{"href":"https:\/\/wp.kristdemokraterna.se\/linkoping\/wp-json\/wp\/v2\/posts"}],"about":[{"href":"https:\/\/wp.kristdemokraterna.se\/linkoping\/wp-json\/wp\/v2\/types\/post"}],"author":[{"embeddable":true,"href":"https:\/\/wp.kristdemokraterna.se\/linkoping\/wp-json\/wp\/v2\/users\/410"}],"replies":[{"embeddable":true,"href":"https:\/\/wp.kristdemokraterna.se\/linkoping\/wp-json\/wp\/v2\/comments?post=472"}],"version-history":[{"count":3,"href":"https:\/\/wp.kristdemokraterna.se\/linkoping\/wp-json\/wp\/v2\/posts\/472\/revisions"}],"predecessor-version":[{"id":475,"href":"https:\/\/wp.kristdemokraterna.se\/linkoping\/wp-json\/wp\/v2\/posts\/472\/revisions\/475"}],"wp:attachment":[{"href":"https:\/\/wp.kristdemokraterna.se\/linkoping\/wp-json\/wp\/v2\/media?parent=472"}],"wp:term":[{"taxonomy":"category","embeddable":true,"href":"https:\/\/wp.kristdemokraterna.se\/linkoping\/wp-json\/wp\/v2\/categories?post=472"},{"taxonomy":"post_tag","embeddable":true,"href":"https:\/\/wp.kristdemokraterna.se\/linkoping\/wp-json\/wp\/v2\/tags?post=472"}],"curies":[{"name":"wp","href":"https:\/\/api.w.org\/{rel}","templated":true}]}}