{"id":477,"date":"2016-06-02T14:55:58","date_gmt":"2016-06-02T12:55:58","guid":{"rendered":"http:\/\/wp.kristdemokraterna.se\/linkoping\/?p=477"},"modified":"2021-08-13T11:48:53","modified_gmt":"2021-08-13T09:48:53","slug":"oppet-brev-till-socialdemokraterna-miljopartiet-och-liberalerna-i-linkoping","status":"publish","type":"post","link":"https:\/\/wp.kristdemokraterna.se\/linkoping\/oppet-brev-till-socialdemokraterna-miljopartiet-och-liberalerna-i-linkoping\/","title":{"rendered":"\u00d6ppet brev till Socialdemokraterna, Milj\u00f6partiet och Liberalerna i Link\u00f6ping"},"content":{"rendered":"<p style=\"text-align: left\">Som representanter f\u00f6r v\u00e5ra tre partier s\u00e5 \u00e4r vi glada att konstatera att det under l\u00e5ng tid funnits en bred politisk uppslutning i Link\u00f6pings kommun om vikten av ett milj\u00f6- och klimatarbete. Att ni i Koalitionen tagit vid Alliansens arbete med ett koldioxidneutralt Link\u00f6ping \u00e4r positivt och viktigt.<\/p>\n<p><!--more-->N\u00e4r vi lade fast kommunens klimatambitioner under f\u00f6rra mandatperioden s\u00e5 var v\u00e5r ambition att dra nytta av den enighet som finns, genom att involvera alla i arbetet. Tillsammans kan vi \u00e5stadkomma mer \u00e4n om vi genomf\u00f6r \u00e5tg\u00e4rder med sn\u00e4va politiska majoriteter.<\/p>\n<p>Under det senaste halv\u00e5ret har vi varit oense mellan majoritet och opposition om det kloka i att under de i dag r\u00e5dande f\u00f6ruts\u00e4ttningar g\u00f6ra en storsatsning p\u00e5 vindkraft. Det har resulterat i ett on\u00f6digt l\u00e5st l\u00e4ge, trots att vi i grunden \u00e4r \u00f6verens om den politiska ambitionen. Vi vill d\u00e4rf\u00f6r bjuda in er till samtal om hur vi gemensamt kommer vidare.<\/p>\n<p>Link\u00f6ping f\u00f6rtj\u00e4nar en samsyn n\u00e4r det g\u00e4ller milj\u00f6- och klimatarbetet. F\u00f6r att knyta upp de l\u00e5sningar som finns \u00e4r vi fr\u00e5n v\u00e5ra tre partier beredda att sl\u00e4ppa v\u00e5rt ursprungliga f\u00f6rslag om ni fr\u00e5n koalitionens tre partier \u00e4r beredda att g\u00f6ra samma sak. I en dialog mellan v\u00e5ra sex partier borde vi kunna hitta varandra i hur vi utvecklar Link\u00f6ping, sl\u00e5r vakt om link\u00f6pingsbornas gemensamma resurser och genomf\u00f6r investeringar som f\u00f6r oss n\u00e4rmare ett klimatsmart Link\u00f6ping.<\/p>\n<p>Vi ser fram emot ert svar och hoppas att vi gemensamt kan komma vidare.<\/p>\n<p>Link\u00f6ping den 2 juni 2016<\/p>\n<p>Christian Gustavsson, Moderaterna<\/p>\n<p>G\u00f6sta Gustavsson, Centerpartiet<\/p>\n<p>Andreas Ardenfors, Kristdemokraterna<\/p>\n<p><img loading=\"lazy\" decoding=\"async\" class=\"alignright size-full wp-image-480\" src=\"https:\/\/wp.kristdemokraterna.se\/linkoping\/files\/2016\/06\/image.jpg\" alt=\"image\" width=\"607\" height=\"873\" srcset=\"https:\/\/wp.kristdemokraterna.se\/linkoping\/files\/2016\/06\/image.jpg 607w, https:\/\/wp.kristdemokraterna.se\/linkoping\/files\/2016\/06\/image-209x300.jpg 209w, https:\/\/wp.kristdemokraterna.se\/linkoping\/files\/2016\/06\/image-375x540.jpg 375w, https:\/\/wp.kristdemokraterna.se\/linkoping\/files\/2016\/06\/image-241x346.jpg 241w, https:\/\/wp.kristdemokraterna.se\/linkoping\/files\/2016\/06\/image-78x112.jpg 78w\" sizes=\"auto, (max-width: 607px) 100vw, 607px\" \/><\/p>\n<p>&nbsp;<\/p>\n","protected":false},"excerpt":{"rendered":"<p>Som representanter f\u00f6r v\u00e5ra tre partier s\u00e5 \u00e4r vi glada att konstatera att det under l\u00e5ng tid funnits en bred politisk uppslutning i Link\u00f6pings kommun om vikten av ett milj\u00f6- och klimatarbete. Att ni i Koalitionen tagit vid Alliansens arbete med ett koldioxidneutralt Link\u00f6ping \u00e4r positivt och viktigt.<\/p>\n","protected":false},"author":410,"featured_media":480,"comment_status":"closed","ping_status":"closed","sticky":false,"template":"","format":"standard","meta":{"_acf_changed":false,"footnotes":""},"categories":[22,1],"tags":[],"class_list":["post-477","post","type-post","status-publish","format-standard","hentry","category-arkiv","category-okategoriserade"],"acf":[],"yoast_head":"<!-- This site is optimized with the Yoast SEO plugin v27.4 - https:\/\/yoast.com\/product\/yoast-seo-wordpress\/ -->\n<title>\u00d6ppet brev till Socialdemokraterna, Milj\u00f6partiet och Liberalerna i Link\u00f6ping - Kristdemokraterna i Link\u00f6ping<\/title>\n<meta name=\"robots\" content=\"index, follow, max-snippet:-1, max-image-preview:large, max-video-preview:-1\" \/>\n<link rel=\"canonical\" href=\"https:\/\/wp.kristdemokraterna.se\/linkoping\/oppet-brev-till-socialdemokraterna-miljopartiet-och-liberalerna-i-linkoping\/\" \/>\n<meta property=\"og:locale\" content=\"sv_SE\" \/>\n<meta property=\"og:type\" content=\"article\" \/>\n<meta property=\"og:title\" content=\"\u00d6ppet brev till Socialdemokraterna, Milj\u00f6partiet och Liberalerna i Link\u00f6ping - Kristdemokraterna i Link\u00f6ping\" \/>\n<meta property=\"og:description\" content=\"Som representanter f\u00f6r v\u00e5ra tre partier s\u00e5 \u00e4r vi glada att konstatera att det under l\u00e5ng tid funnits en bred politisk uppslutning i Link\u00f6pings kommun om vikten av ett milj\u00f6- och klimatarbete. Att ni i Koalitionen tagit vid Alliansens arbete med ett koldioxidneutralt Link\u00f6ping \u00e4r positivt och viktigt.\" \/>\n<meta property=\"og:url\" content=\"https:\/\/wp.kristdemokraterna.se\/linkoping\/oppet-brev-till-socialdemokraterna-miljopartiet-och-liberalerna-i-linkoping\/\" \/>\n<meta property=\"og:site_name\" content=\"Kristdemokraterna i Link\u00f6ping\" \/>\n<meta property=\"article:author\" content=\"https:\/\/www.facebook.com\/kdlinkoping\/\" \/>\n<meta property=\"article:published_time\" content=\"2016-06-02T12:55:58+00:00\" \/>\n<meta property=\"article:modified_time\" content=\"2021-08-13T09:48:53+00:00\" \/>\n<meta property=\"og:image\" content=\"https:\/\/wp.kristdemokraterna.se\/linkoping\/files\/2016\/06\/image.jpg\" \/>\n\t<meta property=\"og:image:width\" content=\"607\" \/>\n\t<meta property=\"og:image:height\" content=\"873\" \/>\n\t<meta property=\"og:image:type\" content=\"image\/jpeg\" \/>\n<meta name=\"author\" content=\"linkoping\" \/>\n<meta name=\"twitter:card\" content=\"summary_large_image\" \/>\n<meta name=\"twitter:label1\" content=\"Skriven av\" \/>\n\t<meta name=\"twitter:data1\" content=\"linkoping\" \/>\n\t<meta name=\"twitter:label2\" content=\"Ber\u00e4knad l\u00e4stid\" \/>\n\t<meta name=\"twitter:data2\" content=\"1 minut\" \/>\n<script type=\"application\/ld+json\" class=\"yoast-schema-graph\">{\"@context\":\"https:\\\/\\\/schema.org\",\"@graph\":[{\"@type\":\"Article\",\"@id\":\"https:\\\/\\\/wp.kristdemokraterna.se\\\/linkoping\\\/oppet-brev-till-socialdemokraterna-miljopartiet-och-liberalerna-i-linkoping\\\/#article\",\"isPartOf\":{\"@id\":\"https:\\\/\\\/wp.kristdemokraterna.se\\\/linkoping\\\/oppet-brev-till-socialdemokraterna-miljopartiet-och-liberalerna-i-linkoping\\\/\"},\"author\":{\"name\":\"linkoping\",\"@id\":\"https:\\\/\\\/wp.kristdemokraterna.se\\\/linkoping\\\/#\\\/schema\\\/person\\\/b0148c3c8863db76d330faa282b9521a\"},\"headline\":\"\u00d6ppet brev till Socialdemokraterna, Milj\u00f6partiet och Liberalerna i Link\u00f6ping\",\"datePublished\":\"2016-06-02T12:55:58+00:00\",\"dateModified\":\"2021-08-13T09:48:53+00:00\",\"mainEntityOfPage\":{\"@id\":\"https:\\\/\\\/wp.kristdemokraterna.se\\\/linkoping\\\/oppet-brev-till-socialdemokraterna-miljopartiet-och-liberalerna-i-linkoping\\\/\"},\"wordCount\":310,\"image\":{\"@id\":\"https:\\\/\\\/wp.kristdemokraterna.se\\\/linkoping\\\/oppet-brev-till-socialdemokraterna-miljopartiet-och-liberalerna-i-linkoping\\\/#primaryimage\"},\"thumbnailUrl\":\"https:\\\/\\\/wp.kristdemokraterna.se\\\/linkoping\\\/files\\\/2016\\\/06\\\/image.jpg\",\"articleSection\":[\"arkiv\",\"okategoriserade\"],\"inLanguage\":\"sv-SE\"},{\"@type\":\"WebPage\",\"@id\":\"https:\\\/\\\/wp.kristdemokraterna.se\\\/linkoping\\\/oppet-brev-till-socialdemokraterna-miljopartiet-och-liberalerna-i-linkoping\\\/\",\"url\":\"https:\\\/\\\/wp.kristdemokraterna.se\\\/linkoping\\\/oppet-brev-till-socialdemokraterna-miljopartiet-och-liberalerna-i-linkoping\\\/\",\"name\":\"\u00d6ppet brev till Socialdemokraterna, Milj\u00f6partiet och Liberalerna i Link\u00f6ping - Kristdemokraterna i Link\u00f6ping\",\"isPartOf\":{\"@id\":\"https:\\\/\\\/wp.kristdemokraterna.se\\\/linkoping\\\/#website\"},\"primaryImageOfPage\":{\"@id\":\"https:\\\/\\\/wp.kristdemokraterna.se\\\/linkoping\\\/oppet-brev-till-socialdemokraterna-miljopartiet-och-liberalerna-i-linkoping\\\/#primaryimage\"},\"image\":{\"@id\":\"https:\\\/\\\/wp.kristdemokraterna.se\\\/linkoping\\\/oppet-brev-till-socialdemokraterna-miljopartiet-och-liberalerna-i-linkoping\\\/#primaryimage\"},\"thumbnailUrl\":\"https:\\\/\\\/wp.kristdemokraterna.se\\\/linkoping\\\/files\\\/2016\\\/06\\\/image.jpg\",\"datePublished\":\"2016-06-02T12:55:58+00:00\",\"dateModified\":\"2021-08-13T09:48:53+00:00\",\"author\":{\"@id\":\"https:\\\/\\\/wp.kristdemokraterna.se\\\/linkoping\\\/#\\\/schema\\\/person\\\/b0148c3c8863db76d330faa282b9521a\"},\"breadcrumb\":{\"@id\":\"https:\\\/\\\/wp.kristdemokraterna.se\\\/linkoping\\\/oppet-brev-till-socialdemokraterna-miljopartiet-och-liberalerna-i-linkoping\\\/#breadcrumb\"},\"inLanguage\":\"sv-SE\",\"potentialAction\":[{\"@type\":\"ReadAction\",\"target\":[\"https:\\\/\\\/wp.kristdemokraterna.se\\\/linkoping\\\/oppet-brev-till-socialdemokraterna-miljopartiet-och-liberalerna-i-linkoping\\\/\"]}]},{\"@type\":\"ImageObject\",\"inLanguage\":\"sv-SE\",\"@id\":\"https:\\\/\\\/wp.kristdemokraterna.se\\\/linkoping\\\/oppet-brev-till-socialdemokraterna-miljopartiet-och-liberalerna-i-linkoping\\\/#primaryimage\",\"url\":\"https:\\\/\\\/wp.kristdemokraterna.se\\\/linkoping\\\/files\\\/2016\\\/06\\\/image.jpg\",\"contentUrl\":\"https:\\\/\\\/wp.kristdemokraterna.se\\\/linkoping\\\/files\\\/2016\\\/06\\\/image.jpg\",\"width\":607,\"height\":873},{\"@type\":\"BreadcrumbList\",\"@id\":\"https:\\\/\\\/wp.kristdemokraterna.se\\\/linkoping\\\/oppet-brev-till-socialdemokraterna-miljopartiet-och-liberalerna-i-linkoping\\\/#breadcrumb\",\"itemListElement\":[{\"@type\":\"ListItem\",\"position\":1,\"name\":\"Hem\",\"item\":\"https:\\\/\\\/wp.kristdemokraterna.se\\\/linkoping\\\/\"},{\"@type\":\"ListItem\",\"position\":2,\"name\":\"\u00d6ppet brev till Socialdemokraterna, Milj\u00f6partiet och Liberalerna i Link\u00f6ping\"}]},{\"@type\":\"WebSite\",\"@id\":\"https:\\\/\\\/wp.kristdemokraterna.se\\\/linkoping\\\/#website\",\"url\":\"https:\\\/\\\/wp.kristdemokraterna.se\\\/linkoping\\\/\",\"name\":\"Kristdemokraterna i Link\u00f6ping\",\"description\":\"\",\"inLanguage\":\"sv-SE\"},{\"@type\":\"Person\",\"@id\":\"https:\\\/\\\/wp.kristdemokraterna.se\\\/linkoping\\\/#\\\/schema\\\/person\\\/b0148c3c8863db76d330faa282b9521a\",\"name\":\"linkoping\",\"image\":{\"@type\":\"ImageObject\",\"inLanguage\":\"sv-SE\",\"@id\":\"https:\\\/\\\/secure.gravatar.com\\\/avatar\\\/016e7965fec0e08fdd07b021a7d25181278d4b29b1d5bab57b16017e35421895?s=96&r=g\",\"url\":\"https:\\\/\\\/secure.gravatar.com\\\/avatar\\\/016e7965fec0e08fdd07b021a7d25181278d4b29b1d5bab57b16017e35421895?s=96&r=g\",\"contentUrl\":\"https:\\\/\\\/secure.gravatar.com\\\/avatar\\\/016e7965fec0e08fdd07b021a7d25181278d4b29b1d5bab57b16017e35421895?s=96&r=g\",\"caption\":\"linkoping\"},\"sameAs\":[\"https:\\\/\\\/www.facebook.com\\\/kdlinkoping\\\/\"],\"url\":\"https:\\\/\\\/wp.kristdemokraterna.se\\\/linkoping\\\/author\\\/linkoping\\\/\"}]}<\/script>\n<!-- \/ Yoast SEO plugin. -->","yoast_head_json":{"title":"\u00d6ppet brev till Socialdemokraterna, Milj\u00f6partiet och Liberalerna i Link\u00f6ping - Kristdemokraterna i Link\u00f6ping","robots":{"index":"index","follow":"follow","max-snippet":"max-snippet:-1","max-image-preview":"max-image-preview:large","max-video-preview":"max-video-preview:-1"},"canonical":"https:\/\/wp.kristdemokraterna.se\/linkoping\/oppet-brev-till-socialdemokraterna-miljopartiet-och-liberalerna-i-linkoping\/","og_locale":"sv_SE","og_type":"article","og_title":"\u00d6ppet brev till Socialdemokraterna, Milj\u00f6partiet och Liberalerna i Link\u00f6ping - Kristdemokraterna i Link\u00f6ping","og_description":"Som representanter f\u00f6r v\u00e5ra tre partier s\u00e5 \u00e4r vi glada att konstatera att det under l\u00e5ng tid funnits en bred politisk uppslutning i Link\u00f6pings kommun om vikten av ett milj\u00f6- och klimatarbete. Att ni i Koalitionen tagit vid Alliansens arbete med ett koldioxidneutralt Link\u00f6ping \u00e4r positivt och viktigt.","og_url":"https:\/\/wp.kristdemokraterna.se\/linkoping\/oppet-brev-till-socialdemokraterna-miljopartiet-och-liberalerna-i-linkoping\/","og_site_name":"Kristdemokraterna i Link\u00f6ping","article_author":"https:\/\/www.facebook.com\/kdlinkoping\/","article_published_time":"2016-06-02T12:55:58+00:00","article_modified_time":"2021-08-13T09:48:53+00:00","og_image":[{"width":607,"height":873,"url":"https:\/\/wp.kristdemokraterna.se\/linkoping\/files\/2016\/06\/image.jpg","type":"image\/jpeg"}],"author":"linkoping","twitter_card":"summary_large_image","twitter_misc":{"Skriven av":"linkoping","Ber\u00e4knad l\u00e4stid":"1 minut"},"schema":{"@context":"https:\/\/schema.org","@graph":[{"@type":"Article","@id":"https:\/\/wp.kristdemokraterna.se\/linkoping\/oppet-brev-till-socialdemokraterna-miljopartiet-och-liberalerna-i-linkoping\/#article","isPartOf":{"@id":"https:\/\/wp.kristdemokraterna.se\/linkoping\/oppet-brev-till-socialdemokraterna-miljopartiet-och-liberalerna-i-linkoping\/"},"author":{"name":"linkoping","@id":"https:\/\/wp.kristdemokraterna.se\/linkoping\/#\/schema\/person\/b0148c3c8863db76d330faa282b9521a"},"headline":"\u00d6ppet brev till Socialdemokraterna, Milj\u00f6partiet och Liberalerna i Link\u00f6ping","datePublished":"2016-06-02T12:55:58+00:00","dateModified":"2021-08-13T09:48:53+00:00","mainEntityOfPage":{"@id":"https:\/\/wp.kristdemokraterna.se\/linkoping\/oppet-brev-till-socialdemokraterna-miljopartiet-och-liberalerna-i-linkoping\/"},"wordCount":310,"image":{"@id":"https:\/\/wp.kristdemokraterna.se\/linkoping\/oppet-brev-till-socialdemokraterna-miljopartiet-och-liberalerna-i-linkoping\/#primaryimage"},"thumbnailUrl":"https:\/\/wp.kristdemokraterna.se\/linkoping\/files\/2016\/06\/image.jpg","articleSection":["arkiv","okategoriserade"],"inLanguage":"sv-SE"},{"@type":"WebPage","@id":"https:\/\/wp.kristdemokraterna.se\/linkoping\/oppet-brev-till-socialdemokraterna-miljopartiet-och-liberalerna-i-linkoping\/","url":"https:\/\/wp.kristdemokraterna.se\/linkoping\/oppet-brev-till-socialdemokraterna-miljopartiet-och-liberalerna-i-linkoping\/","name":"\u00d6ppet brev till Socialdemokraterna, Milj\u00f6partiet och Liberalerna i Link\u00f6ping - Kristdemokraterna i Link\u00f6ping","isPartOf":{"@id":"https:\/\/wp.kristdemokraterna.se\/linkoping\/#website"},"primaryImageOfPage":{"@id":"https:\/\/wp.kristdemokraterna.se\/linkoping\/oppet-brev-till-socialdemokraterna-miljopartiet-och-liberalerna-i-linkoping\/#primaryimage"},"image":{"@id":"https:\/\/wp.kristdemokraterna.se\/linkoping\/oppet-brev-till-socialdemokraterna-miljopartiet-och-liberalerna-i-linkoping\/#primaryimage"},"thumbnailUrl":"https:\/\/wp.kristdemokraterna.se\/linkoping\/files\/2016\/06\/image.jpg","datePublished":"2016-06-02T12:55:58+00:00","dateModified":"2021-08-13T09:48:53+00:00","author":{"@id":"https:\/\/wp.kristdemokraterna.se\/linkoping\/#\/schema\/person\/b0148c3c8863db76d330faa282b9521a"},"breadcrumb":{"@id":"https:\/\/wp.kristdemokraterna.se\/linkoping\/oppet-brev-till-socialdemokraterna-miljopartiet-och-liberalerna-i-linkoping\/#breadcrumb"},"inLanguage":"sv-SE","potentialAction":[{"@type":"ReadAction","target":["https:\/\/wp.kristdemokraterna.se\/linkoping\/oppet-brev-till-socialdemokraterna-miljopartiet-och-liberalerna-i-linkoping\/"]}]},{"@type":"ImageObject","inLanguage":"sv-SE","@id":"https:\/\/wp.kristdemokraterna.se\/linkoping\/oppet-brev-till-socialdemokraterna-miljopartiet-och-liberalerna-i-linkoping\/#primaryimage","url":"https:\/\/wp.kristdemokraterna.se\/linkoping\/files\/2016\/06\/image.jpg","contentUrl":"https:\/\/wp.kristdemokraterna.se\/linkoping\/files\/2016\/06\/image.jpg","width":607,"height":873},{"@type":"BreadcrumbList","@id":"https:\/\/wp.kristdemokraterna.se\/linkoping\/oppet-brev-till-socialdemokraterna-miljopartiet-och-liberalerna-i-linkoping\/#breadcrumb","itemListElement":[{"@type":"ListItem","position":1,"name":"Hem","item":"https:\/\/wp.kristdemokraterna.se\/linkoping\/"},{"@type":"ListItem","position":2,"name":"\u00d6ppet brev till Socialdemokraterna, Milj\u00f6partiet och Liberalerna i Link\u00f6ping"}]},{"@type":"WebSite","@id":"https:\/\/wp.kristdemokraterna.se\/linkoping\/#website","url":"https:\/\/wp.kristdemokraterna.se\/linkoping\/","name":"Kristdemokraterna i Link\u00f6ping","description":"","inLanguage":"sv-SE"},{"@type":"Person","@id":"https:\/\/wp.kristdemokraterna.se\/linkoping\/#\/schema\/person\/b0148c3c8863db76d330faa282b9521a","name":"linkoping","image":{"@type":"ImageObject","inLanguage":"sv-SE","@id":"https:\/\/secure.gravatar.com\/avatar\/016e7965fec0e08fdd07b021a7d25181278d4b29b1d5bab57b16017e35421895?s=96&r=g","url":"https:\/\/secure.gravatar.com\/avatar\/016e7965fec0e08fdd07b021a7d25181278d4b29b1d5bab57b16017e35421895?s=96&r=g","contentUrl":"https:\/\/secure.gravatar.com\/avatar\/016e7965fec0e08fdd07b021a7d25181278d4b29b1d5bab57b16017e35421895?s=96&r=g","caption":"linkoping"},"sameAs":["https:\/\/www.facebook.com\/kdlinkoping\/"],"url":"https:\/\/wp.kristdemokraterna.se\/linkoping\/author\/linkoping\/"}]}},"_links":{"self":[{"href":"https:\/\/wp.kristdemokraterna.se\/linkoping\/wp-json\/wp\/v2\/posts\/477","targetHints":{"allow":["GET"]}}],"collection":[{"href":"https:\/\/wp.kristdemokraterna.se\/linkoping\/wp-json\/wp\/v2\/posts"}],"about":[{"href":"https:\/\/wp.kristdemokraterna.se\/linkoping\/wp-json\/wp\/v2\/types\/post"}],"author":[{"embeddable":true,"href":"https:\/\/wp.kristdemokraterna.se\/linkoping\/wp-json\/wp\/v2\/users\/410"}],"replies":[{"embeddable":true,"href":"https:\/\/wp.kristdemokraterna.se\/linkoping\/wp-json\/wp\/v2\/comments?post=477"}],"version-history":[{"count":4,"href":"https:\/\/wp.kristdemokraterna.se\/linkoping\/wp-json\/wp\/v2\/posts\/477\/revisions"}],"predecessor-version":[{"id":482,"href":"https:\/\/wp.kristdemokraterna.se\/linkoping\/wp-json\/wp\/v2\/posts\/477\/revisions\/482"}],"wp:featuredmedia":[{"embeddable":true,"href":"https:\/\/wp.kristdemokraterna.se\/linkoping\/wp-json\/wp\/v2\/media\/480"}],"wp:attachment":[{"href":"https:\/\/wp.kristdemokraterna.se\/linkoping\/wp-json\/wp\/v2\/media?parent=477"}],"wp:term":[{"taxonomy":"category","embeddable":true,"href":"https:\/\/wp.kristdemokraterna.se\/linkoping\/wp-json\/wp\/v2\/categories?post=477"},{"taxonomy":"post_tag","embeddable":true,"href":"https:\/\/wp.kristdemokraterna.se\/linkoping\/wp-json\/wp\/v2\/tags?post=477"}],"curies":[{"name":"wp","href":"https:\/\/api.w.org\/{rel}","templated":true}]}}