{"id":490,"date":"2016-08-27T09:59:12","date_gmt":"2016-08-27T07:59:12","guid":{"rendered":"http:\/\/wp.kristdemokraterna.se\/linkoping\/?p=490"},"modified":"2021-08-13T11:48:53","modified_gmt":"2021-08-13T09:48:53","slug":"sara-skyttedal-ar-nomineringsgruppens-forslag","status":"publish","type":"post","link":"https:\/\/wp.kristdemokraterna.se\/linkoping\/sara-skyttedal-ar-nomineringsgruppens-forslag\/","title":{"rendered":"Sara Skyttedal \u00e4r nomineringsgruppens f\u00f6rslag"},"content":{"rendered":"<p><img loading=\"lazy\" decoding=\"async\" width=\"200\" height=\"200\" src=\"http:\/\/i0.wp.com\/wp.kristdemokraterna.se\/linkoping\/files\/2016\/08\/74792.jpg?w=1056\" class=\"wp-image-486 alignnone size-full\" srcset=\"https:\/\/wp.kristdemokraterna.se\/linkoping\/files\/2016\/08\/74792.jpg 200w, https:\/\/wp.kristdemokraterna.se\/linkoping\/files\/2016\/08\/74792-150x150.jpg 150w, https:\/\/wp.kristdemokraterna.se\/linkoping\/files\/2016\/08\/74792-112x112.jpg 112w\" sizes=\"auto, (max-width: 200px) 100vw, 200px\" \/><span style=\"font-family: Calibri, sans-serif;font-size: 11pt\"><b><br \/>\n<\/b><\/span><\/p>\n<p><b style=\"font-family: Calibri, sans-serif;font-size: 11pt\">Kristdemokraterna i Link\u00f6ping st\u00e5r i begrepp att v\u00e4lja nytt kommunalr\u00e5d. V\u00e5rt nuvarande kommunalr\u00e5d, Andreas Ardenfors, meddelade i juni att han tackat ja till en tj\u00e4nst i Stockholm och d\u00e4rf\u00f6r ville avs\u00e4ga sig kommunalr\u00e5dsuppdraget fr\u00e5n 1 oktober 2016.<\/b><\/p>\n<p style=\"margin: 0cm 0cm 0.0001pt;font-size: 11pt;font-family: Calibri, sans-serif\">I enlighet med Kristdemokraternas stadgar och arbetsordningen f\u00f6r Kristdemokraternas kommunpolitiska arbete i Link\u00f6pings kommun, \u00e4r det styrelsen som har uppgiften att fatta beslut om f\u00f6rdelningen av f\u00f6rtroendeuppdrag (som exempelvis kommunalr\u00e5dsuppdraget). Under f\u00f6reg\u00e5ende mandatperiod (2010-2014) valde d\u00e5varande kommunalr\u00e5d att avs\u00e4ga sig uppdraget. N\u00e4r eftertr\u00e4daren d\u00e5 valdes, var det styrelsen som fattade beslutet. Enligt den lokala arbetsordningen f\u00f6r Kristdemokraterna i Link\u00f6ping g\u00f6rs ett undantag i det skede n\u00e4r samtliga f\u00f6rtroendeuppdrag ska f\u00f6rdelas direkt efter ett val. D\u00e5 ska en s\u00e4rskild nomineringsgrupp v\u00e4ljas, som ska l\u00e4gga fram sitt f\u00f6rslag inf\u00f6r ett extra \u00e5rsm\u00f6te (medlemsm\u00f6te), som fattar beslut.<\/p>\n<p style=\"margin: 0cm 0cm 0.0001pt;font-size: 11pt;font-family: Calibri, sans-serif\">&nbsp;<\/p>\n<p style=\"margin: 0cm 0cm 0.0001pt;font-size: 11pt;font-family: Calibri, sans-serif\">N\u00e4r partiavdelningens styrelse var samlade till ett extra styrelsem\u00f6te fredag 1 juli i \u00e5r, beslutade styrelsen att i den nu aktuella valsituationen lyfta upp beslutet till ett extra \u00e5rsm\u00f6te (medlemsm\u00f6te). Det \u00e4r naturligtvis m\u00f6jligt f\u00f6r styrelsen att p\u00e5 det s\u00e4ttet lyfta beslutet till en \u201dh\u00f6gre\u201d niv\u00e5, \u00e4ven om det egentligen enligt stadgar och arbetsordning hade r\u00e4ckt med att valet gjorts genom ett styrelsebeslut.&nbsp; Styrelsen beslutade f\u00f6ljaktligen ocks\u00e5 att utse en nomineringsgrupp, med uppdraget att l\u00e4gga fram f\u00f6rslag till nytt kommunalr\u00e5d inf\u00f6r beslut vid det extra \u00e5rsm\u00f6tet.<\/p>\n<p style=\"margin: 0cm 0cm 0.0001pt;font-size: 11pt;font-family: Calibri, sans-serif\">&nbsp;<\/p>\n<p style=\"margin: 0cm 0cm 0.0001pt;font-size: 15px;font-family: Calibri, sans-serif\">Dagen efter styrelsem\u00f6tet, l\u00f6rdag 2 juli, s\u00e4ndes e-post ut till medlemmarna i Link\u00f6pings partiavdelning, med information om Andreas Ardenfors avs\u00e4gelse, om styrelsens beslut om val av nomineringsgrupp och kallande till extra \u00e5rsm\u00f6te samt en uppmaning att antingen nominera l\u00e4mpliga personer till uppdraget, eller sj\u00e4lv anm\u00e4la intresse.<\/p>\n<p style=\"margin: 0cm 0cm 0.0001pt;font-size: 15px;font-family: Calibri, sans-serif\">N\u00e4r nomineringstiden var avslutad p\u00e5b\u00f6rjades nomineringsgruppens arbete p\u00e5 allvar. Efter flera m\u00f6ten, antingen p\u00e5 plats p\u00e5 Kristdemokraternas kansli i Link\u00f6ping, eller via telefonm\u00f6te och \u00e5tskilliga mailkontakter, hade arbetsprocessen 15 augusti lett fram till ett slutligt, enigt f\u00f6rslag \u2013 Sara Skyttedal.<\/p>\n<p style=\"margin: 0cm 0cm 0.0001pt;font-size: 11pt;font-family: Calibri, sans-serif\">&nbsp;<\/p>\n<p style=\"margin: 0cm 0cm 0.0001pt;font-size: 11pt;font-family: Calibri, sans-serif\">F\u00f6rslaget presenterades f\u00f6r medlemmarna i partiavdelningen via ett e-postutskick och f\u00f6r \u00f6stg\u00f6tska medier vid en presskonferens. B\u00e5da h\u00e4ndelserna intr\u00e4ffade samtidigt, strax efter kl 11.00 fredag 19 augusti.<\/p>\n<p style=\"margin: 0cm 0cm 0.0001pt;font-size: 11pt;font-family: Calibri, sans-serif\">&nbsp;<\/p>\n<p style=\"margin: 0cm 0cm 0.0001pt;font-size: 11pt;font-family: Calibri, sans-serif\">Alla medlemmar har naturligtvis r\u00e4tt att ha synpunkter p\u00e5 det officiella f\u00f6rslaget fr\u00e5n nomineringsgruppen, och det finns alla m\u00f6jligheter att i samband med det extra \u00e5rsm\u00f6tet 7 september l\u00e4gga fram alternativa f\u00f6rslag, som st\u00e4lls mot nomineringsgruppens f\u00f6rslag.<\/p>\n<p style=\"margin: 0cm 0cm 0.0001pt;font-size: 11pt;font-family: Calibri, sans-serif\">&nbsp;<\/p>\n<p style=\"margin: 0cm 0cm 0.0001pt;font-size: 11pt;font-family: Calibri, sans-serif\">Vi vill dock understryka att det finns en nomineringsgrupp som lagt fram ett officiellt f\u00f6rslag till nytt kommunalr\u00e5d. Helt i enlighet med stadgar och arbetsordning.<\/p>\n<p style=\"margin: 0cm 0cm 0.0001pt;font-size: 11pt;font-family: Calibri, sans-serif\">&nbsp;<\/p>\n<p style=\"margin: 0cm 0cm 0.0001pt;font-size: 15px;font-family: Calibri, sans-serif\">Arbetsutskottet f\u00f6r partiavdelningens styrelse, Kristdemokraterna i Link\u00f6ping<\/p>\n","protected":false},"excerpt":{"rendered":"<p>Kristdemokraterna i Link\u00f6ping st\u00e5r i begrepp att v\u00e4lja nytt kommunalr\u00e5d. V\u00e5rt nuvarande kommunalr\u00e5d, Andreas Ardenfors, meddelade i juni att han tackat ja till en tj\u00e4nst i Stockholm och d\u00e4rf\u00f6r ville avs\u00e4ga sig kommunalr\u00e5dsuppdraget fr\u00e5n 1 oktober 2016. I enlighet med Kristdemokraternas stadgar och arbetsordningen f\u00f6r Kristdemokraternas kommunpolitiska arbete i Link\u00f6pings kommun, \u00e4r det styrelsen som <a class=\"read-more-link\" href=\"https:\/\/wp.kristdemokraterna.se\/linkoping\/sara-skyttedal-ar-nomineringsgruppens-forslag\/\">Read More<\/a><\/p>\n","protected":false},"author":410,"featured_media":0,"comment_status":"closed","ping_status":"closed","sticky":false,"template":"","format":"standard","meta":{"_acf_changed":false,"footnotes":""},"categories":[22,1],"tags":[],"class_list":["post-490","post","type-post","status-publish","format-standard","hentry","category-arkiv","category-okategoriserade"],"acf":[],"yoast_head":"<!-- This site is optimized with the Yoast SEO plugin v27.4 - https:\/\/yoast.com\/product\/yoast-seo-wordpress\/ -->\n<title>Sara Skyttedal \u00e4r nomineringsgruppens f\u00f6rslag - Kristdemokraterna i Link\u00f6ping<\/title>\n<meta name=\"robots\" content=\"index, follow, max-snippet:-1, max-image-preview:large, max-video-preview:-1\" \/>\n<link rel=\"canonical\" href=\"https:\/\/wp.kristdemokraterna.se\/linkoping\/sara-skyttedal-ar-nomineringsgruppens-forslag\/\" \/>\n<meta property=\"og:locale\" content=\"sv_SE\" \/>\n<meta property=\"og:type\" content=\"article\" \/>\n<meta property=\"og:title\" content=\"Sara Skyttedal \u00e4r nomineringsgruppens f\u00f6rslag - Kristdemokraterna i Link\u00f6ping\" \/>\n<meta property=\"og:description\" content=\"Kristdemokraterna i Link\u00f6ping st\u00e5r i begrepp att v\u00e4lja nytt kommunalr\u00e5d. V\u00e5rt nuvarande kommunalr\u00e5d, Andreas Ardenfors, meddelade i juni att han tackat ja till en tj\u00e4nst i Stockholm och d\u00e4rf\u00f6r ville avs\u00e4ga sig kommunalr\u00e5dsuppdraget fr\u00e5n 1 oktober 2016. I enlighet med Kristdemokraternas stadgar och arbetsordningen f\u00f6r Kristdemokraternas kommunpolitiska arbete i Link\u00f6pings kommun, \u00e4r det styrelsen som Read More\" \/>\n<meta property=\"og:url\" content=\"https:\/\/wp.kristdemokraterna.se\/linkoping\/sara-skyttedal-ar-nomineringsgruppens-forslag\/\" \/>\n<meta property=\"og:site_name\" content=\"Kristdemokraterna i Link\u00f6ping\" \/>\n<meta property=\"article:author\" content=\"https:\/\/www.facebook.com\/kdlinkoping\/\" \/>\n<meta property=\"article:published_time\" content=\"2016-08-27T07:59:12+00:00\" \/>\n<meta property=\"article:modified_time\" content=\"2021-08-13T09:48:53+00:00\" \/>\n<meta property=\"og:image\" content=\"http:\/\/i0.wp.com\/wp.kristdemokraterna.se\/linkoping\/files\/2016\/08\/74792.jpg?w=1056\" \/>\n<meta name=\"author\" content=\"linkoping\" \/>\n<meta name=\"twitter:card\" content=\"summary_large_image\" \/>\n<meta name=\"twitter:label1\" content=\"Skriven av\" \/>\n\t<meta name=\"twitter:data1\" content=\"linkoping\" \/>\n\t<meta name=\"twitter:label2\" content=\"Ber\u00e4knad l\u00e4stid\" \/>\n\t<meta name=\"twitter:data2\" content=\"2 minuter\" \/>\n<script type=\"application\/ld+json\" class=\"yoast-schema-graph\">{\"@context\":\"https:\\\/\\\/schema.org\",\"@graph\":[{\"@type\":\"Article\",\"@id\":\"https:\\\/\\\/wp.kristdemokraterna.se\\\/linkoping\\\/sara-skyttedal-ar-nomineringsgruppens-forslag\\\/#article\",\"isPartOf\":{\"@id\":\"https:\\\/\\\/wp.kristdemokraterna.se\\\/linkoping\\\/sara-skyttedal-ar-nomineringsgruppens-forslag\\\/\"},\"author\":{\"name\":\"linkoping\",\"@id\":\"https:\\\/\\\/wp.kristdemokraterna.se\\\/linkoping\\\/#\\\/schema\\\/person\\\/b0148c3c8863db76d330faa282b9521a\"},\"headline\":\"Sara Skyttedal \u00e4r nomineringsgruppens f\u00f6rslag\",\"datePublished\":\"2016-08-27T07:59:12+00:00\",\"dateModified\":\"2021-08-13T09:48:53+00:00\",\"mainEntityOfPage\":{\"@id\":\"https:\\\/\\\/wp.kristdemokraterna.se\\\/linkoping\\\/sara-skyttedal-ar-nomineringsgruppens-forslag\\\/\"},\"wordCount\":491,\"image\":{\"@id\":\"https:\\\/\\\/wp.kristdemokraterna.se\\\/linkoping\\\/sara-skyttedal-ar-nomineringsgruppens-forslag\\\/#primaryimage\"},\"thumbnailUrl\":\"http:\\\/\\\/i0.wp.com\\\/wp.kristdemokraterna.se\\\/linkoping\\\/files\\\/2016\\\/08\\\/74792.jpg?w=1056\",\"articleSection\":[\"arkiv\",\"okategoriserade\"],\"inLanguage\":\"sv-SE\"},{\"@type\":\"WebPage\",\"@id\":\"https:\\\/\\\/wp.kristdemokraterna.se\\\/linkoping\\\/sara-skyttedal-ar-nomineringsgruppens-forslag\\\/\",\"url\":\"https:\\\/\\\/wp.kristdemokraterna.se\\\/linkoping\\\/sara-skyttedal-ar-nomineringsgruppens-forslag\\\/\",\"name\":\"Sara Skyttedal \u00e4r nomineringsgruppens f\u00f6rslag - Kristdemokraterna i Link\u00f6ping\",\"isPartOf\":{\"@id\":\"https:\\\/\\\/wp.kristdemokraterna.se\\\/linkoping\\\/#website\"},\"primaryImageOfPage\":{\"@id\":\"https:\\\/\\\/wp.kristdemokraterna.se\\\/linkoping\\\/sara-skyttedal-ar-nomineringsgruppens-forslag\\\/#primaryimage\"},\"image\":{\"@id\":\"https:\\\/\\\/wp.kristdemokraterna.se\\\/linkoping\\\/sara-skyttedal-ar-nomineringsgruppens-forslag\\\/#primaryimage\"},\"thumbnailUrl\":\"http:\\\/\\\/i0.wp.com\\\/wp.kristdemokraterna.se\\\/linkoping\\\/files\\\/2016\\\/08\\\/74792.jpg?w=1056\",\"datePublished\":\"2016-08-27T07:59:12+00:00\",\"dateModified\":\"2021-08-13T09:48:53+00:00\",\"author\":{\"@id\":\"https:\\\/\\\/wp.kristdemokraterna.se\\\/linkoping\\\/#\\\/schema\\\/person\\\/b0148c3c8863db76d330faa282b9521a\"},\"breadcrumb\":{\"@id\":\"https:\\\/\\\/wp.kristdemokraterna.se\\\/linkoping\\\/sara-skyttedal-ar-nomineringsgruppens-forslag\\\/#breadcrumb\"},\"inLanguage\":\"sv-SE\",\"potentialAction\":[{\"@type\":\"ReadAction\",\"target\":[\"https:\\\/\\\/wp.kristdemokraterna.se\\\/linkoping\\\/sara-skyttedal-ar-nomineringsgruppens-forslag\\\/\"]}]},{\"@type\":\"ImageObject\",\"inLanguage\":\"sv-SE\",\"@id\":\"https:\\\/\\\/wp.kristdemokraterna.se\\\/linkoping\\\/sara-skyttedal-ar-nomineringsgruppens-forslag\\\/#primaryimage\",\"url\":\"http:\\\/\\\/i0.wp.com\\\/wp.kristdemokraterna.se\\\/linkoping\\\/files\\\/2016\\\/08\\\/74792.jpg?w=1056\",\"contentUrl\":\"http:\\\/\\\/i0.wp.com\\\/wp.kristdemokraterna.se\\\/linkoping\\\/files\\\/2016\\\/08\\\/74792.jpg?w=1056\"},{\"@type\":\"BreadcrumbList\",\"@id\":\"https:\\\/\\\/wp.kristdemokraterna.se\\\/linkoping\\\/sara-skyttedal-ar-nomineringsgruppens-forslag\\\/#breadcrumb\",\"itemListElement\":[{\"@type\":\"ListItem\",\"position\":1,\"name\":\"Hem\",\"item\":\"https:\\\/\\\/wp.kristdemokraterna.se\\\/linkoping\\\/\"},{\"@type\":\"ListItem\",\"position\":2,\"name\":\"Sara Skyttedal \u00e4r nomineringsgruppens f\u00f6rslag\"}]},{\"@type\":\"WebSite\",\"@id\":\"https:\\\/\\\/wp.kristdemokraterna.se\\\/linkoping\\\/#website\",\"url\":\"https:\\\/\\\/wp.kristdemokraterna.se\\\/linkoping\\\/\",\"name\":\"Kristdemokraterna i Link\u00f6ping\",\"description\":\"\",\"inLanguage\":\"sv-SE\"},{\"@type\":\"Person\",\"@id\":\"https:\\\/\\\/wp.kristdemokraterna.se\\\/linkoping\\\/#\\\/schema\\\/person\\\/b0148c3c8863db76d330faa282b9521a\",\"name\":\"linkoping\",\"image\":{\"@type\":\"ImageObject\",\"inLanguage\":\"sv-SE\",\"@id\":\"https:\\\/\\\/secure.gravatar.com\\\/avatar\\\/016e7965fec0e08fdd07b021a7d25181278d4b29b1d5bab57b16017e35421895?s=96&r=g\",\"url\":\"https:\\\/\\\/secure.gravatar.com\\\/avatar\\\/016e7965fec0e08fdd07b021a7d25181278d4b29b1d5bab57b16017e35421895?s=96&r=g\",\"contentUrl\":\"https:\\\/\\\/secure.gravatar.com\\\/avatar\\\/016e7965fec0e08fdd07b021a7d25181278d4b29b1d5bab57b16017e35421895?s=96&r=g\",\"caption\":\"linkoping\"},\"sameAs\":[\"https:\\\/\\\/www.facebook.com\\\/kdlinkoping\\\/\"],\"url\":\"https:\\\/\\\/wp.kristdemokraterna.se\\\/linkoping\\\/author\\\/linkoping\\\/\"}]}<\/script>\n<!-- \/ Yoast SEO plugin. -->","yoast_head_json":{"title":"Sara Skyttedal \u00e4r nomineringsgruppens f\u00f6rslag - Kristdemokraterna i Link\u00f6ping","robots":{"index":"index","follow":"follow","max-snippet":"max-snippet:-1","max-image-preview":"max-image-preview:large","max-video-preview":"max-video-preview:-1"},"canonical":"https:\/\/wp.kristdemokraterna.se\/linkoping\/sara-skyttedal-ar-nomineringsgruppens-forslag\/","og_locale":"sv_SE","og_type":"article","og_title":"Sara Skyttedal \u00e4r nomineringsgruppens f\u00f6rslag - Kristdemokraterna i Link\u00f6ping","og_description":"Kristdemokraterna i Link\u00f6ping st\u00e5r i begrepp att v\u00e4lja nytt kommunalr\u00e5d. V\u00e5rt nuvarande kommunalr\u00e5d, Andreas Ardenfors, meddelade i juni att han tackat ja till en tj\u00e4nst i Stockholm och d\u00e4rf\u00f6r ville avs\u00e4ga sig kommunalr\u00e5dsuppdraget fr\u00e5n 1 oktober 2016. I enlighet med Kristdemokraternas stadgar och arbetsordningen f\u00f6r Kristdemokraternas kommunpolitiska arbete i Link\u00f6pings kommun, \u00e4r det styrelsen som Read More","og_url":"https:\/\/wp.kristdemokraterna.se\/linkoping\/sara-skyttedal-ar-nomineringsgruppens-forslag\/","og_site_name":"Kristdemokraterna i Link\u00f6ping","article_author":"https:\/\/www.facebook.com\/kdlinkoping\/","article_published_time":"2016-08-27T07:59:12+00:00","article_modified_time":"2021-08-13T09:48:53+00:00","og_image":[{"url":"http:\/\/i0.wp.com\/wp.kristdemokraterna.se\/linkoping\/files\/2016\/08\/74792.jpg?w=1056","type":"","width":"","height":""}],"author":"linkoping","twitter_card":"summary_large_image","twitter_misc":{"Skriven av":"linkoping","Ber\u00e4knad l\u00e4stid":"2 minuter"},"schema":{"@context":"https:\/\/schema.org","@graph":[{"@type":"Article","@id":"https:\/\/wp.kristdemokraterna.se\/linkoping\/sara-skyttedal-ar-nomineringsgruppens-forslag\/#article","isPartOf":{"@id":"https:\/\/wp.kristdemokraterna.se\/linkoping\/sara-skyttedal-ar-nomineringsgruppens-forslag\/"},"author":{"name":"linkoping","@id":"https:\/\/wp.kristdemokraterna.se\/linkoping\/#\/schema\/person\/b0148c3c8863db76d330faa282b9521a"},"headline":"Sara Skyttedal \u00e4r nomineringsgruppens f\u00f6rslag","datePublished":"2016-08-27T07:59:12+00:00","dateModified":"2021-08-13T09:48:53+00:00","mainEntityOfPage":{"@id":"https:\/\/wp.kristdemokraterna.se\/linkoping\/sara-skyttedal-ar-nomineringsgruppens-forslag\/"},"wordCount":491,"image":{"@id":"https:\/\/wp.kristdemokraterna.se\/linkoping\/sara-skyttedal-ar-nomineringsgruppens-forslag\/#primaryimage"},"thumbnailUrl":"http:\/\/i0.wp.com\/wp.kristdemokraterna.se\/linkoping\/files\/2016\/08\/74792.jpg?w=1056","articleSection":["arkiv","okategoriserade"],"inLanguage":"sv-SE"},{"@type":"WebPage","@id":"https:\/\/wp.kristdemokraterna.se\/linkoping\/sara-skyttedal-ar-nomineringsgruppens-forslag\/","url":"https:\/\/wp.kristdemokraterna.se\/linkoping\/sara-skyttedal-ar-nomineringsgruppens-forslag\/","name":"Sara Skyttedal \u00e4r nomineringsgruppens f\u00f6rslag - Kristdemokraterna i Link\u00f6ping","isPartOf":{"@id":"https:\/\/wp.kristdemokraterna.se\/linkoping\/#website"},"primaryImageOfPage":{"@id":"https:\/\/wp.kristdemokraterna.se\/linkoping\/sara-skyttedal-ar-nomineringsgruppens-forslag\/#primaryimage"},"image":{"@id":"https:\/\/wp.kristdemokraterna.se\/linkoping\/sara-skyttedal-ar-nomineringsgruppens-forslag\/#primaryimage"},"thumbnailUrl":"http:\/\/i0.wp.com\/wp.kristdemokraterna.se\/linkoping\/files\/2016\/08\/74792.jpg?w=1056","datePublished":"2016-08-27T07:59:12+00:00","dateModified":"2021-08-13T09:48:53+00:00","author":{"@id":"https:\/\/wp.kristdemokraterna.se\/linkoping\/#\/schema\/person\/b0148c3c8863db76d330faa282b9521a"},"breadcrumb":{"@id":"https:\/\/wp.kristdemokraterna.se\/linkoping\/sara-skyttedal-ar-nomineringsgruppens-forslag\/#breadcrumb"},"inLanguage":"sv-SE","potentialAction":[{"@type":"ReadAction","target":["https:\/\/wp.kristdemokraterna.se\/linkoping\/sara-skyttedal-ar-nomineringsgruppens-forslag\/"]}]},{"@type":"ImageObject","inLanguage":"sv-SE","@id":"https:\/\/wp.kristdemokraterna.se\/linkoping\/sara-skyttedal-ar-nomineringsgruppens-forslag\/#primaryimage","url":"http:\/\/i0.wp.com\/wp.kristdemokraterna.se\/linkoping\/files\/2016\/08\/74792.jpg?w=1056","contentUrl":"http:\/\/i0.wp.com\/wp.kristdemokraterna.se\/linkoping\/files\/2016\/08\/74792.jpg?w=1056"},{"@type":"BreadcrumbList","@id":"https:\/\/wp.kristdemokraterna.se\/linkoping\/sara-skyttedal-ar-nomineringsgruppens-forslag\/#breadcrumb","itemListElement":[{"@type":"ListItem","position":1,"name":"Hem","item":"https:\/\/wp.kristdemokraterna.se\/linkoping\/"},{"@type":"ListItem","position":2,"name":"Sara Skyttedal \u00e4r nomineringsgruppens f\u00f6rslag"}]},{"@type":"WebSite","@id":"https:\/\/wp.kristdemokraterna.se\/linkoping\/#website","url":"https:\/\/wp.kristdemokraterna.se\/linkoping\/","name":"Kristdemokraterna i Link\u00f6ping","description":"","inLanguage":"sv-SE"},{"@type":"Person","@id":"https:\/\/wp.kristdemokraterna.se\/linkoping\/#\/schema\/person\/b0148c3c8863db76d330faa282b9521a","name":"linkoping","image":{"@type":"ImageObject","inLanguage":"sv-SE","@id":"https:\/\/secure.gravatar.com\/avatar\/016e7965fec0e08fdd07b021a7d25181278d4b29b1d5bab57b16017e35421895?s=96&r=g","url":"https:\/\/secure.gravatar.com\/avatar\/016e7965fec0e08fdd07b021a7d25181278d4b29b1d5bab57b16017e35421895?s=96&r=g","contentUrl":"https:\/\/secure.gravatar.com\/avatar\/016e7965fec0e08fdd07b021a7d25181278d4b29b1d5bab57b16017e35421895?s=96&r=g","caption":"linkoping"},"sameAs":["https:\/\/www.facebook.com\/kdlinkoping\/"],"url":"https:\/\/wp.kristdemokraterna.se\/linkoping\/author\/linkoping\/"}]}},"_links":{"self":[{"href":"https:\/\/wp.kristdemokraterna.se\/linkoping\/wp-json\/wp\/v2\/posts\/490","targetHints":{"allow":["GET"]}}],"collection":[{"href":"https:\/\/wp.kristdemokraterna.se\/linkoping\/wp-json\/wp\/v2\/posts"}],"about":[{"href":"https:\/\/wp.kristdemokraterna.se\/linkoping\/wp-json\/wp\/v2\/types\/post"}],"author":[{"embeddable":true,"href":"https:\/\/wp.kristdemokraterna.se\/linkoping\/wp-json\/wp\/v2\/users\/410"}],"replies":[{"embeddable":true,"href":"https:\/\/wp.kristdemokraterna.se\/linkoping\/wp-json\/wp\/v2\/comments?post=490"}],"version-history":[{"count":2,"href":"https:\/\/wp.kristdemokraterna.se\/linkoping\/wp-json\/wp\/v2\/posts\/490\/revisions"}],"predecessor-version":[{"id":492,"href":"https:\/\/wp.kristdemokraterna.se\/linkoping\/wp-json\/wp\/v2\/posts\/490\/revisions\/492"}],"wp:attachment":[{"href":"https:\/\/wp.kristdemokraterna.se\/linkoping\/wp-json\/wp\/v2\/media?parent=490"}],"wp:term":[{"taxonomy":"category","embeddable":true,"href":"https:\/\/wp.kristdemokraterna.se\/linkoping\/wp-json\/wp\/v2\/categories?post=490"},{"taxonomy":"post_tag","embeddable":true,"href":"https:\/\/wp.kristdemokraterna.se\/linkoping\/wp-json\/wp\/v2\/tags?post=490"}],"curies":[{"name":"wp","href":"https:\/\/api.w.org\/{rel}","templated":true}]}}