{"id":493,"date":"2016-09-07T21:19:06","date_gmt":"2016-09-07T19:19:06","guid":{"rendered":"http:\/\/wp.kristdemokraterna.se\/linkoping\/?p=493"},"modified":"2021-08-13T11:48:53","modified_gmt":"2021-08-13T09:48:53","slug":"beslut-ikvall-sara-skyttedal-nytt-kommunalrad-for-kristdemokraterna","status":"publish","type":"post","link":"https:\/\/wp.kristdemokraterna.se\/linkoping\/beslut-ikvall-sara-skyttedal-nytt-kommunalrad-for-kristdemokraterna\/","title":{"rendered":"BESLUT IKV\u00c4LL:\u00a0Sara Skyttedal nytt kommunalr\u00e5d f\u00f6r Kristdemokraterna"},"content":{"rendered":"<p><img loading=\"lazy\" decoding=\"async\" class=\"alignleft size-full wp-image-498\" src=\"https:\/\/wp.kristdemokraterna.se\/linkoping\/files\/2016\/09\/14238216_10154514457632520_8734453933140555110_n.jpg\" alt=\"14238216-10154514457632520-8734453933140555110-n\" width=\"960\" height=\"720\" srcset=\"https:\/\/wp.kristdemokraterna.se\/linkoping\/files\/2016\/09\/14238216_10154514457632520_8734453933140555110_n.jpg 960w, https:\/\/wp.kristdemokraterna.se\/linkoping\/files\/2016\/09\/14238216_10154514457632520_8734453933140555110_n-300x225.jpg 300w, https:\/\/wp.kristdemokraterna.se\/linkoping\/files\/2016\/09\/14238216_10154514457632520_8734453933140555110_n-768x576.jpg 768w, https:\/\/wp.kristdemokraterna.se\/linkoping\/files\/2016\/09\/14238216_10154514457632520_8734453933140555110_n-540x405.jpg 540w, https:\/\/wp.kristdemokraterna.se\/linkoping\/files\/2016\/09\/14238216_10154514457632520_8734453933140555110_n-461x346.jpg 461w, https:\/\/wp.kristdemokraterna.se\/linkoping\/files\/2016\/09\/14238216_10154514457632520_8734453933140555110_n-149x112.jpg 149w\" sizes=\"auto, (max-width: 960px) 100vw, 960px\" \/><em>Fr\u00e5n v\u00e4nster: Magnus Engstr\u00f6m,\u00a0Andreas Ardenfors, Sara Skyttedal och Per Larsson.<\/em><\/p>\n<p>Kristdemokraternas extra \u00e5rsm\u00f6te i Link\u00f6ping beslutade ikv\u00e4ll att Sara Skyttedal blir nytt kommunalr\u00e5d f\u00f6r Kristdemokraterna i Link\u00f6ping.<\/p>\n<p>-Det k\u00e4nns hedrande att ikv\u00e4ll ha f\u00e5tt medlemmarnas f\u00f6rtroende som nytt kommunalr\u00e5d. Det \u00e4r ett st\u00f6d jag har f\u00f6r avsikt att v\u00e5rda p\u00e5 b\u00e4sta s\u00e4tt. Jag k\u00e4nner mig \u00f6dmjuk inf\u00f6r uppdraget, men k\u00e4nner ocks\u00e5 stor f\u00f6rv\u00e4ntan och entusiasm inf\u00f6r det arbete som ligger fram\u00f6ver. Nu startar insatserna f\u00f6r att forma det lag och formulera den reformagenda som ska visa f\u00f6r Link\u00f6pingsborna att Kristdemokraterna g\u00f6r skillnad, kommenterar Sara Skyttedal, tilltr\u00e4dande kommunalr\u00e5d f\u00f6r Kristdemokraterna i Link\u00f6ping.<\/p>\n<p>Nomineringsgruppen f\u00f6r Kristdemokraterna i Link\u00f6ping presenterade sitt f\u00f6rslag vid en presskonferens 19 augusti, efter ett omfattande nomineringsarbete under sommaren.<\/p>\n<p>&#8211; Vi fr\u00e5n nomineringsgruppen \u00e4r mycket glada att v\u00e5rt f\u00f6rslag vann medlemmarnas gillande. Det k\u00e4nns nu bra att Sara Skyttedal, med den kompetens och erfarenhet hon b\u00e4r med sig, har ett starkt mandat att ta sig an link\u00f6pingspolitiken!, s\u00e4ger Per Larsson, ordf\u00f6rande i nomineringsgruppen f\u00f6r Kristdemokraterna i Link\u00f6ping.<br \/>\nSara Skyttedal kommer formellt att v\u00e4ljas i samband med kommunfullm\u00e4ktiges sammantr\u00e4de tisdag 27 september, och tilltr\u00e4der 1 oktober. Ledningen f\u00f6r Kristdemokraternas partiavdelning i Link\u00f6ping v\u00e4lkomnar kv\u00e4llens beslut.<\/p>\n<p>&#8211; Jag vill som ordf\u00f6rande f\u00f6r Kristdemokraterna i Link\u00f6ping h\u00e4lsa Sara Skyttedal varmt v\u00e4lkommen i v\u00e5rt kristdemokratiska lag i Link\u00f6ping. Vi ser fram emot att tillsammans med Sara utveckla Kristdemokraternas politik f\u00f6r Link\u00f6ping!, avslutar Magnus Engstr\u00f6m, ordf\u00f6rande f\u00f6r Kristdemokraterna i Link\u00f6ping.<\/p>\n","protected":false},"excerpt":{"rendered":"<p>Fr\u00e5n v\u00e4nster: Magnus Engstr\u00f6m,\u00a0Andreas Ardenfors, Sara Skyttedal och Per Larsson. Kristdemokraternas extra \u00e5rsm\u00f6te i Link\u00f6ping beslutade ikv\u00e4ll att Sara Skyttedal blir nytt kommunalr\u00e5d f\u00f6r Kristdemokraterna i Link\u00f6ping. -Det k\u00e4nns hedrande att ikv\u00e4ll ha f\u00e5tt medlemmarnas f\u00f6rtroende som nytt kommunalr\u00e5d. Det \u00e4r ett st\u00f6d jag har f\u00f6r avsikt att v\u00e5rda p\u00e5 b\u00e4sta s\u00e4tt. Jag k\u00e4nner mig <a class=\"read-more-link\" href=\"https:\/\/wp.kristdemokraterna.se\/linkoping\/beslut-ikvall-sara-skyttedal-nytt-kommunalrad-for-kristdemokraterna\/\">Read More<\/a><\/p>\n","protected":false},"author":410,"featured_media":0,"comment_status":"closed","ping_status":"closed","sticky":false,"template":"","format":"standard","meta":{"_acf_changed":false,"footnotes":""},"categories":[22,1],"tags":[],"class_list":["post-493","post","type-post","status-publish","format-standard","hentry","category-arkiv","category-okategoriserade"],"acf":[],"yoast_head":"<!-- This site is optimized with the Yoast SEO plugin v27.4 - https:\/\/yoast.com\/product\/yoast-seo-wordpress\/ -->\n<title>BESLUT IKV\u00c4LL:\u00a0Sara Skyttedal nytt kommunalr\u00e5d f\u00f6r Kristdemokraterna - Kristdemokraterna i Link\u00f6ping<\/title>\n<meta name=\"robots\" content=\"index, follow, max-snippet:-1, max-image-preview:large, max-video-preview:-1\" \/>\n<link rel=\"canonical\" href=\"https:\/\/wp.kristdemokraterna.se\/linkoping\/beslut-ikvall-sara-skyttedal-nytt-kommunalrad-for-kristdemokraterna\/\" \/>\n<meta property=\"og:locale\" content=\"sv_SE\" \/>\n<meta property=\"og:type\" content=\"article\" \/>\n<meta property=\"og:title\" content=\"BESLUT IKV\u00c4LL:\u00a0Sara Skyttedal nytt kommunalr\u00e5d f\u00f6r Kristdemokraterna - Kristdemokraterna i Link\u00f6ping\" \/>\n<meta property=\"og:description\" content=\"Fr\u00e5n v\u00e4nster: Magnus Engstr\u00f6m,\u00a0Andreas Ardenfors, Sara Skyttedal och Per Larsson. Kristdemokraternas extra \u00e5rsm\u00f6te i Link\u00f6ping beslutade ikv\u00e4ll att Sara Skyttedal blir nytt kommunalr\u00e5d f\u00f6r Kristdemokraterna i Link\u00f6ping. -Det k\u00e4nns hedrande att ikv\u00e4ll ha f\u00e5tt medlemmarnas f\u00f6rtroende som nytt kommunalr\u00e5d. Det \u00e4r ett st\u00f6d jag har f\u00f6r avsikt att v\u00e5rda p\u00e5 b\u00e4sta s\u00e4tt. Jag k\u00e4nner mig Read More\" \/>\n<meta property=\"og:url\" content=\"https:\/\/wp.kristdemokraterna.se\/linkoping\/beslut-ikvall-sara-skyttedal-nytt-kommunalrad-for-kristdemokraterna\/\" \/>\n<meta property=\"og:site_name\" content=\"Kristdemokraterna i Link\u00f6ping\" \/>\n<meta property=\"article:author\" content=\"https:\/\/www.facebook.com\/kdlinkoping\/\" \/>\n<meta property=\"article:published_time\" content=\"2016-09-07T19:19:06+00:00\" \/>\n<meta property=\"article:modified_time\" content=\"2021-08-13T09:48:53+00:00\" \/>\n<meta property=\"og:image\" content=\"http:\/\/wp.kristdemokraterna.se\/linkoping\/files\/2016\/09\/14238216_10154514457632520_8734453933140555110_n.jpg\" \/>\n<meta name=\"author\" content=\"linkoping\" \/>\n<meta name=\"twitter:card\" content=\"summary_large_image\" \/>\n<meta name=\"twitter:label1\" content=\"Skriven av\" \/>\n\t<meta name=\"twitter:data1\" content=\"linkoping\" \/>\n\t<meta name=\"twitter:label2\" content=\"Ber\u00e4knad l\u00e4stid\" \/>\n\t<meta name=\"twitter:data2\" content=\"2 minuter\" \/>\n<script type=\"application\/ld+json\" class=\"yoast-schema-graph\">{\"@context\":\"https:\\\/\\\/schema.org\",\"@graph\":[{\"@type\":\"Article\",\"@id\":\"https:\\\/\\\/wp.kristdemokraterna.se\\\/linkoping\\\/beslut-ikvall-sara-skyttedal-nytt-kommunalrad-for-kristdemokraterna\\\/#article\",\"isPartOf\":{\"@id\":\"https:\\\/\\\/wp.kristdemokraterna.se\\\/linkoping\\\/beslut-ikvall-sara-skyttedal-nytt-kommunalrad-for-kristdemokraterna\\\/\"},\"author\":{\"name\":\"linkoping\",\"@id\":\"https:\\\/\\\/wp.kristdemokraterna.se\\\/linkoping\\\/#\\\/schema\\\/person\\\/b0148c3c8863db76d330faa282b9521a\"},\"headline\":\"BESLUT IKV\u00c4LL:\u00a0Sara Skyttedal nytt kommunalr\u00e5d f\u00f6r Kristdemokraterna\",\"datePublished\":\"2016-09-07T19:19:06+00:00\",\"dateModified\":\"2021-08-13T09:48:53+00:00\",\"mainEntityOfPage\":{\"@id\":\"https:\\\/\\\/wp.kristdemokraterna.se\\\/linkoping\\\/beslut-ikvall-sara-skyttedal-nytt-kommunalrad-for-kristdemokraterna\\\/\"},\"wordCount\":313,\"image\":{\"@id\":\"https:\\\/\\\/wp.kristdemokraterna.se\\\/linkoping\\\/beslut-ikvall-sara-skyttedal-nytt-kommunalrad-for-kristdemokraterna\\\/#primaryimage\"},\"thumbnailUrl\":\"http:\\\/\\\/wp.kristdemokraterna.se\\\/linkoping\\\/files\\\/2016\\\/09\\\/14238216_10154514457632520_8734453933140555110_n.jpg\",\"articleSection\":[\"arkiv\",\"okategoriserade\"],\"inLanguage\":\"sv-SE\"},{\"@type\":\"WebPage\",\"@id\":\"https:\\\/\\\/wp.kristdemokraterna.se\\\/linkoping\\\/beslut-ikvall-sara-skyttedal-nytt-kommunalrad-for-kristdemokraterna\\\/\",\"url\":\"https:\\\/\\\/wp.kristdemokraterna.se\\\/linkoping\\\/beslut-ikvall-sara-skyttedal-nytt-kommunalrad-for-kristdemokraterna\\\/\",\"name\":\"BESLUT IKV\u00c4LL:\u00a0Sara Skyttedal nytt kommunalr\u00e5d f\u00f6r Kristdemokraterna - Kristdemokraterna i Link\u00f6ping\",\"isPartOf\":{\"@id\":\"https:\\\/\\\/wp.kristdemokraterna.se\\\/linkoping\\\/#website\"},\"primaryImageOfPage\":{\"@id\":\"https:\\\/\\\/wp.kristdemokraterna.se\\\/linkoping\\\/beslut-ikvall-sara-skyttedal-nytt-kommunalrad-for-kristdemokraterna\\\/#primaryimage\"},\"image\":{\"@id\":\"https:\\\/\\\/wp.kristdemokraterna.se\\\/linkoping\\\/beslut-ikvall-sara-skyttedal-nytt-kommunalrad-for-kristdemokraterna\\\/#primaryimage\"},\"thumbnailUrl\":\"http:\\\/\\\/wp.kristdemokraterna.se\\\/linkoping\\\/files\\\/2016\\\/09\\\/14238216_10154514457632520_8734453933140555110_n.jpg\",\"datePublished\":\"2016-09-07T19:19:06+00:00\",\"dateModified\":\"2021-08-13T09:48:53+00:00\",\"author\":{\"@id\":\"https:\\\/\\\/wp.kristdemokraterna.se\\\/linkoping\\\/#\\\/schema\\\/person\\\/b0148c3c8863db76d330faa282b9521a\"},\"breadcrumb\":{\"@id\":\"https:\\\/\\\/wp.kristdemokraterna.se\\\/linkoping\\\/beslut-ikvall-sara-skyttedal-nytt-kommunalrad-for-kristdemokraterna\\\/#breadcrumb\"},\"inLanguage\":\"sv-SE\",\"potentialAction\":[{\"@type\":\"ReadAction\",\"target\":[\"https:\\\/\\\/wp.kristdemokraterna.se\\\/linkoping\\\/beslut-ikvall-sara-skyttedal-nytt-kommunalrad-for-kristdemokraterna\\\/\"]}]},{\"@type\":\"ImageObject\",\"inLanguage\":\"sv-SE\",\"@id\":\"https:\\\/\\\/wp.kristdemokraterna.se\\\/linkoping\\\/beslut-ikvall-sara-skyttedal-nytt-kommunalrad-for-kristdemokraterna\\\/#primaryimage\",\"url\":\"https:\\\/\\\/wp.kristdemokraterna.se\\\/linkoping\\\/files\\\/2016\\\/09\\\/14238216_10154514457632520_8734453933140555110_n.jpg\",\"contentUrl\":\"https:\\\/\\\/wp.kristdemokraterna.se\\\/linkoping\\\/files\\\/2016\\\/09\\\/14238216_10154514457632520_8734453933140555110_n.jpg\",\"width\":960,\"height\":720},{\"@type\":\"BreadcrumbList\",\"@id\":\"https:\\\/\\\/wp.kristdemokraterna.se\\\/linkoping\\\/beslut-ikvall-sara-skyttedal-nytt-kommunalrad-for-kristdemokraterna\\\/#breadcrumb\",\"itemListElement\":[{\"@type\":\"ListItem\",\"position\":1,\"name\":\"Hem\",\"item\":\"https:\\\/\\\/wp.kristdemokraterna.se\\\/linkoping\\\/\"},{\"@type\":\"ListItem\",\"position\":2,\"name\":\"BESLUT IKV\u00c4LL:\u00a0Sara Skyttedal nytt kommunalr\u00e5d f\u00f6r Kristdemokraterna\"}]},{\"@type\":\"WebSite\",\"@id\":\"https:\\\/\\\/wp.kristdemokraterna.se\\\/linkoping\\\/#website\",\"url\":\"https:\\\/\\\/wp.kristdemokraterna.se\\\/linkoping\\\/\",\"name\":\"Kristdemokraterna i Link\u00f6ping\",\"description\":\"\",\"inLanguage\":\"sv-SE\"},{\"@type\":\"Person\",\"@id\":\"https:\\\/\\\/wp.kristdemokraterna.se\\\/linkoping\\\/#\\\/schema\\\/person\\\/b0148c3c8863db76d330faa282b9521a\",\"name\":\"linkoping\",\"image\":{\"@type\":\"ImageObject\",\"inLanguage\":\"sv-SE\",\"@id\":\"https:\\\/\\\/secure.gravatar.com\\\/avatar\\\/016e7965fec0e08fdd07b021a7d25181278d4b29b1d5bab57b16017e35421895?s=96&r=g\",\"url\":\"https:\\\/\\\/secure.gravatar.com\\\/avatar\\\/016e7965fec0e08fdd07b021a7d25181278d4b29b1d5bab57b16017e35421895?s=96&r=g\",\"contentUrl\":\"https:\\\/\\\/secure.gravatar.com\\\/avatar\\\/016e7965fec0e08fdd07b021a7d25181278d4b29b1d5bab57b16017e35421895?s=96&r=g\",\"caption\":\"linkoping\"},\"sameAs\":[\"https:\\\/\\\/www.facebook.com\\\/kdlinkoping\\\/\"],\"url\":\"https:\\\/\\\/wp.kristdemokraterna.se\\\/linkoping\\\/author\\\/linkoping\\\/\"}]}<\/script>\n<!-- \/ Yoast SEO plugin. -->","yoast_head_json":{"title":"BESLUT IKV\u00c4LL:\u00a0Sara Skyttedal nytt kommunalr\u00e5d f\u00f6r Kristdemokraterna - Kristdemokraterna i Link\u00f6ping","robots":{"index":"index","follow":"follow","max-snippet":"max-snippet:-1","max-image-preview":"max-image-preview:large","max-video-preview":"max-video-preview:-1"},"canonical":"https:\/\/wp.kristdemokraterna.se\/linkoping\/beslut-ikvall-sara-skyttedal-nytt-kommunalrad-for-kristdemokraterna\/","og_locale":"sv_SE","og_type":"article","og_title":"BESLUT IKV\u00c4LL:\u00a0Sara Skyttedal nytt kommunalr\u00e5d f\u00f6r Kristdemokraterna - Kristdemokraterna i Link\u00f6ping","og_description":"Fr\u00e5n v\u00e4nster: Magnus Engstr\u00f6m,\u00a0Andreas Ardenfors, Sara Skyttedal och Per Larsson. Kristdemokraternas extra \u00e5rsm\u00f6te i Link\u00f6ping beslutade ikv\u00e4ll att Sara Skyttedal blir nytt kommunalr\u00e5d f\u00f6r Kristdemokraterna i Link\u00f6ping. -Det k\u00e4nns hedrande att ikv\u00e4ll ha f\u00e5tt medlemmarnas f\u00f6rtroende som nytt kommunalr\u00e5d. Det \u00e4r ett st\u00f6d jag har f\u00f6r avsikt att v\u00e5rda p\u00e5 b\u00e4sta s\u00e4tt. Jag k\u00e4nner mig Read More","og_url":"https:\/\/wp.kristdemokraterna.se\/linkoping\/beslut-ikvall-sara-skyttedal-nytt-kommunalrad-for-kristdemokraterna\/","og_site_name":"Kristdemokraterna i Link\u00f6ping","article_author":"https:\/\/www.facebook.com\/kdlinkoping\/","article_published_time":"2016-09-07T19:19:06+00:00","article_modified_time":"2021-08-13T09:48:53+00:00","og_image":[{"url":"http:\/\/wp.kristdemokraterna.se\/linkoping\/files\/2016\/09\/14238216_10154514457632520_8734453933140555110_n.jpg","type":"","width":"","height":""}],"author":"linkoping","twitter_card":"summary_large_image","twitter_misc":{"Skriven av":"linkoping","Ber\u00e4knad l\u00e4stid":"2 minuter"},"schema":{"@context":"https:\/\/schema.org","@graph":[{"@type":"Article","@id":"https:\/\/wp.kristdemokraterna.se\/linkoping\/beslut-ikvall-sara-skyttedal-nytt-kommunalrad-for-kristdemokraterna\/#article","isPartOf":{"@id":"https:\/\/wp.kristdemokraterna.se\/linkoping\/beslut-ikvall-sara-skyttedal-nytt-kommunalrad-for-kristdemokraterna\/"},"author":{"name":"linkoping","@id":"https:\/\/wp.kristdemokraterna.se\/linkoping\/#\/schema\/person\/b0148c3c8863db76d330faa282b9521a"},"headline":"BESLUT IKV\u00c4LL:\u00a0Sara Skyttedal nytt kommunalr\u00e5d f\u00f6r Kristdemokraterna","datePublished":"2016-09-07T19:19:06+00:00","dateModified":"2021-08-13T09:48:53+00:00","mainEntityOfPage":{"@id":"https:\/\/wp.kristdemokraterna.se\/linkoping\/beslut-ikvall-sara-skyttedal-nytt-kommunalrad-for-kristdemokraterna\/"},"wordCount":313,"image":{"@id":"https:\/\/wp.kristdemokraterna.se\/linkoping\/beslut-ikvall-sara-skyttedal-nytt-kommunalrad-for-kristdemokraterna\/#primaryimage"},"thumbnailUrl":"http:\/\/wp.kristdemokraterna.se\/linkoping\/files\/2016\/09\/14238216_10154514457632520_8734453933140555110_n.jpg","articleSection":["arkiv","okategoriserade"],"inLanguage":"sv-SE"},{"@type":"WebPage","@id":"https:\/\/wp.kristdemokraterna.se\/linkoping\/beslut-ikvall-sara-skyttedal-nytt-kommunalrad-for-kristdemokraterna\/","url":"https:\/\/wp.kristdemokraterna.se\/linkoping\/beslut-ikvall-sara-skyttedal-nytt-kommunalrad-for-kristdemokraterna\/","name":"BESLUT IKV\u00c4LL:\u00a0Sara Skyttedal nytt kommunalr\u00e5d f\u00f6r Kristdemokraterna - Kristdemokraterna i Link\u00f6ping","isPartOf":{"@id":"https:\/\/wp.kristdemokraterna.se\/linkoping\/#website"},"primaryImageOfPage":{"@id":"https:\/\/wp.kristdemokraterna.se\/linkoping\/beslut-ikvall-sara-skyttedal-nytt-kommunalrad-for-kristdemokraterna\/#primaryimage"},"image":{"@id":"https:\/\/wp.kristdemokraterna.se\/linkoping\/beslut-ikvall-sara-skyttedal-nytt-kommunalrad-for-kristdemokraterna\/#primaryimage"},"thumbnailUrl":"http:\/\/wp.kristdemokraterna.se\/linkoping\/files\/2016\/09\/14238216_10154514457632520_8734453933140555110_n.jpg","datePublished":"2016-09-07T19:19:06+00:00","dateModified":"2021-08-13T09:48:53+00:00","author":{"@id":"https:\/\/wp.kristdemokraterna.se\/linkoping\/#\/schema\/person\/b0148c3c8863db76d330faa282b9521a"},"breadcrumb":{"@id":"https:\/\/wp.kristdemokraterna.se\/linkoping\/beslut-ikvall-sara-skyttedal-nytt-kommunalrad-for-kristdemokraterna\/#breadcrumb"},"inLanguage":"sv-SE","potentialAction":[{"@type":"ReadAction","target":["https:\/\/wp.kristdemokraterna.se\/linkoping\/beslut-ikvall-sara-skyttedal-nytt-kommunalrad-for-kristdemokraterna\/"]}]},{"@type":"ImageObject","inLanguage":"sv-SE","@id":"https:\/\/wp.kristdemokraterna.se\/linkoping\/beslut-ikvall-sara-skyttedal-nytt-kommunalrad-for-kristdemokraterna\/#primaryimage","url":"https:\/\/wp.kristdemokraterna.se\/linkoping\/files\/2016\/09\/14238216_10154514457632520_8734453933140555110_n.jpg","contentUrl":"https:\/\/wp.kristdemokraterna.se\/linkoping\/files\/2016\/09\/14238216_10154514457632520_8734453933140555110_n.jpg","width":960,"height":720},{"@type":"BreadcrumbList","@id":"https:\/\/wp.kristdemokraterna.se\/linkoping\/beslut-ikvall-sara-skyttedal-nytt-kommunalrad-for-kristdemokraterna\/#breadcrumb","itemListElement":[{"@type":"ListItem","position":1,"name":"Hem","item":"https:\/\/wp.kristdemokraterna.se\/linkoping\/"},{"@type":"ListItem","position":2,"name":"BESLUT IKV\u00c4LL:\u00a0Sara Skyttedal nytt kommunalr\u00e5d f\u00f6r Kristdemokraterna"}]},{"@type":"WebSite","@id":"https:\/\/wp.kristdemokraterna.se\/linkoping\/#website","url":"https:\/\/wp.kristdemokraterna.se\/linkoping\/","name":"Kristdemokraterna i Link\u00f6ping","description":"","inLanguage":"sv-SE"},{"@type":"Person","@id":"https:\/\/wp.kristdemokraterna.se\/linkoping\/#\/schema\/person\/b0148c3c8863db76d330faa282b9521a","name":"linkoping","image":{"@type":"ImageObject","inLanguage":"sv-SE","@id":"https:\/\/secure.gravatar.com\/avatar\/016e7965fec0e08fdd07b021a7d25181278d4b29b1d5bab57b16017e35421895?s=96&r=g","url":"https:\/\/secure.gravatar.com\/avatar\/016e7965fec0e08fdd07b021a7d25181278d4b29b1d5bab57b16017e35421895?s=96&r=g","contentUrl":"https:\/\/secure.gravatar.com\/avatar\/016e7965fec0e08fdd07b021a7d25181278d4b29b1d5bab57b16017e35421895?s=96&r=g","caption":"linkoping"},"sameAs":["https:\/\/www.facebook.com\/kdlinkoping\/"],"url":"https:\/\/wp.kristdemokraterna.se\/linkoping\/author\/linkoping\/"}]}},"_links":{"self":[{"href":"https:\/\/wp.kristdemokraterna.se\/linkoping\/wp-json\/wp\/v2\/posts\/493","targetHints":{"allow":["GET"]}}],"collection":[{"href":"https:\/\/wp.kristdemokraterna.se\/linkoping\/wp-json\/wp\/v2\/posts"}],"about":[{"href":"https:\/\/wp.kristdemokraterna.se\/linkoping\/wp-json\/wp\/v2\/types\/post"}],"author":[{"embeddable":true,"href":"https:\/\/wp.kristdemokraterna.se\/linkoping\/wp-json\/wp\/v2\/users\/410"}],"replies":[{"embeddable":true,"href":"https:\/\/wp.kristdemokraterna.se\/linkoping\/wp-json\/wp\/v2\/comments?post=493"}],"version-history":[{"count":6,"href":"https:\/\/wp.kristdemokraterna.se\/linkoping\/wp-json\/wp\/v2\/posts\/493\/revisions"}],"predecessor-version":[{"id":501,"href":"https:\/\/wp.kristdemokraterna.se\/linkoping\/wp-json\/wp\/v2\/posts\/493\/revisions\/501"}],"wp:attachment":[{"href":"https:\/\/wp.kristdemokraterna.se\/linkoping\/wp-json\/wp\/v2\/media?parent=493"}],"wp:term":[{"taxonomy":"category","embeddable":true,"href":"https:\/\/wp.kristdemokraterna.se\/linkoping\/wp-json\/wp\/v2\/categories?post=493"},{"taxonomy":"post_tag","embeddable":true,"href":"https:\/\/wp.kristdemokraterna.se\/linkoping\/wp-json\/wp\/v2\/tags?post=493"}],"curies":[{"name":"wp","href":"https:\/\/api.w.org\/{rel}","templated":true}]}}