{"id":503,"date":"2016-09-21T11:52:07","date_gmt":"2016-09-21T09:52:07","guid":{"rendered":"http:\/\/wp.kristdemokraterna.se\/linkoping\/?p=503"},"modified":"2021-08-13T11:48:53","modified_gmt":"2021-08-13T09:48:53","slug":"frukostmote-miljomalen-nas-med-hallbar-upphandling","status":"publish","type":"post","link":"https:\/\/wp.kristdemokraterna.se\/linkoping\/frukostmote-miljomalen-nas-med-hallbar-upphandling\/","title":{"rendered":"Frukostm\u00f6te: Milj\u00f6m\u00e5len n\u00e5s med h\u00e5llbar upphandling"},"content":{"rendered":"<p><img loading=\"lazy\" decoding=\"async\" class=\"alignleft size-full wp-image-504\" src=\"https:\/\/wp.kristdemokraterna.se\/linkoping\/files\/2016\/09\/frukostmote-160924.jpg\" alt=\"frukostmote-160924\" width=\"827\" height=\"752\" srcset=\"https:\/\/wp.kristdemokraterna.se\/linkoping\/files\/2016\/09\/frukostmote-160924.jpg 827w, https:\/\/wp.kristdemokraterna.se\/linkoping\/files\/2016\/09\/frukostmote-160924-300x273.jpg 300w, https:\/\/wp.kristdemokraterna.se\/linkoping\/files\/2016\/09\/frukostmote-160924-768x698.jpg 768w, https:\/\/wp.kristdemokraterna.se\/linkoping\/files\/2016\/09\/frukostmote-160924-540x491.jpg 540w, https:\/\/wp.kristdemokraterna.se\/linkoping\/files\/2016\/09\/frukostmote-160924-381x346.jpg 381w, https:\/\/wp.kristdemokraterna.se\/linkoping\/files\/2016\/09\/frukostmote-160924-123x112.jpg 123w\" sizes=\"auto, (max-width: 827px) 100vw, 827px\" \/><\/p>\n<p>Kristdemokraterna i Link\u00f6ping inbjuder till:<\/p>\n<p><strong>FRUKOSTM\u00d6TE<\/strong><br \/>\nmed tema: Milj\u00f6m\u00e5len n\u00e5s med h\u00e5llbar upphandling<\/p>\n<p><strong>L\u00f6rdag 24 sept kl. 09.00-10.30<\/strong><br \/>\nDistriktkansliet, Gr\u00e4nden Duvan 2 i Link\u00f6ping<\/p>\n<p>Patric Lindgren, tidigare gruppledare i Nyn\u00e4shamn och numera<br \/>\nmarknadschef Nordiska Ecohus AB talar om att n\u00e5 milj\u00f6m\u00e5l genom<br \/>\nh\u00e5llbar upphandling. L\u00e4ttare frukost serveras.<\/p>\n<p><strong>Anm\u00e4lan:<\/strong> Senast fredag 23 sept till<br \/>\n<a href=\"mailto:fredrik.topplund@kristdemokraterna.se\">fredrik.topplund@kristdemokraterna.se<\/a><\/p>\n","protected":false},"excerpt":{"rendered":"<p>Kristdemokraterna i Link\u00f6ping inbjuder till: FRUKOSTM\u00d6TE med tema: Milj\u00f6m\u00e5len n\u00e5s med h\u00e5llbar upphandling L\u00f6rdag 24 sept kl. 09.00-10.30 Distriktkansliet, Gr\u00e4nden Duvan 2 i Link\u00f6ping Patric Lindgren, tidigare gruppledare i Nyn\u00e4shamn och numera marknadschef Nordiska Ecohus AB talar om att n\u00e5 milj\u00f6m\u00e5l genom h\u00e5llbar upphandling. L\u00e4ttare frukost serveras. Anm\u00e4lan: Senast fredag 23 sept till fredrik.topplund@kristdemokraterna.se<\/p>\n","protected":false},"author":410,"featured_media":0,"comment_status":"closed","ping_status":"closed","sticky":false,"template":"","format":"standard","meta":{"_acf_changed":false,"footnotes":""},"categories":[22,1],"tags":[],"class_list":["post-503","post","type-post","status-publish","format-standard","hentry","category-arkiv","category-okategoriserade"],"acf":[],"yoast_head":"<!-- This site is optimized with the Yoast SEO plugin v27.4 - https:\/\/yoast.com\/product\/yoast-seo-wordpress\/ -->\n<title>Frukostm\u00f6te: Milj\u00f6m\u00e5len n\u00e5s med h\u00e5llbar upphandling - Kristdemokraterna i Link\u00f6ping<\/title>\n<meta name=\"robots\" content=\"index, follow, max-snippet:-1, max-image-preview:large, max-video-preview:-1\" \/>\n<link rel=\"canonical\" href=\"https:\/\/wp.kristdemokraterna.se\/linkoping\/frukostmote-miljomalen-nas-med-hallbar-upphandling\/\" \/>\n<meta property=\"og:locale\" content=\"sv_SE\" \/>\n<meta property=\"og:type\" content=\"article\" \/>\n<meta property=\"og:title\" content=\"Frukostm\u00f6te: Milj\u00f6m\u00e5len n\u00e5s med h\u00e5llbar upphandling - Kristdemokraterna i Link\u00f6ping\" \/>\n<meta property=\"og:description\" content=\"Kristdemokraterna i Link\u00f6ping inbjuder till: FRUKOSTM\u00d6TE med tema: Milj\u00f6m\u00e5len n\u00e5s med h\u00e5llbar upphandling L\u00f6rdag 24 sept kl. 09.00-10.30 Distriktkansliet, Gr\u00e4nden Duvan 2 i Link\u00f6ping Patric Lindgren, tidigare gruppledare i Nyn\u00e4shamn och numera marknadschef Nordiska Ecohus AB talar om att n\u00e5 milj\u00f6m\u00e5l genom h\u00e5llbar upphandling. L\u00e4ttare frukost serveras. Anm\u00e4lan: Senast fredag 23 sept till fredrik.topplund@kristdemokraterna.se\" \/>\n<meta property=\"og:url\" content=\"https:\/\/wp.kristdemokraterna.se\/linkoping\/frukostmote-miljomalen-nas-med-hallbar-upphandling\/\" \/>\n<meta property=\"og:site_name\" content=\"Kristdemokraterna i Link\u00f6ping\" \/>\n<meta property=\"article:author\" content=\"https:\/\/www.facebook.com\/kdlinkoping\/\" \/>\n<meta property=\"article:published_time\" content=\"2016-09-21T09:52:07+00:00\" \/>\n<meta property=\"article:modified_time\" content=\"2021-08-13T09:48:53+00:00\" \/>\n<meta property=\"og:image\" content=\"http:\/\/wp.kristdemokraterna.se\/linkoping\/files\/2016\/09\/frukostmote-160924.jpg\" \/>\n<meta name=\"author\" content=\"linkoping\" \/>\n<meta name=\"twitter:card\" content=\"summary_large_image\" \/>\n<meta name=\"twitter:label1\" content=\"Skriven av\" \/>\n\t<meta name=\"twitter:data1\" content=\"linkoping\" \/>\n<script type=\"application\/ld+json\" class=\"yoast-schema-graph\">{\"@context\":\"https:\\\/\\\/schema.org\",\"@graph\":[{\"@type\":\"Article\",\"@id\":\"https:\\\/\\\/wp.kristdemokraterna.se\\\/linkoping\\\/frukostmote-miljomalen-nas-med-hallbar-upphandling\\\/#article\",\"isPartOf\":{\"@id\":\"https:\\\/\\\/wp.kristdemokraterna.se\\\/linkoping\\\/frukostmote-miljomalen-nas-med-hallbar-upphandling\\\/\"},\"author\":{\"name\":\"linkoping\",\"@id\":\"https:\\\/\\\/wp.kristdemokraterna.se\\\/linkoping\\\/#\\\/schema\\\/person\\\/b0148c3c8863db76d330faa282b9521a\"},\"headline\":\"Frukostm\u00f6te: Milj\u00f6m\u00e5len n\u00e5s med h\u00e5llbar upphandling\",\"datePublished\":\"2016-09-21T09:52:07+00:00\",\"dateModified\":\"2021-08-13T09:48:53+00:00\",\"mainEntityOfPage\":{\"@id\":\"https:\\\/\\\/wp.kristdemokraterna.se\\\/linkoping\\\/frukostmote-miljomalen-nas-med-hallbar-upphandling\\\/\"},\"wordCount\":80,\"image\":{\"@id\":\"https:\\\/\\\/wp.kristdemokraterna.se\\\/linkoping\\\/frukostmote-miljomalen-nas-med-hallbar-upphandling\\\/#primaryimage\"},\"thumbnailUrl\":\"http:\\\/\\\/wp.kristdemokraterna.se\\\/linkoping\\\/files\\\/2016\\\/09\\\/frukostmote-160924.jpg\",\"articleSection\":[\"arkiv\",\"okategoriserade\"],\"inLanguage\":\"sv-SE\"},{\"@type\":\"WebPage\",\"@id\":\"https:\\\/\\\/wp.kristdemokraterna.se\\\/linkoping\\\/frukostmote-miljomalen-nas-med-hallbar-upphandling\\\/\",\"url\":\"https:\\\/\\\/wp.kristdemokraterna.se\\\/linkoping\\\/frukostmote-miljomalen-nas-med-hallbar-upphandling\\\/\",\"name\":\"Frukostm\u00f6te: Milj\u00f6m\u00e5len n\u00e5s med h\u00e5llbar upphandling - Kristdemokraterna i Link\u00f6ping\",\"isPartOf\":{\"@id\":\"https:\\\/\\\/wp.kristdemokraterna.se\\\/linkoping\\\/#website\"},\"primaryImageOfPage\":{\"@id\":\"https:\\\/\\\/wp.kristdemokraterna.se\\\/linkoping\\\/frukostmote-miljomalen-nas-med-hallbar-upphandling\\\/#primaryimage\"},\"image\":{\"@id\":\"https:\\\/\\\/wp.kristdemokraterna.se\\\/linkoping\\\/frukostmote-miljomalen-nas-med-hallbar-upphandling\\\/#primaryimage\"},\"thumbnailUrl\":\"http:\\\/\\\/wp.kristdemokraterna.se\\\/linkoping\\\/files\\\/2016\\\/09\\\/frukostmote-160924.jpg\",\"datePublished\":\"2016-09-21T09:52:07+00:00\",\"dateModified\":\"2021-08-13T09:48:53+00:00\",\"author\":{\"@id\":\"https:\\\/\\\/wp.kristdemokraterna.se\\\/linkoping\\\/#\\\/schema\\\/person\\\/b0148c3c8863db76d330faa282b9521a\"},\"breadcrumb\":{\"@id\":\"https:\\\/\\\/wp.kristdemokraterna.se\\\/linkoping\\\/frukostmote-miljomalen-nas-med-hallbar-upphandling\\\/#breadcrumb\"},\"inLanguage\":\"sv-SE\",\"potentialAction\":[{\"@type\":\"ReadAction\",\"target\":[\"https:\\\/\\\/wp.kristdemokraterna.se\\\/linkoping\\\/frukostmote-miljomalen-nas-med-hallbar-upphandling\\\/\"]}]},{\"@type\":\"ImageObject\",\"inLanguage\":\"sv-SE\",\"@id\":\"https:\\\/\\\/wp.kristdemokraterna.se\\\/linkoping\\\/frukostmote-miljomalen-nas-med-hallbar-upphandling\\\/#primaryimage\",\"url\":\"https:\\\/\\\/wp.kristdemokraterna.se\\\/linkoping\\\/files\\\/2016\\\/09\\\/frukostmote-160924.jpg\",\"contentUrl\":\"https:\\\/\\\/wp.kristdemokraterna.se\\\/linkoping\\\/files\\\/2016\\\/09\\\/frukostmote-160924.jpg\",\"width\":827,\"height\":752},{\"@type\":\"BreadcrumbList\",\"@id\":\"https:\\\/\\\/wp.kristdemokraterna.se\\\/linkoping\\\/frukostmote-miljomalen-nas-med-hallbar-upphandling\\\/#breadcrumb\",\"itemListElement\":[{\"@type\":\"ListItem\",\"position\":1,\"name\":\"Hem\",\"item\":\"https:\\\/\\\/wp.kristdemokraterna.se\\\/linkoping\\\/\"},{\"@type\":\"ListItem\",\"position\":2,\"name\":\"Frukostm\u00f6te: Milj\u00f6m\u00e5len n\u00e5s med h\u00e5llbar upphandling\"}]},{\"@type\":\"WebSite\",\"@id\":\"https:\\\/\\\/wp.kristdemokraterna.se\\\/linkoping\\\/#website\",\"url\":\"https:\\\/\\\/wp.kristdemokraterna.se\\\/linkoping\\\/\",\"name\":\"Kristdemokraterna i Link\u00f6ping\",\"description\":\"\",\"inLanguage\":\"sv-SE\"},{\"@type\":\"Person\",\"@id\":\"https:\\\/\\\/wp.kristdemokraterna.se\\\/linkoping\\\/#\\\/schema\\\/person\\\/b0148c3c8863db76d330faa282b9521a\",\"name\":\"linkoping\",\"image\":{\"@type\":\"ImageObject\",\"inLanguage\":\"sv-SE\",\"@id\":\"https:\\\/\\\/secure.gravatar.com\\\/avatar\\\/016e7965fec0e08fdd07b021a7d25181278d4b29b1d5bab57b16017e35421895?s=96&r=g\",\"url\":\"https:\\\/\\\/secure.gravatar.com\\\/avatar\\\/016e7965fec0e08fdd07b021a7d25181278d4b29b1d5bab57b16017e35421895?s=96&r=g\",\"contentUrl\":\"https:\\\/\\\/secure.gravatar.com\\\/avatar\\\/016e7965fec0e08fdd07b021a7d25181278d4b29b1d5bab57b16017e35421895?s=96&r=g\",\"caption\":\"linkoping\"},\"sameAs\":[\"https:\\\/\\\/www.facebook.com\\\/kdlinkoping\\\/\"],\"url\":\"https:\\\/\\\/wp.kristdemokraterna.se\\\/linkoping\\\/author\\\/linkoping\\\/\"}]}<\/script>\n<!-- \/ Yoast SEO plugin. -->","yoast_head_json":{"title":"Frukostm\u00f6te: Milj\u00f6m\u00e5len n\u00e5s med h\u00e5llbar upphandling - Kristdemokraterna i Link\u00f6ping","robots":{"index":"index","follow":"follow","max-snippet":"max-snippet:-1","max-image-preview":"max-image-preview:large","max-video-preview":"max-video-preview:-1"},"canonical":"https:\/\/wp.kristdemokraterna.se\/linkoping\/frukostmote-miljomalen-nas-med-hallbar-upphandling\/","og_locale":"sv_SE","og_type":"article","og_title":"Frukostm\u00f6te: Milj\u00f6m\u00e5len n\u00e5s med h\u00e5llbar upphandling - Kristdemokraterna i Link\u00f6ping","og_description":"Kristdemokraterna i Link\u00f6ping inbjuder till: FRUKOSTM\u00d6TE med tema: Milj\u00f6m\u00e5len n\u00e5s med h\u00e5llbar upphandling L\u00f6rdag 24 sept kl. 09.00-10.30 Distriktkansliet, Gr\u00e4nden Duvan 2 i Link\u00f6ping Patric Lindgren, tidigare gruppledare i Nyn\u00e4shamn och numera marknadschef Nordiska Ecohus AB talar om att n\u00e5 milj\u00f6m\u00e5l genom h\u00e5llbar upphandling. L\u00e4ttare frukost serveras. Anm\u00e4lan: Senast fredag 23 sept till fredrik.topplund@kristdemokraterna.se","og_url":"https:\/\/wp.kristdemokraterna.se\/linkoping\/frukostmote-miljomalen-nas-med-hallbar-upphandling\/","og_site_name":"Kristdemokraterna i Link\u00f6ping","article_author":"https:\/\/www.facebook.com\/kdlinkoping\/","article_published_time":"2016-09-21T09:52:07+00:00","article_modified_time":"2021-08-13T09:48:53+00:00","og_image":[{"url":"http:\/\/wp.kristdemokraterna.se\/linkoping\/files\/2016\/09\/frukostmote-160924.jpg","type":"","width":"","height":""}],"author":"linkoping","twitter_card":"summary_large_image","twitter_misc":{"Skriven av":"linkoping"},"schema":{"@context":"https:\/\/schema.org","@graph":[{"@type":"Article","@id":"https:\/\/wp.kristdemokraterna.se\/linkoping\/frukostmote-miljomalen-nas-med-hallbar-upphandling\/#article","isPartOf":{"@id":"https:\/\/wp.kristdemokraterna.se\/linkoping\/frukostmote-miljomalen-nas-med-hallbar-upphandling\/"},"author":{"name":"linkoping","@id":"https:\/\/wp.kristdemokraterna.se\/linkoping\/#\/schema\/person\/b0148c3c8863db76d330faa282b9521a"},"headline":"Frukostm\u00f6te: Milj\u00f6m\u00e5len n\u00e5s med h\u00e5llbar upphandling","datePublished":"2016-09-21T09:52:07+00:00","dateModified":"2021-08-13T09:48:53+00:00","mainEntityOfPage":{"@id":"https:\/\/wp.kristdemokraterna.se\/linkoping\/frukostmote-miljomalen-nas-med-hallbar-upphandling\/"},"wordCount":80,"image":{"@id":"https:\/\/wp.kristdemokraterna.se\/linkoping\/frukostmote-miljomalen-nas-med-hallbar-upphandling\/#primaryimage"},"thumbnailUrl":"http:\/\/wp.kristdemokraterna.se\/linkoping\/files\/2016\/09\/frukostmote-160924.jpg","articleSection":["arkiv","okategoriserade"],"inLanguage":"sv-SE"},{"@type":"WebPage","@id":"https:\/\/wp.kristdemokraterna.se\/linkoping\/frukostmote-miljomalen-nas-med-hallbar-upphandling\/","url":"https:\/\/wp.kristdemokraterna.se\/linkoping\/frukostmote-miljomalen-nas-med-hallbar-upphandling\/","name":"Frukostm\u00f6te: Milj\u00f6m\u00e5len n\u00e5s med h\u00e5llbar upphandling - Kristdemokraterna i Link\u00f6ping","isPartOf":{"@id":"https:\/\/wp.kristdemokraterna.se\/linkoping\/#website"},"primaryImageOfPage":{"@id":"https:\/\/wp.kristdemokraterna.se\/linkoping\/frukostmote-miljomalen-nas-med-hallbar-upphandling\/#primaryimage"},"image":{"@id":"https:\/\/wp.kristdemokraterna.se\/linkoping\/frukostmote-miljomalen-nas-med-hallbar-upphandling\/#primaryimage"},"thumbnailUrl":"http:\/\/wp.kristdemokraterna.se\/linkoping\/files\/2016\/09\/frukostmote-160924.jpg","datePublished":"2016-09-21T09:52:07+00:00","dateModified":"2021-08-13T09:48:53+00:00","author":{"@id":"https:\/\/wp.kristdemokraterna.se\/linkoping\/#\/schema\/person\/b0148c3c8863db76d330faa282b9521a"},"breadcrumb":{"@id":"https:\/\/wp.kristdemokraterna.se\/linkoping\/frukostmote-miljomalen-nas-med-hallbar-upphandling\/#breadcrumb"},"inLanguage":"sv-SE","potentialAction":[{"@type":"ReadAction","target":["https:\/\/wp.kristdemokraterna.se\/linkoping\/frukostmote-miljomalen-nas-med-hallbar-upphandling\/"]}]},{"@type":"ImageObject","inLanguage":"sv-SE","@id":"https:\/\/wp.kristdemokraterna.se\/linkoping\/frukostmote-miljomalen-nas-med-hallbar-upphandling\/#primaryimage","url":"https:\/\/wp.kristdemokraterna.se\/linkoping\/files\/2016\/09\/frukostmote-160924.jpg","contentUrl":"https:\/\/wp.kristdemokraterna.se\/linkoping\/files\/2016\/09\/frukostmote-160924.jpg","width":827,"height":752},{"@type":"BreadcrumbList","@id":"https:\/\/wp.kristdemokraterna.se\/linkoping\/frukostmote-miljomalen-nas-med-hallbar-upphandling\/#breadcrumb","itemListElement":[{"@type":"ListItem","position":1,"name":"Hem","item":"https:\/\/wp.kristdemokraterna.se\/linkoping\/"},{"@type":"ListItem","position":2,"name":"Frukostm\u00f6te: Milj\u00f6m\u00e5len n\u00e5s med h\u00e5llbar upphandling"}]},{"@type":"WebSite","@id":"https:\/\/wp.kristdemokraterna.se\/linkoping\/#website","url":"https:\/\/wp.kristdemokraterna.se\/linkoping\/","name":"Kristdemokraterna i Link\u00f6ping","description":"","inLanguage":"sv-SE"},{"@type":"Person","@id":"https:\/\/wp.kristdemokraterna.se\/linkoping\/#\/schema\/person\/b0148c3c8863db76d330faa282b9521a","name":"linkoping","image":{"@type":"ImageObject","inLanguage":"sv-SE","@id":"https:\/\/secure.gravatar.com\/avatar\/016e7965fec0e08fdd07b021a7d25181278d4b29b1d5bab57b16017e35421895?s=96&r=g","url":"https:\/\/secure.gravatar.com\/avatar\/016e7965fec0e08fdd07b021a7d25181278d4b29b1d5bab57b16017e35421895?s=96&r=g","contentUrl":"https:\/\/secure.gravatar.com\/avatar\/016e7965fec0e08fdd07b021a7d25181278d4b29b1d5bab57b16017e35421895?s=96&r=g","caption":"linkoping"},"sameAs":["https:\/\/www.facebook.com\/kdlinkoping\/"],"url":"https:\/\/wp.kristdemokraterna.se\/linkoping\/author\/linkoping\/"}]}},"_links":{"self":[{"href":"https:\/\/wp.kristdemokraterna.se\/linkoping\/wp-json\/wp\/v2\/posts\/503","targetHints":{"allow":["GET"]}}],"collection":[{"href":"https:\/\/wp.kristdemokraterna.se\/linkoping\/wp-json\/wp\/v2\/posts"}],"about":[{"href":"https:\/\/wp.kristdemokraterna.se\/linkoping\/wp-json\/wp\/v2\/types\/post"}],"author":[{"embeddable":true,"href":"https:\/\/wp.kristdemokraterna.se\/linkoping\/wp-json\/wp\/v2\/users\/410"}],"replies":[{"embeddable":true,"href":"https:\/\/wp.kristdemokraterna.se\/linkoping\/wp-json\/wp\/v2\/comments?post=503"}],"version-history":[{"count":4,"href":"https:\/\/wp.kristdemokraterna.se\/linkoping\/wp-json\/wp\/v2\/posts\/503\/revisions"}],"predecessor-version":[{"id":508,"href":"https:\/\/wp.kristdemokraterna.se\/linkoping\/wp-json\/wp\/v2\/posts\/503\/revisions\/508"}],"wp:attachment":[{"href":"https:\/\/wp.kristdemokraterna.se\/linkoping\/wp-json\/wp\/v2\/media?parent=503"}],"wp:term":[{"taxonomy":"category","embeddable":true,"href":"https:\/\/wp.kristdemokraterna.se\/linkoping\/wp-json\/wp\/v2\/categories?post=503"},{"taxonomy":"post_tag","embeddable":true,"href":"https:\/\/wp.kristdemokraterna.se\/linkoping\/wp-json\/wp\/v2\/tags?post=503"}],"curies":[{"name":"wp","href":"https:\/\/api.w.org\/{rel}","templated":true}]}}