{"id":563,"date":"2017-02-07T21:18:14","date_gmt":"2017-02-07T20:18:14","guid":{"rendered":"http:\/\/wp.kristdemokraterna.se\/linkoping\/?p=563"},"modified":"2021-08-13T11:48:53","modified_gmt":"2021-08-13T09:48:53","slug":"arets-forsta-nya-tankar","status":"publish","type":"post","link":"https:\/\/wp.kristdemokraterna.se\/linkoping\/arets-forsta-nya-tankar\/","title":{"rendered":"\u00c5rets f\u00f6rsta Nya tankar"},"content":{"rendered":"<p><a href=\"https:\/\/wp.kristdemokraterna.se\/linkoping\/files\/2017\/02\/nya_tankar_2017_nr1.pdf\"><img loading=\"lazy\" decoding=\"async\" class=\"alignleft size-full wp-image-558\" src=\"https:\/\/wp.kristdemokraterna.se\/linkoping\/files\/2017\/02\/nya_tankar_2017_nr1-1.jpg\" alt=\"\" width=\"595\" height=\"822\" srcset=\"https:\/\/wp.kristdemokraterna.se\/linkoping\/files\/2017\/02\/nya_tankar_2017_nr1-1.jpg 595w, https:\/\/wp.kristdemokraterna.se\/linkoping\/files\/2017\/02\/nya_tankar_2017_nr1-1-217x300.jpg 217w, https:\/\/wp.kristdemokraterna.se\/linkoping\/files\/2017\/02\/nya_tankar_2017_nr1-1-391x540.jpg 391w, https:\/\/wp.kristdemokraterna.se\/linkoping\/files\/2017\/02\/nya_tankar_2017_nr1-1-250x346.jpg 250w, https:\/\/wp.kristdemokraterna.se\/linkoping\/files\/2017\/02\/nya_tankar_2017_nr1-1-81x112.jpg 81w\" sizes=\"auto, (max-width: 595px) 100vw, 595px\" \/><\/a><\/p>\n<p>Tidningen Nya tankar \u00e4r v\u00e5r medlemstidning f\u00f6r Kristdemokraterna i Link\u00f6ping. Nu har \u00e5rets f\u00f6rsta nummer l\u00e4mnat tryckeriet och skickats till v\u00e5ra medlemmar.<\/p>\n<p>Vill du l\u00e4sa tidningen digitalt? Klicka p\u00e5 bilden ovan eller p\u00e5\u00a0l\u00e4nken nedan:<br \/>\n<a href=\"https:\/\/wp.kristdemokraterna.se\/linkoping\/files\/2017\/02\/nya_tankar_2017_nr1.pdf\">https:\/\/wp.kristdemokraterna.se\/linkoping\/files\/2017\/02\/nya_tankar_2017_nr1.pdf<\/a><\/p>\n","protected":false},"excerpt":{"rendered":"<p>Tidningen Nya tankar \u00e4r v\u00e5r medlemstidning f\u00f6r Kristdemokraterna i Link\u00f6ping. Nu har \u00e5rets f\u00f6rsta nummer l\u00e4mnat tryckeriet och skickats till v\u00e5ra medlemmar. Vill du l\u00e4sa tidningen digitalt? Klicka p\u00e5 bilden ovan eller p\u00e5\u00a0l\u00e4nken nedan: https:\/\/wp.kristdemokraterna.se\/linkoping\/files\/2017\/02\/nya_tankar_2017_nr1.pdf<\/p>\n","protected":false},"author":410,"featured_media":0,"comment_status":"closed","ping_status":"closed","sticky":false,"template":"","format":"standard","meta":{"_acf_changed":false,"footnotes":""},"categories":[22,1],"tags":[],"class_list":["post-563","post","type-post","status-publish","format-standard","hentry","category-arkiv","category-okategoriserade"],"acf":[],"yoast_head":"<!-- This site is optimized with the Yoast SEO plugin v27.4 - https:\/\/yoast.com\/product\/yoast-seo-wordpress\/ -->\n<title>\u00c5rets f\u00f6rsta Nya tankar - Kristdemokraterna i Link\u00f6ping<\/title>\n<meta name=\"robots\" content=\"index, follow, max-snippet:-1, max-image-preview:large, max-video-preview:-1\" \/>\n<link rel=\"canonical\" href=\"https:\/\/wp.kristdemokraterna.se\/linkoping\/arets-forsta-nya-tankar\/\" \/>\n<meta property=\"og:locale\" content=\"sv_SE\" \/>\n<meta property=\"og:type\" content=\"article\" \/>\n<meta property=\"og:title\" content=\"\u00c5rets f\u00f6rsta Nya tankar - Kristdemokraterna i Link\u00f6ping\" \/>\n<meta property=\"og:description\" content=\"Tidningen Nya tankar \u00e4r v\u00e5r medlemstidning f\u00f6r Kristdemokraterna i Link\u00f6ping. Nu har \u00e5rets f\u00f6rsta nummer l\u00e4mnat tryckeriet och skickats till v\u00e5ra medlemmar. Vill du l\u00e4sa tidningen digitalt? Klicka p\u00e5 bilden ovan eller p\u00e5\u00a0l\u00e4nken nedan: https:\/\/wp.kristdemokraterna.se\/linkoping\/files\/2017\/02\/nya_tankar_2017_nr1.pdf\" \/>\n<meta property=\"og:url\" content=\"https:\/\/wp.kristdemokraterna.se\/linkoping\/arets-forsta-nya-tankar\/\" \/>\n<meta property=\"og:site_name\" content=\"Kristdemokraterna i Link\u00f6ping\" \/>\n<meta property=\"article:author\" content=\"https:\/\/www.facebook.com\/kdlinkoping\/\" \/>\n<meta property=\"article:published_time\" content=\"2017-02-07T20:18:14+00:00\" \/>\n<meta property=\"article:modified_time\" content=\"2021-08-13T09:48:53+00:00\" \/>\n<meta property=\"og:image\" content=\"http:\/\/wp.kristdemokraterna.se\/linkoping\/files\/2017\/02\/nya_tankar_2017_nr1-1.jpg\" \/>\n<meta name=\"author\" content=\"linkoping\" \/>\n<meta name=\"twitter:card\" content=\"summary_large_image\" \/>\n<meta name=\"twitter:label1\" content=\"Skriven av\" \/>\n\t<meta name=\"twitter:data1\" content=\"linkoping\" \/>\n<script type=\"application\/ld+json\" class=\"yoast-schema-graph\">{\"@context\":\"https:\\\/\\\/schema.org\",\"@graph\":[{\"@type\":\"Article\",\"@id\":\"https:\\\/\\\/wp.kristdemokraterna.se\\\/linkoping\\\/arets-forsta-nya-tankar\\\/#article\",\"isPartOf\":{\"@id\":\"https:\\\/\\\/wp.kristdemokraterna.se\\\/linkoping\\\/arets-forsta-nya-tankar\\\/\"},\"author\":{\"name\":\"linkoping\",\"@id\":\"https:\\\/\\\/wp.kristdemokraterna.se\\\/linkoping\\\/#\\\/schema\\\/person\\\/b0148c3c8863db76d330faa282b9521a\"},\"headline\":\"\u00c5rets f\u00f6rsta Nya tankar\",\"datePublished\":\"2017-02-07T20:18:14+00:00\",\"dateModified\":\"2021-08-13T09:48:53+00:00\",\"mainEntityOfPage\":{\"@id\":\"https:\\\/\\\/wp.kristdemokraterna.se\\\/linkoping\\\/arets-forsta-nya-tankar\\\/\"},\"wordCount\":58,\"image\":{\"@id\":\"https:\\\/\\\/wp.kristdemokraterna.se\\\/linkoping\\\/arets-forsta-nya-tankar\\\/#primaryimage\"},\"thumbnailUrl\":\"http:\\\/\\\/wp.kristdemokraterna.se\\\/linkoping\\\/files\\\/2017\\\/02\\\/nya_tankar_2017_nr1-1.jpg\",\"articleSection\":[\"arkiv\",\"okategoriserade\"],\"inLanguage\":\"sv-SE\"},{\"@type\":\"WebPage\",\"@id\":\"https:\\\/\\\/wp.kristdemokraterna.se\\\/linkoping\\\/arets-forsta-nya-tankar\\\/\",\"url\":\"https:\\\/\\\/wp.kristdemokraterna.se\\\/linkoping\\\/arets-forsta-nya-tankar\\\/\",\"name\":\"\u00c5rets f\u00f6rsta Nya tankar - Kristdemokraterna i Link\u00f6ping\",\"isPartOf\":{\"@id\":\"https:\\\/\\\/wp.kristdemokraterna.se\\\/linkoping\\\/#website\"},\"primaryImageOfPage\":{\"@id\":\"https:\\\/\\\/wp.kristdemokraterna.se\\\/linkoping\\\/arets-forsta-nya-tankar\\\/#primaryimage\"},\"image\":{\"@id\":\"https:\\\/\\\/wp.kristdemokraterna.se\\\/linkoping\\\/arets-forsta-nya-tankar\\\/#primaryimage\"},\"thumbnailUrl\":\"http:\\\/\\\/wp.kristdemokraterna.se\\\/linkoping\\\/files\\\/2017\\\/02\\\/nya_tankar_2017_nr1-1.jpg\",\"datePublished\":\"2017-02-07T20:18:14+00:00\",\"dateModified\":\"2021-08-13T09:48:53+00:00\",\"author\":{\"@id\":\"https:\\\/\\\/wp.kristdemokraterna.se\\\/linkoping\\\/#\\\/schema\\\/person\\\/b0148c3c8863db76d330faa282b9521a\"},\"breadcrumb\":{\"@id\":\"https:\\\/\\\/wp.kristdemokraterna.se\\\/linkoping\\\/arets-forsta-nya-tankar\\\/#breadcrumb\"},\"inLanguage\":\"sv-SE\",\"potentialAction\":[{\"@type\":\"ReadAction\",\"target\":[\"https:\\\/\\\/wp.kristdemokraterna.se\\\/linkoping\\\/arets-forsta-nya-tankar\\\/\"]}]},{\"@type\":\"ImageObject\",\"inLanguage\":\"sv-SE\",\"@id\":\"https:\\\/\\\/wp.kristdemokraterna.se\\\/linkoping\\\/arets-forsta-nya-tankar\\\/#primaryimage\",\"url\":\"https:\\\/\\\/wp.kristdemokraterna.se\\\/linkoping\\\/files\\\/2017\\\/02\\\/nya_tankar_2017_nr1-1.jpg\",\"contentUrl\":\"https:\\\/\\\/wp.kristdemokraterna.se\\\/linkoping\\\/files\\\/2017\\\/02\\\/nya_tankar_2017_nr1-1.jpg\",\"width\":595,\"height\":822},{\"@type\":\"BreadcrumbList\",\"@id\":\"https:\\\/\\\/wp.kristdemokraterna.se\\\/linkoping\\\/arets-forsta-nya-tankar\\\/#breadcrumb\",\"itemListElement\":[{\"@type\":\"ListItem\",\"position\":1,\"name\":\"Hem\",\"item\":\"https:\\\/\\\/wp.kristdemokraterna.se\\\/linkoping\\\/\"},{\"@type\":\"ListItem\",\"position\":2,\"name\":\"\u00c5rets f\u00f6rsta Nya tankar\"}]},{\"@type\":\"WebSite\",\"@id\":\"https:\\\/\\\/wp.kristdemokraterna.se\\\/linkoping\\\/#website\",\"url\":\"https:\\\/\\\/wp.kristdemokraterna.se\\\/linkoping\\\/\",\"name\":\"Kristdemokraterna i Link\u00f6ping\",\"description\":\"\",\"inLanguage\":\"sv-SE\"},{\"@type\":\"Person\",\"@id\":\"https:\\\/\\\/wp.kristdemokraterna.se\\\/linkoping\\\/#\\\/schema\\\/person\\\/b0148c3c8863db76d330faa282b9521a\",\"name\":\"linkoping\",\"image\":{\"@type\":\"ImageObject\",\"inLanguage\":\"sv-SE\",\"@id\":\"https:\\\/\\\/secure.gravatar.com\\\/avatar\\\/016e7965fec0e08fdd07b021a7d25181278d4b29b1d5bab57b16017e35421895?s=96&r=g\",\"url\":\"https:\\\/\\\/secure.gravatar.com\\\/avatar\\\/016e7965fec0e08fdd07b021a7d25181278d4b29b1d5bab57b16017e35421895?s=96&r=g\",\"contentUrl\":\"https:\\\/\\\/secure.gravatar.com\\\/avatar\\\/016e7965fec0e08fdd07b021a7d25181278d4b29b1d5bab57b16017e35421895?s=96&r=g\",\"caption\":\"linkoping\"},\"sameAs\":[\"https:\\\/\\\/www.facebook.com\\\/kdlinkoping\\\/\"],\"url\":\"https:\\\/\\\/wp.kristdemokraterna.se\\\/linkoping\\\/author\\\/linkoping\\\/\"}]}<\/script>\n<!-- \/ Yoast SEO plugin. -->","yoast_head_json":{"title":"\u00c5rets f\u00f6rsta Nya tankar - Kristdemokraterna i Link\u00f6ping","robots":{"index":"index","follow":"follow","max-snippet":"max-snippet:-1","max-image-preview":"max-image-preview:large","max-video-preview":"max-video-preview:-1"},"canonical":"https:\/\/wp.kristdemokraterna.se\/linkoping\/arets-forsta-nya-tankar\/","og_locale":"sv_SE","og_type":"article","og_title":"\u00c5rets f\u00f6rsta Nya tankar - Kristdemokraterna i Link\u00f6ping","og_description":"Tidningen Nya tankar \u00e4r v\u00e5r medlemstidning f\u00f6r Kristdemokraterna i Link\u00f6ping. Nu har \u00e5rets f\u00f6rsta nummer l\u00e4mnat tryckeriet och skickats till v\u00e5ra medlemmar. Vill du l\u00e4sa tidningen digitalt? Klicka p\u00e5 bilden ovan eller p\u00e5\u00a0l\u00e4nken nedan: https:\/\/wp.kristdemokraterna.se\/linkoping\/files\/2017\/02\/nya_tankar_2017_nr1.pdf","og_url":"https:\/\/wp.kristdemokraterna.se\/linkoping\/arets-forsta-nya-tankar\/","og_site_name":"Kristdemokraterna i Link\u00f6ping","article_author":"https:\/\/www.facebook.com\/kdlinkoping\/","article_published_time":"2017-02-07T20:18:14+00:00","article_modified_time":"2021-08-13T09:48:53+00:00","og_image":[{"url":"http:\/\/wp.kristdemokraterna.se\/linkoping\/files\/2017\/02\/nya_tankar_2017_nr1-1.jpg","type":"","width":"","height":""}],"author":"linkoping","twitter_card":"summary_large_image","twitter_misc":{"Skriven av":"linkoping"},"schema":{"@context":"https:\/\/schema.org","@graph":[{"@type":"Article","@id":"https:\/\/wp.kristdemokraterna.se\/linkoping\/arets-forsta-nya-tankar\/#article","isPartOf":{"@id":"https:\/\/wp.kristdemokraterna.se\/linkoping\/arets-forsta-nya-tankar\/"},"author":{"name":"linkoping","@id":"https:\/\/wp.kristdemokraterna.se\/linkoping\/#\/schema\/person\/b0148c3c8863db76d330faa282b9521a"},"headline":"\u00c5rets f\u00f6rsta Nya tankar","datePublished":"2017-02-07T20:18:14+00:00","dateModified":"2021-08-13T09:48:53+00:00","mainEntityOfPage":{"@id":"https:\/\/wp.kristdemokraterna.se\/linkoping\/arets-forsta-nya-tankar\/"},"wordCount":58,"image":{"@id":"https:\/\/wp.kristdemokraterna.se\/linkoping\/arets-forsta-nya-tankar\/#primaryimage"},"thumbnailUrl":"http:\/\/wp.kristdemokraterna.se\/linkoping\/files\/2017\/02\/nya_tankar_2017_nr1-1.jpg","articleSection":["arkiv","okategoriserade"],"inLanguage":"sv-SE"},{"@type":"WebPage","@id":"https:\/\/wp.kristdemokraterna.se\/linkoping\/arets-forsta-nya-tankar\/","url":"https:\/\/wp.kristdemokraterna.se\/linkoping\/arets-forsta-nya-tankar\/","name":"\u00c5rets f\u00f6rsta Nya tankar - Kristdemokraterna i Link\u00f6ping","isPartOf":{"@id":"https:\/\/wp.kristdemokraterna.se\/linkoping\/#website"},"primaryImageOfPage":{"@id":"https:\/\/wp.kristdemokraterna.se\/linkoping\/arets-forsta-nya-tankar\/#primaryimage"},"image":{"@id":"https:\/\/wp.kristdemokraterna.se\/linkoping\/arets-forsta-nya-tankar\/#primaryimage"},"thumbnailUrl":"http:\/\/wp.kristdemokraterna.se\/linkoping\/files\/2017\/02\/nya_tankar_2017_nr1-1.jpg","datePublished":"2017-02-07T20:18:14+00:00","dateModified":"2021-08-13T09:48:53+00:00","author":{"@id":"https:\/\/wp.kristdemokraterna.se\/linkoping\/#\/schema\/person\/b0148c3c8863db76d330faa282b9521a"},"breadcrumb":{"@id":"https:\/\/wp.kristdemokraterna.se\/linkoping\/arets-forsta-nya-tankar\/#breadcrumb"},"inLanguage":"sv-SE","potentialAction":[{"@type":"ReadAction","target":["https:\/\/wp.kristdemokraterna.se\/linkoping\/arets-forsta-nya-tankar\/"]}]},{"@type":"ImageObject","inLanguage":"sv-SE","@id":"https:\/\/wp.kristdemokraterna.se\/linkoping\/arets-forsta-nya-tankar\/#primaryimage","url":"https:\/\/wp.kristdemokraterna.se\/linkoping\/files\/2017\/02\/nya_tankar_2017_nr1-1.jpg","contentUrl":"https:\/\/wp.kristdemokraterna.se\/linkoping\/files\/2017\/02\/nya_tankar_2017_nr1-1.jpg","width":595,"height":822},{"@type":"BreadcrumbList","@id":"https:\/\/wp.kristdemokraterna.se\/linkoping\/arets-forsta-nya-tankar\/#breadcrumb","itemListElement":[{"@type":"ListItem","position":1,"name":"Hem","item":"https:\/\/wp.kristdemokraterna.se\/linkoping\/"},{"@type":"ListItem","position":2,"name":"\u00c5rets f\u00f6rsta Nya tankar"}]},{"@type":"WebSite","@id":"https:\/\/wp.kristdemokraterna.se\/linkoping\/#website","url":"https:\/\/wp.kristdemokraterna.se\/linkoping\/","name":"Kristdemokraterna i Link\u00f6ping","description":"","inLanguage":"sv-SE"},{"@type":"Person","@id":"https:\/\/wp.kristdemokraterna.se\/linkoping\/#\/schema\/person\/b0148c3c8863db76d330faa282b9521a","name":"linkoping","image":{"@type":"ImageObject","inLanguage":"sv-SE","@id":"https:\/\/secure.gravatar.com\/avatar\/016e7965fec0e08fdd07b021a7d25181278d4b29b1d5bab57b16017e35421895?s=96&r=g","url":"https:\/\/secure.gravatar.com\/avatar\/016e7965fec0e08fdd07b021a7d25181278d4b29b1d5bab57b16017e35421895?s=96&r=g","contentUrl":"https:\/\/secure.gravatar.com\/avatar\/016e7965fec0e08fdd07b021a7d25181278d4b29b1d5bab57b16017e35421895?s=96&r=g","caption":"linkoping"},"sameAs":["https:\/\/www.facebook.com\/kdlinkoping\/"],"url":"https:\/\/wp.kristdemokraterna.se\/linkoping\/author\/linkoping\/"}]}},"_links":{"self":[{"href":"https:\/\/wp.kristdemokraterna.se\/linkoping\/wp-json\/wp\/v2\/posts\/563","targetHints":{"allow":["GET"]}}],"collection":[{"href":"https:\/\/wp.kristdemokraterna.se\/linkoping\/wp-json\/wp\/v2\/posts"}],"about":[{"href":"https:\/\/wp.kristdemokraterna.se\/linkoping\/wp-json\/wp\/v2\/types\/post"}],"author":[{"embeddable":true,"href":"https:\/\/wp.kristdemokraterna.se\/linkoping\/wp-json\/wp\/v2\/users\/410"}],"replies":[{"embeddable":true,"href":"https:\/\/wp.kristdemokraterna.se\/linkoping\/wp-json\/wp\/v2\/comments?post=563"}],"version-history":[{"count":2,"href":"https:\/\/wp.kristdemokraterna.se\/linkoping\/wp-json\/wp\/v2\/posts\/563\/revisions"}],"predecessor-version":[{"id":565,"href":"https:\/\/wp.kristdemokraterna.se\/linkoping\/wp-json\/wp\/v2\/posts\/563\/revisions\/565"}],"wp:attachment":[{"href":"https:\/\/wp.kristdemokraterna.se\/linkoping\/wp-json\/wp\/v2\/media?parent=563"}],"wp:term":[{"taxonomy":"category","embeddable":true,"href":"https:\/\/wp.kristdemokraterna.se\/linkoping\/wp-json\/wp\/v2\/categories?post=563"},{"taxonomy":"post_tag","embeddable":true,"href":"https:\/\/wp.kristdemokraterna.se\/linkoping\/wp-json\/wp\/v2\/tags?post=563"}],"curies":[{"name":"wp","href":"https:\/\/api.w.org\/{rel}","templated":true}]}}