{"id":568,"date":"2017-02-08T08:41:23","date_gmt":"2017-02-08T07:41:23","guid":{"rendered":"http:\/\/wp.kristdemokraterna.se\/linkoping\/?p=568"},"modified":"2021-08-13T11:48:53","modified_gmt":"2021-08-13T09:48:53","slug":"pressmeddelande","status":"publish","type":"post","link":"https:\/\/wp.kristdemokraterna.se\/linkoping\/pressmeddelande\/","title":{"rendered":"Utred f\u00f6ruts\u00e4ttningarna f\u00f6r NATO-flygbas i Link\u00f6ping"},"content":{"rendered":"<div class=\"page\" title=\"Page 1\">\n<div class=\"layoutArea\">\n<div class=\"column\">\n<p>Kristdemokraterna i Link\u00f6ping anser att kommunen b\u00f6r utreda f\u00f6ruts\u00e4ttningarna att etablera en NATO-flygbas i stan. Sedan Karlshamn till\u00e5tits fatta beslut med p\u00e5verkan p\u00e5 svensk s\u00e4kerhetspolitik har nya m\u00f6jligheter \u00f6ppnats \u00e4ven f\u00f6r \u00f6vriga kommuner i Sverige. D\u00e4rf\u00f6r har partiet nu l\u00e4mnat in en motion till kommunfullm\u00e4ktige om att utreda f\u00f6ruts\u00e4ttningarna f\u00f6r en NATO-flygbas i Link\u00f6ping.<\/p>\n<ul>\n<li>&#8211; \u00a0V\u00e5r bed\u00f6mning \u00e4r att Link\u00f6ping har god potential erbjuda ytterligare intressenter tillg\u00e5ng till stadens attraktiva l\u00e4ge och infrastruktur f\u00f6r flygvapenverksamhet. F\u00f6r oss kristdemokrater \u00e4r NATO den sj\u00e4lvklara partner som vi vill initiera ett s\u00e5dant samarbete med, s\u00e4ger Sara Skyttedal<\/li>\n<li>&#8211; \u00a0Vi tror att en etablering av NATO-flygbas i Link\u00f6ping skulle kunna bidra positivt till kommunens ekonomiska utveckling och dessutom \u00f6ka s\u00e4kerheten f\u00f6r kommuninv\u00e5narna. D\u00e4rf\u00f6r b\u00f6r kommunen initiera kontakter med svenska delegationen vid NATO f\u00f6r att f\u00f6ra en dialog med syfte att f\u00e5 till st\u00e5nd ett samarbete i n\u00e4rtid, forts\u00e4tter Skyttedal.<\/li>\n<\/ul>\n<\/div>\n<\/div>\n<\/div>\n<p>Motionen in sin helhet <a href=\"https:\/\/wp.kristdemokraterna.se\/linkoping\/files\/2017\/02\/motion-nato-flygbas.pdf\">hittar du h\u00e4r<\/a><a href=\"https:\/\/wp.kristdemokraterna.se\/linkoping\/files\/2017\/02\/motion-nato-flygbas.pdf\">.<\/a><\/p>\n<p><strong>F\u00f6r mer information:<\/strong><\/p>\n<p>Gruppledare<br \/>\nSara Skyttedal<br \/>\nsara.skyttedal@linkoping.se<\/p>\n<p>Politisk sekreterare<br \/>\nFelix Gr\u00f6nqvist<br \/>\nfelix.gronqvist@linkoping.se<br \/>\n072-240 07 25<\/p>\n","protected":false},"excerpt":{"rendered":"<p>Kristdemokraterna i Link\u00f6ping anser att kommunen b\u00f6r utreda f\u00f6ruts\u00e4ttningarna att etablera en NATO-flygbas i stan. Sedan Karlshamn till\u00e5tits fatta beslut med p\u00e5verkan p\u00e5 svensk s\u00e4kerhetspolitik har nya m\u00f6jligheter \u00f6ppnats \u00e4ven f\u00f6r \u00f6vriga kommuner i Sverige. D\u00e4rf\u00f6r har partiet nu l\u00e4mnat in en motion till kommunfullm\u00e4ktige om att utreda f\u00f6ruts\u00e4ttningarna f\u00f6r en NATO-flygbas i Link\u00f6ping. &#8211; <a class=\"read-more-link\" href=\"https:\/\/wp.kristdemokraterna.se\/linkoping\/pressmeddelande\/\">Read More<\/a><\/p>\n","protected":false},"author":410,"featured_media":0,"comment_status":"closed","ping_status":"closed","sticky":false,"template":"","format":"standard","meta":{"_acf_changed":false,"footnotes":""},"categories":[22,1],"tags":[],"class_list":["post-568","post","type-post","status-publish","format-standard","hentry","category-arkiv","category-okategoriserade"],"acf":[],"yoast_head":"<!-- This site is optimized with the Yoast SEO plugin v27.4 - https:\/\/yoast.com\/product\/yoast-seo-wordpress\/ -->\n<title>Utred f\u00f6ruts\u00e4ttningarna f\u00f6r NATO-flygbas i Link\u00f6ping - Kristdemokraterna i Link\u00f6ping<\/title>\n<meta name=\"robots\" content=\"index, follow, max-snippet:-1, max-image-preview:large, max-video-preview:-1\" \/>\n<link rel=\"canonical\" href=\"https:\/\/wp.kristdemokraterna.se\/linkoping\/pressmeddelande\/\" \/>\n<meta property=\"og:locale\" content=\"sv_SE\" \/>\n<meta property=\"og:type\" content=\"article\" \/>\n<meta property=\"og:title\" content=\"Utred f\u00f6ruts\u00e4ttningarna f\u00f6r NATO-flygbas i Link\u00f6ping - Kristdemokraterna i Link\u00f6ping\" \/>\n<meta property=\"og:description\" content=\"Kristdemokraterna i Link\u00f6ping anser att kommunen b\u00f6r utreda f\u00f6ruts\u00e4ttningarna att etablera en NATO-flygbas i stan. Sedan Karlshamn till\u00e5tits fatta beslut med p\u00e5verkan p\u00e5 svensk s\u00e4kerhetspolitik har nya m\u00f6jligheter \u00f6ppnats \u00e4ven f\u00f6r \u00f6vriga kommuner i Sverige. D\u00e4rf\u00f6r har partiet nu l\u00e4mnat in en motion till kommunfullm\u00e4ktige om att utreda f\u00f6ruts\u00e4ttningarna f\u00f6r en NATO-flygbas i Link\u00f6ping. &#8211; Read More\" \/>\n<meta property=\"og:url\" content=\"https:\/\/wp.kristdemokraterna.se\/linkoping\/pressmeddelande\/\" \/>\n<meta property=\"og:site_name\" content=\"Kristdemokraterna i Link\u00f6ping\" \/>\n<meta property=\"article:author\" content=\"https:\/\/www.facebook.com\/kdlinkoping\/\" \/>\n<meta property=\"article:published_time\" content=\"2017-02-08T07:41:23+00:00\" \/>\n<meta property=\"article:modified_time\" content=\"2021-08-13T09:48:53+00:00\" \/>\n<meta name=\"author\" content=\"linkoping\" \/>\n<meta name=\"twitter:card\" content=\"summary_large_image\" \/>\n<meta name=\"twitter:label1\" content=\"Skriven av\" \/>\n\t<meta name=\"twitter:data1\" content=\"linkoping\" \/>\n\t<meta name=\"twitter:label2\" content=\"Ber\u00e4knad l\u00e4stid\" \/>\n\t<meta name=\"twitter:data2\" content=\"1 minut\" \/>\n<script type=\"application\/ld+json\" class=\"yoast-schema-graph\">{\"@context\":\"https:\\\/\\\/schema.org\",\"@graph\":[{\"@type\":\"Article\",\"@id\":\"https:\\\/\\\/wp.kristdemokraterna.se\\\/linkoping\\\/pressmeddelande\\\/#article\",\"isPartOf\":{\"@id\":\"https:\\\/\\\/wp.kristdemokraterna.se\\\/linkoping\\\/pressmeddelande\\\/\"},\"author\":{\"name\":\"linkoping\",\"@id\":\"https:\\\/\\\/wp.kristdemokraterna.se\\\/linkoping\\\/#\\\/schema\\\/person\\\/b0148c3c8863db76d330faa282b9521a\"},\"headline\":\"Utred f\u00f6ruts\u00e4ttningarna f\u00f6r NATO-flygbas i Link\u00f6ping\",\"datePublished\":\"2017-02-08T07:41:23+00:00\",\"dateModified\":\"2021-08-13T09:48:53+00:00\",\"mainEntityOfPage\":{\"@id\":\"https:\\\/\\\/wp.kristdemokraterna.se\\\/linkoping\\\/pressmeddelande\\\/\"},\"wordCount\":223,\"articleSection\":[\"arkiv\",\"okategoriserade\"],\"inLanguage\":\"sv-SE\"},{\"@type\":\"WebPage\",\"@id\":\"https:\\\/\\\/wp.kristdemokraterna.se\\\/linkoping\\\/pressmeddelande\\\/\",\"url\":\"https:\\\/\\\/wp.kristdemokraterna.se\\\/linkoping\\\/pressmeddelande\\\/\",\"name\":\"Utred f\u00f6ruts\u00e4ttningarna f\u00f6r NATO-flygbas i Link\u00f6ping - Kristdemokraterna i Link\u00f6ping\",\"isPartOf\":{\"@id\":\"https:\\\/\\\/wp.kristdemokraterna.se\\\/linkoping\\\/#website\"},\"datePublished\":\"2017-02-08T07:41:23+00:00\",\"dateModified\":\"2021-08-13T09:48:53+00:00\",\"author\":{\"@id\":\"https:\\\/\\\/wp.kristdemokraterna.se\\\/linkoping\\\/#\\\/schema\\\/person\\\/b0148c3c8863db76d330faa282b9521a\"},\"breadcrumb\":{\"@id\":\"https:\\\/\\\/wp.kristdemokraterna.se\\\/linkoping\\\/pressmeddelande\\\/#breadcrumb\"},\"inLanguage\":\"sv-SE\",\"potentialAction\":[{\"@type\":\"ReadAction\",\"target\":[\"https:\\\/\\\/wp.kristdemokraterna.se\\\/linkoping\\\/pressmeddelande\\\/\"]}]},{\"@type\":\"BreadcrumbList\",\"@id\":\"https:\\\/\\\/wp.kristdemokraterna.se\\\/linkoping\\\/pressmeddelande\\\/#breadcrumb\",\"itemListElement\":[{\"@type\":\"ListItem\",\"position\":1,\"name\":\"Hem\",\"item\":\"https:\\\/\\\/wp.kristdemokraterna.se\\\/linkoping\\\/\"},{\"@type\":\"ListItem\",\"position\":2,\"name\":\"Utred f\u00f6ruts\u00e4ttningarna f\u00f6r NATO-flygbas i Link\u00f6ping\"}]},{\"@type\":\"WebSite\",\"@id\":\"https:\\\/\\\/wp.kristdemokraterna.se\\\/linkoping\\\/#website\",\"url\":\"https:\\\/\\\/wp.kristdemokraterna.se\\\/linkoping\\\/\",\"name\":\"Kristdemokraterna i Link\u00f6ping\",\"description\":\"\",\"inLanguage\":\"sv-SE\"},{\"@type\":\"Person\",\"@id\":\"https:\\\/\\\/wp.kristdemokraterna.se\\\/linkoping\\\/#\\\/schema\\\/person\\\/b0148c3c8863db76d330faa282b9521a\",\"name\":\"linkoping\",\"image\":{\"@type\":\"ImageObject\",\"inLanguage\":\"sv-SE\",\"@id\":\"https:\\\/\\\/secure.gravatar.com\\\/avatar\\\/016e7965fec0e08fdd07b021a7d25181278d4b29b1d5bab57b16017e35421895?s=96&r=g\",\"url\":\"https:\\\/\\\/secure.gravatar.com\\\/avatar\\\/016e7965fec0e08fdd07b021a7d25181278d4b29b1d5bab57b16017e35421895?s=96&r=g\",\"contentUrl\":\"https:\\\/\\\/secure.gravatar.com\\\/avatar\\\/016e7965fec0e08fdd07b021a7d25181278d4b29b1d5bab57b16017e35421895?s=96&r=g\",\"caption\":\"linkoping\"},\"sameAs\":[\"https:\\\/\\\/www.facebook.com\\\/kdlinkoping\\\/\"],\"url\":\"https:\\\/\\\/wp.kristdemokraterna.se\\\/linkoping\\\/author\\\/linkoping\\\/\"}]}<\/script>\n<!-- \/ Yoast SEO plugin. -->","yoast_head_json":{"title":"Utred f\u00f6ruts\u00e4ttningarna f\u00f6r NATO-flygbas i Link\u00f6ping - Kristdemokraterna i Link\u00f6ping","robots":{"index":"index","follow":"follow","max-snippet":"max-snippet:-1","max-image-preview":"max-image-preview:large","max-video-preview":"max-video-preview:-1"},"canonical":"https:\/\/wp.kristdemokraterna.se\/linkoping\/pressmeddelande\/","og_locale":"sv_SE","og_type":"article","og_title":"Utred f\u00f6ruts\u00e4ttningarna f\u00f6r NATO-flygbas i Link\u00f6ping - Kristdemokraterna i Link\u00f6ping","og_description":"Kristdemokraterna i Link\u00f6ping anser att kommunen b\u00f6r utreda f\u00f6ruts\u00e4ttningarna att etablera en NATO-flygbas i stan. Sedan Karlshamn till\u00e5tits fatta beslut med p\u00e5verkan p\u00e5 svensk s\u00e4kerhetspolitik har nya m\u00f6jligheter \u00f6ppnats \u00e4ven f\u00f6r \u00f6vriga kommuner i Sverige. D\u00e4rf\u00f6r har partiet nu l\u00e4mnat in en motion till kommunfullm\u00e4ktige om att utreda f\u00f6ruts\u00e4ttningarna f\u00f6r en NATO-flygbas i Link\u00f6ping. &#8211; Read More","og_url":"https:\/\/wp.kristdemokraterna.se\/linkoping\/pressmeddelande\/","og_site_name":"Kristdemokraterna i Link\u00f6ping","article_author":"https:\/\/www.facebook.com\/kdlinkoping\/","article_published_time":"2017-02-08T07:41:23+00:00","article_modified_time":"2021-08-13T09:48:53+00:00","author":"linkoping","twitter_card":"summary_large_image","twitter_misc":{"Skriven av":"linkoping","Ber\u00e4knad l\u00e4stid":"1 minut"},"schema":{"@context":"https:\/\/schema.org","@graph":[{"@type":"Article","@id":"https:\/\/wp.kristdemokraterna.se\/linkoping\/pressmeddelande\/#article","isPartOf":{"@id":"https:\/\/wp.kristdemokraterna.se\/linkoping\/pressmeddelande\/"},"author":{"name":"linkoping","@id":"https:\/\/wp.kristdemokraterna.se\/linkoping\/#\/schema\/person\/b0148c3c8863db76d330faa282b9521a"},"headline":"Utred f\u00f6ruts\u00e4ttningarna f\u00f6r NATO-flygbas i Link\u00f6ping","datePublished":"2017-02-08T07:41:23+00:00","dateModified":"2021-08-13T09:48:53+00:00","mainEntityOfPage":{"@id":"https:\/\/wp.kristdemokraterna.se\/linkoping\/pressmeddelande\/"},"wordCount":223,"articleSection":["arkiv","okategoriserade"],"inLanguage":"sv-SE"},{"@type":"WebPage","@id":"https:\/\/wp.kristdemokraterna.se\/linkoping\/pressmeddelande\/","url":"https:\/\/wp.kristdemokraterna.se\/linkoping\/pressmeddelande\/","name":"Utred f\u00f6ruts\u00e4ttningarna f\u00f6r NATO-flygbas i Link\u00f6ping - Kristdemokraterna i Link\u00f6ping","isPartOf":{"@id":"https:\/\/wp.kristdemokraterna.se\/linkoping\/#website"},"datePublished":"2017-02-08T07:41:23+00:00","dateModified":"2021-08-13T09:48:53+00:00","author":{"@id":"https:\/\/wp.kristdemokraterna.se\/linkoping\/#\/schema\/person\/b0148c3c8863db76d330faa282b9521a"},"breadcrumb":{"@id":"https:\/\/wp.kristdemokraterna.se\/linkoping\/pressmeddelande\/#breadcrumb"},"inLanguage":"sv-SE","potentialAction":[{"@type":"ReadAction","target":["https:\/\/wp.kristdemokraterna.se\/linkoping\/pressmeddelande\/"]}]},{"@type":"BreadcrumbList","@id":"https:\/\/wp.kristdemokraterna.se\/linkoping\/pressmeddelande\/#breadcrumb","itemListElement":[{"@type":"ListItem","position":1,"name":"Hem","item":"https:\/\/wp.kristdemokraterna.se\/linkoping\/"},{"@type":"ListItem","position":2,"name":"Utred f\u00f6ruts\u00e4ttningarna f\u00f6r NATO-flygbas i Link\u00f6ping"}]},{"@type":"WebSite","@id":"https:\/\/wp.kristdemokraterna.se\/linkoping\/#website","url":"https:\/\/wp.kristdemokraterna.se\/linkoping\/","name":"Kristdemokraterna i Link\u00f6ping","description":"","inLanguage":"sv-SE"},{"@type":"Person","@id":"https:\/\/wp.kristdemokraterna.se\/linkoping\/#\/schema\/person\/b0148c3c8863db76d330faa282b9521a","name":"linkoping","image":{"@type":"ImageObject","inLanguage":"sv-SE","@id":"https:\/\/secure.gravatar.com\/avatar\/016e7965fec0e08fdd07b021a7d25181278d4b29b1d5bab57b16017e35421895?s=96&r=g","url":"https:\/\/secure.gravatar.com\/avatar\/016e7965fec0e08fdd07b021a7d25181278d4b29b1d5bab57b16017e35421895?s=96&r=g","contentUrl":"https:\/\/secure.gravatar.com\/avatar\/016e7965fec0e08fdd07b021a7d25181278d4b29b1d5bab57b16017e35421895?s=96&r=g","caption":"linkoping"},"sameAs":["https:\/\/www.facebook.com\/kdlinkoping\/"],"url":"https:\/\/wp.kristdemokraterna.se\/linkoping\/author\/linkoping\/"}]}},"_links":{"self":[{"href":"https:\/\/wp.kristdemokraterna.se\/linkoping\/wp-json\/wp\/v2\/posts\/568","targetHints":{"allow":["GET"]}}],"collection":[{"href":"https:\/\/wp.kristdemokraterna.se\/linkoping\/wp-json\/wp\/v2\/posts"}],"about":[{"href":"https:\/\/wp.kristdemokraterna.se\/linkoping\/wp-json\/wp\/v2\/types\/post"}],"author":[{"embeddable":true,"href":"https:\/\/wp.kristdemokraterna.se\/linkoping\/wp-json\/wp\/v2\/users\/410"}],"replies":[{"embeddable":true,"href":"https:\/\/wp.kristdemokraterna.se\/linkoping\/wp-json\/wp\/v2\/comments?post=568"}],"version-history":[{"count":10,"href":"https:\/\/wp.kristdemokraterna.se\/linkoping\/wp-json\/wp\/v2\/posts\/568\/revisions"}],"predecessor-version":[{"id":579,"href":"https:\/\/wp.kristdemokraterna.se\/linkoping\/wp-json\/wp\/v2\/posts\/568\/revisions\/579"}],"wp:attachment":[{"href":"https:\/\/wp.kristdemokraterna.se\/linkoping\/wp-json\/wp\/v2\/media?parent=568"}],"wp:term":[{"taxonomy":"category","embeddable":true,"href":"https:\/\/wp.kristdemokraterna.se\/linkoping\/wp-json\/wp\/v2\/categories?post=568"},{"taxonomy":"post_tag","embeddable":true,"href":"https:\/\/wp.kristdemokraterna.se\/linkoping\/wp-json\/wp\/v2\/tags?post=568"}],"curies":[{"name":"wp","href":"https:\/\/api.w.org\/{rel}","templated":true}]}}