{"id":587,"date":"2017-03-22T21:34:14","date_gmt":"2017-03-22T20:34:14","guid":{"rendered":"http:\/\/wp.kristdemokraterna.se\/linkoping\/?p=587"},"modified":"2021-08-13T11:48:30","modified_gmt":"2021-08-13T09:48:30","slug":"frukostmote-lordag-25-mars","status":"publish","type":"post","link":"https:\/\/wp.kristdemokraterna.se\/linkoping\/frukostmote-lordag-25-mars\/","title":{"rendered":"Frukostm\u00f6te l\u00f6rdag 25 mars"},"content":{"rendered":"<p><img loading=\"lazy\" decoding=\"async\" class=\"alignleft size-full wp-image-586\" src=\"https:\/\/wp.kristdemokraterna.se\/linkoping\/files\/2017\/03\/frukostmote170325_high.jpg\" alt=\"\" width=\"1000\" height=\"910\" srcset=\"https:\/\/wp.kristdemokraterna.se\/linkoping\/files\/2017\/03\/frukostmote170325_high.jpg 1000w, https:\/\/wp.kristdemokraterna.se\/linkoping\/files\/2017\/03\/frukostmote170325_high-300x273.jpg 300w, https:\/\/wp.kristdemokraterna.se\/linkoping\/files\/2017\/03\/frukostmote170325_high-768x699.jpg 768w, https:\/\/wp.kristdemokraterna.se\/linkoping\/files\/2017\/03\/frukostmote170325_high-540x491.jpg 540w, https:\/\/wp.kristdemokraterna.se\/linkoping\/files\/2017\/03\/frukostmote170325_high-380x346.jpg 380w, https:\/\/wp.kristdemokraterna.se\/linkoping\/files\/2017\/03\/frukostmote170325_high-123x112.jpg 123w\" sizes=\"auto, (max-width: 1000px) 100vw, 1000px\" \/><\/p>\n<p>Kristdemokraterna i Link\u00f6ping inbjuder till<\/p>\n<p><strong>FRUKOSTM\u00d6TE<\/strong><br \/>\n<strong>TEMA: \u201dEtt tryggt samh\u00e4lle &#8211; kontra brott och straff \u201d<\/strong><\/p>\n<p>L\u00f6rdag 25 mars kl. 09.00-10.30<br \/>\nDistriktkansliet, Gr\u00e4nden Duvan 2 i Link\u00f6ping<\/p>\n<p>Ordf\u00f6rande Magnus Engstr\u00f6m och Peter Magnusson,<br \/>\nstadsmissionen, pratar om v\u00e5rt samh\u00e4lle utifr\u00e5n ledorden :<br \/>\ntrygghet, brott och straff. L\u00e4ttare frukost serveras.<\/p>\n<p>Ingen f\u00f6ranm\u00e4lan kr\u00e4vs.<\/p>\n<p>V\u00e4lkommen!<\/p>\n","protected":false},"excerpt":{"rendered":"<p>Kristdemokraterna i Link\u00f6ping inbjuder till FRUKOSTM\u00d6TE TEMA: \u201dEtt tryggt samh\u00e4lle &#8211; kontra brott och straff \u201d L\u00f6rdag 25 mars kl. 09.00-10.30 Distriktkansliet, Gr\u00e4nden Duvan 2 i Link\u00f6ping Ordf\u00f6rande Magnus Engstr\u00f6m och Peter Magnusson, stadsmissionen, pratar om v\u00e5rt samh\u00e4lle utifr\u00e5n ledorden : trygghet, brott och straff. L\u00e4ttare frukost serveras. Ingen f\u00f6ranm\u00e4lan kr\u00e4vs. V\u00e4lkommen!<\/p>\n","protected":false},"author":410,"featured_media":0,"comment_status":"closed","ping_status":"closed","sticky":false,"template":"","format":"standard","meta":{"_acf_changed":false,"footnotes":""},"categories":[22,1],"tags":[],"class_list":["post-587","post","type-post","status-publish","format-standard","hentry","category-arkiv","category-okategoriserade"],"acf":[],"yoast_head":"<!-- This site is optimized with the Yoast SEO plugin v27.4 - https:\/\/yoast.com\/product\/yoast-seo-wordpress\/ -->\n<title>Frukostm\u00f6te l\u00f6rdag 25 mars - Kristdemokraterna i Link\u00f6ping<\/title>\n<meta name=\"robots\" content=\"index, follow, max-snippet:-1, max-image-preview:large, max-video-preview:-1\" \/>\n<link rel=\"canonical\" href=\"https:\/\/wp.kristdemokraterna.se\/linkoping\/frukostmote-lordag-25-mars\/\" \/>\n<meta property=\"og:locale\" content=\"sv_SE\" \/>\n<meta property=\"og:type\" content=\"article\" \/>\n<meta property=\"og:title\" content=\"Frukostm\u00f6te l\u00f6rdag 25 mars - Kristdemokraterna i Link\u00f6ping\" \/>\n<meta property=\"og:description\" content=\"Kristdemokraterna i Link\u00f6ping inbjuder till FRUKOSTM\u00d6TE TEMA: \u201dEtt tryggt samh\u00e4lle &#8211; kontra brott och straff \u201d L\u00f6rdag 25 mars kl. 09.00-10.30 Distriktkansliet, Gr\u00e4nden Duvan 2 i Link\u00f6ping Ordf\u00f6rande Magnus Engstr\u00f6m och Peter Magnusson, stadsmissionen, pratar om v\u00e5rt samh\u00e4lle utifr\u00e5n ledorden : trygghet, brott och straff. L\u00e4ttare frukost serveras. Ingen f\u00f6ranm\u00e4lan kr\u00e4vs. V\u00e4lkommen!\" \/>\n<meta property=\"og:url\" content=\"https:\/\/wp.kristdemokraterna.se\/linkoping\/frukostmote-lordag-25-mars\/\" \/>\n<meta property=\"og:site_name\" content=\"Kristdemokraterna i Link\u00f6ping\" \/>\n<meta property=\"article:author\" content=\"https:\/\/www.facebook.com\/kdlinkoping\/\" \/>\n<meta property=\"article:published_time\" content=\"2017-03-22T20:34:14+00:00\" \/>\n<meta property=\"article:modified_time\" content=\"2021-08-13T09:48:30+00:00\" \/>\n<meta property=\"og:image\" content=\"http:\/\/wp.kristdemokraterna.se\/linkoping\/files\/2017\/03\/frukostmote170325_high.jpg\" \/>\n<meta name=\"author\" content=\"linkoping\" \/>\n<meta name=\"twitter:card\" content=\"summary_large_image\" \/>\n<meta name=\"twitter:label1\" content=\"Skriven av\" \/>\n\t<meta name=\"twitter:data1\" content=\"linkoping\" \/>\n<script type=\"application\/ld+json\" class=\"yoast-schema-graph\">{\"@context\":\"https:\\\/\\\/schema.org\",\"@graph\":[{\"@type\":\"Article\",\"@id\":\"https:\\\/\\\/wp.kristdemokraterna.se\\\/linkoping\\\/frukostmote-lordag-25-mars\\\/#article\",\"isPartOf\":{\"@id\":\"https:\\\/\\\/wp.kristdemokraterna.se\\\/linkoping\\\/frukostmote-lordag-25-mars\\\/\"},\"author\":{\"name\":\"linkoping\",\"@id\":\"https:\\\/\\\/wp.kristdemokraterna.se\\\/linkoping\\\/#\\\/schema\\\/person\\\/b0148c3c8863db76d330faa282b9521a\"},\"headline\":\"Frukostm\u00f6te l\u00f6rdag 25 mars\",\"datePublished\":\"2017-03-22T20:34:14+00:00\",\"dateModified\":\"2021-08-13T09:48:30+00:00\",\"mainEntityOfPage\":{\"@id\":\"https:\\\/\\\/wp.kristdemokraterna.se\\\/linkoping\\\/frukostmote-lordag-25-mars\\\/\"},\"wordCount\":69,\"image\":{\"@id\":\"https:\\\/\\\/wp.kristdemokraterna.se\\\/linkoping\\\/frukostmote-lordag-25-mars\\\/#primaryimage\"},\"thumbnailUrl\":\"http:\\\/\\\/wp.kristdemokraterna.se\\\/linkoping\\\/files\\\/2017\\\/03\\\/frukostmote170325_high.jpg\",\"articleSection\":[\"arkiv\",\"okategoriserade\"],\"inLanguage\":\"sv-SE\"},{\"@type\":\"WebPage\",\"@id\":\"https:\\\/\\\/wp.kristdemokraterna.se\\\/linkoping\\\/frukostmote-lordag-25-mars\\\/\",\"url\":\"https:\\\/\\\/wp.kristdemokraterna.se\\\/linkoping\\\/frukostmote-lordag-25-mars\\\/\",\"name\":\"Frukostm\u00f6te l\u00f6rdag 25 mars - Kristdemokraterna i Link\u00f6ping\",\"isPartOf\":{\"@id\":\"https:\\\/\\\/wp.kristdemokraterna.se\\\/linkoping\\\/#website\"},\"primaryImageOfPage\":{\"@id\":\"https:\\\/\\\/wp.kristdemokraterna.se\\\/linkoping\\\/frukostmote-lordag-25-mars\\\/#primaryimage\"},\"image\":{\"@id\":\"https:\\\/\\\/wp.kristdemokraterna.se\\\/linkoping\\\/frukostmote-lordag-25-mars\\\/#primaryimage\"},\"thumbnailUrl\":\"http:\\\/\\\/wp.kristdemokraterna.se\\\/linkoping\\\/files\\\/2017\\\/03\\\/frukostmote170325_high.jpg\",\"datePublished\":\"2017-03-22T20:34:14+00:00\",\"dateModified\":\"2021-08-13T09:48:30+00:00\",\"author\":{\"@id\":\"https:\\\/\\\/wp.kristdemokraterna.se\\\/linkoping\\\/#\\\/schema\\\/person\\\/b0148c3c8863db76d330faa282b9521a\"},\"breadcrumb\":{\"@id\":\"https:\\\/\\\/wp.kristdemokraterna.se\\\/linkoping\\\/frukostmote-lordag-25-mars\\\/#breadcrumb\"},\"inLanguage\":\"sv-SE\",\"potentialAction\":[{\"@type\":\"ReadAction\",\"target\":[\"https:\\\/\\\/wp.kristdemokraterna.se\\\/linkoping\\\/frukostmote-lordag-25-mars\\\/\"]}]},{\"@type\":\"ImageObject\",\"inLanguage\":\"sv-SE\",\"@id\":\"https:\\\/\\\/wp.kristdemokraterna.se\\\/linkoping\\\/frukostmote-lordag-25-mars\\\/#primaryimage\",\"url\":\"https:\\\/\\\/wp.kristdemokraterna.se\\\/linkoping\\\/files\\\/2017\\\/03\\\/frukostmote170325_high.jpg\",\"contentUrl\":\"https:\\\/\\\/wp.kristdemokraterna.se\\\/linkoping\\\/files\\\/2017\\\/03\\\/frukostmote170325_high.jpg\",\"width\":1000,\"height\":910},{\"@type\":\"BreadcrumbList\",\"@id\":\"https:\\\/\\\/wp.kristdemokraterna.se\\\/linkoping\\\/frukostmote-lordag-25-mars\\\/#breadcrumb\",\"itemListElement\":[{\"@type\":\"ListItem\",\"position\":1,\"name\":\"Hem\",\"item\":\"https:\\\/\\\/wp.kristdemokraterna.se\\\/linkoping\\\/\"},{\"@type\":\"ListItem\",\"position\":2,\"name\":\"Frukostm\u00f6te l\u00f6rdag 25 mars\"}]},{\"@type\":\"WebSite\",\"@id\":\"https:\\\/\\\/wp.kristdemokraterna.se\\\/linkoping\\\/#website\",\"url\":\"https:\\\/\\\/wp.kristdemokraterna.se\\\/linkoping\\\/\",\"name\":\"Kristdemokraterna i Link\u00f6ping\",\"description\":\"\",\"inLanguage\":\"sv-SE\"},{\"@type\":\"Person\",\"@id\":\"https:\\\/\\\/wp.kristdemokraterna.se\\\/linkoping\\\/#\\\/schema\\\/person\\\/b0148c3c8863db76d330faa282b9521a\",\"name\":\"linkoping\",\"image\":{\"@type\":\"ImageObject\",\"inLanguage\":\"sv-SE\",\"@id\":\"https:\\\/\\\/secure.gravatar.com\\\/avatar\\\/016e7965fec0e08fdd07b021a7d25181278d4b29b1d5bab57b16017e35421895?s=96&r=g\",\"url\":\"https:\\\/\\\/secure.gravatar.com\\\/avatar\\\/016e7965fec0e08fdd07b021a7d25181278d4b29b1d5bab57b16017e35421895?s=96&r=g\",\"contentUrl\":\"https:\\\/\\\/secure.gravatar.com\\\/avatar\\\/016e7965fec0e08fdd07b021a7d25181278d4b29b1d5bab57b16017e35421895?s=96&r=g\",\"caption\":\"linkoping\"},\"sameAs\":[\"https:\\\/\\\/www.facebook.com\\\/kdlinkoping\\\/\"],\"url\":\"https:\\\/\\\/wp.kristdemokraterna.se\\\/linkoping\\\/author\\\/linkoping\\\/\"}]}<\/script>\n<!-- \/ Yoast SEO plugin. -->","yoast_head_json":{"title":"Frukostm\u00f6te l\u00f6rdag 25 mars - Kristdemokraterna i Link\u00f6ping","robots":{"index":"index","follow":"follow","max-snippet":"max-snippet:-1","max-image-preview":"max-image-preview:large","max-video-preview":"max-video-preview:-1"},"canonical":"https:\/\/wp.kristdemokraterna.se\/linkoping\/frukostmote-lordag-25-mars\/","og_locale":"sv_SE","og_type":"article","og_title":"Frukostm\u00f6te l\u00f6rdag 25 mars - Kristdemokraterna i Link\u00f6ping","og_description":"Kristdemokraterna i Link\u00f6ping inbjuder till FRUKOSTM\u00d6TE TEMA: \u201dEtt tryggt samh\u00e4lle &#8211; kontra brott och straff \u201d L\u00f6rdag 25 mars kl. 09.00-10.30 Distriktkansliet, Gr\u00e4nden Duvan 2 i Link\u00f6ping Ordf\u00f6rande Magnus Engstr\u00f6m och Peter Magnusson, stadsmissionen, pratar om v\u00e5rt samh\u00e4lle utifr\u00e5n ledorden : trygghet, brott och straff. L\u00e4ttare frukost serveras. Ingen f\u00f6ranm\u00e4lan kr\u00e4vs. V\u00e4lkommen!","og_url":"https:\/\/wp.kristdemokraterna.se\/linkoping\/frukostmote-lordag-25-mars\/","og_site_name":"Kristdemokraterna i Link\u00f6ping","article_author":"https:\/\/www.facebook.com\/kdlinkoping\/","article_published_time":"2017-03-22T20:34:14+00:00","article_modified_time":"2021-08-13T09:48:30+00:00","og_image":[{"url":"http:\/\/wp.kristdemokraterna.se\/linkoping\/files\/2017\/03\/frukostmote170325_high.jpg","type":"","width":"","height":""}],"author":"linkoping","twitter_card":"summary_large_image","twitter_misc":{"Skriven av":"linkoping"},"schema":{"@context":"https:\/\/schema.org","@graph":[{"@type":"Article","@id":"https:\/\/wp.kristdemokraterna.se\/linkoping\/frukostmote-lordag-25-mars\/#article","isPartOf":{"@id":"https:\/\/wp.kristdemokraterna.se\/linkoping\/frukostmote-lordag-25-mars\/"},"author":{"name":"linkoping","@id":"https:\/\/wp.kristdemokraterna.se\/linkoping\/#\/schema\/person\/b0148c3c8863db76d330faa282b9521a"},"headline":"Frukostm\u00f6te l\u00f6rdag 25 mars","datePublished":"2017-03-22T20:34:14+00:00","dateModified":"2021-08-13T09:48:30+00:00","mainEntityOfPage":{"@id":"https:\/\/wp.kristdemokraterna.se\/linkoping\/frukostmote-lordag-25-mars\/"},"wordCount":69,"image":{"@id":"https:\/\/wp.kristdemokraterna.se\/linkoping\/frukostmote-lordag-25-mars\/#primaryimage"},"thumbnailUrl":"http:\/\/wp.kristdemokraterna.se\/linkoping\/files\/2017\/03\/frukostmote170325_high.jpg","articleSection":["arkiv","okategoriserade"],"inLanguage":"sv-SE"},{"@type":"WebPage","@id":"https:\/\/wp.kristdemokraterna.se\/linkoping\/frukostmote-lordag-25-mars\/","url":"https:\/\/wp.kristdemokraterna.se\/linkoping\/frukostmote-lordag-25-mars\/","name":"Frukostm\u00f6te l\u00f6rdag 25 mars - Kristdemokraterna i Link\u00f6ping","isPartOf":{"@id":"https:\/\/wp.kristdemokraterna.se\/linkoping\/#website"},"primaryImageOfPage":{"@id":"https:\/\/wp.kristdemokraterna.se\/linkoping\/frukostmote-lordag-25-mars\/#primaryimage"},"image":{"@id":"https:\/\/wp.kristdemokraterna.se\/linkoping\/frukostmote-lordag-25-mars\/#primaryimage"},"thumbnailUrl":"http:\/\/wp.kristdemokraterna.se\/linkoping\/files\/2017\/03\/frukostmote170325_high.jpg","datePublished":"2017-03-22T20:34:14+00:00","dateModified":"2021-08-13T09:48:30+00:00","author":{"@id":"https:\/\/wp.kristdemokraterna.se\/linkoping\/#\/schema\/person\/b0148c3c8863db76d330faa282b9521a"},"breadcrumb":{"@id":"https:\/\/wp.kristdemokraterna.se\/linkoping\/frukostmote-lordag-25-mars\/#breadcrumb"},"inLanguage":"sv-SE","potentialAction":[{"@type":"ReadAction","target":["https:\/\/wp.kristdemokraterna.se\/linkoping\/frukostmote-lordag-25-mars\/"]}]},{"@type":"ImageObject","inLanguage":"sv-SE","@id":"https:\/\/wp.kristdemokraterna.se\/linkoping\/frukostmote-lordag-25-mars\/#primaryimage","url":"https:\/\/wp.kristdemokraterna.se\/linkoping\/files\/2017\/03\/frukostmote170325_high.jpg","contentUrl":"https:\/\/wp.kristdemokraterna.se\/linkoping\/files\/2017\/03\/frukostmote170325_high.jpg","width":1000,"height":910},{"@type":"BreadcrumbList","@id":"https:\/\/wp.kristdemokraterna.se\/linkoping\/frukostmote-lordag-25-mars\/#breadcrumb","itemListElement":[{"@type":"ListItem","position":1,"name":"Hem","item":"https:\/\/wp.kristdemokraterna.se\/linkoping\/"},{"@type":"ListItem","position":2,"name":"Frukostm\u00f6te l\u00f6rdag 25 mars"}]},{"@type":"WebSite","@id":"https:\/\/wp.kristdemokraterna.se\/linkoping\/#website","url":"https:\/\/wp.kristdemokraterna.se\/linkoping\/","name":"Kristdemokraterna i Link\u00f6ping","description":"","inLanguage":"sv-SE"},{"@type":"Person","@id":"https:\/\/wp.kristdemokraterna.se\/linkoping\/#\/schema\/person\/b0148c3c8863db76d330faa282b9521a","name":"linkoping","image":{"@type":"ImageObject","inLanguage":"sv-SE","@id":"https:\/\/secure.gravatar.com\/avatar\/016e7965fec0e08fdd07b021a7d25181278d4b29b1d5bab57b16017e35421895?s=96&r=g","url":"https:\/\/secure.gravatar.com\/avatar\/016e7965fec0e08fdd07b021a7d25181278d4b29b1d5bab57b16017e35421895?s=96&r=g","contentUrl":"https:\/\/secure.gravatar.com\/avatar\/016e7965fec0e08fdd07b021a7d25181278d4b29b1d5bab57b16017e35421895?s=96&r=g","caption":"linkoping"},"sameAs":["https:\/\/www.facebook.com\/kdlinkoping\/"],"url":"https:\/\/wp.kristdemokraterna.se\/linkoping\/author\/linkoping\/"}]}},"_links":{"self":[{"href":"https:\/\/wp.kristdemokraterna.se\/linkoping\/wp-json\/wp\/v2\/posts\/587","targetHints":{"allow":["GET"]}}],"collection":[{"href":"https:\/\/wp.kristdemokraterna.se\/linkoping\/wp-json\/wp\/v2\/posts"}],"about":[{"href":"https:\/\/wp.kristdemokraterna.se\/linkoping\/wp-json\/wp\/v2\/types\/post"}],"author":[{"embeddable":true,"href":"https:\/\/wp.kristdemokraterna.se\/linkoping\/wp-json\/wp\/v2\/users\/410"}],"replies":[{"embeddable":true,"href":"https:\/\/wp.kristdemokraterna.se\/linkoping\/wp-json\/wp\/v2\/comments?post=587"}],"version-history":[{"count":1,"href":"https:\/\/wp.kristdemokraterna.se\/linkoping\/wp-json\/wp\/v2\/posts\/587\/revisions"}],"predecessor-version":[{"id":588,"href":"https:\/\/wp.kristdemokraterna.se\/linkoping\/wp-json\/wp\/v2\/posts\/587\/revisions\/588"}],"wp:attachment":[{"href":"https:\/\/wp.kristdemokraterna.se\/linkoping\/wp-json\/wp\/v2\/media?parent=587"}],"wp:term":[{"taxonomy":"category","embeddable":true,"href":"https:\/\/wp.kristdemokraterna.se\/linkoping\/wp-json\/wp\/v2\/categories?post=587"},{"taxonomy":"post_tag","embeddable":true,"href":"https:\/\/wp.kristdemokraterna.se\/linkoping\/wp-json\/wp\/v2\/tags?post=587"}],"curies":[{"name":"wp","href":"https:\/\/api.w.org\/{rel}","templated":true}]}}