{"id":590,"date":"2017-03-24T15:19:24","date_gmt":"2017-03-24T14:19:24","guid":{"rendered":"http:\/\/wp.kristdemokraterna.se\/linkoping\/?p=590"},"modified":"2021-08-13T11:48:30","modified_gmt":"2021-08-13T09:48:30","slug":"koalitionen-sager-aterigen-nej-till-ik-ostria","status":"publish","type":"post","link":"https:\/\/wp.kristdemokraterna.se\/linkoping\/koalitionen-sager-aterigen-nej-till-ik-ostria\/","title":{"rendered":"Koalitionen s\u00e4ger \u00e5terigen nej till IK \u00d6stria"},"content":{"rendered":"<p><strong>P\u00e5 torsdagen 23 mars behandlade Kultur- och fritidsn\u00e4mnden en ans\u00f6kan om bidrag fr\u00e5n IK \u00d6stria. En f\u00f6rening som bedriver ett omvittnat gott arbete med ugdomar i Lambohov och bidrar p\u00e5 ett viktigt s\u00e4tt till att minska utanf\u00f6rskapet i omr\u00e5det. I detta arbete spelar deras lokaler en nyckelroll och n\u00e4r f\u00f6reningen nu inkommit till kommunen med en ans\u00f6kan om st\u00f6d f\u00f6r en n\u00f6dv\u00e4ndig renovering v\u00e4ljer tyv\u00e4rr Koalitionen (S, MP, L) att s\u00e4ga nej.<\/strong><\/p>\n<p>IK \u00d6strias lokaler i Lambohov har l\u00e4nge varit rivningshotade och d\u00e4rmed har n\u00f6dv\u00e4ndiga renoveringar inte kunnat genomf\u00f6ras. Efter m\u00e5nga \u00e5r har dock f\u00f6reningen nu f\u00e5tt de juridiska f\u00f6ruts\u00e4ttningarna klarlagda, avseende bygglov och \u00e4gande av marken, och d\u00e4rmed kan renovering och upprustning inledas. Detta inneb\u00e4r dock en ekonomisk investering som f\u00f6reningen sj\u00e4lva inte har m\u00f6jlighet att finansiera. Staten, genom Boverket, \u00e4r beredd att bidra med ekonomiska medel till IK \u00d6strias renovering men kr\u00e4ver medfinansiering fr\u00e5n Link\u00f6pings kommun f\u00f6r att st\u00e4lla upp. Trots f\u00f6reningens viktiga arbete v\u00e4ljer beklagligt nog den Socialdemokratiskt styrda majoriteten att \u00e5terigen s\u00e4ga nej till IK \u00d6stria.<\/p>\n<p>\u2013 Med tanke p\u00e5 IK \u00d6strias viktiga roll i Lambohov och kommunen skulle man kunna tro att det vore sj\u00e4lvklart f\u00f6r Koalitionen (S, MP, L) att godk\u00e4nna f\u00f6reningens ans\u00f6kan om 400 000 kronor till renovering, men icke. Trots att summan \u00e4r s\u00e5 liten att den knappt skulle vara synlig som del i byggandet av allaktivitetshuset i Sk\u00e4ggetorp f\u00f6r drygt 50 000 000 kronor (drygt 50 miljoner kronor) v\u00e4ljer \u00e4nd\u00e5 Koalitionen att avsl\u00e5 deras ans\u00f6kan, s\u00e4ger Lars Vikinge (C), vice ordf\u00f6rande i kultur- och fritidsn\u00e4mnden.<\/p>\n<p>Moderaterna, Centerpartiet och Kristdemokraterna i kultur- och fritidsn\u00e4mnden kommer under torsdagens sammantr\u00e4de att reservera sig mot Koalitionens beslut att avsl\u00e5 ans\u00f6kan fr\u00e5n IK \u00d6stria.<\/p>\n<p><span style=\"font-family: Arial,Arial;font-size: medium\"><span style=\"font-family: Arial;font-size: medium\"><strong>F\u00f6r mer information eller fr\u00e5gor kontakta g\u00e4rna: <\/strong><\/span><\/span><\/p>\n<p><strong>Therese Molander (KD)<\/strong><br \/>\nmolander.therese@gmail.com<\/p>\n<p>&nbsp;<\/p>\n","protected":false},"excerpt":{"rendered":"<p>P\u00e5 torsdagen 23 mars behandlade Kultur- och fritidsn\u00e4mnden en ans\u00f6kan om bidrag fr\u00e5n IK \u00d6stria. En f\u00f6rening som bedriver ett omvittnat gott arbete med ugdomar i Lambohov och bidrar p\u00e5 ett viktigt s\u00e4tt till att minska utanf\u00f6rskapet i omr\u00e5det. I detta arbete spelar deras lokaler en nyckelroll och n\u00e4r f\u00f6reningen nu inkommit till kommunen med <a class=\"read-more-link\" href=\"https:\/\/wp.kristdemokraterna.se\/linkoping\/koalitionen-sager-aterigen-nej-till-ik-ostria\/\">Read More<\/a><\/p>\n","protected":false},"author":410,"featured_media":0,"comment_status":"closed","ping_status":"closed","sticky":false,"template":"","format":"standard","meta":{"_acf_changed":false,"footnotes":""},"categories":[22,1],"tags":[],"class_list":["post-590","post","type-post","status-publish","format-standard","hentry","category-arkiv","category-okategoriserade"],"acf":[],"yoast_head":"<!-- This site is optimized with the Yoast SEO plugin v27.4 - https:\/\/yoast.com\/product\/yoast-seo-wordpress\/ -->\n<title>Koalitionen s\u00e4ger \u00e5terigen nej till IK \u00d6stria - Kristdemokraterna i Link\u00f6ping<\/title>\n<meta name=\"robots\" content=\"index, follow, max-snippet:-1, max-image-preview:large, max-video-preview:-1\" \/>\n<link rel=\"canonical\" href=\"https:\/\/wp.kristdemokraterna.se\/linkoping\/koalitionen-sager-aterigen-nej-till-ik-ostria\/\" \/>\n<meta property=\"og:locale\" content=\"sv_SE\" \/>\n<meta property=\"og:type\" content=\"article\" \/>\n<meta property=\"og:title\" content=\"Koalitionen s\u00e4ger \u00e5terigen nej till IK \u00d6stria - Kristdemokraterna i Link\u00f6ping\" \/>\n<meta property=\"og:description\" content=\"P\u00e5 torsdagen 23 mars behandlade Kultur- och fritidsn\u00e4mnden en ans\u00f6kan om bidrag fr\u00e5n IK \u00d6stria. En f\u00f6rening som bedriver ett omvittnat gott arbete med ugdomar i Lambohov och bidrar p\u00e5 ett viktigt s\u00e4tt till att minska utanf\u00f6rskapet i omr\u00e5det. I detta arbete spelar deras lokaler en nyckelroll och n\u00e4r f\u00f6reningen nu inkommit till kommunen med Read More\" \/>\n<meta property=\"og:url\" content=\"https:\/\/wp.kristdemokraterna.se\/linkoping\/koalitionen-sager-aterigen-nej-till-ik-ostria\/\" \/>\n<meta property=\"og:site_name\" content=\"Kristdemokraterna i Link\u00f6ping\" \/>\n<meta property=\"article:author\" content=\"https:\/\/www.facebook.com\/kdlinkoping\/\" \/>\n<meta property=\"article:published_time\" content=\"2017-03-24T14:19:24+00:00\" \/>\n<meta property=\"article:modified_time\" content=\"2021-08-13T09:48:30+00:00\" \/>\n<meta name=\"author\" content=\"linkoping\" \/>\n<meta name=\"twitter:card\" content=\"summary_large_image\" \/>\n<meta name=\"twitter:label1\" content=\"Skriven av\" \/>\n\t<meta name=\"twitter:data1\" content=\"linkoping\" \/>\n\t<meta name=\"twitter:label2\" content=\"Ber\u00e4knad l\u00e4stid\" \/>\n\t<meta name=\"twitter:data2\" content=\"2 minuter\" \/>\n<script type=\"application\/ld+json\" class=\"yoast-schema-graph\">{\"@context\":\"https:\\\/\\\/schema.org\",\"@graph\":[{\"@type\":\"Article\",\"@id\":\"https:\\\/\\\/wp.kristdemokraterna.se\\\/linkoping\\\/koalitionen-sager-aterigen-nej-till-ik-ostria\\\/#article\",\"isPartOf\":{\"@id\":\"https:\\\/\\\/wp.kristdemokraterna.se\\\/linkoping\\\/koalitionen-sager-aterigen-nej-till-ik-ostria\\\/\"},\"author\":{\"name\":\"linkoping\",\"@id\":\"https:\\\/\\\/wp.kristdemokraterna.se\\\/linkoping\\\/#\\\/schema\\\/person\\\/b0148c3c8863db76d330faa282b9521a\"},\"headline\":\"Koalitionen s\u00e4ger \u00e5terigen nej till IK \u00d6stria\",\"datePublished\":\"2017-03-24T14:19:24+00:00\",\"dateModified\":\"2021-08-13T09:48:30+00:00\",\"mainEntityOfPage\":{\"@id\":\"https:\\\/\\\/wp.kristdemokraterna.se\\\/linkoping\\\/koalitionen-sager-aterigen-nej-till-ik-ostria\\\/\"},\"wordCount\":352,\"articleSection\":[\"arkiv\",\"okategoriserade\"],\"inLanguage\":\"sv-SE\"},{\"@type\":\"WebPage\",\"@id\":\"https:\\\/\\\/wp.kristdemokraterna.se\\\/linkoping\\\/koalitionen-sager-aterigen-nej-till-ik-ostria\\\/\",\"url\":\"https:\\\/\\\/wp.kristdemokraterna.se\\\/linkoping\\\/koalitionen-sager-aterigen-nej-till-ik-ostria\\\/\",\"name\":\"Koalitionen s\u00e4ger \u00e5terigen nej till IK \u00d6stria - Kristdemokraterna i Link\u00f6ping\",\"isPartOf\":{\"@id\":\"https:\\\/\\\/wp.kristdemokraterna.se\\\/linkoping\\\/#website\"},\"datePublished\":\"2017-03-24T14:19:24+00:00\",\"dateModified\":\"2021-08-13T09:48:30+00:00\",\"author\":{\"@id\":\"https:\\\/\\\/wp.kristdemokraterna.se\\\/linkoping\\\/#\\\/schema\\\/person\\\/b0148c3c8863db76d330faa282b9521a\"},\"breadcrumb\":{\"@id\":\"https:\\\/\\\/wp.kristdemokraterna.se\\\/linkoping\\\/koalitionen-sager-aterigen-nej-till-ik-ostria\\\/#breadcrumb\"},\"inLanguage\":\"sv-SE\",\"potentialAction\":[{\"@type\":\"ReadAction\",\"target\":[\"https:\\\/\\\/wp.kristdemokraterna.se\\\/linkoping\\\/koalitionen-sager-aterigen-nej-till-ik-ostria\\\/\"]}]},{\"@type\":\"BreadcrumbList\",\"@id\":\"https:\\\/\\\/wp.kristdemokraterna.se\\\/linkoping\\\/koalitionen-sager-aterigen-nej-till-ik-ostria\\\/#breadcrumb\",\"itemListElement\":[{\"@type\":\"ListItem\",\"position\":1,\"name\":\"Hem\",\"item\":\"https:\\\/\\\/wp.kristdemokraterna.se\\\/linkoping\\\/\"},{\"@type\":\"ListItem\",\"position\":2,\"name\":\"Koalitionen s\u00e4ger \u00e5terigen nej till IK \u00d6stria\"}]},{\"@type\":\"WebSite\",\"@id\":\"https:\\\/\\\/wp.kristdemokraterna.se\\\/linkoping\\\/#website\",\"url\":\"https:\\\/\\\/wp.kristdemokraterna.se\\\/linkoping\\\/\",\"name\":\"Kristdemokraterna i Link\u00f6ping\",\"description\":\"\",\"inLanguage\":\"sv-SE\"},{\"@type\":\"Person\",\"@id\":\"https:\\\/\\\/wp.kristdemokraterna.se\\\/linkoping\\\/#\\\/schema\\\/person\\\/b0148c3c8863db76d330faa282b9521a\",\"name\":\"linkoping\",\"image\":{\"@type\":\"ImageObject\",\"inLanguage\":\"sv-SE\",\"@id\":\"https:\\\/\\\/secure.gravatar.com\\\/avatar\\\/016e7965fec0e08fdd07b021a7d25181278d4b29b1d5bab57b16017e35421895?s=96&r=g\",\"url\":\"https:\\\/\\\/secure.gravatar.com\\\/avatar\\\/016e7965fec0e08fdd07b021a7d25181278d4b29b1d5bab57b16017e35421895?s=96&r=g\",\"contentUrl\":\"https:\\\/\\\/secure.gravatar.com\\\/avatar\\\/016e7965fec0e08fdd07b021a7d25181278d4b29b1d5bab57b16017e35421895?s=96&r=g\",\"caption\":\"linkoping\"},\"sameAs\":[\"https:\\\/\\\/www.facebook.com\\\/kdlinkoping\\\/\"],\"url\":\"https:\\\/\\\/wp.kristdemokraterna.se\\\/linkoping\\\/author\\\/linkoping\\\/\"}]}<\/script>\n<!-- \/ Yoast SEO plugin. -->","yoast_head_json":{"title":"Koalitionen s\u00e4ger \u00e5terigen nej till IK \u00d6stria - Kristdemokraterna i Link\u00f6ping","robots":{"index":"index","follow":"follow","max-snippet":"max-snippet:-1","max-image-preview":"max-image-preview:large","max-video-preview":"max-video-preview:-1"},"canonical":"https:\/\/wp.kristdemokraterna.se\/linkoping\/koalitionen-sager-aterigen-nej-till-ik-ostria\/","og_locale":"sv_SE","og_type":"article","og_title":"Koalitionen s\u00e4ger \u00e5terigen nej till IK \u00d6stria - Kristdemokraterna i Link\u00f6ping","og_description":"P\u00e5 torsdagen 23 mars behandlade Kultur- och fritidsn\u00e4mnden en ans\u00f6kan om bidrag fr\u00e5n IK \u00d6stria. En f\u00f6rening som bedriver ett omvittnat gott arbete med ugdomar i Lambohov och bidrar p\u00e5 ett viktigt s\u00e4tt till att minska utanf\u00f6rskapet i omr\u00e5det. I detta arbete spelar deras lokaler en nyckelroll och n\u00e4r f\u00f6reningen nu inkommit till kommunen med Read More","og_url":"https:\/\/wp.kristdemokraterna.se\/linkoping\/koalitionen-sager-aterigen-nej-till-ik-ostria\/","og_site_name":"Kristdemokraterna i Link\u00f6ping","article_author":"https:\/\/www.facebook.com\/kdlinkoping\/","article_published_time":"2017-03-24T14:19:24+00:00","article_modified_time":"2021-08-13T09:48:30+00:00","author":"linkoping","twitter_card":"summary_large_image","twitter_misc":{"Skriven av":"linkoping","Ber\u00e4knad l\u00e4stid":"2 minuter"},"schema":{"@context":"https:\/\/schema.org","@graph":[{"@type":"Article","@id":"https:\/\/wp.kristdemokraterna.se\/linkoping\/koalitionen-sager-aterigen-nej-till-ik-ostria\/#article","isPartOf":{"@id":"https:\/\/wp.kristdemokraterna.se\/linkoping\/koalitionen-sager-aterigen-nej-till-ik-ostria\/"},"author":{"name":"linkoping","@id":"https:\/\/wp.kristdemokraterna.se\/linkoping\/#\/schema\/person\/b0148c3c8863db76d330faa282b9521a"},"headline":"Koalitionen s\u00e4ger \u00e5terigen nej till IK \u00d6stria","datePublished":"2017-03-24T14:19:24+00:00","dateModified":"2021-08-13T09:48:30+00:00","mainEntityOfPage":{"@id":"https:\/\/wp.kristdemokraterna.se\/linkoping\/koalitionen-sager-aterigen-nej-till-ik-ostria\/"},"wordCount":352,"articleSection":["arkiv","okategoriserade"],"inLanguage":"sv-SE"},{"@type":"WebPage","@id":"https:\/\/wp.kristdemokraterna.se\/linkoping\/koalitionen-sager-aterigen-nej-till-ik-ostria\/","url":"https:\/\/wp.kristdemokraterna.se\/linkoping\/koalitionen-sager-aterigen-nej-till-ik-ostria\/","name":"Koalitionen s\u00e4ger \u00e5terigen nej till IK \u00d6stria - Kristdemokraterna i Link\u00f6ping","isPartOf":{"@id":"https:\/\/wp.kristdemokraterna.se\/linkoping\/#website"},"datePublished":"2017-03-24T14:19:24+00:00","dateModified":"2021-08-13T09:48:30+00:00","author":{"@id":"https:\/\/wp.kristdemokraterna.se\/linkoping\/#\/schema\/person\/b0148c3c8863db76d330faa282b9521a"},"breadcrumb":{"@id":"https:\/\/wp.kristdemokraterna.se\/linkoping\/koalitionen-sager-aterigen-nej-till-ik-ostria\/#breadcrumb"},"inLanguage":"sv-SE","potentialAction":[{"@type":"ReadAction","target":["https:\/\/wp.kristdemokraterna.se\/linkoping\/koalitionen-sager-aterigen-nej-till-ik-ostria\/"]}]},{"@type":"BreadcrumbList","@id":"https:\/\/wp.kristdemokraterna.se\/linkoping\/koalitionen-sager-aterigen-nej-till-ik-ostria\/#breadcrumb","itemListElement":[{"@type":"ListItem","position":1,"name":"Hem","item":"https:\/\/wp.kristdemokraterna.se\/linkoping\/"},{"@type":"ListItem","position":2,"name":"Koalitionen s\u00e4ger \u00e5terigen nej till IK \u00d6stria"}]},{"@type":"WebSite","@id":"https:\/\/wp.kristdemokraterna.se\/linkoping\/#website","url":"https:\/\/wp.kristdemokraterna.se\/linkoping\/","name":"Kristdemokraterna i Link\u00f6ping","description":"","inLanguage":"sv-SE"},{"@type":"Person","@id":"https:\/\/wp.kristdemokraterna.se\/linkoping\/#\/schema\/person\/b0148c3c8863db76d330faa282b9521a","name":"linkoping","image":{"@type":"ImageObject","inLanguage":"sv-SE","@id":"https:\/\/secure.gravatar.com\/avatar\/016e7965fec0e08fdd07b021a7d25181278d4b29b1d5bab57b16017e35421895?s=96&r=g","url":"https:\/\/secure.gravatar.com\/avatar\/016e7965fec0e08fdd07b021a7d25181278d4b29b1d5bab57b16017e35421895?s=96&r=g","contentUrl":"https:\/\/secure.gravatar.com\/avatar\/016e7965fec0e08fdd07b021a7d25181278d4b29b1d5bab57b16017e35421895?s=96&r=g","caption":"linkoping"},"sameAs":["https:\/\/www.facebook.com\/kdlinkoping\/"],"url":"https:\/\/wp.kristdemokraterna.se\/linkoping\/author\/linkoping\/"}]}},"_links":{"self":[{"href":"https:\/\/wp.kristdemokraterna.se\/linkoping\/wp-json\/wp\/v2\/posts\/590","targetHints":{"allow":["GET"]}}],"collection":[{"href":"https:\/\/wp.kristdemokraterna.se\/linkoping\/wp-json\/wp\/v2\/posts"}],"about":[{"href":"https:\/\/wp.kristdemokraterna.se\/linkoping\/wp-json\/wp\/v2\/types\/post"}],"author":[{"embeddable":true,"href":"https:\/\/wp.kristdemokraterna.se\/linkoping\/wp-json\/wp\/v2\/users\/410"}],"replies":[{"embeddable":true,"href":"https:\/\/wp.kristdemokraterna.se\/linkoping\/wp-json\/wp\/v2\/comments?post=590"}],"version-history":[{"count":3,"href":"https:\/\/wp.kristdemokraterna.se\/linkoping\/wp-json\/wp\/v2\/posts\/590\/revisions"}],"predecessor-version":[{"id":593,"href":"https:\/\/wp.kristdemokraterna.se\/linkoping\/wp-json\/wp\/v2\/posts\/590\/revisions\/593"}],"wp:attachment":[{"href":"https:\/\/wp.kristdemokraterna.se\/linkoping\/wp-json\/wp\/v2\/media?parent=590"}],"wp:term":[{"taxonomy":"category","embeddable":true,"href":"https:\/\/wp.kristdemokraterna.se\/linkoping\/wp-json\/wp\/v2\/categories?post=590"},{"taxonomy":"post_tag","embeddable":true,"href":"https:\/\/wp.kristdemokraterna.se\/linkoping\/wp-json\/wp\/v2\/tags?post=590"}],"curies":[{"name":"wp","href":"https:\/\/api.w.org\/{rel}","templated":true}]}}