{"id":597,"date":"2017-04-10T10:47:40","date_gmt":"2017-04-10T08:47:40","guid":{"rendered":"http:\/\/wp.kristdemokraterna.se\/linkoping\/?p=597"},"modified":"2021-08-13T11:48:30","modified_gmt":"2021-08-13T09:48:30","slug":"besok-av-peter-viden-samverkansofficer-militarregion-syd","status":"publish","type":"post","link":"https:\/\/wp.kristdemokraterna.se\/linkoping\/besok-av-peter-viden-samverkansofficer-militarregion-syd\/","title":{"rendered":"Bes\u00f6k av Peter Vid\u00e9n, samverkansofficer milit\u00e4rregion syd"},"content":{"rendered":"<p>Under kv\u00e4llens m\u00f6te tillsammans med Kristdemokraternas\u00a0f\u00f6rtroendevalda politiker i Link\u00f6pings kommun kommer Peter Vid\u00e9n, samverkansofficer milit\u00e4rregion syd och informerar om totalf\u00f6rsvaret och hur det fungerar i en krissituation. Till m\u00f6tet kallas alla f\u00f6rtroendevalda, och medlemmar \u00e4r v\u00e4lkomna. M\u00f6tet b\u00f6rjar 18.00 i stadshusk\u00e4llaren.<br \/>\nSkicka ett mail till felix.gronqvist@kristdemokraterna.se och s\u00e4g till att du kommer.<\/p>\n","protected":false},"excerpt":{"rendered":"<p>Under kv\u00e4llens m\u00f6te tillsammans med Kristdemokraternas\u00a0f\u00f6rtroendevalda politiker i Link\u00f6pings kommun kommer Peter Vid\u00e9n, samverkansofficer milit\u00e4rregion syd och informerar om totalf\u00f6rsvaret och hur det fungerar i en krissituation. Till m\u00f6tet kallas alla f\u00f6rtroendevalda, och medlemmar \u00e4r v\u00e4lkomna. M\u00f6tet b\u00f6rjar 18.00 i stadshusk\u00e4llaren. Skicka ett mail till felix.gronqvist@kristdemokraterna.se och s\u00e4g till att du kommer.<\/p>\n","protected":false},"author":410,"featured_media":0,"comment_status":"closed","ping_status":"closed","sticky":false,"template":"","format":"standard","meta":{"_acf_changed":false,"footnotes":""},"categories":[22,1],"tags":[],"class_list":["post-597","post","type-post","status-publish","format-standard","hentry","category-arkiv","category-okategoriserade"],"acf":[],"yoast_head":"<!-- This site is optimized with the Yoast SEO plugin v27.4 - https:\/\/yoast.com\/product\/yoast-seo-wordpress\/ -->\n<title>Bes\u00f6k av Peter Vid\u00e9n, samverkansofficer milit\u00e4rregion syd - Kristdemokraterna i Link\u00f6ping<\/title>\n<meta name=\"robots\" content=\"index, follow, max-snippet:-1, max-image-preview:large, max-video-preview:-1\" \/>\n<link rel=\"canonical\" href=\"https:\/\/wp.kristdemokraterna.se\/linkoping\/besok-av-peter-viden-samverkansofficer-militarregion-syd\/\" \/>\n<meta property=\"og:locale\" content=\"sv_SE\" \/>\n<meta property=\"og:type\" content=\"article\" \/>\n<meta property=\"og:title\" content=\"Bes\u00f6k av Peter Vid\u00e9n, samverkansofficer milit\u00e4rregion syd - Kristdemokraterna i Link\u00f6ping\" \/>\n<meta property=\"og:description\" content=\"Under kv\u00e4llens m\u00f6te tillsammans med Kristdemokraternas\u00a0f\u00f6rtroendevalda politiker i Link\u00f6pings kommun kommer Peter Vid\u00e9n, samverkansofficer milit\u00e4rregion syd och informerar om totalf\u00f6rsvaret och hur det fungerar i en krissituation. Till m\u00f6tet kallas alla f\u00f6rtroendevalda, och medlemmar \u00e4r v\u00e4lkomna. M\u00f6tet b\u00f6rjar 18.00 i stadshusk\u00e4llaren. Skicka ett mail till felix.gronqvist@kristdemokraterna.se och s\u00e4g till att du kommer.\" \/>\n<meta property=\"og:url\" content=\"https:\/\/wp.kristdemokraterna.se\/linkoping\/besok-av-peter-viden-samverkansofficer-militarregion-syd\/\" \/>\n<meta property=\"og:site_name\" content=\"Kristdemokraterna i Link\u00f6ping\" \/>\n<meta property=\"article:author\" content=\"https:\/\/www.facebook.com\/kdlinkoping\/\" \/>\n<meta property=\"article:published_time\" content=\"2017-04-10T08:47:40+00:00\" \/>\n<meta property=\"article:modified_time\" content=\"2021-08-13T09:48:30+00:00\" \/>\n<meta name=\"author\" content=\"linkoping\" \/>\n<meta name=\"twitter:card\" content=\"summary_large_image\" \/>\n<meta name=\"twitter:label1\" content=\"Skriven av\" \/>\n\t<meta name=\"twitter:data1\" content=\"linkoping\" \/>\n<script type=\"application\/ld+json\" class=\"yoast-schema-graph\">{\"@context\":\"https:\\\/\\\/schema.org\",\"@graph\":[{\"@type\":\"Article\",\"@id\":\"https:\\\/\\\/wp.kristdemokraterna.se\\\/linkoping\\\/besok-av-peter-viden-samverkansofficer-militarregion-syd\\\/#article\",\"isPartOf\":{\"@id\":\"https:\\\/\\\/wp.kristdemokraterna.se\\\/linkoping\\\/besok-av-peter-viden-samverkansofficer-militarregion-syd\\\/\"},\"author\":{\"name\":\"linkoping\",\"@id\":\"https:\\\/\\\/wp.kristdemokraterna.se\\\/linkoping\\\/#\\\/schema\\\/person\\\/b0148c3c8863db76d330faa282b9521a\"},\"headline\":\"Bes\u00f6k av Peter Vid\u00e9n, samverkansofficer milit\u00e4rregion syd\",\"datePublished\":\"2017-04-10T08:47:40+00:00\",\"dateModified\":\"2021-08-13T09:48:30+00:00\",\"mainEntityOfPage\":{\"@id\":\"https:\\\/\\\/wp.kristdemokraterna.se\\\/linkoping\\\/besok-av-peter-viden-samverkansofficer-militarregion-syd\\\/\"},\"wordCount\":79,\"articleSection\":[\"arkiv\",\"okategoriserade\"],\"inLanguage\":\"sv-SE\"},{\"@type\":\"WebPage\",\"@id\":\"https:\\\/\\\/wp.kristdemokraterna.se\\\/linkoping\\\/besok-av-peter-viden-samverkansofficer-militarregion-syd\\\/\",\"url\":\"https:\\\/\\\/wp.kristdemokraterna.se\\\/linkoping\\\/besok-av-peter-viden-samverkansofficer-militarregion-syd\\\/\",\"name\":\"Bes\u00f6k av Peter Vid\u00e9n, samverkansofficer milit\u00e4rregion syd - Kristdemokraterna i Link\u00f6ping\",\"isPartOf\":{\"@id\":\"https:\\\/\\\/wp.kristdemokraterna.se\\\/linkoping\\\/#website\"},\"datePublished\":\"2017-04-10T08:47:40+00:00\",\"dateModified\":\"2021-08-13T09:48:30+00:00\",\"author\":{\"@id\":\"https:\\\/\\\/wp.kristdemokraterna.se\\\/linkoping\\\/#\\\/schema\\\/person\\\/b0148c3c8863db76d330faa282b9521a\"},\"breadcrumb\":{\"@id\":\"https:\\\/\\\/wp.kristdemokraterna.se\\\/linkoping\\\/besok-av-peter-viden-samverkansofficer-militarregion-syd\\\/#breadcrumb\"},\"inLanguage\":\"sv-SE\",\"potentialAction\":[{\"@type\":\"ReadAction\",\"target\":[\"https:\\\/\\\/wp.kristdemokraterna.se\\\/linkoping\\\/besok-av-peter-viden-samverkansofficer-militarregion-syd\\\/\"]}]},{\"@type\":\"BreadcrumbList\",\"@id\":\"https:\\\/\\\/wp.kristdemokraterna.se\\\/linkoping\\\/besok-av-peter-viden-samverkansofficer-militarregion-syd\\\/#breadcrumb\",\"itemListElement\":[{\"@type\":\"ListItem\",\"position\":1,\"name\":\"Hem\",\"item\":\"https:\\\/\\\/wp.kristdemokraterna.se\\\/linkoping\\\/\"},{\"@type\":\"ListItem\",\"position\":2,\"name\":\"Bes\u00f6k av Peter Vid\u00e9n, samverkansofficer milit\u00e4rregion syd\"}]},{\"@type\":\"WebSite\",\"@id\":\"https:\\\/\\\/wp.kristdemokraterna.se\\\/linkoping\\\/#website\",\"url\":\"https:\\\/\\\/wp.kristdemokraterna.se\\\/linkoping\\\/\",\"name\":\"Kristdemokraterna i Link\u00f6ping\",\"description\":\"\",\"inLanguage\":\"sv-SE\"},{\"@type\":\"Person\",\"@id\":\"https:\\\/\\\/wp.kristdemokraterna.se\\\/linkoping\\\/#\\\/schema\\\/person\\\/b0148c3c8863db76d330faa282b9521a\",\"name\":\"linkoping\",\"image\":{\"@type\":\"ImageObject\",\"inLanguage\":\"sv-SE\",\"@id\":\"https:\\\/\\\/secure.gravatar.com\\\/avatar\\\/016e7965fec0e08fdd07b021a7d25181278d4b29b1d5bab57b16017e35421895?s=96&r=g\",\"url\":\"https:\\\/\\\/secure.gravatar.com\\\/avatar\\\/016e7965fec0e08fdd07b021a7d25181278d4b29b1d5bab57b16017e35421895?s=96&r=g\",\"contentUrl\":\"https:\\\/\\\/secure.gravatar.com\\\/avatar\\\/016e7965fec0e08fdd07b021a7d25181278d4b29b1d5bab57b16017e35421895?s=96&r=g\",\"caption\":\"linkoping\"},\"sameAs\":[\"https:\\\/\\\/www.facebook.com\\\/kdlinkoping\\\/\"],\"url\":\"https:\\\/\\\/wp.kristdemokraterna.se\\\/linkoping\\\/author\\\/linkoping\\\/\"}]}<\/script>\n<!-- \/ Yoast SEO plugin. -->","yoast_head_json":{"title":"Bes\u00f6k av Peter Vid\u00e9n, samverkansofficer milit\u00e4rregion syd - Kristdemokraterna i Link\u00f6ping","robots":{"index":"index","follow":"follow","max-snippet":"max-snippet:-1","max-image-preview":"max-image-preview:large","max-video-preview":"max-video-preview:-1"},"canonical":"https:\/\/wp.kristdemokraterna.se\/linkoping\/besok-av-peter-viden-samverkansofficer-militarregion-syd\/","og_locale":"sv_SE","og_type":"article","og_title":"Bes\u00f6k av Peter Vid\u00e9n, samverkansofficer milit\u00e4rregion syd - Kristdemokraterna i Link\u00f6ping","og_description":"Under kv\u00e4llens m\u00f6te tillsammans med Kristdemokraternas\u00a0f\u00f6rtroendevalda politiker i Link\u00f6pings kommun kommer Peter Vid\u00e9n, samverkansofficer milit\u00e4rregion syd och informerar om totalf\u00f6rsvaret och hur det fungerar i en krissituation. Till m\u00f6tet kallas alla f\u00f6rtroendevalda, och medlemmar \u00e4r v\u00e4lkomna. M\u00f6tet b\u00f6rjar 18.00 i stadshusk\u00e4llaren. Skicka ett mail till felix.gronqvist@kristdemokraterna.se och s\u00e4g till att du kommer.","og_url":"https:\/\/wp.kristdemokraterna.se\/linkoping\/besok-av-peter-viden-samverkansofficer-militarregion-syd\/","og_site_name":"Kristdemokraterna i Link\u00f6ping","article_author":"https:\/\/www.facebook.com\/kdlinkoping\/","article_published_time":"2017-04-10T08:47:40+00:00","article_modified_time":"2021-08-13T09:48:30+00:00","author":"linkoping","twitter_card":"summary_large_image","twitter_misc":{"Skriven av":"linkoping"},"schema":{"@context":"https:\/\/schema.org","@graph":[{"@type":"Article","@id":"https:\/\/wp.kristdemokraterna.se\/linkoping\/besok-av-peter-viden-samverkansofficer-militarregion-syd\/#article","isPartOf":{"@id":"https:\/\/wp.kristdemokraterna.se\/linkoping\/besok-av-peter-viden-samverkansofficer-militarregion-syd\/"},"author":{"name":"linkoping","@id":"https:\/\/wp.kristdemokraterna.se\/linkoping\/#\/schema\/person\/b0148c3c8863db76d330faa282b9521a"},"headline":"Bes\u00f6k av Peter Vid\u00e9n, samverkansofficer milit\u00e4rregion syd","datePublished":"2017-04-10T08:47:40+00:00","dateModified":"2021-08-13T09:48:30+00:00","mainEntityOfPage":{"@id":"https:\/\/wp.kristdemokraterna.se\/linkoping\/besok-av-peter-viden-samverkansofficer-militarregion-syd\/"},"wordCount":79,"articleSection":["arkiv","okategoriserade"],"inLanguage":"sv-SE"},{"@type":"WebPage","@id":"https:\/\/wp.kristdemokraterna.se\/linkoping\/besok-av-peter-viden-samverkansofficer-militarregion-syd\/","url":"https:\/\/wp.kristdemokraterna.se\/linkoping\/besok-av-peter-viden-samverkansofficer-militarregion-syd\/","name":"Bes\u00f6k av Peter Vid\u00e9n, samverkansofficer milit\u00e4rregion syd - Kristdemokraterna i Link\u00f6ping","isPartOf":{"@id":"https:\/\/wp.kristdemokraterna.se\/linkoping\/#website"},"datePublished":"2017-04-10T08:47:40+00:00","dateModified":"2021-08-13T09:48:30+00:00","author":{"@id":"https:\/\/wp.kristdemokraterna.se\/linkoping\/#\/schema\/person\/b0148c3c8863db76d330faa282b9521a"},"breadcrumb":{"@id":"https:\/\/wp.kristdemokraterna.se\/linkoping\/besok-av-peter-viden-samverkansofficer-militarregion-syd\/#breadcrumb"},"inLanguage":"sv-SE","potentialAction":[{"@type":"ReadAction","target":["https:\/\/wp.kristdemokraterna.se\/linkoping\/besok-av-peter-viden-samverkansofficer-militarregion-syd\/"]}]},{"@type":"BreadcrumbList","@id":"https:\/\/wp.kristdemokraterna.se\/linkoping\/besok-av-peter-viden-samverkansofficer-militarregion-syd\/#breadcrumb","itemListElement":[{"@type":"ListItem","position":1,"name":"Hem","item":"https:\/\/wp.kristdemokraterna.se\/linkoping\/"},{"@type":"ListItem","position":2,"name":"Bes\u00f6k av Peter Vid\u00e9n, samverkansofficer milit\u00e4rregion syd"}]},{"@type":"WebSite","@id":"https:\/\/wp.kristdemokraterna.se\/linkoping\/#website","url":"https:\/\/wp.kristdemokraterna.se\/linkoping\/","name":"Kristdemokraterna i Link\u00f6ping","description":"","inLanguage":"sv-SE"},{"@type":"Person","@id":"https:\/\/wp.kristdemokraterna.se\/linkoping\/#\/schema\/person\/b0148c3c8863db76d330faa282b9521a","name":"linkoping","image":{"@type":"ImageObject","inLanguage":"sv-SE","@id":"https:\/\/secure.gravatar.com\/avatar\/016e7965fec0e08fdd07b021a7d25181278d4b29b1d5bab57b16017e35421895?s=96&r=g","url":"https:\/\/secure.gravatar.com\/avatar\/016e7965fec0e08fdd07b021a7d25181278d4b29b1d5bab57b16017e35421895?s=96&r=g","contentUrl":"https:\/\/secure.gravatar.com\/avatar\/016e7965fec0e08fdd07b021a7d25181278d4b29b1d5bab57b16017e35421895?s=96&r=g","caption":"linkoping"},"sameAs":["https:\/\/www.facebook.com\/kdlinkoping\/"],"url":"https:\/\/wp.kristdemokraterna.se\/linkoping\/author\/linkoping\/"}]}},"_links":{"self":[{"href":"https:\/\/wp.kristdemokraterna.se\/linkoping\/wp-json\/wp\/v2\/posts\/597","targetHints":{"allow":["GET"]}}],"collection":[{"href":"https:\/\/wp.kristdemokraterna.se\/linkoping\/wp-json\/wp\/v2\/posts"}],"about":[{"href":"https:\/\/wp.kristdemokraterna.se\/linkoping\/wp-json\/wp\/v2\/types\/post"}],"author":[{"embeddable":true,"href":"https:\/\/wp.kristdemokraterna.se\/linkoping\/wp-json\/wp\/v2\/users\/410"}],"replies":[{"embeddable":true,"href":"https:\/\/wp.kristdemokraterna.se\/linkoping\/wp-json\/wp\/v2\/comments?post=597"}],"version-history":[{"count":1,"href":"https:\/\/wp.kristdemokraterna.se\/linkoping\/wp-json\/wp\/v2\/posts\/597\/revisions"}],"predecessor-version":[{"id":598,"href":"https:\/\/wp.kristdemokraterna.se\/linkoping\/wp-json\/wp\/v2\/posts\/597\/revisions\/598"}],"wp:attachment":[{"href":"https:\/\/wp.kristdemokraterna.se\/linkoping\/wp-json\/wp\/v2\/media?parent=597"}],"wp:term":[{"taxonomy":"category","embeddable":true,"href":"https:\/\/wp.kristdemokraterna.se\/linkoping\/wp-json\/wp\/v2\/categories?post=597"},{"taxonomy":"post_tag","embeddable":true,"href":"https:\/\/wp.kristdemokraterna.se\/linkoping\/wp-json\/wp\/v2\/tags?post=597"}],"curies":[{"name":"wp","href":"https:\/\/api.w.org\/{rel}","templated":true}]}}