{"id":622,"date":"2017-05-15T08:18:53","date_gmt":"2017-05-15T06:18:53","guid":{"rendered":"http:\/\/wp.kristdemokraterna.se\/linkoping\/?p=622"},"modified":"2021-08-13T11:48:30","modified_gmt":"2021-08-13T09:48:30","slug":"dags-att-nominera-till-kommunlistan-2018","status":"publish","type":"post","link":"https:\/\/wp.kristdemokraterna.se\/linkoping\/dags-att-nominera-till-kommunlistan-2018\/","title":{"rendered":"Dags att nominera till kommunlistan 2018"},"content":{"rendered":"<p><img loading=\"lazy\" decoding=\"async\" class=\"alignleft size-large wp-image-621\" src=\"https:\/\/wp.kristdemokraterna.se\/linkoping\/files\/2017\/05\/delabild-zcma3yken-540x284.png\" alt=\"\" width=\"540\" height=\"284\" srcset=\"https:\/\/wp.kristdemokraterna.se\/linkoping\/files\/2017\/05\/delabild-zcma3yken-540x284.png 540w, https:\/\/wp.kristdemokraterna.se\/linkoping\/files\/2017\/05\/delabild-zcma3yken-300x158.png 300w, https:\/\/wp.kristdemokraterna.se\/linkoping\/files\/2017\/05\/delabild-zcma3yken-768x403.png 768w, https:\/\/wp.kristdemokraterna.se\/linkoping\/files\/2017\/05\/delabild-zcma3yken-576x302.png 576w, https:\/\/wp.kristdemokraterna.se\/linkoping\/files\/2017\/05\/delabild-zcma3yken-186x98.png 186w, https:\/\/wp.kristdemokraterna.se\/linkoping\/files\/2017\/05\/delabild-zcma3yken.png 1200w\" sizes=\"auto, (max-width: 540px) 100vw, 540px\" \/><\/p>\n<p>&nbsp;<\/p>\n<p><strong>Till alla Kristdemokrater i Link\u00f6pings kommun<\/strong><\/p>\n<p><strong>Link\u00f6ping 2017-05-15<\/strong><\/p>\n<p><strong>Nu kan du kandidera eller nominera till Link\u00f6pings kommunlista!<\/strong><\/p>\n<p>Vi ber dig t\u00e4nka till om du sj\u00e4lv eller n\u00e5gon i din bekantskapskrets skulle vara l\u00e4mplig att st\u00e5 med p\u00e5 v\u00e5r lista. Kanske k\u00e4nner du n\u00e5gon som delar de kristdemokratiska v\u00e4rderingarna men \u00e4nnu inte \u00e4r medlem? Vi \u00e4r intresserade av att f\u00e5 en bredd p\u00e5 listan betr\u00e4ffande yrke, \u00e5lder, k\u00f6n, stadsdel etc.<\/p>\n<p>Det \u00e4r viktigt att Kristdemokraterna f\u00e5r ett st\u00f6rre utrymme i Link\u00f6pings kommun, d\u00e5 vi tror att samh\u00e4llet blir b\u00e4ttre med ett brett genomslag av v\u00e5r politik.<\/p>\n<p>Skicka dina nomineringar till <a href=\"mailto:sredeen@gmail.com\" target=\"_blank\" rel=\"noopener noreferrer\">sredeen@gmail.com<\/a><\/p>\n<p>Nomineringsperioden p\u00e5g\u00e5r mellan 15 maj och 14 augusti.<br \/>\nKommunlistan kommer fastst\u00e4llas p\u00e5 ett extra medlemsm\u00f6te 11 december.<br \/>\nAlla medlemmar har r\u00e4tt och m\u00f6jlighet att nominera kandidater.<\/p>\n<p>Med v\u00e4nliga h\u00e4lsningar<\/p>\n<p>Stefan Red\u00e9en (sammankallande nomineringskommitt\u00e9n)<br \/>\nLillemor Hejdegard<br \/>\nSamuel Holm<br \/>\nIngegerd Widmark<\/p>\n","protected":false},"excerpt":{"rendered":"<p>&nbsp; Till alla Kristdemokrater i Link\u00f6pings kommun Link\u00f6ping 2017-05-15 Nu kan du kandidera eller nominera till Link\u00f6pings kommunlista! Vi ber dig t\u00e4nka till om du sj\u00e4lv eller n\u00e5gon i din bekantskapskrets skulle vara l\u00e4mplig att st\u00e5 med p\u00e5 v\u00e5r lista. Kanske k\u00e4nner du n\u00e5gon som delar de kristdemokratiska v\u00e4rderingarna men \u00e4nnu inte \u00e4r medlem? Vi <a class=\"read-more-link\" href=\"https:\/\/wp.kristdemokraterna.se\/linkoping\/dags-att-nominera-till-kommunlistan-2018\/\">Read More<\/a><\/p>\n","protected":false},"author":410,"featured_media":0,"comment_status":"closed","ping_status":"closed","sticky":false,"template":"","format":"standard","meta":{"_acf_changed":false,"footnotes":""},"categories":[22,1],"tags":[],"class_list":["post-622","post","type-post","status-publish","format-standard","hentry","category-arkiv","category-okategoriserade"],"acf":[],"yoast_head":"<!-- This site is optimized with the Yoast SEO plugin v27.4 - https:\/\/yoast.com\/product\/yoast-seo-wordpress\/ -->\n<title>Dags att nominera till kommunlistan 2018 - Kristdemokraterna i Link\u00f6ping<\/title>\n<meta name=\"robots\" content=\"index, follow, max-snippet:-1, max-image-preview:large, max-video-preview:-1\" \/>\n<link rel=\"canonical\" href=\"https:\/\/wp.kristdemokraterna.se\/linkoping\/dags-att-nominera-till-kommunlistan-2018\/\" \/>\n<meta property=\"og:locale\" content=\"sv_SE\" \/>\n<meta property=\"og:type\" content=\"article\" \/>\n<meta property=\"og:title\" content=\"Dags att nominera till kommunlistan 2018 - Kristdemokraterna i Link\u00f6ping\" \/>\n<meta property=\"og:description\" content=\"&nbsp; Till alla Kristdemokrater i Link\u00f6pings kommun Link\u00f6ping 2017-05-15 Nu kan du kandidera eller nominera till Link\u00f6pings kommunlista! Vi ber dig t\u00e4nka till om du sj\u00e4lv eller n\u00e5gon i din bekantskapskrets skulle vara l\u00e4mplig att st\u00e5 med p\u00e5 v\u00e5r lista. Kanske k\u00e4nner du n\u00e5gon som delar de kristdemokratiska v\u00e4rderingarna men \u00e4nnu inte \u00e4r medlem? Vi Read More\" \/>\n<meta property=\"og:url\" content=\"https:\/\/wp.kristdemokraterna.se\/linkoping\/dags-att-nominera-till-kommunlistan-2018\/\" \/>\n<meta property=\"og:site_name\" content=\"Kristdemokraterna i Link\u00f6ping\" \/>\n<meta property=\"article:author\" content=\"https:\/\/www.facebook.com\/kdlinkoping\/\" \/>\n<meta property=\"article:published_time\" content=\"2017-05-15T06:18:53+00:00\" \/>\n<meta property=\"article:modified_time\" content=\"2021-08-13T09:48:30+00:00\" \/>\n<meta property=\"og:image\" content=\"http:\/\/wp.kristdemokraterna.se\/linkoping\/files\/2017\/05\/delabild-zcma3yken-540x284.png\" \/>\n<meta name=\"author\" content=\"linkoping\" \/>\n<meta name=\"twitter:card\" content=\"summary_large_image\" \/>\n<meta name=\"twitter:label1\" content=\"Skriven av\" \/>\n\t<meta name=\"twitter:data1\" content=\"linkoping\" \/>\n\t<meta name=\"twitter:label2\" content=\"Ber\u00e4knad l\u00e4stid\" \/>\n\t<meta name=\"twitter:data2\" content=\"1 minut\" \/>\n<script type=\"application\/ld+json\" class=\"yoast-schema-graph\">{\"@context\":\"https:\\\/\\\/schema.org\",\"@graph\":[{\"@type\":\"Article\",\"@id\":\"https:\\\/\\\/wp.kristdemokraterna.se\\\/linkoping\\\/dags-att-nominera-till-kommunlistan-2018\\\/#article\",\"isPartOf\":{\"@id\":\"https:\\\/\\\/wp.kristdemokraterna.se\\\/linkoping\\\/dags-att-nominera-till-kommunlistan-2018\\\/\"},\"author\":{\"name\":\"linkoping\",\"@id\":\"https:\\\/\\\/wp.kristdemokraterna.se\\\/linkoping\\\/#\\\/schema\\\/person\\\/b0148c3c8863db76d330faa282b9521a\"},\"headline\":\"Dags att nominera till kommunlistan 2018\",\"datePublished\":\"2017-05-15T06:18:53+00:00\",\"dateModified\":\"2021-08-13T09:48:30+00:00\",\"mainEntityOfPage\":{\"@id\":\"https:\\\/\\\/wp.kristdemokraterna.se\\\/linkoping\\\/dags-att-nominera-till-kommunlistan-2018\\\/\"},\"wordCount\":174,\"image\":{\"@id\":\"https:\\\/\\\/wp.kristdemokraterna.se\\\/linkoping\\\/dags-att-nominera-till-kommunlistan-2018\\\/#primaryimage\"},\"thumbnailUrl\":\"http:\\\/\\\/wp.kristdemokraterna.se\\\/linkoping\\\/files\\\/2017\\\/05\\\/delabild-zcma3yken-540x284.png\",\"articleSection\":[\"arkiv\",\"okategoriserade\"],\"inLanguage\":\"sv-SE\"},{\"@type\":\"WebPage\",\"@id\":\"https:\\\/\\\/wp.kristdemokraterna.se\\\/linkoping\\\/dags-att-nominera-till-kommunlistan-2018\\\/\",\"url\":\"https:\\\/\\\/wp.kristdemokraterna.se\\\/linkoping\\\/dags-att-nominera-till-kommunlistan-2018\\\/\",\"name\":\"Dags att nominera till kommunlistan 2018 - Kristdemokraterna i Link\u00f6ping\",\"isPartOf\":{\"@id\":\"https:\\\/\\\/wp.kristdemokraterna.se\\\/linkoping\\\/#website\"},\"primaryImageOfPage\":{\"@id\":\"https:\\\/\\\/wp.kristdemokraterna.se\\\/linkoping\\\/dags-att-nominera-till-kommunlistan-2018\\\/#primaryimage\"},\"image\":{\"@id\":\"https:\\\/\\\/wp.kristdemokraterna.se\\\/linkoping\\\/dags-att-nominera-till-kommunlistan-2018\\\/#primaryimage\"},\"thumbnailUrl\":\"http:\\\/\\\/wp.kristdemokraterna.se\\\/linkoping\\\/files\\\/2017\\\/05\\\/delabild-zcma3yken-540x284.png\",\"datePublished\":\"2017-05-15T06:18:53+00:00\",\"dateModified\":\"2021-08-13T09:48:30+00:00\",\"author\":{\"@id\":\"https:\\\/\\\/wp.kristdemokraterna.se\\\/linkoping\\\/#\\\/schema\\\/person\\\/b0148c3c8863db76d330faa282b9521a\"},\"breadcrumb\":{\"@id\":\"https:\\\/\\\/wp.kristdemokraterna.se\\\/linkoping\\\/dags-att-nominera-till-kommunlistan-2018\\\/#breadcrumb\"},\"inLanguage\":\"sv-SE\",\"potentialAction\":[{\"@type\":\"ReadAction\",\"target\":[\"https:\\\/\\\/wp.kristdemokraterna.se\\\/linkoping\\\/dags-att-nominera-till-kommunlistan-2018\\\/\"]}]},{\"@type\":\"ImageObject\",\"inLanguage\":\"sv-SE\",\"@id\":\"https:\\\/\\\/wp.kristdemokraterna.se\\\/linkoping\\\/dags-att-nominera-till-kommunlistan-2018\\\/#primaryimage\",\"url\":\"https:\\\/\\\/wp.kristdemokraterna.se\\\/linkoping\\\/files\\\/2017\\\/05\\\/delabild-zcma3yken.png\",\"contentUrl\":\"https:\\\/\\\/wp.kristdemokraterna.se\\\/linkoping\\\/files\\\/2017\\\/05\\\/delabild-zcma3yken.png\",\"width\":1200,\"height\":630},{\"@type\":\"BreadcrumbList\",\"@id\":\"https:\\\/\\\/wp.kristdemokraterna.se\\\/linkoping\\\/dags-att-nominera-till-kommunlistan-2018\\\/#breadcrumb\",\"itemListElement\":[{\"@type\":\"ListItem\",\"position\":1,\"name\":\"Hem\",\"item\":\"https:\\\/\\\/wp.kristdemokraterna.se\\\/linkoping\\\/\"},{\"@type\":\"ListItem\",\"position\":2,\"name\":\"Dags att nominera till kommunlistan 2018\"}]},{\"@type\":\"WebSite\",\"@id\":\"https:\\\/\\\/wp.kristdemokraterna.se\\\/linkoping\\\/#website\",\"url\":\"https:\\\/\\\/wp.kristdemokraterna.se\\\/linkoping\\\/\",\"name\":\"Kristdemokraterna i Link\u00f6ping\",\"description\":\"\",\"inLanguage\":\"sv-SE\"},{\"@type\":\"Person\",\"@id\":\"https:\\\/\\\/wp.kristdemokraterna.se\\\/linkoping\\\/#\\\/schema\\\/person\\\/b0148c3c8863db76d330faa282b9521a\",\"name\":\"linkoping\",\"image\":{\"@type\":\"ImageObject\",\"inLanguage\":\"sv-SE\",\"@id\":\"https:\\\/\\\/secure.gravatar.com\\\/avatar\\\/016e7965fec0e08fdd07b021a7d25181278d4b29b1d5bab57b16017e35421895?s=96&r=g\",\"url\":\"https:\\\/\\\/secure.gravatar.com\\\/avatar\\\/016e7965fec0e08fdd07b021a7d25181278d4b29b1d5bab57b16017e35421895?s=96&r=g\",\"contentUrl\":\"https:\\\/\\\/secure.gravatar.com\\\/avatar\\\/016e7965fec0e08fdd07b021a7d25181278d4b29b1d5bab57b16017e35421895?s=96&r=g\",\"caption\":\"linkoping\"},\"sameAs\":[\"https:\\\/\\\/www.facebook.com\\\/kdlinkoping\\\/\"],\"url\":\"https:\\\/\\\/wp.kristdemokraterna.se\\\/linkoping\\\/author\\\/linkoping\\\/\"}]}<\/script>\n<!-- \/ Yoast SEO plugin. -->","yoast_head_json":{"title":"Dags att nominera till kommunlistan 2018 - Kristdemokraterna i Link\u00f6ping","robots":{"index":"index","follow":"follow","max-snippet":"max-snippet:-1","max-image-preview":"max-image-preview:large","max-video-preview":"max-video-preview:-1"},"canonical":"https:\/\/wp.kristdemokraterna.se\/linkoping\/dags-att-nominera-till-kommunlistan-2018\/","og_locale":"sv_SE","og_type":"article","og_title":"Dags att nominera till kommunlistan 2018 - Kristdemokraterna i Link\u00f6ping","og_description":"&nbsp; Till alla Kristdemokrater i Link\u00f6pings kommun Link\u00f6ping 2017-05-15 Nu kan du kandidera eller nominera till Link\u00f6pings kommunlista! Vi ber dig t\u00e4nka till om du sj\u00e4lv eller n\u00e5gon i din bekantskapskrets skulle vara l\u00e4mplig att st\u00e5 med p\u00e5 v\u00e5r lista. Kanske k\u00e4nner du n\u00e5gon som delar de kristdemokratiska v\u00e4rderingarna men \u00e4nnu inte \u00e4r medlem? Vi Read More","og_url":"https:\/\/wp.kristdemokraterna.se\/linkoping\/dags-att-nominera-till-kommunlistan-2018\/","og_site_name":"Kristdemokraterna i Link\u00f6ping","article_author":"https:\/\/www.facebook.com\/kdlinkoping\/","article_published_time":"2017-05-15T06:18:53+00:00","article_modified_time":"2021-08-13T09:48:30+00:00","og_image":[{"url":"http:\/\/wp.kristdemokraterna.se\/linkoping\/files\/2017\/05\/delabild-zcma3yken-540x284.png","type":"","width":"","height":""}],"author":"linkoping","twitter_card":"summary_large_image","twitter_misc":{"Skriven av":"linkoping","Ber\u00e4knad l\u00e4stid":"1 minut"},"schema":{"@context":"https:\/\/schema.org","@graph":[{"@type":"Article","@id":"https:\/\/wp.kristdemokraterna.se\/linkoping\/dags-att-nominera-till-kommunlistan-2018\/#article","isPartOf":{"@id":"https:\/\/wp.kristdemokraterna.se\/linkoping\/dags-att-nominera-till-kommunlistan-2018\/"},"author":{"name":"linkoping","@id":"https:\/\/wp.kristdemokraterna.se\/linkoping\/#\/schema\/person\/b0148c3c8863db76d330faa282b9521a"},"headline":"Dags att nominera till kommunlistan 2018","datePublished":"2017-05-15T06:18:53+00:00","dateModified":"2021-08-13T09:48:30+00:00","mainEntityOfPage":{"@id":"https:\/\/wp.kristdemokraterna.se\/linkoping\/dags-att-nominera-till-kommunlistan-2018\/"},"wordCount":174,"image":{"@id":"https:\/\/wp.kristdemokraterna.se\/linkoping\/dags-att-nominera-till-kommunlistan-2018\/#primaryimage"},"thumbnailUrl":"http:\/\/wp.kristdemokraterna.se\/linkoping\/files\/2017\/05\/delabild-zcma3yken-540x284.png","articleSection":["arkiv","okategoriserade"],"inLanguage":"sv-SE"},{"@type":"WebPage","@id":"https:\/\/wp.kristdemokraterna.se\/linkoping\/dags-att-nominera-till-kommunlistan-2018\/","url":"https:\/\/wp.kristdemokraterna.se\/linkoping\/dags-att-nominera-till-kommunlistan-2018\/","name":"Dags att nominera till kommunlistan 2018 - Kristdemokraterna i Link\u00f6ping","isPartOf":{"@id":"https:\/\/wp.kristdemokraterna.se\/linkoping\/#website"},"primaryImageOfPage":{"@id":"https:\/\/wp.kristdemokraterna.se\/linkoping\/dags-att-nominera-till-kommunlistan-2018\/#primaryimage"},"image":{"@id":"https:\/\/wp.kristdemokraterna.se\/linkoping\/dags-att-nominera-till-kommunlistan-2018\/#primaryimage"},"thumbnailUrl":"http:\/\/wp.kristdemokraterna.se\/linkoping\/files\/2017\/05\/delabild-zcma3yken-540x284.png","datePublished":"2017-05-15T06:18:53+00:00","dateModified":"2021-08-13T09:48:30+00:00","author":{"@id":"https:\/\/wp.kristdemokraterna.se\/linkoping\/#\/schema\/person\/b0148c3c8863db76d330faa282b9521a"},"breadcrumb":{"@id":"https:\/\/wp.kristdemokraterna.se\/linkoping\/dags-att-nominera-till-kommunlistan-2018\/#breadcrumb"},"inLanguage":"sv-SE","potentialAction":[{"@type":"ReadAction","target":["https:\/\/wp.kristdemokraterna.se\/linkoping\/dags-att-nominera-till-kommunlistan-2018\/"]}]},{"@type":"ImageObject","inLanguage":"sv-SE","@id":"https:\/\/wp.kristdemokraterna.se\/linkoping\/dags-att-nominera-till-kommunlistan-2018\/#primaryimage","url":"https:\/\/wp.kristdemokraterna.se\/linkoping\/files\/2017\/05\/delabild-zcma3yken.png","contentUrl":"https:\/\/wp.kristdemokraterna.se\/linkoping\/files\/2017\/05\/delabild-zcma3yken.png","width":1200,"height":630},{"@type":"BreadcrumbList","@id":"https:\/\/wp.kristdemokraterna.se\/linkoping\/dags-att-nominera-till-kommunlistan-2018\/#breadcrumb","itemListElement":[{"@type":"ListItem","position":1,"name":"Hem","item":"https:\/\/wp.kristdemokraterna.se\/linkoping\/"},{"@type":"ListItem","position":2,"name":"Dags att nominera till kommunlistan 2018"}]},{"@type":"WebSite","@id":"https:\/\/wp.kristdemokraterna.se\/linkoping\/#website","url":"https:\/\/wp.kristdemokraterna.se\/linkoping\/","name":"Kristdemokraterna i Link\u00f6ping","description":"","inLanguage":"sv-SE"},{"@type":"Person","@id":"https:\/\/wp.kristdemokraterna.se\/linkoping\/#\/schema\/person\/b0148c3c8863db76d330faa282b9521a","name":"linkoping","image":{"@type":"ImageObject","inLanguage":"sv-SE","@id":"https:\/\/secure.gravatar.com\/avatar\/016e7965fec0e08fdd07b021a7d25181278d4b29b1d5bab57b16017e35421895?s=96&r=g","url":"https:\/\/secure.gravatar.com\/avatar\/016e7965fec0e08fdd07b021a7d25181278d4b29b1d5bab57b16017e35421895?s=96&r=g","contentUrl":"https:\/\/secure.gravatar.com\/avatar\/016e7965fec0e08fdd07b021a7d25181278d4b29b1d5bab57b16017e35421895?s=96&r=g","caption":"linkoping"},"sameAs":["https:\/\/www.facebook.com\/kdlinkoping\/"],"url":"https:\/\/wp.kristdemokraterna.se\/linkoping\/author\/linkoping\/"}]}},"_links":{"self":[{"href":"https:\/\/wp.kristdemokraterna.se\/linkoping\/wp-json\/wp\/v2\/posts\/622","targetHints":{"allow":["GET"]}}],"collection":[{"href":"https:\/\/wp.kristdemokraterna.se\/linkoping\/wp-json\/wp\/v2\/posts"}],"about":[{"href":"https:\/\/wp.kristdemokraterna.se\/linkoping\/wp-json\/wp\/v2\/types\/post"}],"author":[{"embeddable":true,"href":"https:\/\/wp.kristdemokraterna.se\/linkoping\/wp-json\/wp\/v2\/users\/410"}],"replies":[{"embeddable":true,"href":"https:\/\/wp.kristdemokraterna.se\/linkoping\/wp-json\/wp\/v2\/comments?post=622"}],"version-history":[{"count":2,"href":"https:\/\/wp.kristdemokraterna.se\/linkoping\/wp-json\/wp\/v2\/posts\/622\/revisions"}],"predecessor-version":[{"id":624,"href":"https:\/\/wp.kristdemokraterna.se\/linkoping\/wp-json\/wp\/v2\/posts\/622\/revisions\/624"}],"wp:attachment":[{"href":"https:\/\/wp.kristdemokraterna.se\/linkoping\/wp-json\/wp\/v2\/media?parent=622"}],"wp:term":[{"taxonomy":"category","embeddable":true,"href":"https:\/\/wp.kristdemokraterna.se\/linkoping\/wp-json\/wp\/v2\/categories?post=622"},{"taxonomy":"post_tag","embeddable":true,"href":"https:\/\/wp.kristdemokraterna.se\/linkoping\/wp-json\/wp\/v2\/tags?post=622"}],"curies":[{"name":"wp","href":"https:\/\/api.w.org\/{rel}","templated":true}]}}