{"id":626,"date":"2017-05-30T12:21:08","date_gmt":"2017-05-30T10:21:08","guid":{"rendered":"http:\/\/wp.kristdemokraterna.se\/linkoping\/?p=626"},"modified":"2021-08-13T11:48:30","modified_gmt":"2021-08-13T09:48:30","slug":"garantera-parboende-i-all-vard-och-omsorg-i-linkoping","status":"publish","type":"post","link":"https:\/\/wp.kristdemokraterna.se\/linkoping\/garantera-parboende-i-all-vard-och-omsorg-i-linkoping\/","title":{"rendered":"Garantera parboende i all v\u00e5rd och omsorg i Link\u00f6ping"},"content":{"rendered":"<p><strong>Kristdemokraterna har varit drivande f\u00f6r att inf\u00f6ra en nationell parboendegaranti f\u00f6r \u00e4ldre. Vi tror att m\u00e4nniskan beh\u00f6ver f\u00e5 tillg\u00e5ng till ett sammanhang, vara del av en gemenskap och f\u00e5 m\u00f6jlighet att tillfredsst\u00e4lla sina sociala behov f\u00f6r att m\u00e5 bra. Link\u00f6ping lever inte upp till m\u00f6jligheten att erbjuda parboende i alla v\u00e5ra boenden f\u00f6r \u00e4ldre. Inte heller finns det n\u00e5gon r\u00e4tt f\u00f6r personer med insats inom LSS att bo med sin partner. Kristdemokraterna i Link\u00f6ping har d\u00e4rf\u00f6r l\u00e4mnat in en motion d\u00e4r vi f\u00f6resl\u00e5r parboendegaranti inom alla v\u00e5rd- och omsorgsboenden i kommunen.<\/strong><\/p>\n<p>&#8211; De \u00e4ldre som \u00f6nskar f\u00e5 bo tillsammans med sin livspartner f\u00e5r i v\u00e5r stad sv\u00e5rt att kr\u00e4va sin r\u00e4tt. Endast 44 procent av \u00e4ldreboendeenheterna i kommunen erbjuder m\u00f6jlighet till sammanboende. I genomsnitt \u00e4r det i Sveriges kommuner 70 procent av boendena som erbjuder parboende och vi ligger d\u00e4rmed l\u00e5ngt efter m\u00e5nga andra st\u00e4der, s\u00e4ger kommunalr\u00e5d Sara Skyttedal.<\/p>\n<p>&#8211; Vi vill ocks\u00e5 ut\u00f6ka r\u00e4tten till parboende s\u00e5 att det g\u00e4ller f\u00f6r alla \u00e5ldrar. Link\u00f6ping \u00e4r det endast 46 procent av boenden inom LSS som kan erbjuda m\u00f6jligheten att bo tillsammans med en partner. Dessa siffror \u00e4r orov\u00e4ckande, inte minst d\u00e5 rikssnittet \u00e4r hela 81 procent. Det \u00e4r dags f\u00f6r Link\u00f6ping at g\u00f6ra insatser f\u00f6r att minska ensamheten f\u00f6r m\u00e4nniskor i v\u00e5ra v\u00e5rd- och omsorgsboenden, forts\u00e4tter Skyttedal.<\/p>\n<p><strong>F\u00f6r mer information kontakta g\u00e4rna: <\/strong><\/p>\n<p><strong>Sara Skyttedal (KD)<\/strong><br \/>\nKommunalr\u00e5d<br \/>\nsara.skyttedal@linkoping.se<\/p>\n<p><strong>Felix Gr\u00f6nqvist (KD)<\/strong><br \/>\nPolitisk sekreterare<br \/>\nfelix.gronqvist@linkoping.se<br \/>\n072 \u2013 24 007 25<\/p>\n","protected":false},"excerpt":{"rendered":"<p>Kristdemokraterna har varit drivande f\u00f6r att inf\u00f6ra en nationell parboendegaranti f\u00f6r \u00e4ldre. Vi tror att m\u00e4nniskan beh\u00f6ver f\u00e5 tillg\u00e5ng till ett sammanhang, vara del av en gemenskap och f\u00e5 m\u00f6jlighet att tillfredsst\u00e4lla sina sociala behov f\u00f6r att m\u00e5 bra. Link\u00f6ping lever inte upp till m\u00f6jligheten att erbjuda parboende i alla v\u00e5ra boenden f\u00f6r \u00e4ldre. Inte <a class=\"read-more-link\" href=\"https:\/\/wp.kristdemokraterna.se\/linkoping\/garantera-parboende-i-all-vard-och-omsorg-i-linkoping\/\">Read More<\/a><\/p>\n","protected":false},"author":410,"featured_media":0,"comment_status":"closed","ping_status":"closed","sticky":false,"template":"","format":"standard","meta":{"_acf_changed":false,"footnotes":""},"categories":[22,1],"tags":[],"class_list":["post-626","post","type-post","status-publish","format-standard","hentry","category-arkiv","category-okategoriserade"],"acf":[],"yoast_head":"<!-- This site is optimized with the Yoast SEO plugin v27.4 - https:\/\/yoast.com\/product\/yoast-seo-wordpress\/ -->\n<title>Garantera parboende i all v\u00e5rd och omsorg i Link\u00f6ping - Kristdemokraterna i Link\u00f6ping<\/title>\n<meta name=\"robots\" content=\"index, follow, max-snippet:-1, max-image-preview:large, max-video-preview:-1\" \/>\n<link rel=\"canonical\" href=\"https:\/\/wp.kristdemokraterna.se\/linkoping\/garantera-parboende-i-all-vard-och-omsorg-i-linkoping\/\" \/>\n<meta property=\"og:locale\" content=\"sv_SE\" \/>\n<meta property=\"og:type\" content=\"article\" \/>\n<meta property=\"og:title\" content=\"Garantera parboende i all v\u00e5rd och omsorg i Link\u00f6ping - Kristdemokraterna i Link\u00f6ping\" \/>\n<meta property=\"og:description\" content=\"Kristdemokraterna har varit drivande f\u00f6r att inf\u00f6ra en nationell parboendegaranti f\u00f6r \u00e4ldre. Vi tror att m\u00e4nniskan beh\u00f6ver f\u00e5 tillg\u00e5ng till ett sammanhang, vara del av en gemenskap och f\u00e5 m\u00f6jlighet att tillfredsst\u00e4lla sina sociala behov f\u00f6r att m\u00e5 bra. Link\u00f6ping lever inte upp till m\u00f6jligheten att erbjuda parboende i alla v\u00e5ra boenden f\u00f6r \u00e4ldre. Inte Read More\" \/>\n<meta property=\"og:url\" content=\"https:\/\/wp.kristdemokraterna.se\/linkoping\/garantera-parboende-i-all-vard-och-omsorg-i-linkoping\/\" \/>\n<meta property=\"og:site_name\" content=\"Kristdemokraterna i Link\u00f6ping\" \/>\n<meta property=\"article:author\" content=\"https:\/\/www.facebook.com\/kdlinkoping\/\" \/>\n<meta property=\"article:published_time\" content=\"2017-05-30T10:21:08+00:00\" \/>\n<meta property=\"article:modified_time\" content=\"2021-08-13T09:48:30+00:00\" \/>\n<meta name=\"author\" content=\"linkoping\" \/>\n<meta name=\"twitter:card\" content=\"summary_large_image\" \/>\n<meta name=\"twitter:label1\" content=\"Skriven av\" \/>\n\t<meta name=\"twitter:data1\" content=\"linkoping\" \/>\n\t<meta name=\"twitter:label2\" content=\"Ber\u00e4knad l\u00e4stid\" \/>\n\t<meta name=\"twitter:data2\" content=\"1 minut\" \/>\n<script type=\"application\/ld+json\" class=\"yoast-schema-graph\">{\"@context\":\"https:\\\/\\\/schema.org\",\"@graph\":[{\"@type\":\"Article\",\"@id\":\"https:\\\/\\\/wp.kristdemokraterna.se\\\/linkoping\\\/garantera-parboende-i-all-vard-och-omsorg-i-linkoping\\\/#article\",\"isPartOf\":{\"@id\":\"https:\\\/\\\/wp.kristdemokraterna.se\\\/linkoping\\\/garantera-parboende-i-all-vard-och-omsorg-i-linkoping\\\/\"},\"author\":{\"name\":\"linkoping\",\"@id\":\"https:\\\/\\\/wp.kristdemokraterna.se\\\/linkoping\\\/#\\\/schema\\\/person\\\/b0148c3c8863db76d330faa282b9521a\"},\"headline\":\"Garantera parboende i all v\u00e5rd och omsorg i Link\u00f6ping\",\"datePublished\":\"2017-05-30T10:21:08+00:00\",\"dateModified\":\"2021-08-13T09:48:30+00:00\",\"mainEntityOfPage\":{\"@id\":\"https:\\\/\\\/wp.kristdemokraterna.se\\\/linkoping\\\/garantera-parboende-i-all-vard-och-omsorg-i-linkoping\\\/\"},\"wordCount\":302,\"articleSection\":[\"arkiv\",\"okategoriserade\"],\"inLanguage\":\"sv-SE\"},{\"@type\":\"WebPage\",\"@id\":\"https:\\\/\\\/wp.kristdemokraterna.se\\\/linkoping\\\/garantera-parboende-i-all-vard-och-omsorg-i-linkoping\\\/\",\"url\":\"https:\\\/\\\/wp.kristdemokraterna.se\\\/linkoping\\\/garantera-parboende-i-all-vard-och-omsorg-i-linkoping\\\/\",\"name\":\"Garantera parboende i all v\u00e5rd och omsorg i Link\u00f6ping - Kristdemokraterna i Link\u00f6ping\",\"isPartOf\":{\"@id\":\"https:\\\/\\\/wp.kristdemokraterna.se\\\/linkoping\\\/#website\"},\"datePublished\":\"2017-05-30T10:21:08+00:00\",\"dateModified\":\"2021-08-13T09:48:30+00:00\",\"author\":{\"@id\":\"https:\\\/\\\/wp.kristdemokraterna.se\\\/linkoping\\\/#\\\/schema\\\/person\\\/b0148c3c8863db76d330faa282b9521a\"},\"breadcrumb\":{\"@id\":\"https:\\\/\\\/wp.kristdemokraterna.se\\\/linkoping\\\/garantera-parboende-i-all-vard-och-omsorg-i-linkoping\\\/#breadcrumb\"},\"inLanguage\":\"sv-SE\",\"potentialAction\":[{\"@type\":\"ReadAction\",\"target\":[\"https:\\\/\\\/wp.kristdemokraterna.se\\\/linkoping\\\/garantera-parboende-i-all-vard-och-omsorg-i-linkoping\\\/\"]}]},{\"@type\":\"BreadcrumbList\",\"@id\":\"https:\\\/\\\/wp.kristdemokraterna.se\\\/linkoping\\\/garantera-parboende-i-all-vard-och-omsorg-i-linkoping\\\/#breadcrumb\",\"itemListElement\":[{\"@type\":\"ListItem\",\"position\":1,\"name\":\"Hem\",\"item\":\"https:\\\/\\\/wp.kristdemokraterna.se\\\/linkoping\\\/\"},{\"@type\":\"ListItem\",\"position\":2,\"name\":\"Garantera parboende i all v\u00e5rd och omsorg i Link\u00f6ping\"}]},{\"@type\":\"WebSite\",\"@id\":\"https:\\\/\\\/wp.kristdemokraterna.se\\\/linkoping\\\/#website\",\"url\":\"https:\\\/\\\/wp.kristdemokraterna.se\\\/linkoping\\\/\",\"name\":\"Kristdemokraterna i Link\u00f6ping\",\"description\":\"\",\"inLanguage\":\"sv-SE\"},{\"@type\":\"Person\",\"@id\":\"https:\\\/\\\/wp.kristdemokraterna.se\\\/linkoping\\\/#\\\/schema\\\/person\\\/b0148c3c8863db76d330faa282b9521a\",\"name\":\"linkoping\",\"image\":{\"@type\":\"ImageObject\",\"inLanguage\":\"sv-SE\",\"@id\":\"https:\\\/\\\/secure.gravatar.com\\\/avatar\\\/016e7965fec0e08fdd07b021a7d25181278d4b29b1d5bab57b16017e35421895?s=96&r=g\",\"url\":\"https:\\\/\\\/secure.gravatar.com\\\/avatar\\\/016e7965fec0e08fdd07b021a7d25181278d4b29b1d5bab57b16017e35421895?s=96&r=g\",\"contentUrl\":\"https:\\\/\\\/secure.gravatar.com\\\/avatar\\\/016e7965fec0e08fdd07b021a7d25181278d4b29b1d5bab57b16017e35421895?s=96&r=g\",\"caption\":\"linkoping\"},\"sameAs\":[\"https:\\\/\\\/www.facebook.com\\\/kdlinkoping\\\/\"],\"url\":\"https:\\\/\\\/wp.kristdemokraterna.se\\\/linkoping\\\/author\\\/linkoping\\\/\"}]}<\/script>\n<!-- \/ Yoast SEO plugin. -->","yoast_head_json":{"title":"Garantera parboende i all v\u00e5rd och omsorg i Link\u00f6ping - Kristdemokraterna i Link\u00f6ping","robots":{"index":"index","follow":"follow","max-snippet":"max-snippet:-1","max-image-preview":"max-image-preview:large","max-video-preview":"max-video-preview:-1"},"canonical":"https:\/\/wp.kristdemokraterna.se\/linkoping\/garantera-parboende-i-all-vard-och-omsorg-i-linkoping\/","og_locale":"sv_SE","og_type":"article","og_title":"Garantera parboende i all v\u00e5rd och omsorg i Link\u00f6ping - Kristdemokraterna i Link\u00f6ping","og_description":"Kristdemokraterna har varit drivande f\u00f6r att inf\u00f6ra en nationell parboendegaranti f\u00f6r \u00e4ldre. Vi tror att m\u00e4nniskan beh\u00f6ver f\u00e5 tillg\u00e5ng till ett sammanhang, vara del av en gemenskap och f\u00e5 m\u00f6jlighet att tillfredsst\u00e4lla sina sociala behov f\u00f6r att m\u00e5 bra. Link\u00f6ping lever inte upp till m\u00f6jligheten att erbjuda parboende i alla v\u00e5ra boenden f\u00f6r \u00e4ldre. Inte Read More","og_url":"https:\/\/wp.kristdemokraterna.se\/linkoping\/garantera-parboende-i-all-vard-och-omsorg-i-linkoping\/","og_site_name":"Kristdemokraterna i Link\u00f6ping","article_author":"https:\/\/www.facebook.com\/kdlinkoping\/","article_published_time":"2017-05-30T10:21:08+00:00","article_modified_time":"2021-08-13T09:48:30+00:00","author":"linkoping","twitter_card":"summary_large_image","twitter_misc":{"Skriven av":"linkoping","Ber\u00e4knad l\u00e4stid":"1 minut"},"schema":{"@context":"https:\/\/schema.org","@graph":[{"@type":"Article","@id":"https:\/\/wp.kristdemokraterna.se\/linkoping\/garantera-parboende-i-all-vard-och-omsorg-i-linkoping\/#article","isPartOf":{"@id":"https:\/\/wp.kristdemokraterna.se\/linkoping\/garantera-parboende-i-all-vard-och-omsorg-i-linkoping\/"},"author":{"name":"linkoping","@id":"https:\/\/wp.kristdemokraterna.se\/linkoping\/#\/schema\/person\/b0148c3c8863db76d330faa282b9521a"},"headline":"Garantera parboende i all v\u00e5rd och omsorg i Link\u00f6ping","datePublished":"2017-05-30T10:21:08+00:00","dateModified":"2021-08-13T09:48:30+00:00","mainEntityOfPage":{"@id":"https:\/\/wp.kristdemokraterna.se\/linkoping\/garantera-parboende-i-all-vard-och-omsorg-i-linkoping\/"},"wordCount":302,"articleSection":["arkiv","okategoriserade"],"inLanguage":"sv-SE"},{"@type":"WebPage","@id":"https:\/\/wp.kristdemokraterna.se\/linkoping\/garantera-parboende-i-all-vard-och-omsorg-i-linkoping\/","url":"https:\/\/wp.kristdemokraterna.se\/linkoping\/garantera-parboende-i-all-vard-och-omsorg-i-linkoping\/","name":"Garantera parboende i all v\u00e5rd och omsorg i Link\u00f6ping - Kristdemokraterna i Link\u00f6ping","isPartOf":{"@id":"https:\/\/wp.kristdemokraterna.se\/linkoping\/#website"},"datePublished":"2017-05-30T10:21:08+00:00","dateModified":"2021-08-13T09:48:30+00:00","author":{"@id":"https:\/\/wp.kristdemokraterna.se\/linkoping\/#\/schema\/person\/b0148c3c8863db76d330faa282b9521a"},"breadcrumb":{"@id":"https:\/\/wp.kristdemokraterna.se\/linkoping\/garantera-parboende-i-all-vard-och-omsorg-i-linkoping\/#breadcrumb"},"inLanguage":"sv-SE","potentialAction":[{"@type":"ReadAction","target":["https:\/\/wp.kristdemokraterna.se\/linkoping\/garantera-parboende-i-all-vard-och-omsorg-i-linkoping\/"]}]},{"@type":"BreadcrumbList","@id":"https:\/\/wp.kristdemokraterna.se\/linkoping\/garantera-parboende-i-all-vard-och-omsorg-i-linkoping\/#breadcrumb","itemListElement":[{"@type":"ListItem","position":1,"name":"Hem","item":"https:\/\/wp.kristdemokraterna.se\/linkoping\/"},{"@type":"ListItem","position":2,"name":"Garantera parboende i all v\u00e5rd och omsorg i Link\u00f6ping"}]},{"@type":"WebSite","@id":"https:\/\/wp.kristdemokraterna.se\/linkoping\/#website","url":"https:\/\/wp.kristdemokraterna.se\/linkoping\/","name":"Kristdemokraterna i Link\u00f6ping","description":"","inLanguage":"sv-SE"},{"@type":"Person","@id":"https:\/\/wp.kristdemokraterna.se\/linkoping\/#\/schema\/person\/b0148c3c8863db76d330faa282b9521a","name":"linkoping","image":{"@type":"ImageObject","inLanguage":"sv-SE","@id":"https:\/\/secure.gravatar.com\/avatar\/016e7965fec0e08fdd07b021a7d25181278d4b29b1d5bab57b16017e35421895?s=96&r=g","url":"https:\/\/secure.gravatar.com\/avatar\/016e7965fec0e08fdd07b021a7d25181278d4b29b1d5bab57b16017e35421895?s=96&r=g","contentUrl":"https:\/\/secure.gravatar.com\/avatar\/016e7965fec0e08fdd07b021a7d25181278d4b29b1d5bab57b16017e35421895?s=96&r=g","caption":"linkoping"},"sameAs":["https:\/\/www.facebook.com\/kdlinkoping\/"],"url":"https:\/\/wp.kristdemokraterna.se\/linkoping\/author\/linkoping\/"}]}},"_links":{"self":[{"href":"https:\/\/wp.kristdemokraterna.se\/linkoping\/wp-json\/wp\/v2\/posts\/626","targetHints":{"allow":["GET"]}}],"collection":[{"href":"https:\/\/wp.kristdemokraterna.se\/linkoping\/wp-json\/wp\/v2\/posts"}],"about":[{"href":"https:\/\/wp.kristdemokraterna.se\/linkoping\/wp-json\/wp\/v2\/types\/post"}],"author":[{"embeddable":true,"href":"https:\/\/wp.kristdemokraterna.se\/linkoping\/wp-json\/wp\/v2\/users\/410"}],"replies":[{"embeddable":true,"href":"https:\/\/wp.kristdemokraterna.se\/linkoping\/wp-json\/wp\/v2\/comments?post=626"}],"version-history":[{"count":2,"href":"https:\/\/wp.kristdemokraterna.se\/linkoping\/wp-json\/wp\/v2\/posts\/626\/revisions"}],"predecessor-version":[{"id":628,"href":"https:\/\/wp.kristdemokraterna.se\/linkoping\/wp-json\/wp\/v2\/posts\/626\/revisions\/628"}],"wp:attachment":[{"href":"https:\/\/wp.kristdemokraterna.se\/linkoping\/wp-json\/wp\/v2\/media?parent=626"}],"wp:term":[{"taxonomy":"category","embeddable":true,"href":"https:\/\/wp.kristdemokraterna.se\/linkoping\/wp-json\/wp\/v2\/categories?post=626"},{"taxonomy":"post_tag","embeddable":true,"href":"https:\/\/wp.kristdemokraterna.se\/linkoping\/wp-json\/wp\/v2\/tags?post=626"}],"curies":[{"name":"wp","href":"https:\/\/api.w.org\/{rel}","templated":true}]}}