{"id":665,"date":"2017-08-23T09:52:56","date_gmt":"2017-08-23T07:52:56","guid":{"rendered":"http:\/\/wp.kristdemokraterna.se\/linkoping\/?p=665"},"modified":"2021-08-13T11:48:30","modified_gmt":"2021-08-13T09:48:30","slug":"frukostmote-lordag-26-augusti","status":"publish","type":"post","link":"https:\/\/wp.kristdemokraterna.se\/linkoping\/frukostmote-lordag-26-augusti\/","title":{"rendered":"Frukostm\u00f6te l\u00f6rdag 26 augusti"},"content":{"rendered":"<p>Kristdemokraterna i Link\u00f6ping inbjuder till<\/p>\n<p><strong>FRUKOSTM\u00d6TE<\/strong><br \/>\nL\u00f6rdag 26 aug kl. 09.00-10.30<br \/>\nDistriktkansliet, Gr\u00e4nden Duvan 2 i Link\u00f6ping<\/p>\n<p><strong>TEMA:<\/strong> \u201dM\u00f6jligheter och utmaningar med frist\u00e5ende verksamhet.&#8221;<br \/>\n<strong>G\u00c4ST:<\/strong> Mary Dahlin, rektor Engelska skolan.<\/p>\n<p>Mary Dahlin, rektor p\u00e5 Internationella Engelska Skolan ber\u00e4ttar<br \/>\nom deras verksamhet samt talar \u00f6ver temat m\u00f6jligheter och<br \/>\nutmaningar med frist\u00e5ende verksamhet.<br \/>\nL\u00e4ttare frukost serveras.<\/p>\n<p>Ber\u00e4tta g\u00e4rna att du kommer med ett mail till:<br \/>\n<a href=\"mailto:linkoping@kristdemokraterna.se\">linkoping@kristdemokraterna.se<\/a><\/p>\n","protected":false},"excerpt":{"rendered":"<p>Kristdemokraterna i Link\u00f6ping inbjuder till FRUKOSTM\u00d6TE L\u00f6rdag 26 aug kl. 09.00-10.30 Distriktkansliet, Gr\u00e4nden Duvan 2 i Link\u00f6ping TEMA: \u201dM\u00f6jligheter och utmaningar med frist\u00e5ende verksamhet.&#8221; G\u00c4ST: Mary Dahlin, rektor Engelska skolan. Mary Dahlin, rektor p\u00e5 Internationella Engelska Skolan ber\u00e4ttar om deras verksamhet samt talar \u00f6ver temat m\u00f6jligheter och utmaningar med frist\u00e5ende verksamhet. L\u00e4ttare frukost serveras. Ber\u00e4tta <a class=\"read-more-link\" href=\"https:\/\/wp.kristdemokraterna.se\/linkoping\/frukostmote-lordag-26-augusti\/\">Read More<\/a><\/p>\n","protected":false},"author":410,"featured_media":666,"comment_status":"closed","ping_status":"closed","sticky":false,"template":"","format":"standard","meta":{"_acf_changed":false,"footnotes":""},"categories":[22,1],"tags":[],"class_list":["post-665","post","type-post","status-publish","format-standard","hentry","category-arkiv","category-okategoriserade"],"acf":[],"yoast_head":"<!-- This site is optimized with the Yoast SEO plugin v27.4 - https:\/\/yoast.com\/product\/yoast-seo-wordpress\/ -->\n<title>Frukostm\u00f6te l\u00f6rdag 26 augusti - Kristdemokraterna i Link\u00f6ping<\/title>\n<meta name=\"robots\" content=\"index, follow, max-snippet:-1, max-image-preview:large, max-video-preview:-1\" \/>\n<link rel=\"canonical\" href=\"https:\/\/wp.kristdemokraterna.se\/linkoping\/frukostmote-lordag-26-augusti\/\" \/>\n<meta property=\"og:locale\" content=\"sv_SE\" \/>\n<meta property=\"og:type\" content=\"article\" \/>\n<meta property=\"og:title\" content=\"Frukostm\u00f6te l\u00f6rdag 26 augusti - Kristdemokraterna i Link\u00f6ping\" \/>\n<meta property=\"og:description\" content=\"Kristdemokraterna i Link\u00f6ping inbjuder till FRUKOSTM\u00d6TE L\u00f6rdag 26 aug kl. 09.00-10.30 Distriktkansliet, Gr\u00e4nden Duvan 2 i Link\u00f6ping TEMA: \u201dM\u00f6jligheter och utmaningar med frist\u00e5ende verksamhet.&#8221; G\u00c4ST: Mary Dahlin, rektor Engelska skolan. Mary Dahlin, rektor p\u00e5 Internationella Engelska Skolan ber\u00e4ttar om deras verksamhet samt talar \u00f6ver temat m\u00f6jligheter och utmaningar med frist\u00e5ende verksamhet. L\u00e4ttare frukost serveras. Ber\u00e4tta Read More\" \/>\n<meta property=\"og:url\" content=\"https:\/\/wp.kristdemokraterna.se\/linkoping\/frukostmote-lordag-26-augusti\/\" \/>\n<meta property=\"og:site_name\" content=\"Kristdemokraterna i Link\u00f6ping\" \/>\n<meta property=\"article:author\" content=\"https:\/\/www.facebook.com\/kdlinkoping\/\" \/>\n<meta property=\"article:published_time\" content=\"2017-08-23T07:52:56+00:00\" \/>\n<meta property=\"article:modified_time\" content=\"2021-08-13T09:48:30+00:00\" \/>\n<meta property=\"og:image\" content=\"https:\/\/wp.kristdemokraterna.se\/linkoping\/files\/2017\/08\/frukostmote170826.png\" \/>\n\t<meta property=\"og:image:width\" content=\"1200\" \/>\n\t<meta property=\"og:image:height\" content=\"630\" \/>\n\t<meta property=\"og:image:type\" content=\"image\/png\" \/>\n<meta name=\"author\" content=\"linkoping\" \/>\n<meta name=\"twitter:card\" content=\"summary_large_image\" \/>\n<meta name=\"twitter:label1\" content=\"Skriven av\" \/>\n\t<meta name=\"twitter:data1\" content=\"linkoping\" \/>\n<script type=\"application\/ld+json\" class=\"yoast-schema-graph\">{\"@context\":\"https:\\\/\\\/schema.org\",\"@graph\":[{\"@type\":\"Article\",\"@id\":\"https:\\\/\\\/wp.kristdemokraterna.se\\\/linkoping\\\/frukostmote-lordag-26-augusti\\\/#article\",\"isPartOf\":{\"@id\":\"https:\\\/\\\/wp.kristdemokraterna.se\\\/linkoping\\\/frukostmote-lordag-26-augusti\\\/\"},\"author\":{\"name\":\"linkoping\",\"@id\":\"https:\\\/\\\/wp.kristdemokraterna.se\\\/linkoping\\\/#\\\/schema\\\/person\\\/b0148c3c8863db76d330faa282b9521a\"},\"headline\":\"Frukostm\u00f6te l\u00f6rdag 26 augusti\",\"datePublished\":\"2017-08-23T07:52:56+00:00\",\"dateModified\":\"2021-08-13T09:48:30+00:00\",\"mainEntityOfPage\":{\"@id\":\"https:\\\/\\\/wp.kristdemokraterna.se\\\/linkoping\\\/frukostmote-lordag-26-augusti\\\/\"},\"wordCount\":83,\"image\":{\"@id\":\"https:\\\/\\\/wp.kristdemokraterna.se\\\/linkoping\\\/frukostmote-lordag-26-augusti\\\/#primaryimage\"},\"thumbnailUrl\":\"https:\\\/\\\/wp.kristdemokraterna.se\\\/linkoping\\\/files\\\/2017\\\/08\\\/frukostmote170826.png\",\"articleSection\":[\"arkiv\",\"okategoriserade\"],\"inLanguage\":\"sv-SE\"},{\"@type\":\"WebPage\",\"@id\":\"https:\\\/\\\/wp.kristdemokraterna.se\\\/linkoping\\\/frukostmote-lordag-26-augusti\\\/\",\"url\":\"https:\\\/\\\/wp.kristdemokraterna.se\\\/linkoping\\\/frukostmote-lordag-26-augusti\\\/\",\"name\":\"Frukostm\u00f6te l\u00f6rdag 26 augusti - Kristdemokraterna i Link\u00f6ping\",\"isPartOf\":{\"@id\":\"https:\\\/\\\/wp.kristdemokraterna.se\\\/linkoping\\\/#website\"},\"primaryImageOfPage\":{\"@id\":\"https:\\\/\\\/wp.kristdemokraterna.se\\\/linkoping\\\/frukostmote-lordag-26-augusti\\\/#primaryimage\"},\"image\":{\"@id\":\"https:\\\/\\\/wp.kristdemokraterna.se\\\/linkoping\\\/frukostmote-lordag-26-augusti\\\/#primaryimage\"},\"thumbnailUrl\":\"https:\\\/\\\/wp.kristdemokraterna.se\\\/linkoping\\\/files\\\/2017\\\/08\\\/frukostmote170826.png\",\"datePublished\":\"2017-08-23T07:52:56+00:00\",\"dateModified\":\"2021-08-13T09:48:30+00:00\",\"author\":{\"@id\":\"https:\\\/\\\/wp.kristdemokraterna.se\\\/linkoping\\\/#\\\/schema\\\/person\\\/b0148c3c8863db76d330faa282b9521a\"},\"breadcrumb\":{\"@id\":\"https:\\\/\\\/wp.kristdemokraterna.se\\\/linkoping\\\/frukostmote-lordag-26-augusti\\\/#breadcrumb\"},\"inLanguage\":\"sv-SE\",\"potentialAction\":[{\"@type\":\"ReadAction\",\"target\":[\"https:\\\/\\\/wp.kristdemokraterna.se\\\/linkoping\\\/frukostmote-lordag-26-augusti\\\/\"]}]},{\"@type\":\"ImageObject\",\"inLanguage\":\"sv-SE\",\"@id\":\"https:\\\/\\\/wp.kristdemokraterna.se\\\/linkoping\\\/frukostmote-lordag-26-augusti\\\/#primaryimage\",\"url\":\"https:\\\/\\\/wp.kristdemokraterna.se\\\/linkoping\\\/files\\\/2017\\\/08\\\/frukostmote170826.png\",\"contentUrl\":\"https:\\\/\\\/wp.kristdemokraterna.se\\\/linkoping\\\/files\\\/2017\\\/08\\\/frukostmote170826.png\",\"width\":1200,\"height\":630},{\"@type\":\"BreadcrumbList\",\"@id\":\"https:\\\/\\\/wp.kristdemokraterna.se\\\/linkoping\\\/frukostmote-lordag-26-augusti\\\/#breadcrumb\",\"itemListElement\":[{\"@type\":\"ListItem\",\"position\":1,\"name\":\"Hem\",\"item\":\"https:\\\/\\\/wp.kristdemokraterna.se\\\/linkoping\\\/\"},{\"@type\":\"ListItem\",\"position\":2,\"name\":\"Frukostm\u00f6te l\u00f6rdag 26 augusti\"}]},{\"@type\":\"WebSite\",\"@id\":\"https:\\\/\\\/wp.kristdemokraterna.se\\\/linkoping\\\/#website\",\"url\":\"https:\\\/\\\/wp.kristdemokraterna.se\\\/linkoping\\\/\",\"name\":\"Kristdemokraterna i Link\u00f6ping\",\"description\":\"\",\"inLanguage\":\"sv-SE\"},{\"@type\":\"Person\",\"@id\":\"https:\\\/\\\/wp.kristdemokraterna.se\\\/linkoping\\\/#\\\/schema\\\/person\\\/b0148c3c8863db76d330faa282b9521a\",\"name\":\"linkoping\",\"image\":{\"@type\":\"ImageObject\",\"inLanguage\":\"sv-SE\",\"@id\":\"https:\\\/\\\/secure.gravatar.com\\\/avatar\\\/016e7965fec0e08fdd07b021a7d25181278d4b29b1d5bab57b16017e35421895?s=96&r=g\",\"url\":\"https:\\\/\\\/secure.gravatar.com\\\/avatar\\\/016e7965fec0e08fdd07b021a7d25181278d4b29b1d5bab57b16017e35421895?s=96&r=g\",\"contentUrl\":\"https:\\\/\\\/secure.gravatar.com\\\/avatar\\\/016e7965fec0e08fdd07b021a7d25181278d4b29b1d5bab57b16017e35421895?s=96&r=g\",\"caption\":\"linkoping\"},\"sameAs\":[\"https:\\\/\\\/www.facebook.com\\\/kdlinkoping\\\/\"],\"url\":\"https:\\\/\\\/wp.kristdemokraterna.se\\\/linkoping\\\/author\\\/linkoping\\\/\"}]}<\/script>\n<!-- \/ Yoast SEO plugin. -->","yoast_head_json":{"title":"Frukostm\u00f6te l\u00f6rdag 26 augusti - Kristdemokraterna i Link\u00f6ping","robots":{"index":"index","follow":"follow","max-snippet":"max-snippet:-1","max-image-preview":"max-image-preview:large","max-video-preview":"max-video-preview:-1"},"canonical":"https:\/\/wp.kristdemokraterna.se\/linkoping\/frukostmote-lordag-26-augusti\/","og_locale":"sv_SE","og_type":"article","og_title":"Frukostm\u00f6te l\u00f6rdag 26 augusti - Kristdemokraterna i Link\u00f6ping","og_description":"Kristdemokraterna i Link\u00f6ping inbjuder till FRUKOSTM\u00d6TE L\u00f6rdag 26 aug kl. 09.00-10.30 Distriktkansliet, Gr\u00e4nden Duvan 2 i Link\u00f6ping TEMA: \u201dM\u00f6jligheter och utmaningar med frist\u00e5ende verksamhet.&#8221; G\u00c4ST: Mary Dahlin, rektor Engelska skolan. Mary Dahlin, rektor p\u00e5 Internationella Engelska Skolan ber\u00e4ttar om deras verksamhet samt talar \u00f6ver temat m\u00f6jligheter och utmaningar med frist\u00e5ende verksamhet. L\u00e4ttare frukost serveras. Ber\u00e4tta Read More","og_url":"https:\/\/wp.kristdemokraterna.se\/linkoping\/frukostmote-lordag-26-augusti\/","og_site_name":"Kristdemokraterna i Link\u00f6ping","article_author":"https:\/\/www.facebook.com\/kdlinkoping\/","article_published_time":"2017-08-23T07:52:56+00:00","article_modified_time":"2021-08-13T09:48:30+00:00","og_image":[{"width":1200,"height":630,"url":"https:\/\/wp.kristdemokraterna.se\/linkoping\/files\/2017\/08\/frukostmote170826.png","type":"image\/png"}],"author":"linkoping","twitter_card":"summary_large_image","twitter_misc":{"Skriven av":"linkoping"},"schema":{"@context":"https:\/\/schema.org","@graph":[{"@type":"Article","@id":"https:\/\/wp.kristdemokraterna.se\/linkoping\/frukostmote-lordag-26-augusti\/#article","isPartOf":{"@id":"https:\/\/wp.kristdemokraterna.se\/linkoping\/frukostmote-lordag-26-augusti\/"},"author":{"name":"linkoping","@id":"https:\/\/wp.kristdemokraterna.se\/linkoping\/#\/schema\/person\/b0148c3c8863db76d330faa282b9521a"},"headline":"Frukostm\u00f6te l\u00f6rdag 26 augusti","datePublished":"2017-08-23T07:52:56+00:00","dateModified":"2021-08-13T09:48:30+00:00","mainEntityOfPage":{"@id":"https:\/\/wp.kristdemokraterna.se\/linkoping\/frukostmote-lordag-26-augusti\/"},"wordCount":83,"image":{"@id":"https:\/\/wp.kristdemokraterna.se\/linkoping\/frukostmote-lordag-26-augusti\/#primaryimage"},"thumbnailUrl":"https:\/\/wp.kristdemokraterna.se\/linkoping\/files\/2017\/08\/frukostmote170826.png","articleSection":["arkiv","okategoriserade"],"inLanguage":"sv-SE"},{"@type":"WebPage","@id":"https:\/\/wp.kristdemokraterna.se\/linkoping\/frukostmote-lordag-26-augusti\/","url":"https:\/\/wp.kristdemokraterna.se\/linkoping\/frukostmote-lordag-26-augusti\/","name":"Frukostm\u00f6te l\u00f6rdag 26 augusti - Kristdemokraterna i Link\u00f6ping","isPartOf":{"@id":"https:\/\/wp.kristdemokraterna.se\/linkoping\/#website"},"primaryImageOfPage":{"@id":"https:\/\/wp.kristdemokraterna.se\/linkoping\/frukostmote-lordag-26-augusti\/#primaryimage"},"image":{"@id":"https:\/\/wp.kristdemokraterna.se\/linkoping\/frukostmote-lordag-26-augusti\/#primaryimage"},"thumbnailUrl":"https:\/\/wp.kristdemokraterna.se\/linkoping\/files\/2017\/08\/frukostmote170826.png","datePublished":"2017-08-23T07:52:56+00:00","dateModified":"2021-08-13T09:48:30+00:00","author":{"@id":"https:\/\/wp.kristdemokraterna.se\/linkoping\/#\/schema\/person\/b0148c3c8863db76d330faa282b9521a"},"breadcrumb":{"@id":"https:\/\/wp.kristdemokraterna.se\/linkoping\/frukostmote-lordag-26-augusti\/#breadcrumb"},"inLanguage":"sv-SE","potentialAction":[{"@type":"ReadAction","target":["https:\/\/wp.kristdemokraterna.se\/linkoping\/frukostmote-lordag-26-augusti\/"]}]},{"@type":"ImageObject","inLanguage":"sv-SE","@id":"https:\/\/wp.kristdemokraterna.se\/linkoping\/frukostmote-lordag-26-augusti\/#primaryimage","url":"https:\/\/wp.kristdemokraterna.se\/linkoping\/files\/2017\/08\/frukostmote170826.png","contentUrl":"https:\/\/wp.kristdemokraterna.se\/linkoping\/files\/2017\/08\/frukostmote170826.png","width":1200,"height":630},{"@type":"BreadcrumbList","@id":"https:\/\/wp.kristdemokraterna.se\/linkoping\/frukostmote-lordag-26-augusti\/#breadcrumb","itemListElement":[{"@type":"ListItem","position":1,"name":"Hem","item":"https:\/\/wp.kristdemokraterna.se\/linkoping\/"},{"@type":"ListItem","position":2,"name":"Frukostm\u00f6te l\u00f6rdag 26 augusti"}]},{"@type":"WebSite","@id":"https:\/\/wp.kristdemokraterna.se\/linkoping\/#website","url":"https:\/\/wp.kristdemokraterna.se\/linkoping\/","name":"Kristdemokraterna i Link\u00f6ping","description":"","inLanguage":"sv-SE"},{"@type":"Person","@id":"https:\/\/wp.kristdemokraterna.se\/linkoping\/#\/schema\/person\/b0148c3c8863db76d330faa282b9521a","name":"linkoping","image":{"@type":"ImageObject","inLanguage":"sv-SE","@id":"https:\/\/secure.gravatar.com\/avatar\/016e7965fec0e08fdd07b021a7d25181278d4b29b1d5bab57b16017e35421895?s=96&r=g","url":"https:\/\/secure.gravatar.com\/avatar\/016e7965fec0e08fdd07b021a7d25181278d4b29b1d5bab57b16017e35421895?s=96&r=g","contentUrl":"https:\/\/secure.gravatar.com\/avatar\/016e7965fec0e08fdd07b021a7d25181278d4b29b1d5bab57b16017e35421895?s=96&r=g","caption":"linkoping"},"sameAs":["https:\/\/www.facebook.com\/kdlinkoping\/"],"url":"https:\/\/wp.kristdemokraterna.se\/linkoping\/author\/linkoping\/"}]}},"_links":{"self":[{"href":"https:\/\/wp.kristdemokraterna.se\/linkoping\/wp-json\/wp\/v2\/posts\/665","targetHints":{"allow":["GET"]}}],"collection":[{"href":"https:\/\/wp.kristdemokraterna.se\/linkoping\/wp-json\/wp\/v2\/posts"}],"about":[{"href":"https:\/\/wp.kristdemokraterna.se\/linkoping\/wp-json\/wp\/v2\/types\/post"}],"author":[{"embeddable":true,"href":"https:\/\/wp.kristdemokraterna.se\/linkoping\/wp-json\/wp\/v2\/users\/410"}],"replies":[{"embeddable":true,"href":"https:\/\/wp.kristdemokraterna.se\/linkoping\/wp-json\/wp\/v2\/comments?post=665"}],"version-history":[{"count":1,"href":"https:\/\/wp.kristdemokraterna.se\/linkoping\/wp-json\/wp\/v2\/posts\/665\/revisions"}],"predecessor-version":[{"id":667,"href":"https:\/\/wp.kristdemokraterna.se\/linkoping\/wp-json\/wp\/v2\/posts\/665\/revisions\/667"}],"wp:featuredmedia":[{"embeddable":true,"href":"https:\/\/wp.kristdemokraterna.se\/linkoping\/wp-json\/wp\/v2\/media\/666"}],"wp:attachment":[{"href":"https:\/\/wp.kristdemokraterna.se\/linkoping\/wp-json\/wp\/v2\/media?parent=665"}],"wp:term":[{"taxonomy":"category","embeddable":true,"href":"https:\/\/wp.kristdemokraterna.se\/linkoping\/wp-json\/wp\/v2\/categories?post=665"},{"taxonomy":"post_tag","embeddable":true,"href":"https:\/\/wp.kristdemokraterna.se\/linkoping\/wp-json\/wp\/v2\/tags?post=665"}],"curies":[{"name":"wp","href":"https:\/\/api.w.org\/{rel}","templated":true}]}}