{"id":669,"date":"2017-08-29T10:16:25","date_gmt":"2017-08-29T08:16:25","guid":{"rendered":"http:\/\/wp.kristdemokraterna.se\/linkoping\/?p=669"},"modified":"2021-08-13T11:48:30","modified_gmt":"2021-08-13T09:48:30","slug":"hoj-hastigheten-pa-linkopings-vagar","status":"publish","type":"post","link":"https:\/\/wp.kristdemokraterna.se\/linkoping\/hoj-hastigheten-pa-linkopings-vagar\/","title":{"rendered":"H\u00f6j hastigheten p\u00e5 Link\u00f6pings v\u00e4gar"},"content":{"rendered":"<p><b><span style=\"font-size: medium\">Kristdemokraterna i Link\u00f6ping\u00a0har under tisdagen\u00a0l\u00e4mnat en motion till kommunfullm\u00e4ktige om att h\u00f6ja flera av hastighetsgr\u00e4nserna i Link\u00f6ping. 2012 beslutade kommunfullm\u00e4ktige om en ny hastighetsplan d\u00e4r f\u00f6ljden blev att hastigheten s\u00e4nktes p\u00e5 h\u00e4lften av v\u00e4garna. Kristdemokraterna st\u00e4ller sig fr\u00e5gande till om det skett n\u00e5gra positiva effekter av s\u00e4nkningen. <\/span><\/b><\/p>\n<p>\u2013 F\u00f6r de som r\u00f6r sig i biltrafiken i staden \u00e4r det uppenbart att de nya hastighetsgr\u00e4nserna inte f\u00f6rb\u00e4ttrat framkomligheten. Det \u00e4r l\u00e5nga k\u00f6er under rusningstid \u00e4ven p\u00e5 v\u00e4gar d\u00e4r fl\u00f6dena skulle kunna fungera smidigare. Trafiksituationen och k\u00f6bildningen \u00e4r p\u00e5 en niv\u00e5 som inte \u00e4r rimlig f\u00f6r en stad av Link\u00f6pings storlek. Det \u00e4r uppenbart att hastighetss\u00e4nkningen snarare \u00e4r ett symtom p\u00e5 den svenska trygghetsnarkomanin, s\u00e4ger Kristdemokraternas kommunalr\u00e5d Sara Skyttedal.<\/p>\n<p>Kristdemokraterna konstatera att det inte enbart \u00e4r bilar som beh\u00f6ver nyttja v\u00e4garna, utan att \u00e4ven stora delar av kollektivtrafikens framkomlighet p\u00e5verkas negativt av det d\u00e5liga trafikfl\u00f6det.<\/p>\n<p>\u2013 St\u00f6rst negativ milj\u00f6p\u00e5verkan har sj\u00e4lvklart k\u00f6bildningen som dominerar vid flertalet knutpunkter i staden och bidrar till \u00f6kade utsl\u00e4pp och s\u00e4mre innerstadsmilj\u00f6er. Vi \u00f6nskar se en revidering av hastighetsplanen d\u00e4r man p\u00e5 nytt bed\u00f6mer vilka hastigheter som \u00e4r \u00e4ndam\u00e5lsenliga f\u00f6r att uppn\u00e5 optimal trafikplanering, avslutar Skyttedal.<\/p>\n<p>Motionen bifogas.<\/p>\n<p>F\u00f6r mer information kontakta g\u00e4rna:<\/p>\n<p><strong>Sara Skyttedal (KD)<br \/>\n<\/strong>Kommunalr\u00e5d<br \/>\nsara.skyttedal@linkoping.se<\/p>\n<p><strong>Magnus Engstr\u00f6m (KD)<br \/>\n<\/strong>Motion\u00e4r<br \/>\nMagnus.engstrom@kristdemokraterna.se<\/p>\n<p><strong>Felix Gr\u00f6nqvist (KD)<br \/>\n<\/strong>Politisk sekreterare<br \/>\nfelix.gronqvist@linkoping.se<br \/>\n072 \u2013 24 007 25<\/p>\n<p>&nbsp;<\/p>\n","protected":false},"excerpt":{"rendered":"<p>Kristdemokraterna i Link\u00f6ping\u00a0har under tisdagen\u00a0l\u00e4mnat en motion till kommunfullm\u00e4ktige om att h\u00f6ja flera av hastighetsgr\u00e4nserna i Link\u00f6ping. 2012 beslutade kommunfullm\u00e4ktige om en ny hastighetsplan d\u00e4r f\u00f6ljden blev att hastigheten s\u00e4nktes p\u00e5 h\u00e4lften av v\u00e4garna. Kristdemokraterna st\u00e4ller sig fr\u00e5gande till om det skett n\u00e5gra positiva effekter av s\u00e4nkningen. \u2013 F\u00f6r de som r\u00f6r sig i biltrafiken <a class=\"read-more-link\" href=\"https:\/\/wp.kristdemokraterna.se\/linkoping\/hoj-hastigheten-pa-linkopings-vagar\/\">Read More<\/a><\/p>\n","protected":false},"author":410,"featured_media":0,"comment_status":"closed","ping_status":"closed","sticky":false,"template":"","format":"standard","meta":{"_acf_changed":false,"footnotes":""},"categories":[22,1],"tags":[],"class_list":["post-669","post","type-post","status-publish","format-standard","hentry","category-arkiv","category-okategoriserade"],"acf":[],"yoast_head":"<!-- This site is optimized with the Yoast SEO plugin v27.4 - https:\/\/yoast.com\/product\/yoast-seo-wordpress\/ -->\n<title>H\u00f6j hastigheten p\u00e5 Link\u00f6pings v\u00e4gar - Kristdemokraterna i Link\u00f6ping<\/title>\n<meta name=\"robots\" content=\"index, follow, max-snippet:-1, max-image-preview:large, max-video-preview:-1\" \/>\n<link rel=\"canonical\" href=\"https:\/\/wp.kristdemokraterna.se\/linkoping\/hoj-hastigheten-pa-linkopings-vagar\/\" \/>\n<meta property=\"og:locale\" content=\"sv_SE\" \/>\n<meta property=\"og:type\" content=\"article\" \/>\n<meta property=\"og:title\" content=\"H\u00f6j hastigheten p\u00e5 Link\u00f6pings v\u00e4gar - Kristdemokraterna i Link\u00f6ping\" \/>\n<meta property=\"og:description\" content=\"Kristdemokraterna i Link\u00f6ping\u00a0har under tisdagen\u00a0l\u00e4mnat en motion till kommunfullm\u00e4ktige om att h\u00f6ja flera av hastighetsgr\u00e4nserna i Link\u00f6ping. 2012 beslutade kommunfullm\u00e4ktige om en ny hastighetsplan d\u00e4r f\u00f6ljden blev att hastigheten s\u00e4nktes p\u00e5 h\u00e4lften av v\u00e4garna. Kristdemokraterna st\u00e4ller sig fr\u00e5gande till om det skett n\u00e5gra positiva effekter av s\u00e4nkningen. \u2013 F\u00f6r de som r\u00f6r sig i biltrafiken Read More\" \/>\n<meta property=\"og:url\" content=\"https:\/\/wp.kristdemokraterna.se\/linkoping\/hoj-hastigheten-pa-linkopings-vagar\/\" \/>\n<meta property=\"og:site_name\" content=\"Kristdemokraterna i Link\u00f6ping\" \/>\n<meta property=\"article:author\" content=\"https:\/\/www.facebook.com\/kdlinkoping\/\" \/>\n<meta property=\"article:published_time\" content=\"2017-08-29T08:16:25+00:00\" \/>\n<meta property=\"article:modified_time\" content=\"2021-08-13T09:48:30+00:00\" \/>\n<meta name=\"author\" content=\"linkoping\" \/>\n<meta name=\"twitter:card\" content=\"summary_large_image\" \/>\n<meta name=\"twitter:label1\" content=\"Skriven av\" \/>\n\t<meta name=\"twitter:data1\" content=\"linkoping\" \/>\n\t<meta name=\"twitter:label2\" content=\"Ber\u00e4knad l\u00e4stid\" \/>\n\t<meta name=\"twitter:data2\" content=\"1 minut\" \/>\n<script type=\"application\/ld+json\" class=\"yoast-schema-graph\">{\"@context\":\"https:\\\/\\\/schema.org\",\"@graph\":[{\"@type\":\"Article\",\"@id\":\"https:\\\/\\\/wp.kristdemokraterna.se\\\/linkoping\\\/hoj-hastigheten-pa-linkopings-vagar\\\/#article\",\"isPartOf\":{\"@id\":\"https:\\\/\\\/wp.kristdemokraterna.se\\\/linkoping\\\/hoj-hastigheten-pa-linkopings-vagar\\\/\"},\"author\":{\"name\":\"linkoping\",\"@id\":\"https:\\\/\\\/wp.kristdemokraterna.se\\\/linkoping\\\/#\\\/schema\\\/person\\\/b0148c3c8863db76d330faa282b9521a\"},\"headline\":\"H\u00f6j hastigheten p\u00e5 Link\u00f6pings v\u00e4gar\",\"datePublished\":\"2017-08-29T08:16:25+00:00\",\"dateModified\":\"2021-08-13T09:48:30+00:00\",\"mainEntityOfPage\":{\"@id\":\"https:\\\/\\\/wp.kristdemokraterna.se\\\/linkoping\\\/hoj-hastigheten-pa-linkopings-vagar\\\/\"},\"wordCount\":284,\"articleSection\":[\"arkiv\",\"okategoriserade\"],\"inLanguage\":\"sv-SE\"},{\"@type\":\"WebPage\",\"@id\":\"https:\\\/\\\/wp.kristdemokraterna.se\\\/linkoping\\\/hoj-hastigheten-pa-linkopings-vagar\\\/\",\"url\":\"https:\\\/\\\/wp.kristdemokraterna.se\\\/linkoping\\\/hoj-hastigheten-pa-linkopings-vagar\\\/\",\"name\":\"H\u00f6j hastigheten p\u00e5 Link\u00f6pings v\u00e4gar - Kristdemokraterna i Link\u00f6ping\",\"isPartOf\":{\"@id\":\"https:\\\/\\\/wp.kristdemokraterna.se\\\/linkoping\\\/#website\"},\"datePublished\":\"2017-08-29T08:16:25+00:00\",\"dateModified\":\"2021-08-13T09:48:30+00:00\",\"author\":{\"@id\":\"https:\\\/\\\/wp.kristdemokraterna.se\\\/linkoping\\\/#\\\/schema\\\/person\\\/b0148c3c8863db76d330faa282b9521a\"},\"breadcrumb\":{\"@id\":\"https:\\\/\\\/wp.kristdemokraterna.se\\\/linkoping\\\/hoj-hastigheten-pa-linkopings-vagar\\\/#breadcrumb\"},\"inLanguage\":\"sv-SE\",\"potentialAction\":[{\"@type\":\"ReadAction\",\"target\":[\"https:\\\/\\\/wp.kristdemokraterna.se\\\/linkoping\\\/hoj-hastigheten-pa-linkopings-vagar\\\/\"]}]},{\"@type\":\"BreadcrumbList\",\"@id\":\"https:\\\/\\\/wp.kristdemokraterna.se\\\/linkoping\\\/hoj-hastigheten-pa-linkopings-vagar\\\/#breadcrumb\",\"itemListElement\":[{\"@type\":\"ListItem\",\"position\":1,\"name\":\"Hem\",\"item\":\"https:\\\/\\\/wp.kristdemokraterna.se\\\/linkoping\\\/\"},{\"@type\":\"ListItem\",\"position\":2,\"name\":\"H\u00f6j hastigheten p\u00e5 Link\u00f6pings v\u00e4gar\"}]},{\"@type\":\"WebSite\",\"@id\":\"https:\\\/\\\/wp.kristdemokraterna.se\\\/linkoping\\\/#website\",\"url\":\"https:\\\/\\\/wp.kristdemokraterna.se\\\/linkoping\\\/\",\"name\":\"Kristdemokraterna i Link\u00f6ping\",\"description\":\"\",\"inLanguage\":\"sv-SE\"},{\"@type\":\"Person\",\"@id\":\"https:\\\/\\\/wp.kristdemokraterna.se\\\/linkoping\\\/#\\\/schema\\\/person\\\/b0148c3c8863db76d330faa282b9521a\",\"name\":\"linkoping\",\"image\":{\"@type\":\"ImageObject\",\"inLanguage\":\"sv-SE\",\"@id\":\"https:\\\/\\\/secure.gravatar.com\\\/avatar\\\/016e7965fec0e08fdd07b021a7d25181278d4b29b1d5bab57b16017e35421895?s=96&r=g\",\"url\":\"https:\\\/\\\/secure.gravatar.com\\\/avatar\\\/016e7965fec0e08fdd07b021a7d25181278d4b29b1d5bab57b16017e35421895?s=96&r=g\",\"contentUrl\":\"https:\\\/\\\/secure.gravatar.com\\\/avatar\\\/016e7965fec0e08fdd07b021a7d25181278d4b29b1d5bab57b16017e35421895?s=96&r=g\",\"caption\":\"linkoping\"},\"sameAs\":[\"https:\\\/\\\/www.facebook.com\\\/kdlinkoping\\\/\"],\"url\":\"https:\\\/\\\/wp.kristdemokraterna.se\\\/linkoping\\\/author\\\/linkoping\\\/\"}]}<\/script>\n<!-- \/ Yoast SEO plugin. -->","yoast_head_json":{"title":"H\u00f6j hastigheten p\u00e5 Link\u00f6pings v\u00e4gar - Kristdemokraterna i Link\u00f6ping","robots":{"index":"index","follow":"follow","max-snippet":"max-snippet:-1","max-image-preview":"max-image-preview:large","max-video-preview":"max-video-preview:-1"},"canonical":"https:\/\/wp.kristdemokraterna.se\/linkoping\/hoj-hastigheten-pa-linkopings-vagar\/","og_locale":"sv_SE","og_type":"article","og_title":"H\u00f6j hastigheten p\u00e5 Link\u00f6pings v\u00e4gar - Kristdemokraterna i Link\u00f6ping","og_description":"Kristdemokraterna i Link\u00f6ping\u00a0har under tisdagen\u00a0l\u00e4mnat en motion till kommunfullm\u00e4ktige om att h\u00f6ja flera av hastighetsgr\u00e4nserna i Link\u00f6ping. 2012 beslutade kommunfullm\u00e4ktige om en ny hastighetsplan d\u00e4r f\u00f6ljden blev att hastigheten s\u00e4nktes p\u00e5 h\u00e4lften av v\u00e4garna. Kristdemokraterna st\u00e4ller sig fr\u00e5gande till om det skett n\u00e5gra positiva effekter av s\u00e4nkningen. \u2013 F\u00f6r de som r\u00f6r sig i biltrafiken Read More","og_url":"https:\/\/wp.kristdemokraterna.se\/linkoping\/hoj-hastigheten-pa-linkopings-vagar\/","og_site_name":"Kristdemokraterna i Link\u00f6ping","article_author":"https:\/\/www.facebook.com\/kdlinkoping\/","article_published_time":"2017-08-29T08:16:25+00:00","article_modified_time":"2021-08-13T09:48:30+00:00","author":"linkoping","twitter_card":"summary_large_image","twitter_misc":{"Skriven av":"linkoping","Ber\u00e4knad l\u00e4stid":"1 minut"},"schema":{"@context":"https:\/\/schema.org","@graph":[{"@type":"Article","@id":"https:\/\/wp.kristdemokraterna.se\/linkoping\/hoj-hastigheten-pa-linkopings-vagar\/#article","isPartOf":{"@id":"https:\/\/wp.kristdemokraterna.se\/linkoping\/hoj-hastigheten-pa-linkopings-vagar\/"},"author":{"name":"linkoping","@id":"https:\/\/wp.kristdemokraterna.se\/linkoping\/#\/schema\/person\/b0148c3c8863db76d330faa282b9521a"},"headline":"H\u00f6j hastigheten p\u00e5 Link\u00f6pings v\u00e4gar","datePublished":"2017-08-29T08:16:25+00:00","dateModified":"2021-08-13T09:48:30+00:00","mainEntityOfPage":{"@id":"https:\/\/wp.kristdemokraterna.se\/linkoping\/hoj-hastigheten-pa-linkopings-vagar\/"},"wordCount":284,"articleSection":["arkiv","okategoriserade"],"inLanguage":"sv-SE"},{"@type":"WebPage","@id":"https:\/\/wp.kristdemokraterna.se\/linkoping\/hoj-hastigheten-pa-linkopings-vagar\/","url":"https:\/\/wp.kristdemokraterna.se\/linkoping\/hoj-hastigheten-pa-linkopings-vagar\/","name":"H\u00f6j hastigheten p\u00e5 Link\u00f6pings v\u00e4gar - Kristdemokraterna i Link\u00f6ping","isPartOf":{"@id":"https:\/\/wp.kristdemokraterna.se\/linkoping\/#website"},"datePublished":"2017-08-29T08:16:25+00:00","dateModified":"2021-08-13T09:48:30+00:00","author":{"@id":"https:\/\/wp.kristdemokraterna.se\/linkoping\/#\/schema\/person\/b0148c3c8863db76d330faa282b9521a"},"breadcrumb":{"@id":"https:\/\/wp.kristdemokraterna.se\/linkoping\/hoj-hastigheten-pa-linkopings-vagar\/#breadcrumb"},"inLanguage":"sv-SE","potentialAction":[{"@type":"ReadAction","target":["https:\/\/wp.kristdemokraterna.se\/linkoping\/hoj-hastigheten-pa-linkopings-vagar\/"]}]},{"@type":"BreadcrumbList","@id":"https:\/\/wp.kristdemokraterna.se\/linkoping\/hoj-hastigheten-pa-linkopings-vagar\/#breadcrumb","itemListElement":[{"@type":"ListItem","position":1,"name":"Hem","item":"https:\/\/wp.kristdemokraterna.se\/linkoping\/"},{"@type":"ListItem","position":2,"name":"H\u00f6j hastigheten p\u00e5 Link\u00f6pings v\u00e4gar"}]},{"@type":"WebSite","@id":"https:\/\/wp.kristdemokraterna.se\/linkoping\/#website","url":"https:\/\/wp.kristdemokraterna.se\/linkoping\/","name":"Kristdemokraterna i Link\u00f6ping","description":"","inLanguage":"sv-SE"},{"@type":"Person","@id":"https:\/\/wp.kristdemokraterna.se\/linkoping\/#\/schema\/person\/b0148c3c8863db76d330faa282b9521a","name":"linkoping","image":{"@type":"ImageObject","inLanguage":"sv-SE","@id":"https:\/\/secure.gravatar.com\/avatar\/016e7965fec0e08fdd07b021a7d25181278d4b29b1d5bab57b16017e35421895?s=96&r=g","url":"https:\/\/secure.gravatar.com\/avatar\/016e7965fec0e08fdd07b021a7d25181278d4b29b1d5bab57b16017e35421895?s=96&r=g","contentUrl":"https:\/\/secure.gravatar.com\/avatar\/016e7965fec0e08fdd07b021a7d25181278d4b29b1d5bab57b16017e35421895?s=96&r=g","caption":"linkoping"},"sameAs":["https:\/\/www.facebook.com\/kdlinkoping\/"],"url":"https:\/\/wp.kristdemokraterna.se\/linkoping\/author\/linkoping\/"}]}},"_links":{"self":[{"href":"https:\/\/wp.kristdemokraterna.se\/linkoping\/wp-json\/wp\/v2\/posts\/669","targetHints":{"allow":["GET"]}}],"collection":[{"href":"https:\/\/wp.kristdemokraterna.se\/linkoping\/wp-json\/wp\/v2\/posts"}],"about":[{"href":"https:\/\/wp.kristdemokraterna.se\/linkoping\/wp-json\/wp\/v2\/types\/post"}],"author":[{"embeddable":true,"href":"https:\/\/wp.kristdemokraterna.se\/linkoping\/wp-json\/wp\/v2\/users\/410"}],"replies":[{"embeddable":true,"href":"https:\/\/wp.kristdemokraterna.se\/linkoping\/wp-json\/wp\/v2\/comments?post=669"}],"version-history":[{"count":7,"href":"https:\/\/wp.kristdemokraterna.se\/linkoping\/wp-json\/wp\/v2\/posts\/669\/revisions"}],"predecessor-version":[{"id":677,"href":"https:\/\/wp.kristdemokraterna.se\/linkoping\/wp-json\/wp\/v2\/posts\/669\/revisions\/677"}],"wp:attachment":[{"href":"https:\/\/wp.kristdemokraterna.se\/linkoping\/wp-json\/wp\/v2\/media?parent=669"}],"wp:term":[{"taxonomy":"category","embeddable":true,"href":"https:\/\/wp.kristdemokraterna.se\/linkoping\/wp-json\/wp\/v2\/categories?post=669"},{"taxonomy":"post_tag","embeddable":true,"href":"https:\/\/wp.kristdemokraterna.se\/linkoping\/wp-json\/wp\/v2\/tags?post=669"}],"curies":[{"name":"wp","href":"https:\/\/api.w.org\/{rel}","templated":true}]}}