{"id":700,"date":"2017-09-19T17:17:57","date_gmt":"2017-09-19T15:17:57","guid":{"rendered":"http:\/\/wp.kristdemokraterna.se\/linkoping\/?p=700"},"modified":"2021-08-13T11:48:30","modified_gmt":"2021-08-13T09:48:30","slug":"provocerande-cykelsloseri-fran-kommunledningen","status":"publish","type":"post","link":"https:\/\/wp.kristdemokraterna.se\/linkoping\/provocerande-cykelsloseri-fran-kommunledningen\/","title":{"rendered":"Provocerande cykelsl\u00f6seri fr\u00e5n kommunledningen"},"content":{"rendered":"<p>Idag har majoriteten i Link\u00f6ping beslutat att spendera 40 miljoner p\u00e5 ett elcykelsystem med 200 cyklar. Det \u00e4r bara det senaste raden av exempel p\u00e5 respektl\u00f6sheten man visar skattebetalarna. N\u00e4r hyrcykelsystem i m\u00e5nga andra kommuner \u00e4r sj\u00e4lvfinansierat via reklamint\u00e4kter v\u00e4ljer S, MP och  L h\u00e4r i Link\u00f6ping att ta resurser som annars hade kunnat g\u00e5 till k\u00e4rnverksamheten. Det ber\u00e4knade nyttjandet antas vara l\u00e5gt och vi tror resurserna hade kunnat l\u00e4ggas p\u00e5 helt andra \u00e5tg\u00e4rder. Vi yrkade d\u00e4rf\u00f6r avslag p\u00e5 f\u00f6rslaget p\u00e5 dagens kommunstyrelsesammantr\u00e4de.<\/p>\n","protected":false},"excerpt":{"rendered":"<p>Idag har majoriteten i Link\u00f6ping beslutat att spendera 40 miljoner p\u00e5 ett elcykelsystem med 200 cyklar. Det \u00e4r bara det senaste raden av exempel p\u00e5 respektl\u00f6sheten man visar skattebetalarna. N\u00e4r hyrcykelsystem i m\u00e5nga andra kommuner \u00e4r sj\u00e4lvfinansierat via reklamint\u00e4kter v\u00e4ljer S, MP och L h\u00e4r i Link\u00f6ping att ta resurser som annars hade kunnat g\u00e5 <a class=\"read-more-link\" href=\"https:\/\/wp.kristdemokraterna.se\/linkoping\/provocerande-cykelsloseri-fran-kommunledningen\/\">Read More<\/a><\/p>\n","protected":false},"author":410,"featured_media":716,"comment_status":"closed","ping_status":"closed","sticky":false,"template":"","format":"standard","meta":{"_acf_changed":false,"footnotes":""},"categories":[22,1],"tags":[],"class_list":["post-700","post","type-post","status-publish","format-standard","hentry","category-arkiv","category-okategoriserade"],"acf":[],"yoast_head":"<!-- This site is optimized with the Yoast SEO plugin v27.4 - https:\/\/yoast.com\/product\/yoast-seo-wordpress\/ -->\n<title>Provocerande cykelsl\u00f6seri fr\u00e5n kommunledningen - Kristdemokraterna i Link\u00f6ping<\/title>\n<meta name=\"robots\" content=\"index, follow, max-snippet:-1, max-image-preview:large, max-video-preview:-1\" \/>\n<link rel=\"canonical\" href=\"https:\/\/wp.kristdemokraterna.se\/linkoping\/provocerande-cykelsloseri-fran-kommunledningen\/\" \/>\n<meta property=\"og:locale\" content=\"sv_SE\" \/>\n<meta property=\"og:type\" content=\"article\" \/>\n<meta property=\"og:title\" content=\"Provocerande cykelsl\u00f6seri fr\u00e5n kommunledningen - Kristdemokraterna i Link\u00f6ping\" \/>\n<meta property=\"og:description\" content=\"Idag har majoriteten i Link\u00f6ping beslutat att spendera 40 miljoner p\u00e5 ett elcykelsystem med 200 cyklar. Det \u00e4r bara det senaste raden av exempel p\u00e5 respektl\u00f6sheten man visar skattebetalarna. N\u00e4r hyrcykelsystem i m\u00e5nga andra kommuner \u00e4r sj\u00e4lvfinansierat via reklamint\u00e4kter v\u00e4ljer S, MP och L h\u00e4r i Link\u00f6ping att ta resurser som annars hade kunnat g\u00e5 Read More\" \/>\n<meta property=\"og:url\" content=\"https:\/\/wp.kristdemokraterna.se\/linkoping\/provocerande-cykelsloseri-fran-kommunledningen\/\" \/>\n<meta property=\"og:site_name\" content=\"Kristdemokraterna i Link\u00f6ping\" \/>\n<meta property=\"article:author\" content=\"https:\/\/www.facebook.com\/kdlinkoping\/\" \/>\n<meta property=\"article:published_time\" content=\"2017-09-19T15:17:57+00:00\" \/>\n<meta property=\"article:modified_time\" content=\"2021-08-13T09:48:30+00:00\" \/>\n<meta property=\"og:image\" content=\"https:\/\/wp.kristdemokraterna.se\/linkoping\/files\/2017\/09\/sloseri1.png\" \/>\n\t<meta property=\"og:image:width\" content=\"1200\" \/>\n\t<meta property=\"og:image:height\" content=\"630\" \/>\n\t<meta property=\"og:image:type\" content=\"image\/png\" \/>\n<meta name=\"author\" content=\"linkoping\" \/>\n<meta name=\"twitter:card\" content=\"summary_large_image\" \/>\n<meta name=\"twitter:label1\" content=\"Skriven av\" \/>\n\t<meta name=\"twitter:data1\" content=\"linkoping\" \/>\n<script type=\"application\/ld+json\" class=\"yoast-schema-graph\">{\"@context\":\"https:\\\/\\\/schema.org\",\"@graph\":[{\"@type\":\"Article\",\"@id\":\"https:\\\/\\\/wp.kristdemokraterna.se\\\/linkoping\\\/provocerande-cykelsloseri-fran-kommunledningen\\\/#article\",\"isPartOf\":{\"@id\":\"https:\\\/\\\/wp.kristdemokraterna.se\\\/linkoping\\\/provocerande-cykelsloseri-fran-kommunledningen\\\/\"},\"author\":{\"name\":\"linkoping\",\"@id\":\"https:\\\/\\\/wp.kristdemokraterna.se\\\/linkoping\\\/#\\\/schema\\\/person\\\/b0148c3c8863db76d330faa282b9521a\"},\"headline\":\"Provocerande cykelsl\u00f6seri fr\u00e5n kommunledningen\",\"datePublished\":\"2017-09-19T15:17:57+00:00\",\"dateModified\":\"2021-08-13T09:48:30+00:00\",\"mainEntityOfPage\":{\"@id\":\"https:\\\/\\\/wp.kristdemokraterna.se\\\/linkoping\\\/provocerande-cykelsloseri-fran-kommunledningen\\\/\"},\"wordCount\":105,\"image\":{\"@id\":\"https:\\\/\\\/wp.kristdemokraterna.se\\\/linkoping\\\/provocerande-cykelsloseri-fran-kommunledningen\\\/#primaryimage\"},\"thumbnailUrl\":\"https:\\\/\\\/wp.kristdemokraterna.se\\\/linkoping\\\/files\\\/2017\\\/09\\\/sloseri1.png\",\"articleSection\":[\"arkiv\",\"okategoriserade\"],\"inLanguage\":\"sv-SE\"},{\"@type\":\"WebPage\",\"@id\":\"https:\\\/\\\/wp.kristdemokraterna.se\\\/linkoping\\\/provocerande-cykelsloseri-fran-kommunledningen\\\/\",\"url\":\"https:\\\/\\\/wp.kristdemokraterna.se\\\/linkoping\\\/provocerande-cykelsloseri-fran-kommunledningen\\\/\",\"name\":\"Provocerande cykelsl\u00f6seri fr\u00e5n kommunledningen - Kristdemokraterna i Link\u00f6ping\",\"isPartOf\":{\"@id\":\"https:\\\/\\\/wp.kristdemokraterna.se\\\/linkoping\\\/#website\"},\"primaryImageOfPage\":{\"@id\":\"https:\\\/\\\/wp.kristdemokraterna.se\\\/linkoping\\\/provocerande-cykelsloseri-fran-kommunledningen\\\/#primaryimage\"},\"image\":{\"@id\":\"https:\\\/\\\/wp.kristdemokraterna.se\\\/linkoping\\\/provocerande-cykelsloseri-fran-kommunledningen\\\/#primaryimage\"},\"thumbnailUrl\":\"https:\\\/\\\/wp.kristdemokraterna.se\\\/linkoping\\\/files\\\/2017\\\/09\\\/sloseri1.png\",\"datePublished\":\"2017-09-19T15:17:57+00:00\",\"dateModified\":\"2021-08-13T09:48:30+00:00\",\"author\":{\"@id\":\"https:\\\/\\\/wp.kristdemokraterna.se\\\/linkoping\\\/#\\\/schema\\\/person\\\/b0148c3c8863db76d330faa282b9521a\"},\"breadcrumb\":{\"@id\":\"https:\\\/\\\/wp.kristdemokraterna.se\\\/linkoping\\\/provocerande-cykelsloseri-fran-kommunledningen\\\/#breadcrumb\"},\"inLanguage\":\"sv-SE\",\"potentialAction\":[{\"@type\":\"ReadAction\",\"target\":[\"https:\\\/\\\/wp.kristdemokraterna.se\\\/linkoping\\\/provocerande-cykelsloseri-fran-kommunledningen\\\/\"]}]},{\"@type\":\"ImageObject\",\"inLanguage\":\"sv-SE\",\"@id\":\"https:\\\/\\\/wp.kristdemokraterna.se\\\/linkoping\\\/provocerande-cykelsloseri-fran-kommunledningen\\\/#primaryimage\",\"url\":\"https:\\\/\\\/wp.kristdemokraterna.se\\\/linkoping\\\/files\\\/2017\\\/09\\\/sloseri1.png\",\"contentUrl\":\"https:\\\/\\\/wp.kristdemokraterna.se\\\/linkoping\\\/files\\\/2017\\\/09\\\/sloseri1.png\",\"width\":1200,\"height\":630},{\"@type\":\"BreadcrumbList\",\"@id\":\"https:\\\/\\\/wp.kristdemokraterna.se\\\/linkoping\\\/provocerande-cykelsloseri-fran-kommunledningen\\\/#breadcrumb\",\"itemListElement\":[{\"@type\":\"ListItem\",\"position\":1,\"name\":\"Hem\",\"item\":\"https:\\\/\\\/wp.kristdemokraterna.se\\\/linkoping\\\/\"},{\"@type\":\"ListItem\",\"position\":2,\"name\":\"Provocerande cykelsl\u00f6seri fr\u00e5n kommunledningen\"}]},{\"@type\":\"WebSite\",\"@id\":\"https:\\\/\\\/wp.kristdemokraterna.se\\\/linkoping\\\/#website\",\"url\":\"https:\\\/\\\/wp.kristdemokraterna.se\\\/linkoping\\\/\",\"name\":\"Kristdemokraterna i Link\u00f6ping\",\"description\":\"\",\"inLanguage\":\"sv-SE\"},{\"@type\":\"Person\",\"@id\":\"https:\\\/\\\/wp.kristdemokraterna.se\\\/linkoping\\\/#\\\/schema\\\/person\\\/b0148c3c8863db76d330faa282b9521a\",\"name\":\"linkoping\",\"image\":{\"@type\":\"ImageObject\",\"inLanguage\":\"sv-SE\",\"@id\":\"https:\\\/\\\/secure.gravatar.com\\\/avatar\\\/016e7965fec0e08fdd07b021a7d25181278d4b29b1d5bab57b16017e35421895?s=96&r=g\",\"url\":\"https:\\\/\\\/secure.gravatar.com\\\/avatar\\\/016e7965fec0e08fdd07b021a7d25181278d4b29b1d5bab57b16017e35421895?s=96&r=g\",\"contentUrl\":\"https:\\\/\\\/secure.gravatar.com\\\/avatar\\\/016e7965fec0e08fdd07b021a7d25181278d4b29b1d5bab57b16017e35421895?s=96&r=g\",\"caption\":\"linkoping\"},\"sameAs\":[\"https:\\\/\\\/www.facebook.com\\\/kdlinkoping\\\/\"],\"url\":\"https:\\\/\\\/wp.kristdemokraterna.se\\\/linkoping\\\/author\\\/linkoping\\\/\"}]}<\/script>\n<!-- \/ Yoast SEO plugin. -->","yoast_head_json":{"title":"Provocerande cykelsl\u00f6seri fr\u00e5n kommunledningen - Kristdemokraterna i Link\u00f6ping","robots":{"index":"index","follow":"follow","max-snippet":"max-snippet:-1","max-image-preview":"max-image-preview:large","max-video-preview":"max-video-preview:-1"},"canonical":"https:\/\/wp.kristdemokraterna.se\/linkoping\/provocerande-cykelsloseri-fran-kommunledningen\/","og_locale":"sv_SE","og_type":"article","og_title":"Provocerande cykelsl\u00f6seri fr\u00e5n kommunledningen - Kristdemokraterna i Link\u00f6ping","og_description":"Idag har majoriteten i Link\u00f6ping beslutat att spendera 40 miljoner p\u00e5 ett elcykelsystem med 200 cyklar. Det \u00e4r bara det senaste raden av exempel p\u00e5 respektl\u00f6sheten man visar skattebetalarna. N\u00e4r hyrcykelsystem i m\u00e5nga andra kommuner \u00e4r sj\u00e4lvfinansierat via reklamint\u00e4kter v\u00e4ljer S, MP och L h\u00e4r i Link\u00f6ping att ta resurser som annars hade kunnat g\u00e5 Read More","og_url":"https:\/\/wp.kristdemokraterna.se\/linkoping\/provocerande-cykelsloseri-fran-kommunledningen\/","og_site_name":"Kristdemokraterna i Link\u00f6ping","article_author":"https:\/\/www.facebook.com\/kdlinkoping\/","article_published_time":"2017-09-19T15:17:57+00:00","article_modified_time":"2021-08-13T09:48:30+00:00","og_image":[{"width":1200,"height":630,"url":"https:\/\/wp.kristdemokraterna.se\/linkoping\/files\/2017\/09\/sloseri1.png","type":"image\/png"}],"author":"linkoping","twitter_card":"summary_large_image","twitter_misc":{"Skriven av":"linkoping"},"schema":{"@context":"https:\/\/schema.org","@graph":[{"@type":"Article","@id":"https:\/\/wp.kristdemokraterna.se\/linkoping\/provocerande-cykelsloseri-fran-kommunledningen\/#article","isPartOf":{"@id":"https:\/\/wp.kristdemokraterna.se\/linkoping\/provocerande-cykelsloseri-fran-kommunledningen\/"},"author":{"name":"linkoping","@id":"https:\/\/wp.kristdemokraterna.se\/linkoping\/#\/schema\/person\/b0148c3c8863db76d330faa282b9521a"},"headline":"Provocerande cykelsl\u00f6seri fr\u00e5n kommunledningen","datePublished":"2017-09-19T15:17:57+00:00","dateModified":"2021-08-13T09:48:30+00:00","mainEntityOfPage":{"@id":"https:\/\/wp.kristdemokraterna.se\/linkoping\/provocerande-cykelsloseri-fran-kommunledningen\/"},"wordCount":105,"image":{"@id":"https:\/\/wp.kristdemokraterna.se\/linkoping\/provocerande-cykelsloseri-fran-kommunledningen\/#primaryimage"},"thumbnailUrl":"https:\/\/wp.kristdemokraterna.se\/linkoping\/files\/2017\/09\/sloseri1.png","articleSection":["arkiv","okategoriserade"],"inLanguage":"sv-SE"},{"@type":"WebPage","@id":"https:\/\/wp.kristdemokraterna.se\/linkoping\/provocerande-cykelsloseri-fran-kommunledningen\/","url":"https:\/\/wp.kristdemokraterna.se\/linkoping\/provocerande-cykelsloseri-fran-kommunledningen\/","name":"Provocerande cykelsl\u00f6seri fr\u00e5n kommunledningen - Kristdemokraterna i Link\u00f6ping","isPartOf":{"@id":"https:\/\/wp.kristdemokraterna.se\/linkoping\/#website"},"primaryImageOfPage":{"@id":"https:\/\/wp.kristdemokraterna.se\/linkoping\/provocerande-cykelsloseri-fran-kommunledningen\/#primaryimage"},"image":{"@id":"https:\/\/wp.kristdemokraterna.se\/linkoping\/provocerande-cykelsloseri-fran-kommunledningen\/#primaryimage"},"thumbnailUrl":"https:\/\/wp.kristdemokraterna.se\/linkoping\/files\/2017\/09\/sloseri1.png","datePublished":"2017-09-19T15:17:57+00:00","dateModified":"2021-08-13T09:48:30+00:00","author":{"@id":"https:\/\/wp.kristdemokraterna.se\/linkoping\/#\/schema\/person\/b0148c3c8863db76d330faa282b9521a"},"breadcrumb":{"@id":"https:\/\/wp.kristdemokraterna.se\/linkoping\/provocerande-cykelsloseri-fran-kommunledningen\/#breadcrumb"},"inLanguage":"sv-SE","potentialAction":[{"@type":"ReadAction","target":["https:\/\/wp.kristdemokraterna.se\/linkoping\/provocerande-cykelsloseri-fran-kommunledningen\/"]}]},{"@type":"ImageObject","inLanguage":"sv-SE","@id":"https:\/\/wp.kristdemokraterna.se\/linkoping\/provocerande-cykelsloseri-fran-kommunledningen\/#primaryimage","url":"https:\/\/wp.kristdemokraterna.se\/linkoping\/files\/2017\/09\/sloseri1.png","contentUrl":"https:\/\/wp.kristdemokraterna.se\/linkoping\/files\/2017\/09\/sloseri1.png","width":1200,"height":630},{"@type":"BreadcrumbList","@id":"https:\/\/wp.kristdemokraterna.se\/linkoping\/provocerande-cykelsloseri-fran-kommunledningen\/#breadcrumb","itemListElement":[{"@type":"ListItem","position":1,"name":"Hem","item":"https:\/\/wp.kristdemokraterna.se\/linkoping\/"},{"@type":"ListItem","position":2,"name":"Provocerande cykelsl\u00f6seri fr\u00e5n kommunledningen"}]},{"@type":"WebSite","@id":"https:\/\/wp.kristdemokraterna.se\/linkoping\/#website","url":"https:\/\/wp.kristdemokraterna.se\/linkoping\/","name":"Kristdemokraterna i Link\u00f6ping","description":"","inLanguage":"sv-SE"},{"@type":"Person","@id":"https:\/\/wp.kristdemokraterna.se\/linkoping\/#\/schema\/person\/b0148c3c8863db76d330faa282b9521a","name":"linkoping","image":{"@type":"ImageObject","inLanguage":"sv-SE","@id":"https:\/\/secure.gravatar.com\/avatar\/016e7965fec0e08fdd07b021a7d25181278d4b29b1d5bab57b16017e35421895?s=96&r=g","url":"https:\/\/secure.gravatar.com\/avatar\/016e7965fec0e08fdd07b021a7d25181278d4b29b1d5bab57b16017e35421895?s=96&r=g","contentUrl":"https:\/\/secure.gravatar.com\/avatar\/016e7965fec0e08fdd07b021a7d25181278d4b29b1d5bab57b16017e35421895?s=96&r=g","caption":"linkoping"},"sameAs":["https:\/\/www.facebook.com\/kdlinkoping\/"],"url":"https:\/\/wp.kristdemokraterna.se\/linkoping\/author\/linkoping\/"}]}},"_links":{"self":[{"href":"https:\/\/wp.kristdemokraterna.se\/linkoping\/wp-json\/wp\/v2\/posts\/700","targetHints":{"allow":["GET"]}}],"collection":[{"href":"https:\/\/wp.kristdemokraterna.se\/linkoping\/wp-json\/wp\/v2\/posts"}],"about":[{"href":"https:\/\/wp.kristdemokraterna.se\/linkoping\/wp-json\/wp\/v2\/types\/post"}],"author":[{"embeddable":true,"href":"https:\/\/wp.kristdemokraterna.se\/linkoping\/wp-json\/wp\/v2\/users\/410"}],"replies":[{"embeddable":true,"href":"https:\/\/wp.kristdemokraterna.se\/linkoping\/wp-json\/wp\/v2\/comments?post=700"}],"version-history":[{"count":10,"href":"https:\/\/wp.kristdemokraterna.se\/linkoping\/wp-json\/wp\/v2\/posts\/700\/revisions"}],"predecessor-version":[{"id":717,"href":"https:\/\/wp.kristdemokraterna.se\/linkoping\/wp-json\/wp\/v2\/posts\/700\/revisions\/717"}],"wp:featuredmedia":[{"embeddable":true,"href":"https:\/\/wp.kristdemokraterna.se\/linkoping\/wp-json\/wp\/v2\/media\/716"}],"wp:attachment":[{"href":"https:\/\/wp.kristdemokraterna.se\/linkoping\/wp-json\/wp\/v2\/media?parent=700"}],"wp:term":[{"taxonomy":"category","embeddable":true,"href":"https:\/\/wp.kristdemokraterna.se\/linkoping\/wp-json\/wp\/v2\/categories?post=700"},{"taxonomy":"post_tag","embeddable":true,"href":"https:\/\/wp.kristdemokraterna.se\/linkoping\/wp-json\/wp\/v2\/tags?post=700"}],"curies":[{"name":"wp","href":"https:\/\/api.w.org\/{rel}","templated":true}]}}