{"id":702,"date":"2017-09-19T22:29:48","date_gmt":"2017-09-19T20:29:48","guid":{"rendered":"http:\/\/wp.kristdemokraterna.se\/linkoping\/?p=702"},"modified":"2021-08-13T11:48:30","modified_gmt":"2021-08-13T09:48:30","slug":"fortsatta-som-medlemmar-i-infrastrukturkansliet","status":"publish","type":"post","link":"https:\/\/wp.kristdemokraterna.se\/linkoping\/fortsatta-som-medlemmar-i-infrastrukturkansliet\/","title":{"rendered":"Forts\u00e4tta som medlemmar i Infrastrukturkansliet"},"content":{"rendered":"<p>Link\u00f6pings kommun har sedan 2010 varit med i arbetet kring st\u00e5ng\u00e5dalsbanan via Infrastrukturkansliet, ett samarbete kommunen nu v\u00e4ljer att g\u00e5 ur. Kansliet har arbetat med lobby, marknadsf\u00f6ring och utredningar f\u00f6r att st\u00e4rka St\u00e5ng\u00e5dalsbanan. Vi Kristdemokrater ser St\u00e5ng\u00e5dalsbanan som en viktig l\u00e4nk till att bef\u00e4sta Link\u00f6ping som en av de mest attraktiva st\u00e4derna i n\u00e4romr\u00e5det. En ombyggnation av St\u00e5ng\u00e5dalsbanan skulle kunna leda till fler och mer anpassade avg\u00e5ngar. Detta inte minst fr\u00e5n Resecentrum och Saab, utan ocks\u00e5 fr\u00e5n de m\u00e5nga industrier som finns s\u00f6derut l\u00e4ngst med St\u00e5ng\u00e5dalsbanan.<br \/>\nVi Kristdemokrater vill underl\u00e4tta f\u00f6r m\u00e4nniskor att kunna resa, jobba, studera och bo i Link\u00f6ping, och vill med anledning av detta att Link\u00f6pings kommun ska forts\u00e4tta medlemskapet i  Infrastrukturkansliet. <\/p>\n","protected":false},"excerpt":{"rendered":"<p>Link\u00f6pings kommun har sedan 2010 varit med i arbetet kring st\u00e5ng\u00e5dalsbanan via Infrastrukturkansliet, ett samarbete kommunen nu v\u00e4ljer att g\u00e5 ur. Kansliet har arbetat med lobby, marknadsf\u00f6ring och utredningar f\u00f6r att st\u00e4rka St\u00e5ng\u00e5dalsbanan. Vi Kristdemokrater ser St\u00e5ng\u00e5dalsbanan som en viktig l\u00e4nk till att bef\u00e4sta Link\u00f6ping som en av de mest attraktiva st\u00e4derna i n\u00e4romr\u00e5det. En <a class=\"read-more-link\" href=\"https:\/\/wp.kristdemokraterna.se\/linkoping\/fortsatta-som-medlemmar-i-infrastrukturkansliet\/\">Read More<\/a><\/p>\n","protected":false},"author":410,"featured_media":719,"comment_status":"closed","ping_status":"closed","sticky":false,"template":"","format":"standard","meta":{"_acf_changed":false,"footnotes":""},"categories":[22,1],"tags":[],"class_list":["post-702","post","type-post","status-publish","format-standard","hentry","category-arkiv","category-okategoriserade"],"acf":[],"yoast_head":"<!-- This site is optimized with the Yoast SEO plugin v27.4 - https:\/\/yoast.com\/product\/yoast-seo-wordpress\/ -->\n<title>Forts\u00e4tta som medlemmar i Infrastrukturkansliet - Kristdemokraterna i Link\u00f6ping<\/title>\n<meta name=\"robots\" content=\"index, follow, max-snippet:-1, max-image-preview:large, max-video-preview:-1\" \/>\n<link rel=\"canonical\" href=\"https:\/\/wp.kristdemokraterna.se\/linkoping\/fortsatta-som-medlemmar-i-infrastrukturkansliet\/\" \/>\n<meta property=\"og:locale\" content=\"sv_SE\" \/>\n<meta property=\"og:type\" content=\"article\" \/>\n<meta property=\"og:title\" content=\"Forts\u00e4tta som medlemmar i Infrastrukturkansliet - Kristdemokraterna i Link\u00f6ping\" \/>\n<meta property=\"og:description\" content=\"Link\u00f6pings kommun har sedan 2010 varit med i arbetet kring st\u00e5ng\u00e5dalsbanan via Infrastrukturkansliet, ett samarbete kommunen nu v\u00e4ljer att g\u00e5 ur. Kansliet har arbetat med lobby, marknadsf\u00f6ring och utredningar f\u00f6r att st\u00e4rka St\u00e5ng\u00e5dalsbanan. Vi Kristdemokrater ser St\u00e5ng\u00e5dalsbanan som en viktig l\u00e4nk till att bef\u00e4sta Link\u00f6ping som en av de mest attraktiva st\u00e4derna i n\u00e4romr\u00e5det. En Read More\" \/>\n<meta property=\"og:url\" content=\"https:\/\/wp.kristdemokraterna.se\/linkoping\/fortsatta-som-medlemmar-i-infrastrukturkansliet\/\" \/>\n<meta property=\"og:site_name\" content=\"Kristdemokraterna i Link\u00f6ping\" \/>\n<meta property=\"article:author\" content=\"https:\/\/www.facebook.com\/kdlinkoping\/\" \/>\n<meta property=\"article:published_time\" content=\"2017-09-19T20:29:48+00:00\" \/>\n<meta property=\"article:modified_time\" content=\"2021-08-13T09:48:30+00:00\" \/>\n<meta property=\"og:image\" content=\"https:\/\/wp.kristdemokraterna.se\/linkoping\/files\/2017\/09\/infra.png\" \/>\n\t<meta property=\"og:image:width\" content=\"1200\" \/>\n\t<meta property=\"og:image:height\" content=\"630\" \/>\n\t<meta property=\"og:image:type\" content=\"image\/png\" \/>\n<meta name=\"author\" content=\"linkoping\" \/>\n<meta name=\"twitter:card\" content=\"summary_large_image\" \/>\n<meta name=\"twitter:label1\" content=\"Skriven av\" \/>\n\t<meta name=\"twitter:data1\" content=\"linkoping\" \/>\n\t<meta name=\"twitter:label2\" content=\"Ber\u00e4knad l\u00e4stid\" \/>\n\t<meta name=\"twitter:data2\" content=\"1 minut\" \/>\n<script type=\"application\/ld+json\" class=\"yoast-schema-graph\">{\"@context\":\"https:\\\/\\\/schema.org\",\"@graph\":[{\"@type\":\"Article\",\"@id\":\"https:\\\/\\\/wp.kristdemokraterna.se\\\/linkoping\\\/fortsatta-som-medlemmar-i-infrastrukturkansliet\\\/#article\",\"isPartOf\":{\"@id\":\"https:\\\/\\\/wp.kristdemokraterna.se\\\/linkoping\\\/fortsatta-som-medlemmar-i-infrastrukturkansliet\\\/\"},\"author\":{\"name\":\"linkoping\",\"@id\":\"https:\\\/\\\/wp.kristdemokraterna.se\\\/linkoping\\\/#\\\/schema\\\/person\\\/b0148c3c8863db76d330faa282b9521a\"},\"headline\":\"Forts\u00e4tta som medlemmar i Infrastrukturkansliet\",\"datePublished\":\"2017-09-19T20:29:48+00:00\",\"dateModified\":\"2021-08-13T09:48:30+00:00\",\"mainEntityOfPage\":{\"@id\":\"https:\\\/\\\/wp.kristdemokraterna.se\\\/linkoping\\\/fortsatta-som-medlemmar-i-infrastrukturkansliet\\\/\"},\"wordCount\":153,\"image\":{\"@id\":\"https:\\\/\\\/wp.kristdemokraterna.se\\\/linkoping\\\/fortsatta-som-medlemmar-i-infrastrukturkansliet\\\/#primaryimage\"},\"thumbnailUrl\":\"https:\\\/\\\/wp.kristdemokraterna.se\\\/linkoping\\\/files\\\/2017\\\/09\\\/infra.png\",\"articleSection\":[\"arkiv\",\"okategoriserade\"],\"inLanguage\":\"sv-SE\"},{\"@type\":\"WebPage\",\"@id\":\"https:\\\/\\\/wp.kristdemokraterna.se\\\/linkoping\\\/fortsatta-som-medlemmar-i-infrastrukturkansliet\\\/\",\"url\":\"https:\\\/\\\/wp.kristdemokraterna.se\\\/linkoping\\\/fortsatta-som-medlemmar-i-infrastrukturkansliet\\\/\",\"name\":\"Forts\u00e4tta som medlemmar i Infrastrukturkansliet - Kristdemokraterna i Link\u00f6ping\",\"isPartOf\":{\"@id\":\"https:\\\/\\\/wp.kristdemokraterna.se\\\/linkoping\\\/#website\"},\"primaryImageOfPage\":{\"@id\":\"https:\\\/\\\/wp.kristdemokraterna.se\\\/linkoping\\\/fortsatta-som-medlemmar-i-infrastrukturkansliet\\\/#primaryimage\"},\"image\":{\"@id\":\"https:\\\/\\\/wp.kristdemokraterna.se\\\/linkoping\\\/fortsatta-som-medlemmar-i-infrastrukturkansliet\\\/#primaryimage\"},\"thumbnailUrl\":\"https:\\\/\\\/wp.kristdemokraterna.se\\\/linkoping\\\/files\\\/2017\\\/09\\\/infra.png\",\"datePublished\":\"2017-09-19T20:29:48+00:00\",\"dateModified\":\"2021-08-13T09:48:30+00:00\",\"author\":{\"@id\":\"https:\\\/\\\/wp.kristdemokraterna.se\\\/linkoping\\\/#\\\/schema\\\/person\\\/b0148c3c8863db76d330faa282b9521a\"},\"breadcrumb\":{\"@id\":\"https:\\\/\\\/wp.kristdemokraterna.se\\\/linkoping\\\/fortsatta-som-medlemmar-i-infrastrukturkansliet\\\/#breadcrumb\"},\"inLanguage\":\"sv-SE\",\"potentialAction\":[{\"@type\":\"ReadAction\",\"target\":[\"https:\\\/\\\/wp.kristdemokraterna.se\\\/linkoping\\\/fortsatta-som-medlemmar-i-infrastrukturkansliet\\\/\"]}]},{\"@type\":\"ImageObject\",\"inLanguage\":\"sv-SE\",\"@id\":\"https:\\\/\\\/wp.kristdemokraterna.se\\\/linkoping\\\/fortsatta-som-medlemmar-i-infrastrukturkansliet\\\/#primaryimage\",\"url\":\"https:\\\/\\\/wp.kristdemokraterna.se\\\/linkoping\\\/files\\\/2017\\\/09\\\/infra.png\",\"contentUrl\":\"https:\\\/\\\/wp.kristdemokraterna.se\\\/linkoping\\\/files\\\/2017\\\/09\\\/infra.png\",\"width\":1200,\"height\":630},{\"@type\":\"BreadcrumbList\",\"@id\":\"https:\\\/\\\/wp.kristdemokraterna.se\\\/linkoping\\\/fortsatta-som-medlemmar-i-infrastrukturkansliet\\\/#breadcrumb\",\"itemListElement\":[{\"@type\":\"ListItem\",\"position\":1,\"name\":\"Hem\",\"item\":\"https:\\\/\\\/wp.kristdemokraterna.se\\\/linkoping\\\/\"},{\"@type\":\"ListItem\",\"position\":2,\"name\":\"Forts\u00e4tta som medlemmar i Infrastrukturkansliet\"}]},{\"@type\":\"WebSite\",\"@id\":\"https:\\\/\\\/wp.kristdemokraterna.se\\\/linkoping\\\/#website\",\"url\":\"https:\\\/\\\/wp.kristdemokraterna.se\\\/linkoping\\\/\",\"name\":\"Kristdemokraterna i Link\u00f6ping\",\"description\":\"\",\"inLanguage\":\"sv-SE\"},{\"@type\":\"Person\",\"@id\":\"https:\\\/\\\/wp.kristdemokraterna.se\\\/linkoping\\\/#\\\/schema\\\/person\\\/b0148c3c8863db76d330faa282b9521a\",\"name\":\"linkoping\",\"image\":{\"@type\":\"ImageObject\",\"inLanguage\":\"sv-SE\",\"@id\":\"https:\\\/\\\/secure.gravatar.com\\\/avatar\\\/016e7965fec0e08fdd07b021a7d25181278d4b29b1d5bab57b16017e35421895?s=96&r=g\",\"url\":\"https:\\\/\\\/secure.gravatar.com\\\/avatar\\\/016e7965fec0e08fdd07b021a7d25181278d4b29b1d5bab57b16017e35421895?s=96&r=g\",\"contentUrl\":\"https:\\\/\\\/secure.gravatar.com\\\/avatar\\\/016e7965fec0e08fdd07b021a7d25181278d4b29b1d5bab57b16017e35421895?s=96&r=g\",\"caption\":\"linkoping\"},\"sameAs\":[\"https:\\\/\\\/www.facebook.com\\\/kdlinkoping\\\/\"],\"url\":\"https:\\\/\\\/wp.kristdemokraterna.se\\\/linkoping\\\/author\\\/linkoping\\\/\"}]}<\/script>\n<!-- \/ Yoast SEO plugin. -->","yoast_head_json":{"title":"Forts\u00e4tta som medlemmar i Infrastrukturkansliet - Kristdemokraterna i Link\u00f6ping","robots":{"index":"index","follow":"follow","max-snippet":"max-snippet:-1","max-image-preview":"max-image-preview:large","max-video-preview":"max-video-preview:-1"},"canonical":"https:\/\/wp.kristdemokraterna.se\/linkoping\/fortsatta-som-medlemmar-i-infrastrukturkansliet\/","og_locale":"sv_SE","og_type":"article","og_title":"Forts\u00e4tta som medlemmar i Infrastrukturkansliet - Kristdemokraterna i Link\u00f6ping","og_description":"Link\u00f6pings kommun har sedan 2010 varit med i arbetet kring st\u00e5ng\u00e5dalsbanan via Infrastrukturkansliet, ett samarbete kommunen nu v\u00e4ljer att g\u00e5 ur. Kansliet har arbetat med lobby, marknadsf\u00f6ring och utredningar f\u00f6r att st\u00e4rka St\u00e5ng\u00e5dalsbanan. Vi Kristdemokrater ser St\u00e5ng\u00e5dalsbanan som en viktig l\u00e4nk till att bef\u00e4sta Link\u00f6ping som en av de mest attraktiva st\u00e4derna i n\u00e4romr\u00e5det. En Read More","og_url":"https:\/\/wp.kristdemokraterna.se\/linkoping\/fortsatta-som-medlemmar-i-infrastrukturkansliet\/","og_site_name":"Kristdemokraterna i Link\u00f6ping","article_author":"https:\/\/www.facebook.com\/kdlinkoping\/","article_published_time":"2017-09-19T20:29:48+00:00","article_modified_time":"2021-08-13T09:48:30+00:00","og_image":[{"width":1200,"height":630,"url":"https:\/\/wp.kristdemokraterna.se\/linkoping\/files\/2017\/09\/infra.png","type":"image\/png"}],"author":"linkoping","twitter_card":"summary_large_image","twitter_misc":{"Skriven av":"linkoping","Ber\u00e4knad l\u00e4stid":"1 minut"},"schema":{"@context":"https:\/\/schema.org","@graph":[{"@type":"Article","@id":"https:\/\/wp.kristdemokraterna.se\/linkoping\/fortsatta-som-medlemmar-i-infrastrukturkansliet\/#article","isPartOf":{"@id":"https:\/\/wp.kristdemokraterna.se\/linkoping\/fortsatta-som-medlemmar-i-infrastrukturkansliet\/"},"author":{"name":"linkoping","@id":"https:\/\/wp.kristdemokraterna.se\/linkoping\/#\/schema\/person\/b0148c3c8863db76d330faa282b9521a"},"headline":"Forts\u00e4tta som medlemmar i Infrastrukturkansliet","datePublished":"2017-09-19T20:29:48+00:00","dateModified":"2021-08-13T09:48:30+00:00","mainEntityOfPage":{"@id":"https:\/\/wp.kristdemokraterna.se\/linkoping\/fortsatta-som-medlemmar-i-infrastrukturkansliet\/"},"wordCount":153,"image":{"@id":"https:\/\/wp.kristdemokraterna.se\/linkoping\/fortsatta-som-medlemmar-i-infrastrukturkansliet\/#primaryimage"},"thumbnailUrl":"https:\/\/wp.kristdemokraterna.se\/linkoping\/files\/2017\/09\/infra.png","articleSection":["arkiv","okategoriserade"],"inLanguage":"sv-SE"},{"@type":"WebPage","@id":"https:\/\/wp.kristdemokraterna.se\/linkoping\/fortsatta-som-medlemmar-i-infrastrukturkansliet\/","url":"https:\/\/wp.kristdemokraterna.se\/linkoping\/fortsatta-som-medlemmar-i-infrastrukturkansliet\/","name":"Forts\u00e4tta som medlemmar i Infrastrukturkansliet - Kristdemokraterna i Link\u00f6ping","isPartOf":{"@id":"https:\/\/wp.kristdemokraterna.se\/linkoping\/#website"},"primaryImageOfPage":{"@id":"https:\/\/wp.kristdemokraterna.se\/linkoping\/fortsatta-som-medlemmar-i-infrastrukturkansliet\/#primaryimage"},"image":{"@id":"https:\/\/wp.kristdemokraterna.se\/linkoping\/fortsatta-som-medlemmar-i-infrastrukturkansliet\/#primaryimage"},"thumbnailUrl":"https:\/\/wp.kristdemokraterna.se\/linkoping\/files\/2017\/09\/infra.png","datePublished":"2017-09-19T20:29:48+00:00","dateModified":"2021-08-13T09:48:30+00:00","author":{"@id":"https:\/\/wp.kristdemokraterna.se\/linkoping\/#\/schema\/person\/b0148c3c8863db76d330faa282b9521a"},"breadcrumb":{"@id":"https:\/\/wp.kristdemokraterna.se\/linkoping\/fortsatta-som-medlemmar-i-infrastrukturkansliet\/#breadcrumb"},"inLanguage":"sv-SE","potentialAction":[{"@type":"ReadAction","target":["https:\/\/wp.kristdemokraterna.se\/linkoping\/fortsatta-som-medlemmar-i-infrastrukturkansliet\/"]}]},{"@type":"ImageObject","inLanguage":"sv-SE","@id":"https:\/\/wp.kristdemokraterna.se\/linkoping\/fortsatta-som-medlemmar-i-infrastrukturkansliet\/#primaryimage","url":"https:\/\/wp.kristdemokraterna.se\/linkoping\/files\/2017\/09\/infra.png","contentUrl":"https:\/\/wp.kristdemokraterna.se\/linkoping\/files\/2017\/09\/infra.png","width":1200,"height":630},{"@type":"BreadcrumbList","@id":"https:\/\/wp.kristdemokraterna.se\/linkoping\/fortsatta-som-medlemmar-i-infrastrukturkansliet\/#breadcrumb","itemListElement":[{"@type":"ListItem","position":1,"name":"Hem","item":"https:\/\/wp.kristdemokraterna.se\/linkoping\/"},{"@type":"ListItem","position":2,"name":"Forts\u00e4tta som medlemmar i Infrastrukturkansliet"}]},{"@type":"WebSite","@id":"https:\/\/wp.kristdemokraterna.se\/linkoping\/#website","url":"https:\/\/wp.kristdemokraterna.se\/linkoping\/","name":"Kristdemokraterna i Link\u00f6ping","description":"","inLanguage":"sv-SE"},{"@type":"Person","@id":"https:\/\/wp.kristdemokraterna.se\/linkoping\/#\/schema\/person\/b0148c3c8863db76d330faa282b9521a","name":"linkoping","image":{"@type":"ImageObject","inLanguage":"sv-SE","@id":"https:\/\/secure.gravatar.com\/avatar\/016e7965fec0e08fdd07b021a7d25181278d4b29b1d5bab57b16017e35421895?s=96&r=g","url":"https:\/\/secure.gravatar.com\/avatar\/016e7965fec0e08fdd07b021a7d25181278d4b29b1d5bab57b16017e35421895?s=96&r=g","contentUrl":"https:\/\/secure.gravatar.com\/avatar\/016e7965fec0e08fdd07b021a7d25181278d4b29b1d5bab57b16017e35421895?s=96&r=g","caption":"linkoping"},"sameAs":["https:\/\/www.facebook.com\/kdlinkoping\/"],"url":"https:\/\/wp.kristdemokraterna.se\/linkoping\/author\/linkoping\/"}]}},"_links":{"self":[{"href":"https:\/\/wp.kristdemokraterna.se\/linkoping\/wp-json\/wp\/v2\/posts\/702","targetHints":{"allow":["GET"]}}],"collection":[{"href":"https:\/\/wp.kristdemokraterna.se\/linkoping\/wp-json\/wp\/v2\/posts"}],"about":[{"href":"https:\/\/wp.kristdemokraterna.se\/linkoping\/wp-json\/wp\/v2\/types\/post"}],"author":[{"embeddable":true,"href":"https:\/\/wp.kristdemokraterna.se\/linkoping\/wp-json\/wp\/v2\/users\/410"}],"replies":[{"embeddable":true,"href":"https:\/\/wp.kristdemokraterna.se\/linkoping\/wp-json\/wp\/v2\/comments?post=702"}],"version-history":[{"count":6,"href":"https:\/\/wp.kristdemokraterna.se\/linkoping\/wp-json\/wp\/v2\/posts\/702\/revisions"}],"predecessor-version":[{"id":721,"href":"https:\/\/wp.kristdemokraterna.se\/linkoping\/wp-json\/wp\/v2\/posts\/702\/revisions\/721"}],"wp:featuredmedia":[{"embeddable":true,"href":"https:\/\/wp.kristdemokraterna.se\/linkoping\/wp-json\/wp\/v2\/media\/719"}],"wp:attachment":[{"href":"https:\/\/wp.kristdemokraterna.se\/linkoping\/wp-json\/wp\/v2\/media?parent=702"}],"wp:term":[{"taxonomy":"category","embeddable":true,"href":"https:\/\/wp.kristdemokraterna.se\/linkoping\/wp-json\/wp\/v2\/categories?post=702"},{"taxonomy":"post_tag","embeddable":true,"href":"https:\/\/wp.kristdemokraterna.se\/linkoping\/wp-json\/wp\/v2\/tags?post=702"}],"curies":[{"name":"wp","href":"https:\/\/api.w.org\/{rel}","templated":true}]}}