{"id":723,"date":"2017-10-05T13:59:46","date_gmt":"2017-10-05T11:59:46","guid":{"rendered":"http:\/\/wp.kristdemokraterna.se\/linkoping\/?p=723"},"modified":"2021-08-13T11:48:30","modified_gmt":"2021-08-13T09:48:30","slug":"idag-halls-lss-dagen","status":"publish","type":"post","link":"https:\/\/wp.kristdemokraterna.se\/linkoping\/idag-halls-lss-dagen\/","title":{"rendered":"Idag anordnas LSS-dagen"},"content":{"rendered":"<p>Idag anordnas LSS-dagen i Ryttarg\u00e5rdskyrkan i Link\u00f6ping. Det var f\u00f6rra h\u00f6sten som Kristdemokraterna tillsammans med Moderaterna och Centerpartiet motionerade om att anordna m\u00e4ssan. Under m\u00e4ssan tr\u00e4ffa nu v\u00e5rdgivare och v\u00e5rdbrukare, politiker och tj\u00e4nstem\u00e4n, anh\u00f6riga och v\u00e4nner f\u00f6r att diskutera LSS-fr\u00e5gor.<br \/>\n&#8211; Det \u00e4r en bra plattform f\u00f6r samtal och diskussion. Det kommer \u00e4ven inneh\u00e5lla intressanta f\u00f6rel\u00e4sningar och musikinslag fr\u00e5n daglig verksamhet.\u00a0Jag tror det kommer bli en lyckad dag och att vi f\u00e5r anledning att planera \u00e4nnu en m\u00e4ssa n\u00e4sta \u00e5r, s\u00e4ger kommunalr\u00e5d Sara Skyttedal.<\/p>\n","protected":false},"excerpt":{"rendered":"<p>Idag anordnas LSS-dagen i Ryttarg\u00e5rdskyrkan i Link\u00f6ping. Det var f\u00f6rra h\u00f6sten som Kristdemokraterna tillsammans med Moderaterna och Centerpartiet motionerade om att anordna m\u00e4ssan. Under m\u00e4ssan tr\u00e4ffa nu v\u00e5rdgivare och v\u00e5rdbrukare, politiker och tj\u00e4nstem\u00e4n, anh\u00f6riga och v\u00e4nner f\u00f6r att diskutera LSS-fr\u00e5gor. &#8211; Det \u00e4r en bra plattform f\u00f6r samtal och diskussion. Det kommer \u00e4ven inneh\u00e5lla intressanta <a class=\"read-more-link\" href=\"https:\/\/wp.kristdemokraterna.se\/linkoping\/idag-halls-lss-dagen\/\">Read More<\/a><\/p>\n","protected":false},"author":410,"featured_media":724,"comment_status":"closed","ping_status":"closed","sticky":false,"template":"","format":"standard","meta":{"_acf_changed":false,"footnotes":""},"categories":[22,1],"tags":[],"class_list":["post-723","post","type-post","status-publish","format-standard","hentry","category-arkiv","category-okategoriserade"],"acf":[],"yoast_head":"<!-- This site is optimized with the Yoast SEO plugin v27.4 - https:\/\/yoast.com\/product\/yoast-seo-wordpress\/ -->\n<title>Idag anordnas LSS-dagen - Kristdemokraterna i Link\u00f6ping<\/title>\n<meta name=\"robots\" content=\"index, follow, max-snippet:-1, max-image-preview:large, max-video-preview:-1\" \/>\n<link rel=\"canonical\" href=\"https:\/\/wp.kristdemokraterna.se\/linkoping\/idag-halls-lss-dagen\/\" \/>\n<meta property=\"og:locale\" content=\"sv_SE\" \/>\n<meta property=\"og:type\" content=\"article\" \/>\n<meta property=\"og:title\" content=\"Idag anordnas LSS-dagen - Kristdemokraterna i Link\u00f6ping\" \/>\n<meta property=\"og:description\" content=\"Idag anordnas LSS-dagen i Ryttarg\u00e5rdskyrkan i Link\u00f6ping. Det var f\u00f6rra h\u00f6sten som Kristdemokraterna tillsammans med Moderaterna och Centerpartiet motionerade om att anordna m\u00e4ssan. Under m\u00e4ssan tr\u00e4ffa nu v\u00e5rdgivare och v\u00e5rdbrukare, politiker och tj\u00e4nstem\u00e4n, anh\u00f6riga och v\u00e4nner f\u00f6r att diskutera LSS-fr\u00e5gor. &#8211; Det \u00e4r en bra plattform f\u00f6r samtal och diskussion. Det kommer \u00e4ven inneh\u00e5lla intressanta Read More\" \/>\n<meta property=\"og:url\" content=\"https:\/\/wp.kristdemokraterna.se\/linkoping\/idag-halls-lss-dagen\/\" \/>\n<meta property=\"og:site_name\" content=\"Kristdemokraterna i Link\u00f6ping\" \/>\n<meta property=\"article:author\" content=\"https:\/\/www.facebook.com\/kdlinkoping\/\" \/>\n<meta property=\"article:published_time\" content=\"2017-10-05T11:59:46+00:00\" \/>\n<meta property=\"article:modified_time\" content=\"2021-08-13T09:48:30+00:00\" \/>\n<meta property=\"og:image\" content=\"https:\/\/wp.kristdemokraterna.se\/linkoping\/files\/2017\/10\/img_3398-2.jpg\" \/>\n\t<meta property=\"og:image:width\" content=\"1632\" \/>\n\t<meta property=\"og:image:height\" content=\"1224\" \/>\n\t<meta property=\"og:image:type\" content=\"image\/jpeg\" \/>\n<meta name=\"author\" content=\"linkoping\" \/>\n<meta name=\"twitter:card\" content=\"summary_large_image\" \/>\n<meta name=\"twitter:label1\" content=\"Skriven av\" \/>\n\t<meta name=\"twitter:data1\" content=\"linkoping\" \/>\n\t<meta name=\"twitter:label2\" content=\"Ber\u00e4knad l\u00e4stid\" \/>\n\t<meta name=\"twitter:data2\" content=\"1 minut\" \/>\n<script type=\"application\/ld+json\" class=\"yoast-schema-graph\">{\"@context\":\"https:\\\/\\\/schema.org\",\"@graph\":[{\"@type\":\"Article\",\"@id\":\"https:\\\/\\\/wp.kristdemokraterna.se\\\/linkoping\\\/idag-halls-lss-dagen\\\/#article\",\"isPartOf\":{\"@id\":\"https:\\\/\\\/wp.kristdemokraterna.se\\\/linkoping\\\/idag-halls-lss-dagen\\\/\"},\"author\":{\"name\":\"linkoping\",\"@id\":\"https:\\\/\\\/wp.kristdemokraterna.se\\\/linkoping\\\/#\\\/schema\\\/person\\\/b0148c3c8863db76d330faa282b9521a\"},\"headline\":\"Idag anordnas LSS-dagen\",\"datePublished\":\"2017-10-05T11:59:46+00:00\",\"dateModified\":\"2021-08-13T09:48:30+00:00\",\"mainEntityOfPage\":{\"@id\":\"https:\\\/\\\/wp.kristdemokraterna.se\\\/linkoping\\\/idag-halls-lss-dagen\\\/\"},\"wordCount\":113,\"image\":{\"@id\":\"https:\\\/\\\/wp.kristdemokraterna.se\\\/linkoping\\\/idag-halls-lss-dagen\\\/#primaryimage\"},\"thumbnailUrl\":\"https:\\\/\\\/wp.kristdemokraterna.se\\\/linkoping\\\/files\\\/2017\\\/10\\\/img_3398-2.jpg\",\"articleSection\":[\"arkiv\",\"okategoriserade\"],\"inLanguage\":\"sv-SE\"},{\"@type\":\"WebPage\",\"@id\":\"https:\\\/\\\/wp.kristdemokraterna.se\\\/linkoping\\\/idag-halls-lss-dagen\\\/\",\"url\":\"https:\\\/\\\/wp.kristdemokraterna.se\\\/linkoping\\\/idag-halls-lss-dagen\\\/\",\"name\":\"Idag anordnas LSS-dagen - Kristdemokraterna i Link\u00f6ping\",\"isPartOf\":{\"@id\":\"https:\\\/\\\/wp.kristdemokraterna.se\\\/linkoping\\\/#website\"},\"primaryImageOfPage\":{\"@id\":\"https:\\\/\\\/wp.kristdemokraterna.se\\\/linkoping\\\/idag-halls-lss-dagen\\\/#primaryimage\"},\"image\":{\"@id\":\"https:\\\/\\\/wp.kristdemokraterna.se\\\/linkoping\\\/idag-halls-lss-dagen\\\/#primaryimage\"},\"thumbnailUrl\":\"https:\\\/\\\/wp.kristdemokraterna.se\\\/linkoping\\\/files\\\/2017\\\/10\\\/img_3398-2.jpg\",\"datePublished\":\"2017-10-05T11:59:46+00:00\",\"dateModified\":\"2021-08-13T09:48:30+00:00\",\"author\":{\"@id\":\"https:\\\/\\\/wp.kristdemokraterna.se\\\/linkoping\\\/#\\\/schema\\\/person\\\/b0148c3c8863db76d330faa282b9521a\"},\"breadcrumb\":{\"@id\":\"https:\\\/\\\/wp.kristdemokraterna.se\\\/linkoping\\\/idag-halls-lss-dagen\\\/#breadcrumb\"},\"inLanguage\":\"sv-SE\",\"potentialAction\":[{\"@type\":\"ReadAction\",\"target\":[\"https:\\\/\\\/wp.kristdemokraterna.se\\\/linkoping\\\/idag-halls-lss-dagen\\\/\"]}]},{\"@type\":\"ImageObject\",\"inLanguage\":\"sv-SE\",\"@id\":\"https:\\\/\\\/wp.kristdemokraterna.se\\\/linkoping\\\/idag-halls-lss-dagen\\\/#primaryimage\",\"url\":\"https:\\\/\\\/wp.kristdemokraterna.se\\\/linkoping\\\/files\\\/2017\\\/10\\\/img_3398-2.jpg\",\"contentUrl\":\"https:\\\/\\\/wp.kristdemokraterna.se\\\/linkoping\\\/files\\\/2017\\\/10\\\/img_3398-2.jpg\",\"width\":1632,\"height\":1224},{\"@type\":\"BreadcrumbList\",\"@id\":\"https:\\\/\\\/wp.kristdemokraterna.se\\\/linkoping\\\/idag-halls-lss-dagen\\\/#breadcrumb\",\"itemListElement\":[{\"@type\":\"ListItem\",\"position\":1,\"name\":\"Hem\",\"item\":\"https:\\\/\\\/wp.kristdemokraterna.se\\\/linkoping\\\/\"},{\"@type\":\"ListItem\",\"position\":2,\"name\":\"Idag anordnas LSS-dagen\"}]},{\"@type\":\"WebSite\",\"@id\":\"https:\\\/\\\/wp.kristdemokraterna.se\\\/linkoping\\\/#website\",\"url\":\"https:\\\/\\\/wp.kristdemokraterna.se\\\/linkoping\\\/\",\"name\":\"Kristdemokraterna i Link\u00f6ping\",\"description\":\"\",\"inLanguage\":\"sv-SE\"},{\"@type\":\"Person\",\"@id\":\"https:\\\/\\\/wp.kristdemokraterna.se\\\/linkoping\\\/#\\\/schema\\\/person\\\/b0148c3c8863db76d330faa282b9521a\",\"name\":\"linkoping\",\"image\":{\"@type\":\"ImageObject\",\"inLanguage\":\"sv-SE\",\"@id\":\"https:\\\/\\\/secure.gravatar.com\\\/avatar\\\/016e7965fec0e08fdd07b021a7d25181278d4b29b1d5bab57b16017e35421895?s=96&r=g\",\"url\":\"https:\\\/\\\/secure.gravatar.com\\\/avatar\\\/016e7965fec0e08fdd07b021a7d25181278d4b29b1d5bab57b16017e35421895?s=96&r=g\",\"contentUrl\":\"https:\\\/\\\/secure.gravatar.com\\\/avatar\\\/016e7965fec0e08fdd07b021a7d25181278d4b29b1d5bab57b16017e35421895?s=96&r=g\",\"caption\":\"linkoping\"},\"sameAs\":[\"https:\\\/\\\/www.facebook.com\\\/kdlinkoping\\\/\"],\"url\":\"https:\\\/\\\/wp.kristdemokraterna.se\\\/linkoping\\\/author\\\/linkoping\\\/\"}]}<\/script>\n<!-- \/ Yoast SEO plugin. -->","yoast_head_json":{"title":"Idag anordnas LSS-dagen - Kristdemokraterna i Link\u00f6ping","robots":{"index":"index","follow":"follow","max-snippet":"max-snippet:-1","max-image-preview":"max-image-preview:large","max-video-preview":"max-video-preview:-1"},"canonical":"https:\/\/wp.kristdemokraterna.se\/linkoping\/idag-halls-lss-dagen\/","og_locale":"sv_SE","og_type":"article","og_title":"Idag anordnas LSS-dagen - Kristdemokraterna i Link\u00f6ping","og_description":"Idag anordnas LSS-dagen i Ryttarg\u00e5rdskyrkan i Link\u00f6ping. Det var f\u00f6rra h\u00f6sten som Kristdemokraterna tillsammans med Moderaterna och Centerpartiet motionerade om att anordna m\u00e4ssan. Under m\u00e4ssan tr\u00e4ffa nu v\u00e5rdgivare och v\u00e5rdbrukare, politiker och tj\u00e4nstem\u00e4n, anh\u00f6riga och v\u00e4nner f\u00f6r att diskutera LSS-fr\u00e5gor. &#8211; Det \u00e4r en bra plattform f\u00f6r samtal och diskussion. Det kommer \u00e4ven inneh\u00e5lla intressanta Read More","og_url":"https:\/\/wp.kristdemokraterna.se\/linkoping\/idag-halls-lss-dagen\/","og_site_name":"Kristdemokraterna i Link\u00f6ping","article_author":"https:\/\/www.facebook.com\/kdlinkoping\/","article_published_time":"2017-10-05T11:59:46+00:00","article_modified_time":"2021-08-13T09:48:30+00:00","og_image":[{"width":1632,"height":1224,"url":"https:\/\/wp.kristdemokraterna.se\/linkoping\/files\/2017\/10\/img_3398-2.jpg","type":"image\/jpeg"}],"author":"linkoping","twitter_card":"summary_large_image","twitter_misc":{"Skriven av":"linkoping","Ber\u00e4knad l\u00e4stid":"1 minut"},"schema":{"@context":"https:\/\/schema.org","@graph":[{"@type":"Article","@id":"https:\/\/wp.kristdemokraterna.se\/linkoping\/idag-halls-lss-dagen\/#article","isPartOf":{"@id":"https:\/\/wp.kristdemokraterna.se\/linkoping\/idag-halls-lss-dagen\/"},"author":{"name":"linkoping","@id":"https:\/\/wp.kristdemokraterna.se\/linkoping\/#\/schema\/person\/b0148c3c8863db76d330faa282b9521a"},"headline":"Idag anordnas LSS-dagen","datePublished":"2017-10-05T11:59:46+00:00","dateModified":"2021-08-13T09:48:30+00:00","mainEntityOfPage":{"@id":"https:\/\/wp.kristdemokraterna.se\/linkoping\/idag-halls-lss-dagen\/"},"wordCount":113,"image":{"@id":"https:\/\/wp.kristdemokraterna.se\/linkoping\/idag-halls-lss-dagen\/#primaryimage"},"thumbnailUrl":"https:\/\/wp.kristdemokraterna.se\/linkoping\/files\/2017\/10\/img_3398-2.jpg","articleSection":["arkiv","okategoriserade"],"inLanguage":"sv-SE"},{"@type":"WebPage","@id":"https:\/\/wp.kristdemokraterna.se\/linkoping\/idag-halls-lss-dagen\/","url":"https:\/\/wp.kristdemokraterna.se\/linkoping\/idag-halls-lss-dagen\/","name":"Idag anordnas LSS-dagen - Kristdemokraterna i Link\u00f6ping","isPartOf":{"@id":"https:\/\/wp.kristdemokraterna.se\/linkoping\/#website"},"primaryImageOfPage":{"@id":"https:\/\/wp.kristdemokraterna.se\/linkoping\/idag-halls-lss-dagen\/#primaryimage"},"image":{"@id":"https:\/\/wp.kristdemokraterna.se\/linkoping\/idag-halls-lss-dagen\/#primaryimage"},"thumbnailUrl":"https:\/\/wp.kristdemokraterna.se\/linkoping\/files\/2017\/10\/img_3398-2.jpg","datePublished":"2017-10-05T11:59:46+00:00","dateModified":"2021-08-13T09:48:30+00:00","author":{"@id":"https:\/\/wp.kristdemokraterna.se\/linkoping\/#\/schema\/person\/b0148c3c8863db76d330faa282b9521a"},"breadcrumb":{"@id":"https:\/\/wp.kristdemokraterna.se\/linkoping\/idag-halls-lss-dagen\/#breadcrumb"},"inLanguage":"sv-SE","potentialAction":[{"@type":"ReadAction","target":["https:\/\/wp.kristdemokraterna.se\/linkoping\/idag-halls-lss-dagen\/"]}]},{"@type":"ImageObject","inLanguage":"sv-SE","@id":"https:\/\/wp.kristdemokraterna.se\/linkoping\/idag-halls-lss-dagen\/#primaryimage","url":"https:\/\/wp.kristdemokraterna.se\/linkoping\/files\/2017\/10\/img_3398-2.jpg","contentUrl":"https:\/\/wp.kristdemokraterna.se\/linkoping\/files\/2017\/10\/img_3398-2.jpg","width":1632,"height":1224},{"@type":"BreadcrumbList","@id":"https:\/\/wp.kristdemokraterna.se\/linkoping\/idag-halls-lss-dagen\/#breadcrumb","itemListElement":[{"@type":"ListItem","position":1,"name":"Hem","item":"https:\/\/wp.kristdemokraterna.se\/linkoping\/"},{"@type":"ListItem","position":2,"name":"Idag anordnas LSS-dagen"}]},{"@type":"WebSite","@id":"https:\/\/wp.kristdemokraterna.se\/linkoping\/#website","url":"https:\/\/wp.kristdemokraterna.se\/linkoping\/","name":"Kristdemokraterna i Link\u00f6ping","description":"","inLanguage":"sv-SE"},{"@type":"Person","@id":"https:\/\/wp.kristdemokraterna.se\/linkoping\/#\/schema\/person\/b0148c3c8863db76d330faa282b9521a","name":"linkoping","image":{"@type":"ImageObject","inLanguage":"sv-SE","@id":"https:\/\/secure.gravatar.com\/avatar\/016e7965fec0e08fdd07b021a7d25181278d4b29b1d5bab57b16017e35421895?s=96&r=g","url":"https:\/\/secure.gravatar.com\/avatar\/016e7965fec0e08fdd07b021a7d25181278d4b29b1d5bab57b16017e35421895?s=96&r=g","contentUrl":"https:\/\/secure.gravatar.com\/avatar\/016e7965fec0e08fdd07b021a7d25181278d4b29b1d5bab57b16017e35421895?s=96&r=g","caption":"linkoping"},"sameAs":["https:\/\/www.facebook.com\/kdlinkoping\/"],"url":"https:\/\/wp.kristdemokraterna.se\/linkoping\/author\/linkoping\/"}]}},"_links":{"self":[{"href":"https:\/\/wp.kristdemokraterna.se\/linkoping\/wp-json\/wp\/v2\/posts\/723","targetHints":{"allow":["GET"]}}],"collection":[{"href":"https:\/\/wp.kristdemokraterna.se\/linkoping\/wp-json\/wp\/v2\/posts"}],"about":[{"href":"https:\/\/wp.kristdemokraterna.se\/linkoping\/wp-json\/wp\/v2\/types\/post"}],"author":[{"embeddable":true,"href":"https:\/\/wp.kristdemokraterna.se\/linkoping\/wp-json\/wp\/v2\/users\/410"}],"replies":[{"embeddable":true,"href":"https:\/\/wp.kristdemokraterna.se\/linkoping\/wp-json\/wp\/v2\/comments?post=723"}],"version-history":[{"count":3,"href":"https:\/\/wp.kristdemokraterna.se\/linkoping\/wp-json\/wp\/v2\/posts\/723\/revisions"}],"predecessor-version":[{"id":727,"href":"https:\/\/wp.kristdemokraterna.se\/linkoping\/wp-json\/wp\/v2\/posts\/723\/revisions\/727"}],"wp:featuredmedia":[{"embeddable":true,"href":"https:\/\/wp.kristdemokraterna.se\/linkoping\/wp-json\/wp\/v2\/media\/724"}],"wp:attachment":[{"href":"https:\/\/wp.kristdemokraterna.se\/linkoping\/wp-json\/wp\/v2\/media?parent=723"}],"wp:term":[{"taxonomy":"category","embeddable":true,"href":"https:\/\/wp.kristdemokraterna.se\/linkoping\/wp-json\/wp\/v2\/categories?post=723"},{"taxonomy":"post_tag","embeddable":true,"href":"https:\/\/wp.kristdemokraterna.se\/linkoping\/wp-json\/wp\/v2\/tags?post=723"}],"curies":[{"name":"wp","href":"https:\/\/api.w.org\/{rel}","templated":true}]}}