{"id":731,"date":"2017-10-25T15:56:43","date_gmt":"2017-10-25T13:56:43","guid":{"rendered":"http:\/\/wp.kristdemokraterna.se\/linkoping\/?p=731"},"modified":"2021-08-13T11:48:30","modified_gmt":"2021-08-13T09:48:30","slug":"ebba-busch-thor-inleder-valfardsturne-i-linkoping","status":"publish","type":"post","link":"https:\/\/wp.kristdemokraterna.se\/linkoping\/ebba-busch-thor-inleder-valfardsturne-i-linkoping\/","title":{"rendered":"Ebba Busch Thor inleder v\u00e4lf\u00e4rdsturn\u00e9 i Link\u00f6ping"},"content":{"rendered":"<p><strong>Kristdemokraternas partiledare Ebba Busch Thor inleder en resa i Sverige f\u00f6r att presentera v\u00e4lf\u00e4rdsl\u00f6ftet f\u00f6r \u00e4ldre. F\u00f6rsta stoppet &#8211; Link\u00f6ping.<\/strong><\/p>\n<p>Ebba kommer att m\u00f6ta pension\u00e4rsorganisationer, bes\u00f6ka \u00e4ldreboenden och tillsammans med lokala f\u00f6retr\u00e4dare presentera ett \u00e4ldreprogram med f\u00f6rslag p\u00e5 kommunal niv\u00e5 f\u00f6r att garantera att \u00e4ldre har tillg\u00e5ng till en god v\u00e5rd och omsorg. F\u00f6rsta bes\u00f6ket sker i Link\u00f6ping torsdagen den 26 oktober.<\/p>\n<p>\u00c4ldreomsorgen st\u00e5r inf\u00f6r stora utmaningar. Befolkningen lever allt l\u00e4ngre och gruppen \u00e4ldre blir st\u00f6rre. Samtidigt har situationen inom v\u00e5rd- och \u00e4ldreomsorg under den socialdemokratiska regeringen f\u00f6rs\u00e4mrats. Vi bed\u00f6mer utifr\u00e5n nuvarande byggtakt av \u00e4ldreboende samt prognoser att det 2030 kommer att saknas ytterligare 20\u00a0000 \u00e4ldreboendeplatser.<\/p>\n<p>V\u00e5rdk\u00f6erna har sedan 2014 f\u00f6rdubblats och sjukhusen har konstant \u00f6verbel\u00e4ggning. Det kr\u00e4vs prioriteringar f\u00f6r att m\u00f6jligg\u00f6ra satsningar p\u00e5 v\u00e4lf\u00e4rdens mest centrala delar. Kristdemokraterna l\u00e4gger i sin budget 27,3 miljarder kronor med \u00e4n regeringen p\u00e5 v\u00e5rd och omsorg \u2013 pengar som ska st\u00e4rka och f\u00f6r\u00e4ndra v\u00e5rdens arbetss\u00e4tt.<\/p>\n<p>Ebba kommer i gemensam presstr\u00e4ff med kommunalr\u00e5d Sara Skyttedal presentera \u00e4ldreprogrammet, f\u00f6r att sedan \u00e4ta lunch med representanter fr\u00e5n bland annat Pension\u00e4rernas Riksorganisation, Sveriges Pension\u00e4rsf\u00f6rbund och Riksf\u00f6rbundet Pension\u00e4rs Gemenskap.<\/p>\n","protected":false},"excerpt":{"rendered":"<p>Kristdemokraternas partiledare Ebba Busch Thor inleder en resa i Sverige f\u00f6r att presentera v\u00e4lf\u00e4rdsl\u00f6ftet f\u00f6r \u00e4ldre. F\u00f6rsta stoppet &#8211; Link\u00f6ping. Ebba kommer att m\u00f6ta pension\u00e4rsorganisationer, bes\u00f6ka \u00e4ldreboenden och tillsammans med lokala f\u00f6retr\u00e4dare presentera ett \u00e4ldreprogram med f\u00f6rslag p\u00e5 kommunal niv\u00e5 f\u00f6r att garantera att \u00e4ldre har tillg\u00e5ng till en god v\u00e5rd och omsorg. F\u00f6rsta bes\u00f6ket <a class=\"read-more-link\" href=\"https:\/\/wp.kristdemokraterna.se\/linkoping\/ebba-busch-thor-inleder-valfardsturne-i-linkoping\/\">Read More<\/a><\/p>\n","protected":false},"author":410,"featured_media":732,"comment_status":"closed","ping_status":"closed","sticky":false,"template":"","format":"standard","meta":{"_acf_changed":false,"footnotes":""},"categories":[22,1],"tags":[],"class_list":["post-731","post","type-post","status-publish","format-standard","hentry","category-arkiv","category-okategoriserade"],"acf":[],"yoast_head":"<!-- This site is optimized with the Yoast SEO plugin v27.4 - https:\/\/yoast.com\/product\/yoast-seo-wordpress\/ -->\n<title>Ebba Busch Thor inleder v\u00e4lf\u00e4rdsturn\u00e9 i Link\u00f6ping - Kristdemokraterna i Link\u00f6ping<\/title>\n<meta name=\"robots\" content=\"index, follow, max-snippet:-1, max-image-preview:large, max-video-preview:-1\" \/>\n<link rel=\"canonical\" href=\"https:\/\/wp.kristdemokraterna.se\/linkoping\/ebba-busch-thor-inleder-valfardsturne-i-linkoping\/\" \/>\n<meta property=\"og:locale\" content=\"sv_SE\" \/>\n<meta property=\"og:type\" content=\"article\" \/>\n<meta property=\"og:title\" content=\"Ebba Busch Thor inleder v\u00e4lf\u00e4rdsturn\u00e9 i Link\u00f6ping - Kristdemokraterna i Link\u00f6ping\" \/>\n<meta property=\"og:description\" content=\"Kristdemokraternas partiledare Ebba Busch Thor inleder en resa i Sverige f\u00f6r att presentera v\u00e4lf\u00e4rdsl\u00f6ftet f\u00f6r \u00e4ldre. F\u00f6rsta stoppet &#8211; Link\u00f6ping. Ebba kommer att m\u00f6ta pension\u00e4rsorganisationer, bes\u00f6ka \u00e4ldreboenden och tillsammans med lokala f\u00f6retr\u00e4dare presentera ett \u00e4ldreprogram med f\u00f6rslag p\u00e5 kommunal niv\u00e5 f\u00f6r att garantera att \u00e4ldre har tillg\u00e5ng till en god v\u00e5rd och omsorg. F\u00f6rsta bes\u00f6ket Read More\" \/>\n<meta property=\"og:url\" content=\"https:\/\/wp.kristdemokraterna.se\/linkoping\/ebba-busch-thor-inleder-valfardsturne-i-linkoping\/\" \/>\n<meta property=\"og:site_name\" content=\"Kristdemokraterna i Link\u00f6ping\" \/>\n<meta property=\"article:author\" content=\"https:\/\/www.facebook.com\/kdlinkoping\/\" \/>\n<meta property=\"article:published_time\" content=\"2017-10-25T13:56:43+00:00\" \/>\n<meta property=\"article:modified_time\" content=\"2021-08-13T09:48:30+00:00\" \/>\n<meta property=\"og:image\" content=\"https:\/\/wp.kristdemokraterna.se\/linkoping\/files\/2017\/10\/ebba_gul-770x390.jpg\" \/>\n\t<meta property=\"og:image:width\" content=\"770\" \/>\n\t<meta property=\"og:image:height\" content=\"390\" \/>\n\t<meta property=\"og:image:type\" content=\"image\/jpeg\" \/>\n<meta name=\"author\" content=\"linkoping\" \/>\n<meta name=\"twitter:card\" content=\"summary_large_image\" \/>\n<meta name=\"twitter:label1\" content=\"Skriven av\" \/>\n\t<meta name=\"twitter:data1\" content=\"linkoping\" \/>\n\t<meta name=\"twitter:label2\" content=\"Ber\u00e4knad l\u00e4stid\" \/>\n\t<meta name=\"twitter:data2\" content=\"1 minut\" \/>\n<script type=\"application\/ld+json\" class=\"yoast-schema-graph\">{\"@context\":\"https:\\\/\\\/schema.org\",\"@graph\":[{\"@type\":\"Article\",\"@id\":\"https:\\\/\\\/wp.kristdemokraterna.se\\\/linkoping\\\/ebba-busch-thor-inleder-valfardsturne-i-linkoping\\\/#article\",\"isPartOf\":{\"@id\":\"https:\\\/\\\/wp.kristdemokraterna.se\\\/linkoping\\\/ebba-busch-thor-inleder-valfardsturne-i-linkoping\\\/\"},\"author\":{\"name\":\"linkoping\",\"@id\":\"https:\\\/\\\/wp.kristdemokraterna.se\\\/linkoping\\\/#\\\/schema\\\/person\\\/b0148c3c8863db76d330faa282b9521a\"},\"headline\":\"Ebba Busch Thor inleder v\u00e4lf\u00e4rdsturn\u00e9 i Link\u00f6ping\",\"datePublished\":\"2017-10-25T13:56:43+00:00\",\"dateModified\":\"2021-08-13T09:48:30+00:00\",\"mainEntityOfPage\":{\"@id\":\"https:\\\/\\\/wp.kristdemokraterna.se\\\/linkoping\\\/ebba-busch-thor-inleder-valfardsturne-i-linkoping\\\/\"},\"wordCount\":239,\"image\":{\"@id\":\"https:\\\/\\\/wp.kristdemokraterna.se\\\/linkoping\\\/ebba-busch-thor-inleder-valfardsturne-i-linkoping\\\/#primaryimage\"},\"thumbnailUrl\":\"https:\\\/\\\/wp.kristdemokraterna.se\\\/linkoping\\\/files\\\/2017\\\/10\\\/ebba_gul-770x390.jpg\",\"articleSection\":[\"arkiv\",\"okategoriserade\"],\"inLanguage\":\"sv-SE\"},{\"@type\":\"WebPage\",\"@id\":\"https:\\\/\\\/wp.kristdemokraterna.se\\\/linkoping\\\/ebba-busch-thor-inleder-valfardsturne-i-linkoping\\\/\",\"url\":\"https:\\\/\\\/wp.kristdemokraterna.se\\\/linkoping\\\/ebba-busch-thor-inleder-valfardsturne-i-linkoping\\\/\",\"name\":\"Ebba Busch Thor inleder v\u00e4lf\u00e4rdsturn\u00e9 i Link\u00f6ping - Kristdemokraterna i Link\u00f6ping\",\"isPartOf\":{\"@id\":\"https:\\\/\\\/wp.kristdemokraterna.se\\\/linkoping\\\/#website\"},\"primaryImageOfPage\":{\"@id\":\"https:\\\/\\\/wp.kristdemokraterna.se\\\/linkoping\\\/ebba-busch-thor-inleder-valfardsturne-i-linkoping\\\/#primaryimage\"},\"image\":{\"@id\":\"https:\\\/\\\/wp.kristdemokraterna.se\\\/linkoping\\\/ebba-busch-thor-inleder-valfardsturne-i-linkoping\\\/#primaryimage\"},\"thumbnailUrl\":\"https:\\\/\\\/wp.kristdemokraterna.se\\\/linkoping\\\/files\\\/2017\\\/10\\\/ebba_gul-770x390.jpg\",\"datePublished\":\"2017-10-25T13:56:43+00:00\",\"dateModified\":\"2021-08-13T09:48:30+00:00\",\"author\":{\"@id\":\"https:\\\/\\\/wp.kristdemokraterna.se\\\/linkoping\\\/#\\\/schema\\\/person\\\/b0148c3c8863db76d330faa282b9521a\"},\"breadcrumb\":{\"@id\":\"https:\\\/\\\/wp.kristdemokraterna.se\\\/linkoping\\\/ebba-busch-thor-inleder-valfardsturne-i-linkoping\\\/#breadcrumb\"},\"inLanguage\":\"sv-SE\",\"potentialAction\":[{\"@type\":\"ReadAction\",\"target\":[\"https:\\\/\\\/wp.kristdemokraterna.se\\\/linkoping\\\/ebba-busch-thor-inleder-valfardsturne-i-linkoping\\\/\"]}]},{\"@type\":\"ImageObject\",\"inLanguage\":\"sv-SE\",\"@id\":\"https:\\\/\\\/wp.kristdemokraterna.se\\\/linkoping\\\/ebba-busch-thor-inleder-valfardsturne-i-linkoping\\\/#primaryimage\",\"url\":\"https:\\\/\\\/wp.kristdemokraterna.se\\\/linkoping\\\/files\\\/2017\\\/10\\\/ebba_gul-770x390.jpg\",\"contentUrl\":\"https:\\\/\\\/wp.kristdemokraterna.se\\\/linkoping\\\/files\\\/2017\\\/10\\\/ebba_gul-770x390.jpg\",\"width\":770,\"height\":390},{\"@type\":\"BreadcrumbList\",\"@id\":\"https:\\\/\\\/wp.kristdemokraterna.se\\\/linkoping\\\/ebba-busch-thor-inleder-valfardsturne-i-linkoping\\\/#breadcrumb\",\"itemListElement\":[{\"@type\":\"ListItem\",\"position\":1,\"name\":\"Hem\",\"item\":\"https:\\\/\\\/wp.kristdemokraterna.se\\\/linkoping\\\/\"},{\"@type\":\"ListItem\",\"position\":2,\"name\":\"Ebba Busch Thor inleder v\u00e4lf\u00e4rdsturn\u00e9 i Link\u00f6ping\"}]},{\"@type\":\"WebSite\",\"@id\":\"https:\\\/\\\/wp.kristdemokraterna.se\\\/linkoping\\\/#website\",\"url\":\"https:\\\/\\\/wp.kristdemokraterna.se\\\/linkoping\\\/\",\"name\":\"Kristdemokraterna i Link\u00f6ping\",\"description\":\"\",\"inLanguage\":\"sv-SE\"},{\"@type\":\"Person\",\"@id\":\"https:\\\/\\\/wp.kristdemokraterna.se\\\/linkoping\\\/#\\\/schema\\\/person\\\/b0148c3c8863db76d330faa282b9521a\",\"name\":\"linkoping\",\"image\":{\"@type\":\"ImageObject\",\"inLanguage\":\"sv-SE\",\"@id\":\"https:\\\/\\\/secure.gravatar.com\\\/avatar\\\/016e7965fec0e08fdd07b021a7d25181278d4b29b1d5bab57b16017e35421895?s=96&r=g\",\"url\":\"https:\\\/\\\/secure.gravatar.com\\\/avatar\\\/016e7965fec0e08fdd07b021a7d25181278d4b29b1d5bab57b16017e35421895?s=96&r=g\",\"contentUrl\":\"https:\\\/\\\/secure.gravatar.com\\\/avatar\\\/016e7965fec0e08fdd07b021a7d25181278d4b29b1d5bab57b16017e35421895?s=96&r=g\",\"caption\":\"linkoping\"},\"sameAs\":[\"https:\\\/\\\/www.facebook.com\\\/kdlinkoping\\\/\"],\"url\":\"https:\\\/\\\/wp.kristdemokraterna.se\\\/linkoping\\\/author\\\/linkoping\\\/\"}]}<\/script>\n<!-- \/ Yoast SEO plugin. -->","yoast_head_json":{"title":"Ebba Busch Thor inleder v\u00e4lf\u00e4rdsturn\u00e9 i Link\u00f6ping - Kristdemokraterna i Link\u00f6ping","robots":{"index":"index","follow":"follow","max-snippet":"max-snippet:-1","max-image-preview":"max-image-preview:large","max-video-preview":"max-video-preview:-1"},"canonical":"https:\/\/wp.kristdemokraterna.se\/linkoping\/ebba-busch-thor-inleder-valfardsturne-i-linkoping\/","og_locale":"sv_SE","og_type":"article","og_title":"Ebba Busch Thor inleder v\u00e4lf\u00e4rdsturn\u00e9 i Link\u00f6ping - Kristdemokraterna i Link\u00f6ping","og_description":"Kristdemokraternas partiledare Ebba Busch Thor inleder en resa i Sverige f\u00f6r att presentera v\u00e4lf\u00e4rdsl\u00f6ftet f\u00f6r \u00e4ldre. F\u00f6rsta stoppet &#8211; Link\u00f6ping. Ebba kommer att m\u00f6ta pension\u00e4rsorganisationer, bes\u00f6ka \u00e4ldreboenden och tillsammans med lokala f\u00f6retr\u00e4dare presentera ett \u00e4ldreprogram med f\u00f6rslag p\u00e5 kommunal niv\u00e5 f\u00f6r att garantera att \u00e4ldre har tillg\u00e5ng till en god v\u00e5rd och omsorg. F\u00f6rsta bes\u00f6ket Read More","og_url":"https:\/\/wp.kristdemokraterna.se\/linkoping\/ebba-busch-thor-inleder-valfardsturne-i-linkoping\/","og_site_name":"Kristdemokraterna i Link\u00f6ping","article_author":"https:\/\/www.facebook.com\/kdlinkoping\/","article_published_time":"2017-10-25T13:56:43+00:00","article_modified_time":"2021-08-13T09:48:30+00:00","og_image":[{"width":770,"height":390,"url":"https:\/\/wp.kristdemokraterna.se\/linkoping\/files\/2017\/10\/ebba_gul-770x390.jpg","type":"image\/jpeg"}],"author":"linkoping","twitter_card":"summary_large_image","twitter_misc":{"Skriven av":"linkoping","Ber\u00e4knad l\u00e4stid":"1 minut"},"schema":{"@context":"https:\/\/schema.org","@graph":[{"@type":"Article","@id":"https:\/\/wp.kristdemokraterna.se\/linkoping\/ebba-busch-thor-inleder-valfardsturne-i-linkoping\/#article","isPartOf":{"@id":"https:\/\/wp.kristdemokraterna.se\/linkoping\/ebba-busch-thor-inleder-valfardsturne-i-linkoping\/"},"author":{"name":"linkoping","@id":"https:\/\/wp.kristdemokraterna.se\/linkoping\/#\/schema\/person\/b0148c3c8863db76d330faa282b9521a"},"headline":"Ebba Busch Thor inleder v\u00e4lf\u00e4rdsturn\u00e9 i Link\u00f6ping","datePublished":"2017-10-25T13:56:43+00:00","dateModified":"2021-08-13T09:48:30+00:00","mainEntityOfPage":{"@id":"https:\/\/wp.kristdemokraterna.se\/linkoping\/ebba-busch-thor-inleder-valfardsturne-i-linkoping\/"},"wordCount":239,"image":{"@id":"https:\/\/wp.kristdemokraterna.se\/linkoping\/ebba-busch-thor-inleder-valfardsturne-i-linkoping\/#primaryimage"},"thumbnailUrl":"https:\/\/wp.kristdemokraterna.se\/linkoping\/files\/2017\/10\/ebba_gul-770x390.jpg","articleSection":["arkiv","okategoriserade"],"inLanguage":"sv-SE"},{"@type":"WebPage","@id":"https:\/\/wp.kristdemokraterna.se\/linkoping\/ebba-busch-thor-inleder-valfardsturne-i-linkoping\/","url":"https:\/\/wp.kristdemokraterna.se\/linkoping\/ebba-busch-thor-inleder-valfardsturne-i-linkoping\/","name":"Ebba Busch Thor inleder v\u00e4lf\u00e4rdsturn\u00e9 i Link\u00f6ping - Kristdemokraterna i Link\u00f6ping","isPartOf":{"@id":"https:\/\/wp.kristdemokraterna.se\/linkoping\/#website"},"primaryImageOfPage":{"@id":"https:\/\/wp.kristdemokraterna.se\/linkoping\/ebba-busch-thor-inleder-valfardsturne-i-linkoping\/#primaryimage"},"image":{"@id":"https:\/\/wp.kristdemokraterna.se\/linkoping\/ebba-busch-thor-inleder-valfardsturne-i-linkoping\/#primaryimage"},"thumbnailUrl":"https:\/\/wp.kristdemokraterna.se\/linkoping\/files\/2017\/10\/ebba_gul-770x390.jpg","datePublished":"2017-10-25T13:56:43+00:00","dateModified":"2021-08-13T09:48:30+00:00","author":{"@id":"https:\/\/wp.kristdemokraterna.se\/linkoping\/#\/schema\/person\/b0148c3c8863db76d330faa282b9521a"},"breadcrumb":{"@id":"https:\/\/wp.kristdemokraterna.se\/linkoping\/ebba-busch-thor-inleder-valfardsturne-i-linkoping\/#breadcrumb"},"inLanguage":"sv-SE","potentialAction":[{"@type":"ReadAction","target":["https:\/\/wp.kristdemokraterna.se\/linkoping\/ebba-busch-thor-inleder-valfardsturne-i-linkoping\/"]}]},{"@type":"ImageObject","inLanguage":"sv-SE","@id":"https:\/\/wp.kristdemokraterna.se\/linkoping\/ebba-busch-thor-inleder-valfardsturne-i-linkoping\/#primaryimage","url":"https:\/\/wp.kristdemokraterna.se\/linkoping\/files\/2017\/10\/ebba_gul-770x390.jpg","contentUrl":"https:\/\/wp.kristdemokraterna.se\/linkoping\/files\/2017\/10\/ebba_gul-770x390.jpg","width":770,"height":390},{"@type":"BreadcrumbList","@id":"https:\/\/wp.kristdemokraterna.se\/linkoping\/ebba-busch-thor-inleder-valfardsturne-i-linkoping\/#breadcrumb","itemListElement":[{"@type":"ListItem","position":1,"name":"Hem","item":"https:\/\/wp.kristdemokraterna.se\/linkoping\/"},{"@type":"ListItem","position":2,"name":"Ebba Busch Thor inleder v\u00e4lf\u00e4rdsturn\u00e9 i Link\u00f6ping"}]},{"@type":"WebSite","@id":"https:\/\/wp.kristdemokraterna.se\/linkoping\/#website","url":"https:\/\/wp.kristdemokraterna.se\/linkoping\/","name":"Kristdemokraterna i Link\u00f6ping","description":"","inLanguage":"sv-SE"},{"@type":"Person","@id":"https:\/\/wp.kristdemokraterna.se\/linkoping\/#\/schema\/person\/b0148c3c8863db76d330faa282b9521a","name":"linkoping","image":{"@type":"ImageObject","inLanguage":"sv-SE","@id":"https:\/\/secure.gravatar.com\/avatar\/016e7965fec0e08fdd07b021a7d25181278d4b29b1d5bab57b16017e35421895?s=96&r=g","url":"https:\/\/secure.gravatar.com\/avatar\/016e7965fec0e08fdd07b021a7d25181278d4b29b1d5bab57b16017e35421895?s=96&r=g","contentUrl":"https:\/\/secure.gravatar.com\/avatar\/016e7965fec0e08fdd07b021a7d25181278d4b29b1d5bab57b16017e35421895?s=96&r=g","caption":"linkoping"},"sameAs":["https:\/\/www.facebook.com\/kdlinkoping\/"],"url":"https:\/\/wp.kristdemokraterna.se\/linkoping\/author\/linkoping\/"}]}},"_links":{"self":[{"href":"https:\/\/wp.kristdemokraterna.se\/linkoping\/wp-json\/wp\/v2\/posts\/731","targetHints":{"allow":["GET"]}}],"collection":[{"href":"https:\/\/wp.kristdemokraterna.se\/linkoping\/wp-json\/wp\/v2\/posts"}],"about":[{"href":"https:\/\/wp.kristdemokraterna.se\/linkoping\/wp-json\/wp\/v2\/types\/post"}],"author":[{"embeddable":true,"href":"https:\/\/wp.kristdemokraterna.se\/linkoping\/wp-json\/wp\/v2\/users\/410"}],"replies":[{"embeddable":true,"href":"https:\/\/wp.kristdemokraterna.se\/linkoping\/wp-json\/wp\/v2\/comments?post=731"}],"version-history":[{"count":4,"href":"https:\/\/wp.kristdemokraterna.se\/linkoping\/wp-json\/wp\/v2\/posts\/731\/revisions"}],"predecessor-version":[{"id":737,"href":"https:\/\/wp.kristdemokraterna.se\/linkoping\/wp-json\/wp\/v2\/posts\/731\/revisions\/737"}],"wp:featuredmedia":[{"embeddable":true,"href":"https:\/\/wp.kristdemokraterna.se\/linkoping\/wp-json\/wp\/v2\/media\/732"}],"wp:attachment":[{"href":"https:\/\/wp.kristdemokraterna.se\/linkoping\/wp-json\/wp\/v2\/media?parent=731"}],"wp:term":[{"taxonomy":"category","embeddable":true,"href":"https:\/\/wp.kristdemokraterna.se\/linkoping\/wp-json\/wp\/v2\/categories?post=731"},{"taxonomy":"post_tag","embeddable":true,"href":"https:\/\/wp.kristdemokraterna.se\/linkoping\/wp-json\/wp\/v2\/tags?post=731"}],"curies":[{"name":"wp","href":"https:\/\/api.w.org\/{rel}","templated":true}]}}