{"id":739,"date":"2017-12-13T15:15:35","date_gmt":"2017-12-13T14:15:35","guid":{"rendered":"http:\/\/wp.kristdemokraterna.se\/linkoping\/?p=739"},"modified":"2021-08-13T11:48:30","modified_gmt":"2021-08-13T09:48:30","slug":"kristdemokraternas-valsedel-faststalld-av-extra-arsmote","status":"publish","type":"post","link":"https:\/\/wp.kristdemokraterna.se\/linkoping\/kristdemokraternas-valsedel-faststalld-av-extra-arsmote\/","title":{"rendered":"Kristdemokraternas valsedel  fastst\u00e4lld av extra \u00e5rsm\u00f6te"},"content":{"rendered":"<p><strong>Under m\u00e5ndagskv\u00e4llen r\u00f6stade Kristdemokraterna i Link\u00f6pings \u00e5rsm\u00f6te igenom den valsedel som ska g\u00e4lla inf\u00f6r kommande \u00e5rs val. Nuvarande kommunalr\u00e5d Sara Skyttedal toppar listan.<\/strong><\/p>\n<p>&#8211; Jag \u00e4r laddad f\u00f6r valr\u00f6relsen. Vi ger Link\u00f6pings medborgare ett tydligt alternativ f\u00f6r de som vill skifta prioriteringar fr\u00e5n monumentala skrytbyggen till k\u00e4rnuppgifterna i v\u00e4lf\u00e4rden, s\u00e4ger kommunalr\u00e5d Sara Skyttedal.<\/p>\n<p>Liselotte Fager, Per Larsson, Magnus Engstr\u00f6m och Yvonne Svalin, som alla idag sitter i kommunfullm\u00e4ktige, f\u00f6ljer efter Skyttedal p\u00e5 kommunlistan.<\/p>\n<p>&#8211; Vi har en bra laguppst\u00e4llning som jag verkligen tror p\u00e5. Vi \u00e4r en bred grupp med kristdemokrater fr\u00e5n alla \u00e5ldrar och med olika erfarenheter d\u00e4r alla har mycket att bidra med, s\u00e4ger lokalavdelnings ordf\u00f6rande Magnus Engstr\u00f6m.<\/p>\n<p>&nbsp;<\/p>\n<p><a href=\"https:\/\/wp.kristdemokraterna.se\/linkoping\/files\/2018\/03\/180118_slutgiltig-kommunlista.pdf\">Hela listan hittar du h\u00e4r<\/a><\/p>\n","protected":false},"excerpt":{"rendered":"<p>Under m\u00e5ndagskv\u00e4llen r\u00f6stade Kristdemokraterna i Link\u00f6pings \u00e5rsm\u00f6te igenom den valsedel som ska g\u00e4lla inf\u00f6r kommande \u00e5rs val. Nuvarande kommunalr\u00e5d Sara Skyttedal toppar listan. &#8211; Jag \u00e4r laddad f\u00f6r valr\u00f6relsen. Vi ger Link\u00f6pings medborgare ett tydligt alternativ f\u00f6r de som vill skifta prioriteringar fr\u00e5n monumentala skrytbyggen till k\u00e4rnuppgifterna i v\u00e4lf\u00e4rden, s\u00e4ger kommunalr\u00e5d Sara Skyttedal. Liselotte Fager, <a class=\"read-more-link\" href=\"https:\/\/wp.kristdemokraterna.se\/linkoping\/kristdemokraternas-valsedel-faststalld-av-extra-arsmote\/\">Read More<\/a><\/p>\n","protected":false},"author":410,"featured_media":740,"comment_status":"closed","ping_status":"closed","sticky":false,"template":"","format":"standard","meta":{"_acf_changed":false,"footnotes":""},"categories":[22,1],"tags":[],"class_list":["post-739","post","type-post","status-publish","format-standard","hentry","category-arkiv","category-okategoriserade"],"acf":[],"yoast_head":"<!-- This site is optimized with the Yoast SEO plugin v27.4 - https:\/\/yoast.com\/product\/yoast-seo-wordpress\/ -->\n<title>Kristdemokraternas valsedel fastst\u00e4lld av extra \u00e5rsm\u00f6te - Kristdemokraterna i Link\u00f6ping<\/title>\n<meta name=\"robots\" content=\"index, follow, max-snippet:-1, max-image-preview:large, max-video-preview:-1\" \/>\n<link rel=\"canonical\" href=\"https:\/\/wp.kristdemokraterna.se\/linkoping\/kristdemokraternas-valsedel-faststalld-av-extra-arsmote\/\" \/>\n<meta property=\"og:locale\" content=\"sv_SE\" \/>\n<meta property=\"og:type\" content=\"article\" \/>\n<meta property=\"og:title\" content=\"Kristdemokraternas valsedel fastst\u00e4lld av extra \u00e5rsm\u00f6te - Kristdemokraterna i Link\u00f6ping\" \/>\n<meta property=\"og:description\" content=\"Under m\u00e5ndagskv\u00e4llen r\u00f6stade Kristdemokraterna i Link\u00f6pings \u00e5rsm\u00f6te igenom den valsedel som ska g\u00e4lla inf\u00f6r kommande \u00e5rs val. Nuvarande kommunalr\u00e5d Sara Skyttedal toppar listan. &#8211; Jag \u00e4r laddad f\u00f6r valr\u00f6relsen. Vi ger Link\u00f6pings medborgare ett tydligt alternativ f\u00f6r de som vill skifta prioriteringar fr\u00e5n monumentala skrytbyggen till k\u00e4rnuppgifterna i v\u00e4lf\u00e4rden, s\u00e4ger kommunalr\u00e5d Sara Skyttedal. Liselotte Fager, Read More\" \/>\n<meta property=\"og:url\" content=\"https:\/\/wp.kristdemokraterna.se\/linkoping\/kristdemokraternas-valsedel-faststalld-av-extra-arsmote\/\" \/>\n<meta property=\"og:site_name\" content=\"Kristdemokraterna i Link\u00f6ping\" \/>\n<meta property=\"article:author\" content=\"https:\/\/www.facebook.com\/kdlinkoping\/\" \/>\n<meta property=\"article:published_time\" content=\"2017-12-13T14:15:35+00:00\" \/>\n<meta property=\"article:modified_time\" content=\"2021-08-13T09:48:30+00:00\" \/>\n<meta property=\"og:image\" content=\"https:\/\/wp.kristdemokraterna.se\/linkoping\/files\/2017\/12\/25074982_1927345183949127_5899027840848290168_o.jpg\" \/>\n\t<meta property=\"og:image:width\" content=\"2048\" \/>\n\t<meta property=\"og:image:height\" content=\"1361\" \/>\n\t<meta property=\"og:image:type\" content=\"image\/jpeg\" \/>\n<meta name=\"author\" content=\"linkoping\" \/>\n<meta name=\"twitter:card\" content=\"summary_large_image\" \/>\n<meta name=\"twitter:label1\" content=\"Skriven av\" \/>\n\t<meta name=\"twitter:data1\" content=\"linkoping\" \/>\n\t<meta name=\"twitter:label2\" content=\"Ber\u00e4knad l\u00e4stid\" \/>\n\t<meta name=\"twitter:data2\" content=\"1 minut\" \/>\n<script type=\"application\/ld+json\" class=\"yoast-schema-graph\">{\"@context\":\"https:\\\/\\\/schema.org\",\"@graph\":[{\"@type\":\"Article\",\"@id\":\"https:\\\/\\\/wp.kristdemokraterna.se\\\/linkoping\\\/kristdemokraternas-valsedel-faststalld-av-extra-arsmote\\\/#article\",\"isPartOf\":{\"@id\":\"https:\\\/\\\/wp.kristdemokraterna.se\\\/linkoping\\\/kristdemokraternas-valsedel-faststalld-av-extra-arsmote\\\/\"},\"author\":{\"name\":\"linkoping\",\"@id\":\"https:\\\/\\\/wp.kristdemokraterna.se\\\/linkoping\\\/#\\\/schema\\\/person\\\/b0148c3c8863db76d330faa282b9521a\"},\"headline\":\"Kristdemokraternas valsedel fastst\u00e4lld av extra \u00e5rsm\u00f6te\",\"datePublished\":\"2017-12-13T14:15:35+00:00\",\"dateModified\":\"2021-08-13T09:48:30+00:00\",\"mainEntityOfPage\":{\"@id\":\"https:\\\/\\\/wp.kristdemokraterna.se\\\/linkoping\\\/kristdemokraternas-valsedel-faststalld-av-extra-arsmote\\\/\"},\"wordCount\":152,\"image\":{\"@id\":\"https:\\\/\\\/wp.kristdemokraterna.se\\\/linkoping\\\/kristdemokraternas-valsedel-faststalld-av-extra-arsmote\\\/#primaryimage\"},\"thumbnailUrl\":\"https:\\\/\\\/wp.kristdemokraterna.se\\\/linkoping\\\/files\\\/2017\\\/12\\\/25074982_1927345183949127_5899027840848290168_o.jpg\",\"articleSection\":[\"arkiv\",\"okategoriserade\"],\"inLanguage\":\"sv-SE\"},{\"@type\":\"WebPage\",\"@id\":\"https:\\\/\\\/wp.kristdemokraterna.se\\\/linkoping\\\/kristdemokraternas-valsedel-faststalld-av-extra-arsmote\\\/\",\"url\":\"https:\\\/\\\/wp.kristdemokraterna.se\\\/linkoping\\\/kristdemokraternas-valsedel-faststalld-av-extra-arsmote\\\/\",\"name\":\"Kristdemokraternas valsedel fastst\u00e4lld av extra \u00e5rsm\u00f6te - Kristdemokraterna i Link\u00f6ping\",\"isPartOf\":{\"@id\":\"https:\\\/\\\/wp.kristdemokraterna.se\\\/linkoping\\\/#website\"},\"primaryImageOfPage\":{\"@id\":\"https:\\\/\\\/wp.kristdemokraterna.se\\\/linkoping\\\/kristdemokraternas-valsedel-faststalld-av-extra-arsmote\\\/#primaryimage\"},\"image\":{\"@id\":\"https:\\\/\\\/wp.kristdemokraterna.se\\\/linkoping\\\/kristdemokraternas-valsedel-faststalld-av-extra-arsmote\\\/#primaryimage\"},\"thumbnailUrl\":\"https:\\\/\\\/wp.kristdemokraterna.se\\\/linkoping\\\/files\\\/2017\\\/12\\\/25074982_1927345183949127_5899027840848290168_o.jpg\",\"datePublished\":\"2017-12-13T14:15:35+00:00\",\"dateModified\":\"2021-08-13T09:48:30+00:00\",\"author\":{\"@id\":\"https:\\\/\\\/wp.kristdemokraterna.se\\\/linkoping\\\/#\\\/schema\\\/person\\\/b0148c3c8863db76d330faa282b9521a\"},\"breadcrumb\":{\"@id\":\"https:\\\/\\\/wp.kristdemokraterna.se\\\/linkoping\\\/kristdemokraternas-valsedel-faststalld-av-extra-arsmote\\\/#breadcrumb\"},\"inLanguage\":\"sv-SE\",\"potentialAction\":[{\"@type\":\"ReadAction\",\"target\":[\"https:\\\/\\\/wp.kristdemokraterna.se\\\/linkoping\\\/kristdemokraternas-valsedel-faststalld-av-extra-arsmote\\\/\"]}]},{\"@type\":\"ImageObject\",\"inLanguage\":\"sv-SE\",\"@id\":\"https:\\\/\\\/wp.kristdemokraterna.se\\\/linkoping\\\/kristdemokraternas-valsedel-faststalld-av-extra-arsmote\\\/#primaryimage\",\"url\":\"https:\\\/\\\/wp.kristdemokraterna.se\\\/linkoping\\\/files\\\/2017\\\/12\\\/25074982_1927345183949127_5899027840848290168_o.jpg\",\"contentUrl\":\"https:\\\/\\\/wp.kristdemokraterna.se\\\/linkoping\\\/files\\\/2017\\\/12\\\/25074982_1927345183949127_5899027840848290168_o.jpg\",\"width\":2048,\"height\":1361},{\"@type\":\"BreadcrumbList\",\"@id\":\"https:\\\/\\\/wp.kristdemokraterna.se\\\/linkoping\\\/kristdemokraternas-valsedel-faststalld-av-extra-arsmote\\\/#breadcrumb\",\"itemListElement\":[{\"@type\":\"ListItem\",\"position\":1,\"name\":\"Hem\",\"item\":\"https:\\\/\\\/wp.kristdemokraterna.se\\\/linkoping\\\/\"},{\"@type\":\"ListItem\",\"position\":2,\"name\":\"Kristdemokraternas valsedel fastst\u00e4lld av extra \u00e5rsm\u00f6te\"}]},{\"@type\":\"WebSite\",\"@id\":\"https:\\\/\\\/wp.kristdemokraterna.se\\\/linkoping\\\/#website\",\"url\":\"https:\\\/\\\/wp.kristdemokraterna.se\\\/linkoping\\\/\",\"name\":\"Kristdemokraterna i Link\u00f6ping\",\"description\":\"\",\"inLanguage\":\"sv-SE\"},{\"@type\":\"Person\",\"@id\":\"https:\\\/\\\/wp.kristdemokraterna.se\\\/linkoping\\\/#\\\/schema\\\/person\\\/b0148c3c8863db76d330faa282b9521a\",\"name\":\"linkoping\",\"image\":{\"@type\":\"ImageObject\",\"inLanguage\":\"sv-SE\",\"@id\":\"https:\\\/\\\/secure.gravatar.com\\\/avatar\\\/016e7965fec0e08fdd07b021a7d25181278d4b29b1d5bab57b16017e35421895?s=96&r=g\",\"url\":\"https:\\\/\\\/secure.gravatar.com\\\/avatar\\\/016e7965fec0e08fdd07b021a7d25181278d4b29b1d5bab57b16017e35421895?s=96&r=g\",\"contentUrl\":\"https:\\\/\\\/secure.gravatar.com\\\/avatar\\\/016e7965fec0e08fdd07b021a7d25181278d4b29b1d5bab57b16017e35421895?s=96&r=g\",\"caption\":\"linkoping\"},\"sameAs\":[\"https:\\\/\\\/www.facebook.com\\\/kdlinkoping\\\/\"],\"url\":\"https:\\\/\\\/wp.kristdemokraterna.se\\\/linkoping\\\/author\\\/linkoping\\\/\"}]}<\/script>\n<!-- \/ Yoast SEO plugin. -->","yoast_head_json":{"title":"Kristdemokraternas valsedel fastst\u00e4lld av extra \u00e5rsm\u00f6te - Kristdemokraterna i Link\u00f6ping","robots":{"index":"index","follow":"follow","max-snippet":"max-snippet:-1","max-image-preview":"max-image-preview:large","max-video-preview":"max-video-preview:-1"},"canonical":"https:\/\/wp.kristdemokraterna.se\/linkoping\/kristdemokraternas-valsedel-faststalld-av-extra-arsmote\/","og_locale":"sv_SE","og_type":"article","og_title":"Kristdemokraternas valsedel fastst\u00e4lld av extra \u00e5rsm\u00f6te - Kristdemokraterna i Link\u00f6ping","og_description":"Under m\u00e5ndagskv\u00e4llen r\u00f6stade Kristdemokraterna i Link\u00f6pings \u00e5rsm\u00f6te igenom den valsedel som ska g\u00e4lla inf\u00f6r kommande \u00e5rs val. Nuvarande kommunalr\u00e5d Sara Skyttedal toppar listan. &#8211; Jag \u00e4r laddad f\u00f6r valr\u00f6relsen. Vi ger Link\u00f6pings medborgare ett tydligt alternativ f\u00f6r de som vill skifta prioriteringar fr\u00e5n monumentala skrytbyggen till k\u00e4rnuppgifterna i v\u00e4lf\u00e4rden, s\u00e4ger kommunalr\u00e5d Sara Skyttedal. Liselotte Fager, Read More","og_url":"https:\/\/wp.kristdemokraterna.se\/linkoping\/kristdemokraternas-valsedel-faststalld-av-extra-arsmote\/","og_site_name":"Kristdemokraterna i Link\u00f6ping","article_author":"https:\/\/www.facebook.com\/kdlinkoping\/","article_published_time":"2017-12-13T14:15:35+00:00","article_modified_time":"2021-08-13T09:48:30+00:00","og_image":[{"width":2048,"height":1361,"url":"https:\/\/wp.kristdemokraterna.se\/linkoping\/files\/2017\/12\/25074982_1927345183949127_5899027840848290168_o.jpg","type":"image\/jpeg"}],"author":"linkoping","twitter_card":"summary_large_image","twitter_misc":{"Skriven av":"linkoping","Ber\u00e4knad l\u00e4stid":"1 minut"},"schema":{"@context":"https:\/\/schema.org","@graph":[{"@type":"Article","@id":"https:\/\/wp.kristdemokraterna.se\/linkoping\/kristdemokraternas-valsedel-faststalld-av-extra-arsmote\/#article","isPartOf":{"@id":"https:\/\/wp.kristdemokraterna.se\/linkoping\/kristdemokraternas-valsedel-faststalld-av-extra-arsmote\/"},"author":{"name":"linkoping","@id":"https:\/\/wp.kristdemokraterna.se\/linkoping\/#\/schema\/person\/b0148c3c8863db76d330faa282b9521a"},"headline":"Kristdemokraternas valsedel fastst\u00e4lld av extra \u00e5rsm\u00f6te","datePublished":"2017-12-13T14:15:35+00:00","dateModified":"2021-08-13T09:48:30+00:00","mainEntityOfPage":{"@id":"https:\/\/wp.kristdemokraterna.se\/linkoping\/kristdemokraternas-valsedel-faststalld-av-extra-arsmote\/"},"wordCount":152,"image":{"@id":"https:\/\/wp.kristdemokraterna.se\/linkoping\/kristdemokraternas-valsedel-faststalld-av-extra-arsmote\/#primaryimage"},"thumbnailUrl":"https:\/\/wp.kristdemokraterna.se\/linkoping\/files\/2017\/12\/25074982_1927345183949127_5899027840848290168_o.jpg","articleSection":["arkiv","okategoriserade"],"inLanguage":"sv-SE"},{"@type":"WebPage","@id":"https:\/\/wp.kristdemokraterna.se\/linkoping\/kristdemokraternas-valsedel-faststalld-av-extra-arsmote\/","url":"https:\/\/wp.kristdemokraterna.se\/linkoping\/kristdemokraternas-valsedel-faststalld-av-extra-arsmote\/","name":"Kristdemokraternas valsedel fastst\u00e4lld av extra \u00e5rsm\u00f6te - Kristdemokraterna i Link\u00f6ping","isPartOf":{"@id":"https:\/\/wp.kristdemokraterna.se\/linkoping\/#website"},"primaryImageOfPage":{"@id":"https:\/\/wp.kristdemokraterna.se\/linkoping\/kristdemokraternas-valsedel-faststalld-av-extra-arsmote\/#primaryimage"},"image":{"@id":"https:\/\/wp.kristdemokraterna.se\/linkoping\/kristdemokraternas-valsedel-faststalld-av-extra-arsmote\/#primaryimage"},"thumbnailUrl":"https:\/\/wp.kristdemokraterna.se\/linkoping\/files\/2017\/12\/25074982_1927345183949127_5899027840848290168_o.jpg","datePublished":"2017-12-13T14:15:35+00:00","dateModified":"2021-08-13T09:48:30+00:00","author":{"@id":"https:\/\/wp.kristdemokraterna.se\/linkoping\/#\/schema\/person\/b0148c3c8863db76d330faa282b9521a"},"breadcrumb":{"@id":"https:\/\/wp.kristdemokraterna.se\/linkoping\/kristdemokraternas-valsedel-faststalld-av-extra-arsmote\/#breadcrumb"},"inLanguage":"sv-SE","potentialAction":[{"@type":"ReadAction","target":["https:\/\/wp.kristdemokraterna.se\/linkoping\/kristdemokraternas-valsedel-faststalld-av-extra-arsmote\/"]}]},{"@type":"ImageObject","inLanguage":"sv-SE","@id":"https:\/\/wp.kristdemokraterna.se\/linkoping\/kristdemokraternas-valsedel-faststalld-av-extra-arsmote\/#primaryimage","url":"https:\/\/wp.kristdemokraterna.se\/linkoping\/files\/2017\/12\/25074982_1927345183949127_5899027840848290168_o.jpg","contentUrl":"https:\/\/wp.kristdemokraterna.se\/linkoping\/files\/2017\/12\/25074982_1927345183949127_5899027840848290168_o.jpg","width":2048,"height":1361},{"@type":"BreadcrumbList","@id":"https:\/\/wp.kristdemokraterna.se\/linkoping\/kristdemokraternas-valsedel-faststalld-av-extra-arsmote\/#breadcrumb","itemListElement":[{"@type":"ListItem","position":1,"name":"Hem","item":"https:\/\/wp.kristdemokraterna.se\/linkoping\/"},{"@type":"ListItem","position":2,"name":"Kristdemokraternas valsedel fastst\u00e4lld av extra \u00e5rsm\u00f6te"}]},{"@type":"WebSite","@id":"https:\/\/wp.kristdemokraterna.se\/linkoping\/#website","url":"https:\/\/wp.kristdemokraterna.se\/linkoping\/","name":"Kristdemokraterna i Link\u00f6ping","description":"","inLanguage":"sv-SE"},{"@type":"Person","@id":"https:\/\/wp.kristdemokraterna.se\/linkoping\/#\/schema\/person\/b0148c3c8863db76d330faa282b9521a","name":"linkoping","image":{"@type":"ImageObject","inLanguage":"sv-SE","@id":"https:\/\/secure.gravatar.com\/avatar\/016e7965fec0e08fdd07b021a7d25181278d4b29b1d5bab57b16017e35421895?s=96&r=g","url":"https:\/\/secure.gravatar.com\/avatar\/016e7965fec0e08fdd07b021a7d25181278d4b29b1d5bab57b16017e35421895?s=96&r=g","contentUrl":"https:\/\/secure.gravatar.com\/avatar\/016e7965fec0e08fdd07b021a7d25181278d4b29b1d5bab57b16017e35421895?s=96&r=g","caption":"linkoping"},"sameAs":["https:\/\/www.facebook.com\/kdlinkoping\/"],"url":"https:\/\/wp.kristdemokraterna.se\/linkoping\/author\/linkoping\/"}]}},"_links":{"self":[{"href":"https:\/\/wp.kristdemokraterna.se\/linkoping\/wp-json\/wp\/v2\/posts\/739","targetHints":{"allow":["GET"]}}],"collection":[{"href":"https:\/\/wp.kristdemokraterna.se\/linkoping\/wp-json\/wp\/v2\/posts"}],"about":[{"href":"https:\/\/wp.kristdemokraterna.se\/linkoping\/wp-json\/wp\/v2\/types\/post"}],"author":[{"embeddable":true,"href":"https:\/\/wp.kristdemokraterna.se\/linkoping\/wp-json\/wp\/v2\/users\/410"}],"replies":[{"embeddable":true,"href":"https:\/\/wp.kristdemokraterna.se\/linkoping\/wp-json\/wp\/v2\/comments?post=739"}],"version-history":[{"count":5,"href":"https:\/\/wp.kristdemokraterna.se\/linkoping\/wp-json\/wp\/v2\/posts\/739\/revisions"}],"predecessor-version":[{"id":789,"href":"https:\/\/wp.kristdemokraterna.se\/linkoping\/wp-json\/wp\/v2\/posts\/739\/revisions\/789"}],"wp:featuredmedia":[{"embeddable":true,"href":"https:\/\/wp.kristdemokraterna.se\/linkoping\/wp-json\/wp\/v2\/media\/740"}],"wp:attachment":[{"href":"https:\/\/wp.kristdemokraterna.se\/linkoping\/wp-json\/wp\/v2\/media?parent=739"}],"wp:term":[{"taxonomy":"category","embeddable":true,"href":"https:\/\/wp.kristdemokraterna.se\/linkoping\/wp-json\/wp\/v2\/categories?post=739"},{"taxonomy":"post_tag","embeddable":true,"href":"https:\/\/wp.kristdemokraterna.se\/linkoping\/wp-json\/wp\/v2\/tags?post=739"}],"curies":[{"name":"wp","href":"https:\/\/api.w.org\/{rel}","templated":true}]}}