{"id":743,"date":"2017-12-21T09:52:22","date_gmt":"2017-12-21T08:52:22","guid":{"rendered":"http:\/\/wp.kristdemokraterna.se\/linkoping\/?p=743"},"modified":"2021-08-13T11:48:06","modified_gmt":"2021-08-13T09:48:06","slug":"infor-integrationsplikt-i-linkoping","status":"publish","type":"post","link":"https:\/\/wp.kristdemokraterna.se\/linkoping\/infor-integrationsplikt-i-linkoping\/","title":{"rendered":"Inf\u00f6r integrationsplikt i Link\u00f6ping"},"content":{"rendered":"<p><strong>Integrationsfr\u00e5gan \u00e4r en av de allra st\u00f6rsta utmaningarna f\u00f6r Link\u00f6ping under de kommande \u00e5ren. Utifr\u00e5n situationen med ett v\u00e4xande utanf\u00f6rskap har Kristdemokraterna l\u00e4mnat in en motion om att inf\u00f6ra en integrationsplikt i Link\u00f6ping. Den kopplas till individuella etableringsplaner med krav p\u00e5 n\u00e4rvaro, aktivt deltagande och progression kopplat till SFI, arbetsmarknadsinsatser och samh\u00e4llsorientering. Fr\u00e5ng\u00e5s planen f\u00f6r den enskilde uteblir r\u00e4tten till f\u00f6rs\u00f6rjningsst\u00f6d och andra f\u00f6rm\u00e5ner.<\/strong><\/p>\n<p>&#8211; De kommande \u00e5ren v\u00e4ntas kostnaderna f\u00f6r f\u00f6rs\u00f6rjningsst\u00f6d \u00f6ka i Link\u00f6ping. Det medf\u00f6r en stor ekonomisk risk f\u00f6r kommunen, men det inneb\u00e4r ocks\u00e5 att det \u00e4r fler m\u00e4nniskor som saknar koppling till arbetsmarknad och kontakter med samh\u00e4llet i \u00f6vrigt. Vi vill bryta isolering och utanf\u00f6rskap och koppla r\u00e4tten till olika f\u00f6rm\u00e5ner till skyldigheter att g\u00f6ra insatser f\u00f6r att integreras. Vi tror att \u00f6kad tydlighet kommer vara ett v\u00e4rdefullt redskap f\u00f6r den enskilde vad som f\u00f6rv\u00e4ntas f\u00f6r att bli en del av samh\u00e4llsgemenskapen, s\u00e4ger Sara Skyttedal.<\/p>\n<p>I f\u00f6rslaget som Kristdemokraterna presenterar ligger fokus p\u00e5 framf\u00f6rallt spr\u00e5kinl\u00e4rning och samh\u00e4llsorientering med v\u00e4rderingsfokus. Dessutom f\u00f6resl\u00e5r vi att de som studerar SFI ska kombinera det med praktik f\u00f6r att f\u00e5 arbetslivserfarenhet redan under studietiden.<\/p>\n<p>\u2013 Kristdemokraterna har redan i v\u00e5r budgetmotion f\u00f6reslagit krav p\u00e5 motprestation f\u00f6r att erh\u00e5lla f\u00f6rs\u00f6rjningsst\u00f6d. Nu vill vi ytterligare tydligg\u00f6ra detta genom att denna integrationsplikt. Link\u00f6ping har inte r\u00e5d att forts\u00e4tta med handlingsf\u00f6rlamning och se p\u00e5 n\u00e4r utanf\u00f6rskapet v\u00e4xer, avslutar Skyttedal.<\/p>\n<p>&nbsp;<\/p>\n<p><a href=\"https:\/\/wp.kristdemokraterna.se\/linkoping\/files\/2018\/01\/motion-kd-integrationsplikt-i-linkoping-.pdf\">L\u00e4s motionen i sin helhet h\u00e4r<\/a><\/p>\n<p>&nbsp;<\/p>\n","protected":false},"excerpt":{"rendered":"<p>Integrationsfr\u00e5gan \u00e4r en av de allra st\u00f6rsta utmaningarna f\u00f6r Link\u00f6ping under de kommande \u00e5ren. Utifr\u00e5n situationen med ett v\u00e4xande utanf\u00f6rskap har Kristdemokraterna l\u00e4mnat in en motion om att inf\u00f6ra en integrationsplikt i Link\u00f6ping. Den kopplas till individuella etableringsplaner med krav p\u00e5 n\u00e4rvaro, aktivt deltagande och progression kopplat till SFI, arbetsmarknadsinsatser och samh\u00e4llsorientering. Fr\u00e5ng\u00e5s planen f\u00f6r <a class=\"read-more-link\" href=\"https:\/\/wp.kristdemokraterna.se\/linkoping\/infor-integrationsplikt-i-linkoping\/\">Read More<\/a><\/p>\n","protected":false},"author":410,"featured_media":744,"comment_status":"closed","ping_status":"closed","sticky":false,"template":"","format":"standard","meta":{"_acf_changed":false,"footnotes":""},"categories":[22,1],"tags":[],"class_list":["post-743","post","type-post","status-publish","format-standard","hentry","category-arkiv","category-okategoriserade"],"acf":[],"yoast_head":"<!-- This site is optimized with the Yoast SEO plugin v27.4 - https:\/\/yoast.com\/product\/yoast-seo-wordpress\/ -->\n<title>Inf\u00f6r integrationsplikt i Link\u00f6ping - Kristdemokraterna i Link\u00f6ping<\/title>\n<meta name=\"robots\" content=\"index, follow, max-snippet:-1, max-image-preview:large, max-video-preview:-1\" \/>\n<link rel=\"canonical\" href=\"https:\/\/wp.kristdemokraterna.se\/linkoping\/infor-integrationsplikt-i-linkoping\/\" \/>\n<meta property=\"og:locale\" content=\"sv_SE\" \/>\n<meta property=\"og:type\" content=\"article\" \/>\n<meta property=\"og:title\" content=\"Inf\u00f6r integrationsplikt i Link\u00f6ping - Kristdemokraterna i Link\u00f6ping\" \/>\n<meta property=\"og:description\" content=\"Integrationsfr\u00e5gan \u00e4r en av de allra st\u00f6rsta utmaningarna f\u00f6r Link\u00f6ping under de kommande \u00e5ren. Utifr\u00e5n situationen med ett v\u00e4xande utanf\u00f6rskap har Kristdemokraterna l\u00e4mnat in en motion om att inf\u00f6ra en integrationsplikt i Link\u00f6ping. Den kopplas till individuella etableringsplaner med krav p\u00e5 n\u00e4rvaro, aktivt deltagande och progression kopplat till SFI, arbetsmarknadsinsatser och samh\u00e4llsorientering. Fr\u00e5ng\u00e5s planen f\u00f6r Read More\" \/>\n<meta property=\"og:url\" content=\"https:\/\/wp.kristdemokraterna.se\/linkoping\/infor-integrationsplikt-i-linkoping\/\" \/>\n<meta property=\"og:site_name\" content=\"Kristdemokraterna i Link\u00f6ping\" \/>\n<meta property=\"article:author\" content=\"https:\/\/www.facebook.com\/kdlinkoping\/\" \/>\n<meta property=\"article:published_time\" content=\"2017-12-21T08:52:22+00:00\" \/>\n<meta property=\"article:modified_time\" content=\"2021-08-13T09:48:06+00:00\" \/>\n<meta property=\"og:image\" content=\"https:\/\/wp.kristdemokraterna.se\/linkoping\/files\/2017\/12\/delabild-snjjtkmgz.png\" \/>\n\t<meta property=\"og:image:width\" content=\"1200\" \/>\n\t<meta property=\"og:image:height\" content=\"630\" \/>\n\t<meta property=\"og:image:type\" content=\"image\/png\" \/>\n<meta name=\"author\" content=\"linkoping\" \/>\n<meta name=\"twitter:card\" content=\"summary_large_image\" \/>\n<meta name=\"twitter:label1\" content=\"Skriven av\" \/>\n\t<meta name=\"twitter:data1\" content=\"linkoping\" \/>\n\t<meta name=\"twitter:label2\" content=\"Ber\u00e4knad l\u00e4stid\" \/>\n\t<meta name=\"twitter:data2\" content=\"2 minuter\" \/>\n<script type=\"application\/ld+json\" class=\"yoast-schema-graph\">{\"@context\":\"https:\\\/\\\/schema.org\",\"@graph\":[{\"@type\":\"Article\",\"@id\":\"https:\\\/\\\/wp.kristdemokraterna.se\\\/linkoping\\\/infor-integrationsplikt-i-linkoping\\\/#article\",\"isPartOf\":{\"@id\":\"https:\\\/\\\/wp.kristdemokraterna.se\\\/linkoping\\\/infor-integrationsplikt-i-linkoping\\\/\"},\"author\":{\"name\":\"linkoping\",\"@id\":\"https:\\\/\\\/wp.kristdemokraterna.se\\\/linkoping\\\/#\\\/schema\\\/person\\\/b0148c3c8863db76d330faa282b9521a\"},\"headline\":\"Inf\u00f6r integrationsplikt i Link\u00f6ping\",\"datePublished\":\"2017-12-21T08:52:22+00:00\",\"dateModified\":\"2021-08-13T09:48:06+00:00\",\"mainEntityOfPage\":{\"@id\":\"https:\\\/\\\/wp.kristdemokraterna.se\\\/linkoping\\\/infor-integrationsplikt-i-linkoping\\\/\"},\"wordCount\":308,\"image\":{\"@id\":\"https:\\\/\\\/wp.kristdemokraterna.se\\\/linkoping\\\/infor-integrationsplikt-i-linkoping\\\/#primaryimage\"},\"thumbnailUrl\":\"https:\\\/\\\/wp.kristdemokraterna.se\\\/linkoping\\\/files\\\/2017\\\/12\\\/delabild-snjjtkmgz.png\",\"articleSection\":[\"arkiv\",\"okategoriserade\"],\"inLanguage\":\"sv-SE\"},{\"@type\":\"WebPage\",\"@id\":\"https:\\\/\\\/wp.kristdemokraterna.se\\\/linkoping\\\/infor-integrationsplikt-i-linkoping\\\/\",\"url\":\"https:\\\/\\\/wp.kristdemokraterna.se\\\/linkoping\\\/infor-integrationsplikt-i-linkoping\\\/\",\"name\":\"Inf\u00f6r integrationsplikt i Link\u00f6ping - Kristdemokraterna i Link\u00f6ping\",\"isPartOf\":{\"@id\":\"https:\\\/\\\/wp.kristdemokraterna.se\\\/linkoping\\\/#website\"},\"primaryImageOfPage\":{\"@id\":\"https:\\\/\\\/wp.kristdemokraterna.se\\\/linkoping\\\/infor-integrationsplikt-i-linkoping\\\/#primaryimage\"},\"image\":{\"@id\":\"https:\\\/\\\/wp.kristdemokraterna.se\\\/linkoping\\\/infor-integrationsplikt-i-linkoping\\\/#primaryimage\"},\"thumbnailUrl\":\"https:\\\/\\\/wp.kristdemokraterna.se\\\/linkoping\\\/files\\\/2017\\\/12\\\/delabild-snjjtkmgz.png\",\"datePublished\":\"2017-12-21T08:52:22+00:00\",\"dateModified\":\"2021-08-13T09:48:06+00:00\",\"author\":{\"@id\":\"https:\\\/\\\/wp.kristdemokraterna.se\\\/linkoping\\\/#\\\/schema\\\/person\\\/b0148c3c8863db76d330faa282b9521a\"},\"breadcrumb\":{\"@id\":\"https:\\\/\\\/wp.kristdemokraterna.se\\\/linkoping\\\/infor-integrationsplikt-i-linkoping\\\/#breadcrumb\"},\"inLanguage\":\"sv-SE\",\"potentialAction\":[{\"@type\":\"ReadAction\",\"target\":[\"https:\\\/\\\/wp.kristdemokraterna.se\\\/linkoping\\\/infor-integrationsplikt-i-linkoping\\\/\"]}]},{\"@type\":\"ImageObject\",\"inLanguage\":\"sv-SE\",\"@id\":\"https:\\\/\\\/wp.kristdemokraterna.se\\\/linkoping\\\/infor-integrationsplikt-i-linkoping\\\/#primaryimage\",\"url\":\"https:\\\/\\\/wp.kristdemokraterna.se\\\/linkoping\\\/files\\\/2017\\\/12\\\/delabild-snjjtkmgz.png\",\"contentUrl\":\"https:\\\/\\\/wp.kristdemokraterna.se\\\/linkoping\\\/files\\\/2017\\\/12\\\/delabild-snjjtkmgz.png\",\"width\":1200,\"height\":630},{\"@type\":\"BreadcrumbList\",\"@id\":\"https:\\\/\\\/wp.kristdemokraterna.se\\\/linkoping\\\/infor-integrationsplikt-i-linkoping\\\/#breadcrumb\",\"itemListElement\":[{\"@type\":\"ListItem\",\"position\":1,\"name\":\"Hem\",\"item\":\"https:\\\/\\\/wp.kristdemokraterna.se\\\/linkoping\\\/\"},{\"@type\":\"ListItem\",\"position\":2,\"name\":\"Inf\u00f6r integrationsplikt i Link\u00f6ping\"}]},{\"@type\":\"WebSite\",\"@id\":\"https:\\\/\\\/wp.kristdemokraterna.se\\\/linkoping\\\/#website\",\"url\":\"https:\\\/\\\/wp.kristdemokraterna.se\\\/linkoping\\\/\",\"name\":\"Kristdemokraterna i Link\u00f6ping\",\"description\":\"\",\"inLanguage\":\"sv-SE\"},{\"@type\":\"Person\",\"@id\":\"https:\\\/\\\/wp.kristdemokraterna.se\\\/linkoping\\\/#\\\/schema\\\/person\\\/b0148c3c8863db76d330faa282b9521a\",\"name\":\"linkoping\",\"image\":{\"@type\":\"ImageObject\",\"inLanguage\":\"sv-SE\",\"@id\":\"https:\\\/\\\/secure.gravatar.com\\\/avatar\\\/016e7965fec0e08fdd07b021a7d25181278d4b29b1d5bab57b16017e35421895?s=96&r=g\",\"url\":\"https:\\\/\\\/secure.gravatar.com\\\/avatar\\\/016e7965fec0e08fdd07b021a7d25181278d4b29b1d5bab57b16017e35421895?s=96&r=g\",\"contentUrl\":\"https:\\\/\\\/secure.gravatar.com\\\/avatar\\\/016e7965fec0e08fdd07b021a7d25181278d4b29b1d5bab57b16017e35421895?s=96&r=g\",\"caption\":\"linkoping\"},\"sameAs\":[\"https:\\\/\\\/www.facebook.com\\\/kdlinkoping\\\/\"],\"url\":\"https:\\\/\\\/wp.kristdemokraterna.se\\\/linkoping\\\/author\\\/linkoping\\\/\"}]}<\/script>\n<!-- \/ Yoast SEO plugin. -->","yoast_head_json":{"title":"Inf\u00f6r integrationsplikt i Link\u00f6ping - Kristdemokraterna i Link\u00f6ping","robots":{"index":"index","follow":"follow","max-snippet":"max-snippet:-1","max-image-preview":"max-image-preview:large","max-video-preview":"max-video-preview:-1"},"canonical":"https:\/\/wp.kristdemokraterna.se\/linkoping\/infor-integrationsplikt-i-linkoping\/","og_locale":"sv_SE","og_type":"article","og_title":"Inf\u00f6r integrationsplikt i Link\u00f6ping - Kristdemokraterna i Link\u00f6ping","og_description":"Integrationsfr\u00e5gan \u00e4r en av de allra st\u00f6rsta utmaningarna f\u00f6r Link\u00f6ping under de kommande \u00e5ren. Utifr\u00e5n situationen med ett v\u00e4xande utanf\u00f6rskap har Kristdemokraterna l\u00e4mnat in en motion om att inf\u00f6ra en integrationsplikt i Link\u00f6ping. Den kopplas till individuella etableringsplaner med krav p\u00e5 n\u00e4rvaro, aktivt deltagande och progression kopplat till SFI, arbetsmarknadsinsatser och samh\u00e4llsorientering. Fr\u00e5ng\u00e5s planen f\u00f6r Read More","og_url":"https:\/\/wp.kristdemokraterna.se\/linkoping\/infor-integrationsplikt-i-linkoping\/","og_site_name":"Kristdemokraterna i Link\u00f6ping","article_author":"https:\/\/www.facebook.com\/kdlinkoping\/","article_published_time":"2017-12-21T08:52:22+00:00","article_modified_time":"2021-08-13T09:48:06+00:00","og_image":[{"width":1200,"height":630,"url":"https:\/\/wp.kristdemokraterna.se\/linkoping\/files\/2017\/12\/delabild-snjjtkmgz.png","type":"image\/png"}],"author":"linkoping","twitter_card":"summary_large_image","twitter_misc":{"Skriven av":"linkoping","Ber\u00e4knad l\u00e4stid":"2 minuter"},"schema":{"@context":"https:\/\/schema.org","@graph":[{"@type":"Article","@id":"https:\/\/wp.kristdemokraterna.se\/linkoping\/infor-integrationsplikt-i-linkoping\/#article","isPartOf":{"@id":"https:\/\/wp.kristdemokraterna.se\/linkoping\/infor-integrationsplikt-i-linkoping\/"},"author":{"name":"linkoping","@id":"https:\/\/wp.kristdemokraterna.se\/linkoping\/#\/schema\/person\/b0148c3c8863db76d330faa282b9521a"},"headline":"Inf\u00f6r integrationsplikt i Link\u00f6ping","datePublished":"2017-12-21T08:52:22+00:00","dateModified":"2021-08-13T09:48:06+00:00","mainEntityOfPage":{"@id":"https:\/\/wp.kristdemokraterna.se\/linkoping\/infor-integrationsplikt-i-linkoping\/"},"wordCount":308,"image":{"@id":"https:\/\/wp.kristdemokraterna.se\/linkoping\/infor-integrationsplikt-i-linkoping\/#primaryimage"},"thumbnailUrl":"https:\/\/wp.kristdemokraterna.se\/linkoping\/files\/2017\/12\/delabild-snjjtkmgz.png","articleSection":["arkiv","okategoriserade"],"inLanguage":"sv-SE"},{"@type":"WebPage","@id":"https:\/\/wp.kristdemokraterna.se\/linkoping\/infor-integrationsplikt-i-linkoping\/","url":"https:\/\/wp.kristdemokraterna.se\/linkoping\/infor-integrationsplikt-i-linkoping\/","name":"Inf\u00f6r integrationsplikt i Link\u00f6ping - Kristdemokraterna i Link\u00f6ping","isPartOf":{"@id":"https:\/\/wp.kristdemokraterna.se\/linkoping\/#website"},"primaryImageOfPage":{"@id":"https:\/\/wp.kristdemokraterna.se\/linkoping\/infor-integrationsplikt-i-linkoping\/#primaryimage"},"image":{"@id":"https:\/\/wp.kristdemokraterna.se\/linkoping\/infor-integrationsplikt-i-linkoping\/#primaryimage"},"thumbnailUrl":"https:\/\/wp.kristdemokraterna.se\/linkoping\/files\/2017\/12\/delabild-snjjtkmgz.png","datePublished":"2017-12-21T08:52:22+00:00","dateModified":"2021-08-13T09:48:06+00:00","author":{"@id":"https:\/\/wp.kristdemokraterna.se\/linkoping\/#\/schema\/person\/b0148c3c8863db76d330faa282b9521a"},"breadcrumb":{"@id":"https:\/\/wp.kristdemokraterna.se\/linkoping\/infor-integrationsplikt-i-linkoping\/#breadcrumb"},"inLanguage":"sv-SE","potentialAction":[{"@type":"ReadAction","target":["https:\/\/wp.kristdemokraterna.se\/linkoping\/infor-integrationsplikt-i-linkoping\/"]}]},{"@type":"ImageObject","inLanguage":"sv-SE","@id":"https:\/\/wp.kristdemokraterna.se\/linkoping\/infor-integrationsplikt-i-linkoping\/#primaryimage","url":"https:\/\/wp.kristdemokraterna.se\/linkoping\/files\/2017\/12\/delabild-snjjtkmgz.png","contentUrl":"https:\/\/wp.kristdemokraterna.se\/linkoping\/files\/2017\/12\/delabild-snjjtkmgz.png","width":1200,"height":630},{"@type":"BreadcrumbList","@id":"https:\/\/wp.kristdemokraterna.se\/linkoping\/infor-integrationsplikt-i-linkoping\/#breadcrumb","itemListElement":[{"@type":"ListItem","position":1,"name":"Hem","item":"https:\/\/wp.kristdemokraterna.se\/linkoping\/"},{"@type":"ListItem","position":2,"name":"Inf\u00f6r integrationsplikt i Link\u00f6ping"}]},{"@type":"WebSite","@id":"https:\/\/wp.kristdemokraterna.se\/linkoping\/#website","url":"https:\/\/wp.kristdemokraterna.se\/linkoping\/","name":"Kristdemokraterna i Link\u00f6ping","description":"","inLanguage":"sv-SE"},{"@type":"Person","@id":"https:\/\/wp.kristdemokraterna.se\/linkoping\/#\/schema\/person\/b0148c3c8863db76d330faa282b9521a","name":"linkoping","image":{"@type":"ImageObject","inLanguage":"sv-SE","@id":"https:\/\/secure.gravatar.com\/avatar\/016e7965fec0e08fdd07b021a7d25181278d4b29b1d5bab57b16017e35421895?s=96&r=g","url":"https:\/\/secure.gravatar.com\/avatar\/016e7965fec0e08fdd07b021a7d25181278d4b29b1d5bab57b16017e35421895?s=96&r=g","contentUrl":"https:\/\/secure.gravatar.com\/avatar\/016e7965fec0e08fdd07b021a7d25181278d4b29b1d5bab57b16017e35421895?s=96&r=g","caption":"linkoping"},"sameAs":["https:\/\/www.facebook.com\/kdlinkoping\/"],"url":"https:\/\/wp.kristdemokraterna.se\/linkoping\/author\/linkoping\/"}]}},"_links":{"self":[{"href":"https:\/\/wp.kristdemokraterna.se\/linkoping\/wp-json\/wp\/v2\/posts\/743","targetHints":{"allow":["GET"]}}],"collection":[{"href":"https:\/\/wp.kristdemokraterna.se\/linkoping\/wp-json\/wp\/v2\/posts"}],"about":[{"href":"https:\/\/wp.kristdemokraterna.se\/linkoping\/wp-json\/wp\/v2\/types\/post"}],"author":[{"embeddable":true,"href":"https:\/\/wp.kristdemokraterna.se\/linkoping\/wp-json\/wp\/v2\/users\/410"}],"replies":[{"embeddable":true,"href":"https:\/\/wp.kristdemokraterna.se\/linkoping\/wp-json\/wp\/v2\/comments?post=743"}],"version-history":[{"count":3,"href":"https:\/\/wp.kristdemokraterna.se\/linkoping\/wp-json\/wp\/v2\/posts\/743\/revisions"}],"predecessor-version":[{"id":751,"href":"https:\/\/wp.kristdemokraterna.se\/linkoping\/wp-json\/wp\/v2\/posts\/743\/revisions\/751"}],"wp:featuredmedia":[{"embeddable":true,"href":"https:\/\/wp.kristdemokraterna.se\/linkoping\/wp-json\/wp\/v2\/media\/744"}],"wp:attachment":[{"href":"https:\/\/wp.kristdemokraterna.se\/linkoping\/wp-json\/wp\/v2\/media?parent=743"}],"wp:term":[{"taxonomy":"category","embeddable":true,"href":"https:\/\/wp.kristdemokraterna.se\/linkoping\/wp-json\/wp\/v2\/categories?post=743"},{"taxonomy":"post_tag","embeddable":true,"href":"https:\/\/wp.kristdemokraterna.se\/linkoping\/wp-json\/wp\/v2\/tags?post=743"}],"curies":[{"name":"wp","href":"https:\/\/api.w.org\/{rel}","templated":true}]}}