{"id":811,"date":"2018-05-17T12:02:38","date_gmt":"2018-05-17T10:02:38","guid":{"rendered":"http:\/\/wp.kristdemokraterna.se\/linkoping\/?p=811"},"modified":"2021-08-13T11:48:06","modified_gmt":"2021-08-13T09:48:06","slug":"familjedag-pa-lilla-torget","status":"publish","type":"post","link":"https:\/\/wp.kristdemokraterna.se\/linkoping\/familjedag-pa-lilla-torget\/","title":{"rendered":"Familjedag p\u00e5 lilla torget"},"content":{"rendered":"<p>L\u00f6rdag 26 maj kl. 11.00-14.00 \u00e4r det \u00e5ter dags f\u00f6r v\u00e5r traditionsenliga Familjedag i Link\u00f6ping.<\/p>\n<p>Ta med familj, v\u00e4nner och bekanta. Vi bjuder p\u00e5 fest med hoppborg, popcorn, v\u00e5fflor och kaffe. Vi delar ut v\u00e5rt Vitsippspris och KD Link\u00f6pings f\u00f6retr\u00e4dare talare.<\/p>\n<p>V\u00e4lkommen!<\/p>\n<p><a href=\"https:\/\/www.facebook.com\/events\/235011203922717\/\" target=\"_blank\" rel=\"noopener\">https:\/\/www.facebook.com\/events\/235011203922717\/<\/a><\/p>\n<p>&nbsp;<\/p>\n","protected":false},"excerpt":{"rendered":"<p>L\u00f6rdag 26 maj kl. 11.00-14.00 \u00e4r det \u00e5ter dags f\u00f6r v\u00e5r traditionsenliga Familjedag i Link\u00f6ping. Ta med familj, v\u00e4nner och bekanta. Vi bjuder p\u00e5 fest med hoppborg, popcorn, v\u00e5fflor och kaffe. Vi delar ut v\u00e5rt Vitsippspris och KD Link\u00f6pings f\u00f6retr\u00e4dare talare. V\u00e4lkommen! https:\/\/www.facebook.com\/events\/235011203922717\/ &nbsp;<\/p>\n","protected":false},"author":410,"featured_media":809,"comment_status":"closed","ping_status":"closed","sticky":false,"template":"","format":"standard","meta":{"_acf_changed":false,"footnotes":""},"categories":[22,1],"tags":[],"class_list":["post-811","post","type-post","status-publish","format-standard","hentry","category-arkiv","category-okategoriserade"],"acf":[],"yoast_head":"<!-- This site is optimized with the Yoast SEO plugin v27.4 - https:\/\/yoast.com\/product\/yoast-seo-wordpress\/ -->\n<title>Familjedag p\u00e5 lilla torget - Kristdemokraterna i Link\u00f6ping<\/title>\n<meta name=\"robots\" content=\"index, follow, max-snippet:-1, max-image-preview:large, max-video-preview:-1\" \/>\n<link rel=\"canonical\" href=\"https:\/\/wp.kristdemokraterna.se\/linkoping\/familjedag-pa-lilla-torget\/\" \/>\n<meta property=\"og:locale\" content=\"sv_SE\" \/>\n<meta property=\"og:type\" content=\"article\" \/>\n<meta property=\"og:title\" content=\"Familjedag p\u00e5 lilla torget - Kristdemokraterna i Link\u00f6ping\" \/>\n<meta property=\"og:description\" content=\"L\u00f6rdag 26 maj kl. 11.00-14.00 \u00e4r det \u00e5ter dags f\u00f6r v\u00e5r traditionsenliga Familjedag i Link\u00f6ping. Ta med familj, v\u00e4nner och bekanta. Vi bjuder p\u00e5 fest med hoppborg, popcorn, v\u00e5fflor och kaffe. Vi delar ut v\u00e5rt Vitsippspris och KD Link\u00f6pings f\u00f6retr\u00e4dare talare. V\u00e4lkommen! https:\/\/www.facebook.com\/events\/235011203922717\/ &nbsp;\" \/>\n<meta property=\"og:url\" content=\"https:\/\/wp.kristdemokraterna.se\/linkoping\/familjedag-pa-lilla-torget\/\" \/>\n<meta property=\"og:site_name\" content=\"Kristdemokraterna i Link\u00f6ping\" \/>\n<meta property=\"article:author\" content=\"https:\/\/www.facebook.com\/kdlinkoping\/\" \/>\n<meta property=\"article:published_time\" content=\"2018-05-17T10:02:38+00:00\" \/>\n<meta property=\"article:modified_time\" content=\"2021-08-13T09:48:06+00:00\" \/>\n<meta property=\"og:image\" content=\"https:\/\/wp.kristdemokraterna.se\/linkoping\/files\/2018\/05\/180526-fb-banner2.jpg\" \/>\n\t<meta property=\"og:image:width\" content=\"619\" \/>\n\t<meta property=\"og:image:height\" content=\"619\" \/>\n\t<meta property=\"og:image:type\" content=\"image\/jpeg\" \/>\n<meta name=\"author\" content=\"linkoping\" \/>\n<meta name=\"twitter:card\" content=\"summary_large_image\" \/>\n<meta name=\"twitter:label1\" content=\"Skriven av\" \/>\n\t<meta name=\"twitter:data1\" content=\"linkoping\" \/>\n<script type=\"application\/ld+json\" class=\"yoast-schema-graph\">{\"@context\":\"https:\\\/\\\/schema.org\",\"@graph\":[{\"@type\":\"Article\",\"@id\":\"https:\\\/\\\/wp.kristdemokraterna.se\\\/linkoping\\\/familjedag-pa-lilla-torget\\\/#article\",\"isPartOf\":{\"@id\":\"https:\\\/\\\/wp.kristdemokraterna.se\\\/linkoping\\\/familjedag-pa-lilla-torget\\\/\"},\"author\":{\"name\":\"linkoping\",\"@id\":\"https:\\\/\\\/wp.kristdemokraterna.se\\\/linkoping\\\/#\\\/schema\\\/person\\\/b0148c3c8863db76d330faa282b9521a\"},\"headline\":\"Familjedag p\u00e5 lilla torget\",\"datePublished\":\"2018-05-17T10:02:38+00:00\",\"dateModified\":\"2021-08-13T09:48:06+00:00\",\"mainEntityOfPage\":{\"@id\":\"https:\\\/\\\/wp.kristdemokraterna.se\\\/linkoping\\\/familjedag-pa-lilla-torget\\\/\"},\"wordCount\":62,\"image\":{\"@id\":\"https:\\\/\\\/wp.kristdemokraterna.se\\\/linkoping\\\/familjedag-pa-lilla-torget\\\/#primaryimage\"},\"thumbnailUrl\":\"https:\\\/\\\/wp.kristdemokraterna.se\\\/linkoping\\\/files\\\/2018\\\/05\\\/180526-fb-banner2.jpg\",\"articleSection\":[\"arkiv\",\"okategoriserade\"],\"inLanguage\":\"sv-SE\"},{\"@type\":\"WebPage\",\"@id\":\"https:\\\/\\\/wp.kristdemokraterna.se\\\/linkoping\\\/familjedag-pa-lilla-torget\\\/\",\"url\":\"https:\\\/\\\/wp.kristdemokraterna.se\\\/linkoping\\\/familjedag-pa-lilla-torget\\\/\",\"name\":\"Familjedag p\u00e5 lilla torget - Kristdemokraterna i Link\u00f6ping\",\"isPartOf\":{\"@id\":\"https:\\\/\\\/wp.kristdemokraterna.se\\\/linkoping\\\/#website\"},\"primaryImageOfPage\":{\"@id\":\"https:\\\/\\\/wp.kristdemokraterna.se\\\/linkoping\\\/familjedag-pa-lilla-torget\\\/#primaryimage\"},\"image\":{\"@id\":\"https:\\\/\\\/wp.kristdemokraterna.se\\\/linkoping\\\/familjedag-pa-lilla-torget\\\/#primaryimage\"},\"thumbnailUrl\":\"https:\\\/\\\/wp.kristdemokraterna.se\\\/linkoping\\\/files\\\/2018\\\/05\\\/180526-fb-banner2.jpg\",\"datePublished\":\"2018-05-17T10:02:38+00:00\",\"dateModified\":\"2021-08-13T09:48:06+00:00\",\"author\":{\"@id\":\"https:\\\/\\\/wp.kristdemokraterna.se\\\/linkoping\\\/#\\\/schema\\\/person\\\/b0148c3c8863db76d330faa282b9521a\"},\"breadcrumb\":{\"@id\":\"https:\\\/\\\/wp.kristdemokraterna.se\\\/linkoping\\\/familjedag-pa-lilla-torget\\\/#breadcrumb\"},\"inLanguage\":\"sv-SE\",\"potentialAction\":[{\"@type\":\"ReadAction\",\"target\":[\"https:\\\/\\\/wp.kristdemokraterna.se\\\/linkoping\\\/familjedag-pa-lilla-torget\\\/\"]}]},{\"@type\":\"ImageObject\",\"inLanguage\":\"sv-SE\",\"@id\":\"https:\\\/\\\/wp.kristdemokraterna.se\\\/linkoping\\\/familjedag-pa-lilla-torget\\\/#primaryimage\",\"url\":\"https:\\\/\\\/wp.kristdemokraterna.se\\\/linkoping\\\/files\\\/2018\\\/05\\\/180526-fb-banner2.jpg\",\"contentUrl\":\"https:\\\/\\\/wp.kristdemokraterna.se\\\/linkoping\\\/files\\\/2018\\\/05\\\/180526-fb-banner2.jpg\",\"width\":619,\"height\":619},{\"@type\":\"BreadcrumbList\",\"@id\":\"https:\\\/\\\/wp.kristdemokraterna.se\\\/linkoping\\\/familjedag-pa-lilla-torget\\\/#breadcrumb\",\"itemListElement\":[{\"@type\":\"ListItem\",\"position\":1,\"name\":\"Hem\",\"item\":\"https:\\\/\\\/wp.kristdemokraterna.se\\\/linkoping\\\/\"},{\"@type\":\"ListItem\",\"position\":2,\"name\":\"Familjedag p\u00e5 lilla torget\"}]},{\"@type\":\"WebSite\",\"@id\":\"https:\\\/\\\/wp.kristdemokraterna.se\\\/linkoping\\\/#website\",\"url\":\"https:\\\/\\\/wp.kristdemokraterna.se\\\/linkoping\\\/\",\"name\":\"Kristdemokraterna i Link\u00f6ping\",\"description\":\"\",\"inLanguage\":\"sv-SE\"},{\"@type\":\"Person\",\"@id\":\"https:\\\/\\\/wp.kristdemokraterna.se\\\/linkoping\\\/#\\\/schema\\\/person\\\/b0148c3c8863db76d330faa282b9521a\",\"name\":\"linkoping\",\"image\":{\"@type\":\"ImageObject\",\"inLanguage\":\"sv-SE\",\"@id\":\"https:\\\/\\\/secure.gravatar.com\\\/avatar\\\/016e7965fec0e08fdd07b021a7d25181278d4b29b1d5bab57b16017e35421895?s=96&r=g\",\"url\":\"https:\\\/\\\/secure.gravatar.com\\\/avatar\\\/016e7965fec0e08fdd07b021a7d25181278d4b29b1d5bab57b16017e35421895?s=96&r=g\",\"contentUrl\":\"https:\\\/\\\/secure.gravatar.com\\\/avatar\\\/016e7965fec0e08fdd07b021a7d25181278d4b29b1d5bab57b16017e35421895?s=96&r=g\",\"caption\":\"linkoping\"},\"sameAs\":[\"https:\\\/\\\/www.facebook.com\\\/kdlinkoping\\\/\"],\"url\":\"https:\\\/\\\/wp.kristdemokraterna.se\\\/linkoping\\\/author\\\/linkoping\\\/\"}]}<\/script>\n<!-- \/ Yoast SEO plugin. -->","yoast_head_json":{"title":"Familjedag p\u00e5 lilla torget - Kristdemokraterna i Link\u00f6ping","robots":{"index":"index","follow":"follow","max-snippet":"max-snippet:-1","max-image-preview":"max-image-preview:large","max-video-preview":"max-video-preview:-1"},"canonical":"https:\/\/wp.kristdemokraterna.se\/linkoping\/familjedag-pa-lilla-torget\/","og_locale":"sv_SE","og_type":"article","og_title":"Familjedag p\u00e5 lilla torget - Kristdemokraterna i Link\u00f6ping","og_description":"L\u00f6rdag 26 maj kl. 11.00-14.00 \u00e4r det \u00e5ter dags f\u00f6r v\u00e5r traditionsenliga Familjedag i Link\u00f6ping. Ta med familj, v\u00e4nner och bekanta. Vi bjuder p\u00e5 fest med hoppborg, popcorn, v\u00e5fflor och kaffe. Vi delar ut v\u00e5rt Vitsippspris och KD Link\u00f6pings f\u00f6retr\u00e4dare talare. V\u00e4lkommen! https:\/\/www.facebook.com\/events\/235011203922717\/ &nbsp;","og_url":"https:\/\/wp.kristdemokraterna.se\/linkoping\/familjedag-pa-lilla-torget\/","og_site_name":"Kristdemokraterna i Link\u00f6ping","article_author":"https:\/\/www.facebook.com\/kdlinkoping\/","article_published_time":"2018-05-17T10:02:38+00:00","article_modified_time":"2021-08-13T09:48:06+00:00","og_image":[{"width":619,"height":619,"url":"https:\/\/wp.kristdemokraterna.se\/linkoping\/files\/2018\/05\/180526-fb-banner2.jpg","type":"image\/jpeg"}],"author":"linkoping","twitter_card":"summary_large_image","twitter_misc":{"Skriven av":"linkoping"},"schema":{"@context":"https:\/\/schema.org","@graph":[{"@type":"Article","@id":"https:\/\/wp.kristdemokraterna.se\/linkoping\/familjedag-pa-lilla-torget\/#article","isPartOf":{"@id":"https:\/\/wp.kristdemokraterna.se\/linkoping\/familjedag-pa-lilla-torget\/"},"author":{"name":"linkoping","@id":"https:\/\/wp.kristdemokraterna.se\/linkoping\/#\/schema\/person\/b0148c3c8863db76d330faa282b9521a"},"headline":"Familjedag p\u00e5 lilla torget","datePublished":"2018-05-17T10:02:38+00:00","dateModified":"2021-08-13T09:48:06+00:00","mainEntityOfPage":{"@id":"https:\/\/wp.kristdemokraterna.se\/linkoping\/familjedag-pa-lilla-torget\/"},"wordCount":62,"image":{"@id":"https:\/\/wp.kristdemokraterna.se\/linkoping\/familjedag-pa-lilla-torget\/#primaryimage"},"thumbnailUrl":"https:\/\/wp.kristdemokraterna.se\/linkoping\/files\/2018\/05\/180526-fb-banner2.jpg","articleSection":["arkiv","okategoriserade"],"inLanguage":"sv-SE"},{"@type":"WebPage","@id":"https:\/\/wp.kristdemokraterna.se\/linkoping\/familjedag-pa-lilla-torget\/","url":"https:\/\/wp.kristdemokraterna.se\/linkoping\/familjedag-pa-lilla-torget\/","name":"Familjedag p\u00e5 lilla torget - Kristdemokraterna i Link\u00f6ping","isPartOf":{"@id":"https:\/\/wp.kristdemokraterna.se\/linkoping\/#website"},"primaryImageOfPage":{"@id":"https:\/\/wp.kristdemokraterna.se\/linkoping\/familjedag-pa-lilla-torget\/#primaryimage"},"image":{"@id":"https:\/\/wp.kristdemokraterna.se\/linkoping\/familjedag-pa-lilla-torget\/#primaryimage"},"thumbnailUrl":"https:\/\/wp.kristdemokraterna.se\/linkoping\/files\/2018\/05\/180526-fb-banner2.jpg","datePublished":"2018-05-17T10:02:38+00:00","dateModified":"2021-08-13T09:48:06+00:00","author":{"@id":"https:\/\/wp.kristdemokraterna.se\/linkoping\/#\/schema\/person\/b0148c3c8863db76d330faa282b9521a"},"breadcrumb":{"@id":"https:\/\/wp.kristdemokraterna.se\/linkoping\/familjedag-pa-lilla-torget\/#breadcrumb"},"inLanguage":"sv-SE","potentialAction":[{"@type":"ReadAction","target":["https:\/\/wp.kristdemokraterna.se\/linkoping\/familjedag-pa-lilla-torget\/"]}]},{"@type":"ImageObject","inLanguage":"sv-SE","@id":"https:\/\/wp.kristdemokraterna.se\/linkoping\/familjedag-pa-lilla-torget\/#primaryimage","url":"https:\/\/wp.kristdemokraterna.se\/linkoping\/files\/2018\/05\/180526-fb-banner2.jpg","contentUrl":"https:\/\/wp.kristdemokraterna.se\/linkoping\/files\/2018\/05\/180526-fb-banner2.jpg","width":619,"height":619},{"@type":"BreadcrumbList","@id":"https:\/\/wp.kristdemokraterna.se\/linkoping\/familjedag-pa-lilla-torget\/#breadcrumb","itemListElement":[{"@type":"ListItem","position":1,"name":"Hem","item":"https:\/\/wp.kristdemokraterna.se\/linkoping\/"},{"@type":"ListItem","position":2,"name":"Familjedag p\u00e5 lilla torget"}]},{"@type":"WebSite","@id":"https:\/\/wp.kristdemokraterna.se\/linkoping\/#website","url":"https:\/\/wp.kristdemokraterna.se\/linkoping\/","name":"Kristdemokraterna i Link\u00f6ping","description":"","inLanguage":"sv-SE"},{"@type":"Person","@id":"https:\/\/wp.kristdemokraterna.se\/linkoping\/#\/schema\/person\/b0148c3c8863db76d330faa282b9521a","name":"linkoping","image":{"@type":"ImageObject","inLanguage":"sv-SE","@id":"https:\/\/secure.gravatar.com\/avatar\/016e7965fec0e08fdd07b021a7d25181278d4b29b1d5bab57b16017e35421895?s=96&r=g","url":"https:\/\/secure.gravatar.com\/avatar\/016e7965fec0e08fdd07b021a7d25181278d4b29b1d5bab57b16017e35421895?s=96&r=g","contentUrl":"https:\/\/secure.gravatar.com\/avatar\/016e7965fec0e08fdd07b021a7d25181278d4b29b1d5bab57b16017e35421895?s=96&r=g","caption":"linkoping"},"sameAs":["https:\/\/www.facebook.com\/kdlinkoping\/"],"url":"https:\/\/wp.kristdemokraterna.se\/linkoping\/author\/linkoping\/"}]}},"_links":{"self":[{"href":"https:\/\/wp.kristdemokraterna.se\/linkoping\/wp-json\/wp\/v2\/posts\/811","targetHints":{"allow":["GET"]}}],"collection":[{"href":"https:\/\/wp.kristdemokraterna.se\/linkoping\/wp-json\/wp\/v2\/posts"}],"about":[{"href":"https:\/\/wp.kristdemokraterna.se\/linkoping\/wp-json\/wp\/v2\/types\/post"}],"author":[{"embeddable":true,"href":"https:\/\/wp.kristdemokraterna.se\/linkoping\/wp-json\/wp\/v2\/users\/410"}],"replies":[{"embeddable":true,"href":"https:\/\/wp.kristdemokraterna.se\/linkoping\/wp-json\/wp\/v2\/comments?post=811"}],"version-history":[{"count":3,"href":"https:\/\/wp.kristdemokraterna.se\/linkoping\/wp-json\/wp\/v2\/posts\/811\/revisions"}],"predecessor-version":[{"id":815,"href":"https:\/\/wp.kristdemokraterna.se\/linkoping\/wp-json\/wp\/v2\/posts\/811\/revisions\/815"}],"wp:featuredmedia":[{"embeddable":true,"href":"https:\/\/wp.kristdemokraterna.se\/linkoping\/wp-json\/wp\/v2\/media\/809"}],"wp:attachment":[{"href":"https:\/\/wp.kristdemokraterna.se\/linkoping\/wp-json\/wp\/v2\/media?parent=811"}],"wp:term":[{"taxonomy":"category","embeddable":true,"href":"https:\/\/wp.kristdemokraterna.se\/linkoping\/wp-json\/wp\/v2\/categories?post=811"},{"taxonomy":"post_tag","embeddable":true,"href":"https:\/\/wp.kristdemokraterna.se\/linkoping\/wp-json\/wp\/v2\/tags?post=811"}],"curies":[{"name":"wp","href":"https:\/\/api.w.org\/{rel}","templated":true}]}}