{"id":926,"date":"2018-10-23T14:05:49","date_gmt":"2018-10-23T12:05:49","guid":{"rendered":"http:\/\/wp.kristdemokraterna.se\/linkoping\/?p=926"},"modified":"2021-08-13T11:48:06","modified_gmt":"2021-08-13T09:48:06","slug":"sa-vill-alliansen-styra","status":"publish","type":"post","link":"https:\/\/wp.kristdemokraterna.se\/linkoping\/sa-vill-alliansen-styra\/","title":{"rendered":"S\u00e5 vill Allians f\u00f6r Link\u00f6ping styra"},"content":{"rendered":"<h6>Bild: Link\u00f6pings kommun<\/h6>\n<p><em>Pressmeddelande fr\u00e5n Kristdemokraterna i Link\u00f6pings kommun<\/em><\/p>\n<h3>Link\u00f6pings kommun st\u00e5r inf\u00f6r stora utmaningar fram\u00f6ver, detta st\u00e4ller st\u00f6rre krav p\u00e5 styrning och uppf\u00f6ljning av resurser, prestationer, resultat och effekter i kommunens verksamheter. Det st\u00e4ller ocks\u00e5 krav p\u00e5 prioriteringar, effektivisering och f\u00f6rnyelse av verksamheterna.<\/h3>\n<p>Kommuninv\u00e5narnas skattemedel ska hanteras med respekt och investeras d\u00e4r de g\u00f6r mest nytta f\u00f6r medborgarna. Alliansens politik fokuserar p\u00e5 ordning och reda i kommunens finanser vilket m\u00f6jligg\u00f6r satsningar f\u00f6r att st\u00e4rka och utveckla v\u00e4lf\u00e4rdens k\u00e4rnverksamheter.<\/p>\n<p>\u2013 Det finns omr\u00e5den i Link\u00f6ping med omfattande segregation, social oro och utanf\u00f6rskap. M\u00e5nga har sv\u00e5rt att konkurrera p\u00e5 dagens konkurrensutsatta arbetsmarknad och klara sin egen f\u00f6rs\u00f6rjning. Detta utanf\u00f6rskap m\u00e5ste brytas innan kostnaderna blir s\u00e5 h\u00f6ga att resurserna inte r\u00e4cker till att leverera den h\u00f6ga niv\u00e5 p\u00e5 barnomsorg, skola och \u00e4ldreomsorg som Link\u00f6pingsborna f\u00f6rv\u00e4ntar sig, s\u00e4ger Niklas Borg (M).<\/p>\n<p>\u2013 Vi har nu ett Allianssamarbete som prioriterar milj\u00f6- och klimatarbetet med ambiti\u00f6sa m\u00e5l om att all energi som konsumeras i kommunen skall vara f\u00f6rnyelsebar och vi vill se f\u00f6rs\u00f6k med koldioxidlagring. Vi ska arbeta mot att Link\u00f6pings blir CO2-neutralt 2025 och att Link\u00f6ping blir en av Sveriges allra b\u00e4sta klimatkommuner!, s\u00e4ger Muharrem Demirok (C).<\/p>\n<p>\u2013 En framg\u00e5ngsrik skola f\u00f6ruts\u00e4tter att l\u00e4raryrket \u00e4r attraktivt och att skolledare kan ut\u00f6va ett tydligt pedagogiskt ledarskap.\u00a0L\u00e4rarnas arbetsmilj\u00f6 ska f\u00f6rb\u00e4ttras genom att vi bl.a. anst\u00e4ller heltidsmentorer som avlastar l\u00e4rarna och ger dem tid och m\u00f6jlighet att g\u00f6ra det de \u00e4r b\u00e4st p\u00e5, att undervisa eleverna.\u00a0Rektorer och f\u00f6rskolechefer ska avlastas fr\u00e5n deras administrativa uppgifter f\u00f6r att kunna fokusera p\u00e5 det pedagogiska ledarskapet och leda sin verksamhet mot en \u00f6kad m\u00e5luppfyllelse. Ett tydligt fokus p\u00e5 varje elev och en skola som betonar kunskap ger alla barn och unga m\u00f6jlighet till utveckling., s\u00e4ger \u00c5sa Wennergren (L).<\/p>\n<p>\u2013 Ett starkare Link\u00f6ping b\u00f6rjar med stabila offentliga finanser. Link\u00f6pings kommun ska drivas med h\u00f6g effektivitet och med respekt f\u00f6r skattebetalarnas pengar. Vi kommer g\u00f6ra kraftiga omprioriteringar i kommunsektorn till f\u00f6rm\u00e5n f\u00f6r k\u00e4rnverksamheterna. Genom att konsekvent s\u00e4tta m\u00e4nniskan f\u00f6re systemet vill vi s\u00e4kra r\u00e4tt fokus f\u00f6r Link\u00f6ping., avslutar Sara Skyttedal (KD).<\/p>\n<p>Det politiska programmet i sin helhet: <a href=\"https:\/\/www.linkoping.se\/contentassets\/fb9f1c67c89c4b20a8e7603378d8ec58\/allians-for-linkoping_politiskt-program_20181015.pdf?4aa34a\">Ladda ner<\/a> (PDF, 5,05 MB)<\/p>\n<p>Vid fr\u00e5gor kontakta:<\/p>\n<p><strong>Sara Skyttedal (KD)<\/strong><br \/>\nKommunalr\u00e5d i opposition<br \/>\n<a href=\"mailto:sara.skyttedal@linkoping.se\">sara.skyttedal@linkoping.se<\/a><\/p>\n<p><strong>Denis\u00e9 Cassel (KD)<br \/>\n<\/strong>Politisk sekreterare<br \/>\n072-235 99 94<\/p>\n","protected":false},"excerpt":{"rendered":"<p>Bild: Link\u00f6pings kommun Pressmeddelande fr\u00e5n Kristdemokraterna i Link\u00f6pings kommun Link\u00f6pings kommun st\u00e5r inf\u00f6r stora utmaningar fram\u00f6ver, detta st\u00e4ller st\u00f6rre krav p\u00e5 styrning och uppf\u00f6ljning av resurser, prestationer, resultat och effekter i kommunens verksamheter. Det st\u00e4ller ocks\u00e5 krav p\u00e5 prioriteringar, effektivisering och f\u00f6rnyelse av verksamheterna. Kommuninv\u00e5narnas skattemedel ska hanteras med respekt och investeras d\u00e4r de g\u00f6r <a class=\"read-more-link\" href=\"https:\/\/wp.kristdemokraterna.se\/linkoping\/sa-vill-alliansen-styra\/\">Read More<\/a><\/p>\n","protected":false},"author":410,"featured_media":942,"comment_status":"closed","ping_status":"closed","sticky":false,"template":"","format":"standard","meta":{"_acf_changed":false,"footnotes":""},"categories":[22,1],"tags":[],"class_list":["post-926","post","type-post","status-publish","format-standard","hentry","category-arkiv","category-okategoriserade"],"acf":[],"yoast_head":"<!-- This site is optimized with the Yoast SEO plugin v27.4 - https:\/\/yoast.com\/product\/yoast-seo-wordpress\/ -->\n<title>S\u00e5 vill Allians f\u00f6r Link\u00f6ping styra - Kristdemokraterna i Link\u00f6ping<\/title>\n<meta name=\"robots\" content=\"index, follow, max-snippet:-1, max-image-preview:large, max-video-preview:-1\" \/>\n<link rel=\"canonical\" href=\"https:\/\/wp.kristdemokraterna.se\/linkoping\/sa-vill-alliansen-styra\/\" \/>\n<meta property=\"og:locale\" content=\"sv_SE\" \/>\n<meta property=\"og:type\" content=\"article\" \/>\n<meta property=\"og:title\" content=\"S\u00e5 vill Allians f\u00f6r Link\u00f6ping styra - Kristdemokraterna i Link\u00f6ping\" \/>\n<meta property=\"og:description\" content=\"Bild: Link\u00f6pings kommun Pressmeddelande fr\u00e5n Kristdemokraterna i Link\u00f6pings kommun Link\u00f6pings kommun st\u00e5r inf\u00f6r stora utmaningar fram\u00f6ver, detta st\u00e4ller st\u00f6rre krav p\u00e5 styrning och uppf\u00f6ljning av resurser, prestationer, resultat och effekter i kommunens verksamheter. Det st\u00e4ller ocks\u00e5 krav p\u00e5 prioriteringar, effektivisering och f\u00f6rnyelse av verksamheterna. Kommuninv\u00e5narnas skattemedel ska hanteras med respekt och investeras d\u00e4r de g\u00f6r Read More\" \/>\n<meta property=\"og:url\" content=\"https:\/\/wp.kristdemokraterna.se\/linkoping\/sa-vill-alliansen-styra\/\" \/>\n<meta property=\"og:site_name\" content=\"Kristdemokraterna i Link\u00f6ping\" \/>\n<meta property=\"article:author\" content=\"https:\/\/www.facebook.com\/kdlinkoping\/\" \/>\n<meta property=\"article:published_time\" content=\"2018-10-23T12:05:49+00:00\" \/>\n<meta property=\"article:modified_time\" content=\"2021-08-13T09:48:06+00:00\" \/>\n<meta property=\"og:image\" content=\"https:\/\/wp.kristdemokraterna.se\/linkoping\/files\/2018\/10\/alliansbild.jpg\" \/>\n\t<meta property=\"og:image:width\" content=\"780\" \/>\n\t<meta property=\"og:image:height\" content=\"440\" \/>\n\t<meta property=\"og:image:type\" content=\"image\/jpeg\" \/>\n<meta name=\"author\" content=\"linkoping\" \/>\n<meta name=\"twitter:card\" content=\"summary_large_image\" \/>\n<meta name=\"twitter:label1\" content=\"Skriven av\" \/>\n\t<meta name=\"twitter:data1\" content=\"linkoping\" \/>\n\t<meta name=\"twitter:label2\" content=\"Ber\u00e4knad l\u00e4stid\" \/>\n\t<meta name=\"twitter:data2\" content=\"2 minuter\" \/>\n<script type=\"application\/ld+json\" class=\"yoast-schema-graph\">{\"@context\":\"https:\\\/\\\/schema.org\",\"@graph\":[{\"@type\":\"Article\",\"@id\":\"https:\\\/\\\/wp.kristdemokraterna.se\\\/linkoping\\\/sa-vill-alliansen-styra\\\/#article\",\"isPartOf\":{\"@id\":\"https:\\\/\\\/wp.kristdemokraterna.se\\\/linkoping\\\/sa-vill-alliansen-styra\\\/\"},\"author\":{\"name\":\"linkoping\",\"@id\":\"https:\\\/\\\/wp.kristdemokraterna.se\\\/linkoping\\\/#\\\/schema\\\/person\\\/b0148c3c8863db76d330faa282b9521a\"},\"headline\":\"S\u00e5 vill Allians f\u00f6r Link\u00f6ping styra\",\"datePublished\":\"2018-10-23T12:05:49+00:00\",\"dateModified\":\"2021-08-13T09:48:06+00:00\",\"mainEntityOfPage\":{\"@id\":\"https:\\\/\\\/wp.kristdemokraterna.se\\\/linkoping\\\/sa-vill-alliansen-styra\\\/\"},\"wordCount\":461,\"image\":{\"@id\":\"https:\\\/\\\/wp.kristdemokraterna.se\\\/linkoping\\\/sa-vill-alliansen-styra\\\/#primaryimage\"},\"thumbnailUrl\":\"https:\\\/\\\/wp.kristdemokraterna.se\\\/linkoping\\\/files\\\/2018\\\/10\\\/alliansbild.jpg\",\"articleSection\":[\"arkiv\",\"okategoriserade\"],\"inLanguage\":\"sv-SE\"},{\"@type\":\"WebPage\",\"@id\":\"https:\\\/\\\/wp.kristdemokraterna.se\\\/linkoping\\\/sa-vill-alliansen-styra\\\/\",\"url\":\"https:\\\/\\\/wp.kristdemokraterna.se\\\/linkoping\\\/sa-vill-alliansen-styra\\\/\",\"name\":\"S\u00e5 vill Allians f\u00f6r Link\u00f6ping styra - Kristdemokraterna i Link\u00f6ping\",\"isPartOf\":{\"@id\":\"https:\\\/\\\/wp.kristdemokraterna.se\\\/linkoping\\\/#website\"},\"primaryImageOfPage\":{\"@id\":\"https:\\\/\\\/wp.kristdemokraterna.se\\\/linkoping\\\/sa-vill-alliansen-styra\\\/#primaryimage\"},\"image\":{\"@id\":\"https:\\\/\\\/wp.kristdemokraterna.se\\\/linkoping\\\/sa-vill-alliansen-styra\\\/#primaryimage\"},\"thumbnailUrl\":\"https:\\\/\\\/wp.kristdemokraterna.se\\\/linkoping\\\/files\\\/2018\\\/10\\\/alliansbild.jpg\",\"datePublished\":\"2018-10-23T12:05:49+00:00\",\"dateModified\":\"2021-08-13T09:48:06+00:00\",\"author\":{\"@id\":\"https:\\\/\\\/wp.kristdemokraterna.se\\\/linkoping\\\/#\\\/schema\\\/person\\\/b0148c3c8863db76d330faa282b9521a\"},\"breadcrumb\":{\"@id\":\"https:\\\/\\\/wp.kristdemokraterna.se\\\/linkoping\\\/sa-vill-alliansen-styra\\\/#breadcrumb\"},\"inLanguage\":\"sv-SE\",\"potentialAction\":[{\"@type\":\"ReadAction\",\"target\":[\"https:\\\/\\\/wp.kristdemokraterna.se\\\/linkoping\\\/sa-vill-alliansen-styra\\\/\"]}]},{\"@type\":\"ImageObject\",\"inLanguage\":\"sv-SE\",\"@id\":\"https:\\\/\\\/wp.kristdemokraterna.se\\\/linkoping\\\/sa-vill-alliansen-styra\\\/#primaryimage\",\"url\":\"https:\\\/\\\/wp.kristdemokraterna.se\\\/linkoping\\\/files\\\/2018\\\/10\\\/alliansbild.jpg\",\"contentUrl\":\"https:\\\/\\\/wp.kristdemokraterna.se\\\/linkoping\\\/files\\\/2018\\\/10\\\/alliansbild.jpg\",\"width\":780,\"height\":440},{\"@type\":\"BreadcrumbList\",\"@id\":\"https:\\\/\\\/wp.kristdemokraterna.se\\\/linkoping\\\/sa-vill-alliansen-styra\\\/#breadcrumb\",\"itemListElement\":[{\"@type\":\"ListItem\",\"position\":1,\"name\":\"Hem\",\"item\":\"https:\\\/\\\/wp.kristdemokraterna.se\\\/linkoping\\\/\"},{\"@type\":\"ListItem\",\"position\":2,\"name\":\"S\u00e5 vill Allians f\u00f6r Link\u00f6ping styra\"}]},{\"@type\":\"WebSite\",\"@id\":\"https:\\\/\\\/wp.kristdemokraterna.se\\\/linkoping\\\/#website\",\"url\":\"https:\\\/\\\/wp.kristdemokraterna.se\\\/linkoping\\\/\",\"name\":\"Kristdemokraterna i Link\u00f6ping\",\"description\":\"\",\"inLanguage\":\"sv-SE\"},{\"@type\":\"Person\",\"@id\":\"https:\\\/\\\/wp.kristdemokraterna.se\\\/linkoping\\\/#\\\/schema\\\/person\\\/b0148c3c8863db76d330faa282b9521a\",\"name\":\"linkoping\",\"image\":{\"@type\":\"ImageObject\",\"inLanguage\":\"sv-SE\",\"@id\":\"https:\\\/\\\/secure.gravatar.com\\\/avatar\\\/016e7965fec0e08fdd07b021a7d25181278d4b29b1d5bab57b16017e35421895?s=96&r=g\",\"url\":\"https:\\\/\\\/secure.gravatar.com\\\/avatar\\\/016e7965fec0e08fdd07b021a7d25181278d4b29b1d5bab57b16017e35421895?s=96&r=g\",\"contentUrl\":\"https:\\\/\\\/secure.gravatar.com\\\/avatar\\\/016e7965fec0e08fdd07b021a7d25181278d4b29b1d5bab57b16017e35421895?s=96&r=g\",\"caption\":\"linkoping\"},\"sameAs\":[\"https:\\\/\\\/www.facebook.com\\\/kdlinkoping\\\/\"],\"url\":\"https:\\\/\\\/wp.kristdemokraterna.se\\\/linkoping\\\/author\\\/linkoping\\\/\"}]}<\/script>\n<!-- \/ Yoast SEO plugin. -->","yoast_head_json":{"title":"S\u00e5 vill Allians f\u00f6r Link\u00f6ping styra - Kristdemokraterna i Link\u00f6ping","robots":{"index":"index","follow":"follow","max-snippet":"max-snippet:-1","max-image-preview":"max-image-preview:large","max-video-preview":"max-video-preview:-1"},"canonical":"https:\/\/wp.kristdemokraterna.se\/linkoping\/sa-vill-alliansen-styra\/","og_locale":"sv_SE","og_type":"article","og_title":"S\u00e5 vill Allians f\u00f6r Link\u00f6ping styra - Kristdemokraterna i Link\u00f6ping","og_description":"Bild: Link\u00f6pings kommun Pressmeddelande fr\u00e5n Kristdemokraterna i Link\u00f6pings kommun Link\u00f6pings kommun st\u00e5r inf\u00f6r stora utmaningar fram\u00f6ver, detta st\u00e4ller st\u00f6rre krav p\u00e5 styrning och uppf\u00f6ljning av resurser, prestationer, resultat och effekter i kommunens verksamheter. Det st\u00e4ller ocks\u00e5 krav p\u00e5 prioriteringar, effektivisering och f\u00f6rnyelse av verksamheterna. Kommuninv\u00e5narnas skattemedel ska hanteras med respekt och investeras d\u00e4r de g\u00f6r Read More","og_url":"https:\/\/wp.kristdemokraterna.se\/linkoping\/sa-vill-alliansen-styra\/","og_site_name":"Kristdemokraterna i Link\u00f6ping","article_author":"https:\/\/www.facebook.com\/kdlinkoping\/","article_published_time":"2018-10-23T12:05:49+00:00","article_modified_time":"2021-08-13T09:48:06+00:00","og_image":[{"width":780,"height":440,"url":"https:\/\/wp.kristdemokraterna.se\/linkoping\/files\/2018\/10\/alliansbild.jpg","type":"image\/jpeg"}],"author":"linkoping","twitter_card":"summary_large_image","twitter_misc":{"Skriven av":"linkoping","Ber\u00e4knad l\u00e4stid":"2 minuter"},"schema":{"@context":"https:\/\/schema.org","@graph":[{"@type":"Article","@id":"https:\/\/wp.kristdemokraterna.se\/linkoping\/sa-vill-alliansen-styra\/#article","isPartOf":{"@id":"https:\/\/wp.kristdemokraterna.se\/linkoping\/sa-vill-alliansen-styra\/"},"author":{"name":"linkoping","@id":"https:\/\/wp.kristdemokraterna.se\/linkoping\/#\/schema\/person\/b0148c3c8863db76d330faa282b9521a"},"headline":"S\u00e5 vill Allians f\u00f6r Link\u00f6ping styra","datePublished":"2018-10-23T12:05:49+00:00","dateModified":"2021-08-13T09:48:06+00:00","mainEntityOfPage":{"@id":"https:\/\/wp.kristdemokraterna.se\/linkoping\/sa-vill-alliansen-styra\/"},"wordCount":461,"image":{"@id":"https:\/\/wp.kristdemokraterna.se\/linkoping\/sa-vill-alliansen-styra\/#primaryimage"},"thumbnailUrl":"https:\/\/wp.kristdemokraterna.se\/linkoping\/files\/2018\/10\/alliansbild.jpg","articleSection":["arkiv","okategoriserade"],"inLanguage":"sv-SE"},{"@type":"WebPage","@id":"https:\/\/wp.kristdemokraterna.se\/linkoping\/sa-vill-alliansen-styra\/","url":"https:\/\/wp.kristdemokraterna.se\/linkoping\/sa-vill-alliansen-styra\/","name":"S\u00e5 vill Allians f\u00f6r Link\u00f6ping styra - Kristdemokraterna i Link\u00f6ping","isPartOf":{"@id":"https:\/\/wp.kristdemokraterna.se\/linkoping\/#website"},"primaryImageOfPage":{"@id":"https:\/\/wp.kristdemokraterna.se\/linkoping\/sa-vill-alliansen-styra\/#primaryimage"},"image":{"@id":"https:\/\/wp.kristdemokraterna.se\/linkoping\/sa-vill-alliansen-styra\/#primaryimage"},"thumbnailUrl":"https:\/\/wp.kristdemokraterna.se\/linkoping\/files\/2018\/10\/alliansbild.jpg","datePublished":"2018-10-23T12:05:49+00:00","dateModified":"2021-08-13T09:48:06+00:00","author":{"@id":"https:\/\/wp.kristdemokraterna.se\/linkoping\/#\/schema\/person\/b0148c3c8863db76d330faa282b9521a"},"breadcrumb":{"@id":"https:\/\/wp.kristdemokraterna.se\/linkoping\/sa-vill-alliansen-styra\/#breadcrumb"},"inLanguage":"sv-SE","potentialAction":[{"@type":"ReadAction","target":["https:\/\/wp.kristdemokraterna.se\/linkoping\/sa-vill-alliansen-styra\/"]}]},{"@type":"ImageObject","inLanguage":"sv-SE","@id":"https:\/\/wp.kristdemokraterna.se\/linkoping\/sa-vill-alliansen-styra\/#primaryimage","url":"https:\/\/wp.kristdemokraterna.se\/linkoping\/files\/2018\/10\/alliansbild.jpg","contentUrl":"https:\/\/wp.kristdemokraterna.se\/linkoping\/files\/2018\/10\/alliansbild.jpg","width":780,"height":440},{"@type":"BreadcrumbList","@id":"https:\/\/wp.kristdemokraterna.se\/linkoping\/sa-vill-alliansen-styra\/#breadcrumb","itemListElement":[{"@type":"ListItem","position":1,"name":"Hem","item":"https:\/\/wp.kristdemokraterna.se\/linkoping\/"},{"@type":"ListItem","position":2,"name":"S\u00e5 vill Allians f\u00f6r Link\u00f6ping styra"}]},{"@type":"WebSite","@id":"https:\/\/wp.kristdemokraterna.se\/linkoping\/#website","url":"https:\/\/wp.kristdemokraterna.se\/linkoping\/","name":"Kristdemokraterna i Link\u00f6ping","description":"","inLanguage":"sv-SE"},{"@type":"Person","@id":"https:\/\/wp.kristdemokraterna.se\/linkoping\/#\/schema\/person\/b0148c3c8863db76d330faa282b9521a","name":"linkoping","image":{"@type":"ImageObject","inLanguage":"sv-SE","@id":"https:\/\/secure.gravatar.com\/avatar\/016e7965fec0e08fdd07b021a7d25181278d4b29b1d5bab57b16017e35421895?s=96&r=g","url":"https:\/\/secure.gravatar.com\/avatar\/016e7965fec0e08fdd07b021a7d25181278d4b29b1d5bab57b16017e35421895?s=96&r=g","contentUrl":"https:\/\/secure.gravatar.com\/avatar\/016e7965fec0e08fdd07b021a7d25181278d4b29b1d5bab57b16017e35421895?s=96&r=g","caption":"linkoping"},"sameAs":["https:\/\/www.facebook.com\/kdlinkoping\/"],"url":"https:\/\/wp.kristdemokraterna.se\/linkoping\/author\/linkoping\/"}]}},"_links":{"self":[{"href":"https:\/\/wp.kristdemokraterna.se\/linkoping\/wp-json\/wp\/v2\/posts\/926","targetHints":{"allow":["GET"]}}],"collection":[{"href":"https:\/\/wp.kristdemokraterna.se\/linkoping\/wp-json\/wp\/v2\/posts"}],"about":[{"href":"https:\/\/wp.kristdemokraterna.se\/linkoping\/wp-json\/wp\/v2\/types\/post"}],"author":[{"embeddable":true,"href":"https:\/\/wp.kristdemokraterna.se\/linkoping\/wp-json\/wp\/v2\/users\/410"}],"replies":[{"embeddable":true,"href":"https:\/\/wp.kristdemokraterna.se\/linkoping\/wp-json\/wp\/v2\/comments?post=926"}],"version-history":[{"count":12,"href":"https:\/\/wp.kristdemokraterna.se\/linkoping\/wp-json\/wp\/v2\/posts\/926\/revisions"}],"predecessor-version":[{"id":964,"href":"https:\/\/wp.kristdemokraterna.se\/linkoping\/wp-json\/wp\/v2\/posts\/926\/revisions\/964"}],"wp:featuredmedia":[{"embeddable":true,"href":"https:\/\/wp.kristdemokraterna.se\/linkoping\/wp-json\/wp\/v2\/media\/942"}],"wp:attachment":[{"href":"https:\/\/wp.kristdemokraterna.se\/linkoping\/wp-json\/wp\/v2\/media?parent=926"}],"wp:term":[{"taxonomy":"category","embeddable":true,"href":"https:\/\/wp.kristdemokraterna.se\/linkoping\/wp-json\/wp\/v2\/categories?post=926"},{"taxonomy":"post_tag","embeddable":true,"href":"https:\/\/wp.kristdemokraterna.se\/linkoping\/wp-json\/wp\/v2\/tags?post=926"}],"curies":[{"name":"wp","href":"https:\/\/api.w.org\/{rel}","templated":true}]}}