{"id":946,"date":"2018-10-24T11:21:10","date_gmt":"2018-10-24T09:21:10","guid":{"rendered":"http:\/\/wp.kristdemokraterna.se\/linkoping\/?p=946"},"modified":"2021-08-13T11:48:06","modified_gmt":"2021-08-13T09:48:06","slug":"skyttedal-fortsatt-gruppledare-for-kd-i-linkoping","status":"publish","type":"post","link":"https:\/\/wp.kristdemokraterna.se\/linkoping\/skyttedal-fortsatt-gruppledare-for-kd-i-linkoping\/","title":{"rendered":"Skyttedal fortsatt gruppledare f\u00f6r Kristdemokraterna i Link\u00f6ping"},"content":{"rendered":"<h6>Bakre raden fr\u00e5n v\u00e4nster: Magnus Landberg, Magnus Engstr\u00f6m och Johan H\u00e4ggblom. Mellersta raden fr\u00e5n v\u00e4nster: Denis\u00e9 Cassel, Liselotte Fager och Per Larsson. Fr\u00e4mre raden fr\u00e5n v\u00e4nster: Kjell O Lejon, Sara Skyttedal och Yvonne Svallin. Bild: Fredrik Topplund<\/h6>\n<p><em>Pressmeddelande fr\u00e5n Kristdemokraterna i Link\u00f6pings kommun<\/em><\/p>\n<h4>Skyttedal fortsatt gruppledare f\u00f6r Kristdemokraterna i Link\u00f6ping<\/h4>\n<p>Under tisdagskv\u00e4llen samlades Kristdemokraterna i Link\u00f6pings kommun f\u00f6r att v\u00e4lja gruppledare och kommunalr\u00e5d f\u00f6r den kommande mandatperioden, d\u00e4r Alliansen kommer att sitta i ledande st\u00e4llning. Sara Skyttedal fick f\u00f6rnyat f\u00f6rtroende att forts\u00e4tta som kommunalr\u00e5d och gruppledare f\u00f6r Kristdemokraternas kommunfullm\u00e4ktigegrupp mandatperioden 2019-2022.<\/p>\n<p>&#8211; Det k\u00e4nns hedrande att ha f\u00e5tt nomineringsgruppens f\u00f6rtroende att f\u00e5 forts\u00e4tta som kommunalr\u00e5d och gruppledare f\u00f6r Kristdemokraterna i Link\u00f6ping. Efter \u00e5rsskiftet slutar jag ocks\u00e5 vara i opposition och bli en del av det nya Alliansstyret. Dessutom tilltr\u00e4der jag i en ny roll som 1:e vice ordf\u00f6rande i kommunstyrelsen med ett s\u00e4rskilt ansvar att arbeta med effektiviseringar och att samordna arbetsmarknadsfr\u00e5gorna. Det k\u00e4nns bra att vara del av ett s\u00e5 starkt lag\u201d s\u00e4ger Sara Skyttedal.<\/p>\n<p>Kristdemokraterna i Link\u00f6ping har f\u00e5tt f\u00f6r\u00e4ndrad mandatf\u00f6rdelning f\u00f6r mandatperioden 2019-2022, i kommunvalet \u00f6kade Kristdemokraterna med tv\u00e5 mandat vilket inneb\u00e4r att tre nya namn har tillkommit till fullm\u00e4ktigegruppen; Kjell O Lejon, Johan H\u00e4ggblom och Denis\u00e9 Cassel.<\/p>\n<p>&#8211; Vi \u00f6kade rej\u00e4lt i valet vilket g\u00f6r att vi nu har fler poster att tills\u00e4tta. \u00a0Nomineringsgruppen har lyckats f\u00e5 till en laguppst\u00e4llning med stark vilja, bra v\u00e4rderingar och god kompetens f\u00f6r att kunna bidra till ett b\u00e4ttre Link\u00f6ping\u201d avslutar Sara Skyttedal.<\/p>\n<p>* Nomineringen av f\u00f6rtroendeuppdragen f\u00f6r mandatperioden 2019-2022 kommer att redovisas i ett separat och kommande pressmeddelande. <em>\u00a0<\/em><\/p>\n<p>Vid fr\u00e5gor kontakta:<\/p>\n<p><strong>Sara Skyttedal (KD)<\/strong><br \/>\nKommunalr\u00e5d i opposition<br \/>\n<a href=\"mailto:sara.skyttedal@linkoping.se\">sara.skyttedal@linkoping.se<\/a><\/p>\n<p><strong>Denis\u00e9 Cassel (KD)<br \/>\n<\/strong>Politisk sekreterare<br \/>\n<a href=\"mailto:denise.cassel@kristdemokraterna.se\">denise.cassel@linkoping.se<\/a><br \/>\n072-235 99 94<\/p>\n","protected":false},"excerpt":{"rendered":"<p>Bakre raden fr\u00e5n v\u00e4nster: Magnus Landberg, Magnus Engstr\u00f6m och Johan H\u00e4ggblom. Mellersta raden fr\u00e5n v\u00e4nster: Denis\u00e9 Cassel, Liselotte Fager och Per Larsson. Fr\u00e4mre raden fr\u00e5n v\u00e4nster: Kjell O Lejon, Sara Skyttedal och Yvonne Svallin. Bild: Fredrik Topplund Pressmeddelande fr\u00e5n Kristdemokraterna i Link\u00f6pings kommun Skyttedal fortsatt gruppledare f\u00f6r Kristdemokraterna i Link\u00f6ping Under tisdagskv\u00e4llen samlades Kristdemokraterna i <a class=\"read-more-link\" href=\"https:\/\/wp.kristdemokraterna.se\/linkoping\/skyttedal-fortsatt-gruppledare-for-kd-i-linkoping\/\">Read More<\/a><\/p>\n","protected":false},"author":410,"featured_media":947,"comment_status":"closed","ping_status":"closed","sticky":false,"template":"","format":"standard","meta":{"_acf_changed":false,"footnotes":""},"categories":[22,1],"tags":[],"class_list":["post-946","post","type-post","status-publish","format-standard","hentry","category-arkiv","category-okategoriserade"],"acf":[],"yoast_head":"<!-- This site is optimized with the Yoast SEO plugin v27.4 - https:\/\/yoast.com\/product\/yoast-seo-wordpress\/ -->\n<title>Skyttedal fortsatt gruppledare f\u00f6r Kristdemokraterna i Link\u00f6ping - Kristdemokraterna i Link\u00f6ping<\/title>\n<meta name=\"robots\" content=\"index, follow, max-snippet:-1, max-image-preview:large, max-video-preview:-1\" \/>\n<link rel=\"canonical\" href=\"https:\/\/wp.kristdemokraterna.se\/linkoping\/skyttedal-fortsatt-gruppledare-for-kd-i-linkoping\/\" \/>\n<meta property=\"og:locale\" content=\"sv_SE\" \/>\n<meta property=\"og:type\" content=\"article\" \/>\n<meta property=\"og:title\" content=\"Skyttedal fortsatt gruppledare f\u00f6r Kristdemokraterna i Link\u00f6ping - Kristdemokraterna i Link\u00f6ping\" \/>\n<meta property=\"og:description\" content=\"Bakre raden fr\u00e5n v\u00e4nster: Magnus Landberg, Magnus Engstr\u00f6m och Johan H\u00e4ggblom. Mellersta raden fr\u00e5n v\u00e4nster: Denis\u00e9 Cassel, Liselotte Fager och Per Larsson. Fr\u00e4mre raden fr\u00e5n v\u00e4nster: Kjell O Lejon, Sara Skyttedal och Yvonne Svallin. Bild: Fredrik Topplund Pressmeddelande fr\u00e5n Kristdemokraterna i Link\u00f6pings kommun Skyttedal fortsatt gruppledare f\u00f6r Kristdemokraterna i Link\u00f6ping Under tisdagskv\u00e4llen samlades Kristdemokraterna i Read More\" \/>\n<meta property=\"og:url\" content=\"https:\/\/wp.kristdemokraterna.se\/linkoping\/skyttedal-fortsatt-gruppledare-for-kd-i-linkoping\/\" \/>\n<meta property=\"og:site_name\" content=\"Kristdemokraterna i Link\u00f6ping\" \/>\n<meta property=\"article:author\" content=\"https:\/\/www.facebook.com\/kdlinkoping\/\" \/>\n<meta property=\"article:published_time\" content=\"2018-10-24T09:21:10+00:00\" \/>\n<meta property=\"article:modified_time\" content=\"2021-08-13T09:48:06+00:00\" \/>\n<meta property=\"og:image\" content=\"https:\/\/wp.kristdemokraterna.se\/linkoping\/files\/2018\/10\/kd.-kfgrupp-2019-2022.jpg\" \/>\n\t<meta property=\"og:image:width\" content=\"1720\" \/>\n\t<meta property=\"og:image:height\" content=\"1012\" \/>\n\t<meta property=\"og:image:type\" content=\"image\/jpeg\" \/>\n<meta name=\"author\" content=\"linkoping\" \/>\n<meta name=\"twitter:card\" content=\"summary_large_image\" \/>\n<meta name=\"twitter:label1\" content=\"Skriven av\" \/>\n\t<meta name=\"twitter:data1\" content=\"linkoping\" \/>\n\t<meta name=\"twitter:label2\" content=\"Ber\u00e4knad l\u00e4stid\" \/>\n\t<meta name=\"twitter:data2\" content=\"2 minuter\" \/>\n<script type=\"application\/ld+json\" class=\"yoast-schema-graph\">{\"@context\":\"https:\\\/\\\/schema.org\",\"@graph\":[{\"@type\":\"Article\",\"@id\":\"https:\\\/\\\/wp.kristdemokraterna.se\\\/linkoping\\\/skyttedal-fortsatt-gruppledare-for-kd-i-linkoping\\\/#article\",\"isPartOf\":{\"@id\":\"https:\\\/\\\/wp.kristdemokraterna.se\\\/linkoping\\\/skyttedal-fortsatt-gruppledare-for-kd-i-linkoping\\\/\"},\"author\":{\"name\":\"linkoping\",\"@id\":\"https:\\\/\\\/wp.kristdemokraterna.se\\\/linkoping\\\/#\\\/schema\\\/person\\\/b0148c3c8863db76d330faa282b9521a\"},\"headline\":\"Skyttedal fortsatt gruppledare f\u00f6r Kristdemokraterna i Link\u00f6ping\",\"datePublished\":\"2018-10-24T09:21:10+00:00\",\"dateModified\":\"2021-08-13T09:48:06+00:00\",\"mainEntityOfPage\":{\"@id\":\"https:\\\/\\\/wp.kristdemokraterna.se\\\/linkoping\\\/skyttedal-fortsatt-gruppledare-for-kd-i-linkoping\\\/\"},\"wordCount\":351,\"image\":{\"@id\":\"https:\\\/\\\/wp.kristdemokraterna.se\\\/linkoping\\\/skyttedal-fortsatt-gruppledare-for-kd-i-linkoping\\\/#primaryimage\"},\"thumbnailUrl\":\"https:\\\/\\\/wp.kristdemokraterna.se\\\/linkoping\\\/files\\\/2018\\\/10\\\/kd.-kfgrupp-2019-2022.jpg\",\"articleSection\":[\"arkiv\",\"okategoriserade\"],\"inLanguage\":\"sv-SE\"},{\"@type\":\"WebPage\",\"@id\":\"https:\\\/\\\/wp.kristdemokraterna.se\\\/linkoping\\\/skyttedal-fortsatt-gruppledare-for-kd-i-linkoping\\\/\",\"url\":\"https:\\\/\\\/wp.kristdemokraterna.se\\\/linkoping\\\/skyttedal-fortsatt-gruppledare-for-kd-i-linkoping\\\/\",\"name\":\"Skyttedal fortsatt gruppledare f\u00f6r Kristdemokraterna i Link\u00f6ping - Kristdemokraterna i Link\u00f6ping\",\"isPartOf\":{\"@id\":\"https:\\\/\\\/wp.kristdemokraterna.se\\\/linkoping\\\/#website\"},\"primaryImageOfPage\":{\"@id\":\"https:\\\/\\\/wp.kristdemokraterna.se\\\/linkoping\\\/skyttedal-fortsatt-gruppledare-for-kd-i-linkoping\\\/#primaryimage\"},\"image\":{\"@id\":\"https:\\\/\\\/wp.kristdemokraterna.se\\\/linkoping\\\/skyttedal-fortsatt-gruppledare-for-kd-i-linkoping\\\/#primaryimage\"},\"thumbnailUrl\":\"https:\\\/\\\/wp.kristdemokraterna.se\\\/linkoping\\\/files\\\/2018\\\/10\\\/kd.-kfgrupp-2019-2022.jpg\",\"datePublished\":\"2018-10-24T09:21:10+00:00\",\"dateModified\":\"2021-08-13T09:48:06+00:00\",\"author\":{\"@id\":\"https:\\\/\\\/wp.kristdemokraterna.se\\\/linkoping\\\/#\\\/schema\\\/person\\\/b0148c3c8863db76d330faa282b9521a\"},\"breadcrumb\":{\"@id\":\"https:\\\/\\\/wp.kristdemokraterna.se\\\/linkoping\\\/skyttedal-fortsatt-gruppledare-for-kd-i-linkoping\\\/#breadcrumb\"},\"inLanguage\":\"sv-SE\",\"potentialAction\":[{\"@type\":\"ReadAction\",\"target\":[\"https:\\\/\\\/wp.kristdemokraterna.se\\\/linkoping\\\/skyttedal-fortsatt-gruppledare-for-kd-i-linkoping\\\/\"]}]},{\"@type\":\"ImageObject\",\"inLanguage\":\"sv-SE\",\"@id\":\"https:\\\/\\\/wp.kristdemokraterna.se\\\/linkoping\\\/skyttedal-fortsatt-gruppledare-for-kd-i-linkoping\\\/#primaryimage\",\"url\":\"https:\\\/\\\/wp.kristdemokraterna.se\\\/linkoping\\\/files\\\/2018\\\/10\\\/kd.-kfgrupp-2019-2022.jpg\",\"contentUrl\":\"https:\\\/\\\/wp.kristdemokraterna.se\\\/linkoping\\\/files\\\/2018\\\/10\\\/kd.-kfgrupp-2019-2022.jpg\",\"width\":1720,\"height\":1012},{\"@type\":\"BreadcrumbList\",\"@id\":\"https:\\\/\\\/wp.kristdemokraterna.se\\\/linkoping\\\/skyttedal-fortsatt-gruppledare-for-kd-i-linkoping\\\/#breadcrumb\",\"itemListElement\":[{\"@type\":\"ListItem\",\"position\":1,\"name\":\"Hem\",\"item\":\"https:\\\/\\\/wp.kristdemokraterna.se\\\/linkoping\\\/\"},{\"@type\":\"ListItem\",\"position\":2,\"name\":\"Skyttedal fortsatt gruppledare f\u00f6r Kristdemokraterna i Link\u00f6ping\"}]},{\"@type\":\"WebSite\",\"@id\":\"https:\\\/\\\/wp.kristdemokraterna.se\\\/linkoping\\\/#website\",\"url\":\"https:\\\/\\\/wp.kristdemokraterna.se\\\/linkoping\\\/\",\"name\":\"Kristdemokraterna i Link\u00f6ping\",\"description\":\"\",\"inLanguage\":\"sv-SE\"},{\"@type\":\"Person\",\"@id\":\"https:\\\/\\\/wp.kristdemokraterna.se\\\/linkoping\\\/#\\\/schema\\\/person\\\/b0148c3c8863db76d330faa282b9521a\",\"name\":\"linkoping\",\"image\":{\"@type\":\"ImageObject\",\"inLanguage\":\"sv-SE\",\"@id\":\"https:\\\/\\\/secure.gravatar.com\\\/avatar\\\/016e7965fec0e08fdd07b021a7d25181278d4b29b1d5bab57b16017e35421895?s=96&r=g\",\"url\":\"https:\\\/\\\/secure.gravatar.com\\\/avatar\\\/016e7965fec0e08fdd07b021a7d25181278d4b29b1d5bab57b16017e35421895?s=96&r=g\",\"contentUrl\":\"https:\\\/\\\/secure.gravatar.com\\\/avatar\\\/016e7965fec0e08fdd07b021a7d25181278d4b29b1d5bab57b16017e35421895?s=96&r=g\",\"caption\":\"linkoping\"},\"sameAs\":[\"https:\\\/\\\/www.facebook.com\\\/kdlinkoping\\\/\"],\"url\":\"https:\\\/\\\/wp.kristdemokraterna.se\\\/linkoping\\\/author\\\/linkoping\\\/\"}]}<\/script>\n<!-- \/ Yoast SEO plugin. -->","yoast_head_json":{"title":"Skyttedal fortsatt gruppledare f\u00f6r Kristdemokraterna i Link\u00f6ping - Kristdemokraterna i Link\u00f6ping","robots":{"index":"index","follow":"follow","max-snippet":"max-snippet:-1","max-image-preview":"max-image-preview:large","max-video-preview":"max-video-preview:-1"},"canonical":"https:\/\/wp.kristdemokraterna.se\/linkoping\/skyttedal-fortsatt-gruppledare-for-kd-i-linkoping\/","og_locale":"sv_SE","og_type":"article","og_title":"Skyttedal fortsatt gruppledare f\u00f6r Kristdemokraterna i Link\u00f6ping - Kristdemokraterna i Link\u00f6ping","og_description":"Bakre raden fr\u00e5n v\u00e4nster: Magnus Landberg, Magnus Engstr\u00f6m och Johan H\u00e4ggblom. Mellersta raden fr\u00e5n v\u00e4nster: Denis\u00e9 Cassel, Liselotte Fager och Per Larsson. Fr\u00e4mre raden fr\u00e5n v\u00e4nster: Kjell O Lejon, Sara Skyttedal och Yvonne Svallin. Bild: Fredrik Topplund Pressmeddelande fr\u00e5n Kristdemokraterna i Link\u00f6pings kommun Skyttedal fortsatt gruppledare f\u00f6r Kristdemokraterna i Link\u00f6ping Under tisdagskv\u00e4llen samlades Kristdemokraterna i Read More","og_url":"https:\/\/wp.kristdemokraterna.se\/linkoping\/skyttedal-fortsatt-gruppledare-for-kd-i-linkoping\/","og_site_name":"Kristdemokraterna i Link\u00f6ping","article_author":"https:\/\/www.facebook.com\/kdlinkoping\/","article_published_time":"2018-10-24T09:21:10+00:00","article_modified_time":"2021-08-13T09:48:06+00:00","og_image":[{"width":1720,"height":1012,"url":"https:\/\/wp.kristdemokraterna.se\/linkoping\/files\/2018\/10\/kd.-kfgrupp-2019-2022.jpg","type":"image\/jpeg"}],"author":"linkoping","twitter_card":"summary_large_image","twitter_misc":{"Skriven av":"linkoping","Ber\u00e4knad l\u00e4stid":"2 minuter"},"schema":{"@context":"https:\/\/schema.org","@graph":[{"@type":"Article","@id":"https:\/\/wp.kristdemokraterna.se\/linkoping\/skyttedal-fortsatt-gruppledare-for-kd-i-linkoping\/#article","isPartOf":{"@id":"https:\/\/wp.kristdemokraterna.se\/linkoping\/skyttedal-fortsatt-gruppledare-for-kd-i-linkoping\/"},"author":{"name":"linkoping","@id":"https:\/\/wp.kristdemokraterna.se\/linkoping\/#\/schema\/person\/b0148c3c8863db76d330faa282b9521a"},"headline":"Skyttedal fortsatt gruppledare f\u00f6r Kristdemokraterna i Link\u00f6ping","datePublished":"2018-10-24T09:21:10+00:00","dateModified":"2021-08-13T09:48:06+00:00","mainEntityOfPage":{"@id":"https:\/\/wp.kristdemokraterna.se\/linkoping\/skyttedal-fortsatt-gruppledare-for-kd-i-linkoping\/"},"wordCount":351,"image":{"@id":"https:\/\/wp.kristdemokraterna.se\/linkoping\/skyttedal-fortsatt-gruppledare-for-kd-i-linkoping\/#primaryimage"},"thumbnailUrl":"https:\/\/wp.kristdemokraterna.se\/linkoping\/files\/2018\/10\/kd.-kfgrupp-2019-2022.jpg","articleSection":["arkiv","okategoriserade"],"inLanguage":"sv-SE"},{"@type":"WebPage","@id":"https:\/\/wp.kristdemokraterna.se\/linkoping\/skyttedal-fortsatt-gruppledare-for-kd-i-linkoping\/","url":"https:\/\/wp.kristdemokraterna.se\/linkoping\/skyttedal-fortsatt-gruppledare-for-kd-i-linkoping\/","name":"Skyttedal fortsatt gruppledare f\u00f6r Kristdemokraterna i Link\u00f6ping - Kristdemokraterna i Link\u00f6ping","isPartOf":{"@id":"https:\/\/wp.kristdemokraterna.se\/linkoping\/#website"},"primaryImageOfPage":{"@id":"https:\/\/wp.kristdemokraterna.se\/linkoping\/skyttedal-fortsatt-gruppledare-for-kd-i-linkoping\/#primaryimage"},"image":{"@id":"https:\/\/wp.kristdemokraterna.se\/linkoping\/skyttedal-fortsatt-gruppledare-for-kd-i-linkoping\/#primaryimage"},"thumbnailUrl":"https:\/\/wp.kristdemokraterna.se\/linkoping\/files\/2018\/10\/kd.-kfgrupp-2019-2022.jpg","datePublished":"2018-10-24T09:21:10+00:00","dateModified":"2021-08-13T09:48:06+00:00","author":{"@id":"https:\/\/wp.kristdemokraterna.se\/linkoping\/#\/schema\/person\/b0148c3c8863db76d330faa282b9521a"},"breadcrumb":{"@id":"https:\/\/wp.kristdemokraterna.se\/linkoping\/skyttedal-fortsatt-gruppledare-for-kd-i-linkoping\/#breadcrumb"},"inLanguage":"sv-SE","potentialAction":[{"@type":"ReadAction","target":["https:\/\/wp.kristdemokraterna.se\/linkoping\/skyttedal-fortsatt-gruppledare-for-kd-i-linkoping\/"]}]},{"@type":"ImageObject","inLanguage":"sv-SE","@id":"https:\/\/wp.kristdemokraterna.se\/linkoping\/skyttedal-fortsatt-gruppledare-for-kd-i-linkoping\/#primaryimage","url":"https:\/\/wp.kristdemokraterna.se\/linkoping\/files\/2018\/10\/kd.-kfgrupp-2019-2022.jpg","contentUrl":"https:\/\/wp.kristdemokraterna.se\/linkoping\/files\/2018\/10\/kd.-kfgrupp-2019-2022.jpg","width":1720,"height":1012},{"@type":"BreadcrumbList","@id":"https:\/\/wp.kristdemokraterna.se\/linkoping\/skyttedal-fortsatt-gruppledare-for-kd-i-linkoping\/#breadcrumb","itemListElement":[{"@type":"ListItem","position":1,"name":"Hem","item":"https:\/\/wp.kristdemokraterna.se\/linkoping\/"},{"@type":"ListItem","position":2,"name":"Skyttedal fortsatt gruppledare f\u00f6r Kristdemokraterna i Link\u00f6ping"}]},{"@type":"WebSite","@id":"https:\/\/wp.kristdemokraterna.se\/linkoping\/#website","url":"https:\/\/wp.kristdemokraterna.se\/linkoping\/","name":"Kristdemokraterna i Link\u00f6ping","description":"","inLanguage":"sv-SE"},{"@type":"Person","@id":"https:\/\/wp.kristdemokraterna.se\/linkoping\/#\/schema\/person\/b0148c3c8863db76d330faa282b9521a","name":"linkoping","image":{"@type":"ImageObject","inLanguage":"sv-SE","@id":"https:\/\/secure.gravatar.com\/avatar\/016e7965fec0e08fdd07b021a7d25181278d4b29b1d5bab57b16017e35421895?s=96&r=g","url":"https:\/\/secure.gravatar.com\/avatar\/016e7965fec0e08fdd07b021a7d25181278d4b29b1d5bab57b16017e35421895?s=96&r=g","contentUrl":"https:\/\/secure.gravatar.com\/avatar\/016e7965fec0e08fdd07b021a7d25181278d4b29b1d5bab57b16017e35421895?s=96&r=g","caption":"linkoping"},"sameAs":["https:\/\/www.facebook.com\/kdlinkoping\/"],"url":"https:\/\/wp.kristdemokraterna.se\/linkoping\/author\/linkoping\/"}]}},"_links":{"self":[{"href":"https:\/\/wp.kristdemokraterna.se\/linkoping\/wp-json\/wp\/v2\/posts\/946","targetHints":{"allow":["GET"]}}],"collection":[{"href":"https:\/\/wp.kristdemokraterna.se\/linkoping\/wp-json\/wp\/v2\/posts"}],"about":[{"href":"https:\/\/wp.kristdemokraterna.se\/linkoping\/wp-json\/wp\/v2\/types\/post"}],"author":[{"embeddable":true,"href":"https:\/\/wp.kristdemokraterna.se\/linkoping\/wp-json\/wp\/v2\/users\/410"}],"replies":[{"embeddable":true,"href":"https:\/\/wp.kristdemokraterna.se\/linkoping\/wp-json\/wp\/v2\/comments?post=946"}],"version-history":[{"count":19,"href":"https:\/\/wp.kristdemokraterna.se\/linkoping\/wp-json\/wp\/v2\/posts\/946\/revisions"}],"predecessor-version":[{"id":996,"href":"https:\/\/wp.kristdemokraterna.se\/linkoping\/wp-json\/wp\/v2\/posts\/946\/revisions\/996"}],"wp:featuredmedia":[{"embeddable":true,"href":"https:\/\/wp.kristdemokraterna.se\/linkoping\/wp-json\/wp\/v2\/media\/947"}],"wp:attachment":[{"href":"https:\/\/wp.kristdemokraterna.se\/linkoping\/wp-json\/wp\/v2\/media?parent=946"}],"wp:term":[{"taxonomy":"category","embeddable":true,"href":"https:\/\/wp.kristdemokraterna.se\/linkoping\/wp-json\/wp\/v2\/categories?post=946"},{"taxonomy":"post_tag","embeddable":true,"href":"https:\/\/wp.kristdemokraterna.se\/linkoping\/wp-json\/wp\/v2\/tags?post=946"}],"curies":[{"name":"wp","href":"https:\/\/api.w.org\/{rel}","templated":true}]}}