{"id":968,"date":"2018-11-04T19:49:40","date_gmt":"2018-11-04T18:49:40","guid":{"rendered":"http:\/\/wp.kristdemokraterna.se\/linkoping\/?p=968"},"modified":"2021-08-13T11:48:06","modified_gmt":"2021-08-13T09:48:06","slug":"kristdemokraternas-nya-ledande-kommunala-foretradare-2019-2022","status":"publish","type":"post","link":"https:\/\/wp.kristdemokraterna.se\/linkoping\/kristdemokraternas-nya-ledande-kommunala-foretradare-2019-2022\/","title":{"rendered":"Kristdemokraternas kommunala f\u00f6retr\u00e4dare 2019-2022"},"content":{"rendered":"<h6><span style=\"color: #000000\"><span class=\"caption\">KD:s toppkvartett. Fr\u00e5n v\u00e4nster, Per Larsson, Liselotte Fager, Sara Skyttedal och Magnus Engstr\u00f6m.\u00a0<\/span><\/span><span style=\"color: #000000\"><span class=\"byline\">Bild: Fredrik Topplund<\/span><\/span><\/h6>\n<h3>Kristdemokraternas kommunala f\u00f6retr\u00e4dare 2019-2022<\/h3>\n<p>Kristdemokraternas laguppst\u00e4llning i Link\u00f6pings kommun f\u00f6r mandatperioden 2019-2022 \u00e4r nu helt klar. V\u00e5ra valframg\u00e5ngar g\u00f6r att vi f\u00e5r st\u00f6rre chans att genomf\u00f6ra v\u00e5r politik och ger fler kristdemokrater p\u00e5 tunga poster.<\/p>\n<div class=\"page\" title=\"Page 1\">\n<div class=\"layoutArea\">\n<div class=\"column\">\n<p>&#8211; Vi a\u0308r mycket glada och stolta att kunna presentera en stark laguppsta\u0308llning fo\u0308r Kristdemokraterna i Linko\u0308pings kommun. Ha\u0308r finns en stor bredd av olika erfarenheter och bakgrund, unga och lite a\u0308ldre, helt nya fo\u0308rtroendevalda, de som har la\u030ang erfarenhet och ett par som go\u0308r comeback. Yngst a\u0308r Amanda Olsson, 19 a\u030ar, som blir ny ersa\u0308ttare i Bygg- och miljo\u0308na\u0308mnden, och a\u0308ldst a\u0308r Lars Eklund, 76 a\u030ar, en ga\u030ang Kristdemokraternas fo\u0308rsta kommunalra\u030ad i Linko\u0308ping 1991-1994, som blir ledamot i Tekniska Verken AB. Vi tror att den 26 personer starka laguppsta\u0308llningen ger Kristdemokraterna goda fo\u0308rutsa\u0308ttningar att bidra pa\u030a ett bra sa\u0308tt i det nya Alliansstyret i Linko\u0308ping, sa\u0308ger Per Larsson, Nomineringsgruppens ordfo\u0308rande.<\/p>\n<p>Vid fr\u00e5gor kontakta:<\/p>\n<p><strong>Sara Skyttedal (KD)<\/strong><br \/>\nKommunalr\u00e5d i opposition<br \/>\n<a href=\"mailto:sara.skyttedal@linkoping.se\">sara.skyttedal@linkoping.se<\/a><\/p>\n<p><strong>Denis\u00e9 Cassel (KD)<br \/>\n<\/strong>Politisk sekreterare<br \/>\n<a href=\"mailto:denise.cassel@kristdemokraterna.se\">denise.cassel@linkoping.se<\/a><br \/>\n072-235 99 94<\/p>\n<\/div>\n<\/div>\n<\/div>\n","protected":false},"excerpt":{"rendered":"<p>KD:s toppkvartett. Fr\u00e5n v\u00e4nster, Per Larsson, Liselotte Fager, Sara Skyttedal och Magnus Engstr\u00f6m.\u00a0Bild: Fredrik Topplund Kristdemokraternas kommunala f\u00f6retr\u00e4dare 2019-2022 Kristdemokraternas laguppst\u00e4llning i Link\u00f6pings kommun f\u00f6r mandatperioden 2019-2022 \u00e4r nu helt klar. V\u00e5ra valframg\u00e5ngar g\u00f6r att vi f\u00e5r st\u00f6rre chans att genomf\u00f6ra v\u00e5r politik och ger fler kristdemokrater p\u00e5 tunga poster. &#8211; Vi a\u0308r mycket glada <a class=\"read-more-link\" href=\"https:\/\/wp.kristdemokraterna.se\/linkoping\/kristdemokraternas-nya-ledande-kommunala-foretradare-2019-2022\/\">Read More<\/a><\/p>\n","protected":false},"author":410,"featured_media":970,"comment_status":"closed","ping_status":"closed","sticky":false,"template":"","format":"standard","meta":{"_acf_changed":false,"footnotes":""},"categories":[22,1],"tags":[],"class_list":["post-968","post","type-post","status-publish","format-standard","hentry","category-arkiv","category-okategoriserade"],"acf":[],"yoast_head":"<!-- This site is optimized with the Yoast SEO plugin v27.4 - https:\/\/yoast.com\/product\/yoast-seo-wordpress\/ -->\n<title>Kristdemokraternas kommunala f\u00f6retr\u00e4dare 2019-2022 - Kristdemokraterna i Link\u00f6ping<\/title>\n<meta name=\"robots\" content=\"index, follow, max-snippet:-1, max-image-preview:large, max-video-preview:-1\" \/>\n<link rel=\"canonical\" href=\"https:\/\/wp.kristdemokraterna.se\/linkoping\/kristdemokraternas-nya-ledande-kommunala-foretradare-2019-2022\/\" \/>\n<meta property=\"og:locale\" content=\"sv_SE\" \/>\n<meta property=\"og:type\" content=\"article\" \/>\n<meta property=\"og:title\" content=\"Kristdemokraternas kommunala f\u00f6retr\u00e4dare 2019-2022 - Kristdemokraterna i Link\u00f6ping\" \/>\n<meta property=\"og:description\" content=\"KD:s toppkvartett. Fr\u00e5n v\u00e4nster, Per Larsson, Liselotte Fager, Sara Skyttedal och Magnus Engstr\u00f6m.\u00a0Bild: Fredrik Topplund Kristdemokraternas kommunala f\u00f6retr\u00e4dare 2019-2022 Kristdemokraternas laguppst\u00e4llning i Link\u00f6pings kommun f\u00f6r mandatperioden 2019-2022 \u00e4r nu helt klar. V\u00e5ra valframg\u00e5ngar g\u00f6r att vi f\u00e5r st\u00f6rre chans att genomf\u00f6ra v\u00e5r politik och ger fler kristdemokrater p\u00e5 tunga poster. &#8211; Vi a\u0308r mycket glada Read More\" \/>\n<meta property=\"og:url\" content=\"https:\/\/wp.kristdemokraterna.se\/linkoping\/kristdemokraternas-nya-ledande-kommunala-foretradare-2019-2022\/\" \/>\n<meta property=\"og:site_name\" content=\"Kristdemokraterna i Link\u00f6ping\" \/>\n<meta property=\"article:author\" content=\"https:\/\/www.facebook.com\/kdlinkoping\/\" \/>\n<meta property=\"article:published_time\" content=\"2018-11-04T18:49:40+00:00\" \/>\n<meta property=\"article:modified_time\" content=\"2021-08-13T09:48:06+00:00\" \/>\n<meta property=\"og:image\" content=\"https:\/\/wp.kristdemokraterna.se\/linkoping\/files\/2018\/11\/kd_linko\u0308ping_grupp-540x388.jpg\" \/>\n\t<meta property=\"og:image:width\" content=\"540\" \/>\n\t<meta property=\"og:image:height\" content=\"388\" \/>\n\t<meta property=\"og:image:type\" content=\"image\/jpeg\" \/>\n<meta name=\"author\" content=\"linkoping\" \/>\n<meta name=\"twitter:card\" content=\"summary_large_image\" \/>\n<meta name=\"twitter:label1\" content=\"Skriven av\" \/>\n\t<meta name=\"twitter:data1\" content=\"linkoping\" \/>\n\t<meta name=\"twitter:label2\" content=\"Ber\u00e4knad l\u00e4stid\" \/>\n\t<meta name=\"twitter:data2\" content=\"1 minut\" \/>\n<script type=\"application\/ld+json\" class=\"yoast-schema-graph\">{\"@context\":\"https:\\\/\\\/schema.org\",\"@graph\":[{\"@type\":\"Article\",\"@id\":\"https:\\\/\\\/wp.kristdemokraterna.se\\\/linkoping\\\/kristdemokraternas-nya-ledande-kommunala-foretradare-2019-2022\\\/#article\",\"isPartOf\":{\"@id\":\"https:\\\/\\\/wp.kristdemokraterna.se\\\/linkoping\\\/kristdemokraternas-nya-ledande-kommunala-foretradare-2019-2022\\\/\"},\"author\":{\"name\":\"linkoping\",\"@id\":\"https:\\\/\\\/wp.kristdemokraterna.se\\\/linkoping\\\/#\\\/schema\\\/person\\\/b0148c3c8863db76d330faa282b9521a\"},\"headline\":\"Kristdemokraternas kommunala f\u00f6retr\u00e4dare 2019-2022\",\"datePublished\":\"2018-11-04T18:49:40+00:00\",\"dateModified\":\"2021-08-13T09:48:06+00:00\",\"mainEntityOfPage\":{\"@id\":\"https:\\\/\\\/wp.kristdemokraterna.se\\\/linkoping\\\/kristdemokraternas-nya-ledande-kommunala-foretradare-2019-2022\\\/\"},\"wordCount\":234,\"image\":{\"@id\":\"https:\\\/\\\/wp.kristdemokraterna.se\\\/linkoping\\\/kristdemokraternas-nya-ledande-kommunala-foretradare-2019-2022\\\/#primaryimage\"},\"thumbnailUrl\":\"https:\\\/\\\/wp.kristdemokraterna.se\\\/linkoping\\\/files\\\/2018\\\/11\\\/kd_linko\u0308ping_grupp.jpg\",\"articleSection\":[\"arkiv\",\"okategoriserade\"],\"inLanguage\":\"sv-SE\"},{\"@type\":\"WebPage\",\"@id\":\"https:\\\/\\\/wp.kristdemokraterna.se\\\/linkoping\\\/kristdemokraternas-nya-ledande-kommunala-foretradare-2019-2022\\\/\",\"url\":\"https:\\\/\\\/wp.kristdemokraterna.se\\\/linkoping\\\/kristdemokraternas-nya-ledande-kommunala-foretradare-2019-2022\\\/\",\"name\":\"Kristdemokraternas kommunala f\u00f6retr\u00e4dare 2019-2022 - Kristdemokraterna i Link\u00f6ping\",\"isPartOf\":{\"@id\":\"https:\\\/\\\/wp.kristdemokraterna.se\\\/linkoping\\\/#website\"},\"primaryImageOfPage\":{\"@id\":\"https:\\\/\\\/wp.kristdemokraterna.se\\\/linkoping\\\/kristdemokraternas-nya-ledande-kommunala-foretradare-2019-2022\\\/#primaryimage\"},\"image\":{\"@id\":\"https:\\\/\\\/wp.kristdemokraterna.se\\\/linkoping\\\/kristdemokraternas-nya-ledande-kommunala-foretradare-2019-2022\\\/#primaryimage\"},\"thumbnailUrl\":\"https:\\\/\\\/wp.kristdemokraterna.se\\\/linkoping\\\/files\\\/2018\\\/11\\\/kd_linko\u0308ping_grupp.jpg\",\"datePublished\":\"2018-11-04T18:49:40+00:00\",\"dateModified\":\"2021-08-13T09:48:06+00:00\",\"author\":{\"@id\":\"https:\\\/\\\/wp.kristdemokraterna.se\\\/linkoping\\\/#\\\/schema\\\/person\\\/b0148c3c8863db76d330faa282b9521a\"},\"breadcrumb\":{\"@id\":\"https:\\\/\\\/wp.kristdemokraterna.se\\\/linkoping\\\/kristdemokraternas-nya-ledande-kommunala-foretradare-2019-2022\\\/#breadcrumb\"},\"inLanguage\":\"sv-SE\",\"potentialAction\":[{\"@type\":\"ReadAction\",\"target\":[\"https:\\\/\\\/wp.kristdemokraterna.se\\\/linkoping\\\/kristdemokraternas-nya-ledande-kommunala-foretradare-2019-2022\\\/\"]}]},{\"@type\":\"ImageObject\",\"inLanguage\":\"sv-SE\",\"@id\":\"https:\\\/\\\/wp.kristdemokraterna.se\\\/linkoping\\\/kristdemokraternas-nya-ledande-kommunala-foretradare-2019-2022\\\/#primaryimage\",\"url\":\"https:\\\/\\\/wp.kristdemokraterna.se\\\/linkoping\\\/files\\\/2018\\\/11\\\/kd_linko\u0308ping_grupp.jpg\",\"contentUrl\":\"https:\\\/\\\/wp.kristdemokraterna.se\\\/linkoping\\\/files\\\/2018\\\/11\\\/kd_linko\u0308ping_grupp.jpg\",\"width\":1772,\"height\":1274},{\"@type\":\"BreadcrumbList\",\"@id\":\"https:\\\/\\\/wp.kristdemokraterna.se\\\/linkoping\\\/kristdemokraternas-nya-ledande-kommunala-foretradare-2019-2022\\\/#breadcrumb\",\"itemListElement\":[{\"@type\":\"ListItem\",\"position\":1,\"name\":\"Hem\",\"item\":\"https:\\\/\\\/wp.kristdemokraterna.se\\\/linkoping\\\/\"},{\"@type\":\"ListItem\",\"position\":2,\"name\":\"Kristdemokraternas kommunala f\u00f6retr\u00e4dare 2019-2022\"}]},{\"@type\":\"WebSite\",\"@id\":\"https:\\\/\\\/wp.kristdemokraterna.se\\\/linkoping\\\/#website\",\"url\":\"https:\\\/\\\/wp.kristdemokraterna.se\\\/linkoping\\\/\",\"name\":\"Kristdemokraterna i Link\u00f6ping\",\"description\":\"\",\"inLanguage\":\"sv-SE\"},{\"@type\":\"Person\",\"@id\":\"https:\\\/\\\/wp.kristdemokraterna.se\\\/linkoping\\\/#\\\/schema\\\/person\\\/b0148c3c8863db76d330faa282b9521a\",\"name\":\"linkoping\",\"image\":{\"@type\":\"ImageObject\",\"inLanguage\":\"sv-SE\",\"@id\":\"https:\\\/\\\/secure.gravatar.com\\\/avatar\\\/016e7965fec0e08fdd07b021a7d25181278d4b29b1d5bab57b16017e35421895?s=96&r=g\",\"url\":\"https:\\\/\\\/secure.gravatar.com\\\/avatar\\\/016e7965fec0e08fdd07b021a7d25181278d4b29b1d5bab57b16017e35421895?s=96&r=g\",\"contentUrl\":\"https:\\\/\\\/secure.gravatar.com\\\/avatar\\\/016e7965fec0e08fdd07b021a7d25181278d4b29b1d5bab57b16017e35421895?s=96&r=g\",\"caption\":\"linkoping\"},\"sameAs\":[\"https:\\\/\\\/www.facebook.com\\\/kdlinkoping\\\/\"],\"url\":\"https:\\\/\\\/wp.kristdemokraterna.se\\\/linkoping\\\/author\\\/linkoping\\\/\"}]}<\/script>\n<!-- \/ Yoast SEO plugin. -->","yoast_head_json":{"title":"Kristdemokraternas kommunala f\u00f6retr\u00e4dare 2019-2022 - Kristdemokraterna i Link\u00f6ping","robots":{"index":"index","follow":"follow","max-snippet":"max-snippet:-1","max-image-preview":"max-image-preview:large","max-video-preview":"max-video-preview:-1"},"canonical":"https:\/\/wp.kristdemokraterna.se\/linkoping\/kristdemokraternas-nya-ledande-kommunala-foretradare-2019-2022\/","og_locale":"sv_SE","og_type":"article","og_title":"Kristdemokraternas kommunala f\u00f6retr\u00e4dare 2019-2022 - Kristdemokraterna i Link\u00f6ping","og_description":"KD:s toppkvartett. Fr\u00e5n v\u00e4nster, Per Larsson, Liselotte Fager, Sara Skyttedal och Magnus Engstr\u00f6m.\u00a0Bild: Fredrik Topplund Kristdemokraternas kommunala f\u00f6retr\u00e4dare 2019-2022 Kristdemokraternas laguppst\u00e4llning i Link\u00f6pings kommun f\u00f6r mandatperioden 2019-2022 \u00e4r nu helt klar. V\u00e5ra valframg\u00e5ngar g\u00f6r att vi f\u00e5r st\u00f6rre chans att genomf\u00f6ra v\u00e5r politik och ger fler kristdemokrater p\u00e5 tunga poster. &#8211; Vi a\u0308r mycket glada Read More","og_url":"https:\/\/wp.kristdemokraterna.se\/linkoping\/kristdemokraternas-nya-ledande-kommunala-foretradare-2019-2022\/","og_site_name":"Kristdemokraterna i Link\u00f6ping","article_author":"https:\/\/www.facebook.com\/kdlinkoping\/","article_published_time":"2018-11-04T18:49:40+00:00","article_modified_time":"2021-08-13T09:48:06+00:00","og_image":[{"width":540,"height":388,"url":"https:\/\/wp.kristdemokraterna.se\/linkoping\/files\/2018\/11\/kd_linko\u0308ping_grupp-540x388.jpg","type":"image\/jpeg"}],"author":"linkoping","twitter_card":"summary_large_image","twitter_misc":{"Skriven av":"linkoping","Ber\u00e4knad l\u00e4stid":"1 minut"},"schema":{"@context":"https:\/\/schema.org","@graph":[{"@type":"Article","@id":"https:\/\/wp.kristdemokraterna.se\/linkoping\/kristdemokraternas-nya-ledande-kommunala-foretradare-2019-2022\/#article","isPartOf":{"@id":"https:\/\/wp.kristdemokraterna.se\/linkoping\/kristdemokraternas-nya-ledande-kommunala-foretradare-2019-2022\/"},"author":{"name":"linkoping","@id":"https:\/\/wp.kristdemokraterna.se\/linkoping\/#\/schema\/person\/b0148c3c8863db76d330faa282b9521a"},"headline":"Kristdemokraternas kommunala f\u00f6retr\u00e4dare 2019-2022","datePublished":"2018-11-04T18:49:40+00:00","dateModified":"2021-08-13T09:48:06+00:00","mainEntityOfPage":{"@id":"https:\/\/wp.kristdemokraterna.se\/linkoping\/kristdemokraternas-nya-ledande-kommunala-foretradare-2019-2022\/"},"wordCount":234,"image":{"@id":"https:\/\/wp.kristdemokraterna.se\/linkoping\/kristdemokraternas-nya-ledande-kommunala-foretradare-2019-2022\/#primaryimage"},"thumbnailUrl":"https:\/\/wp.kristdemokraterna.se\/linkoping\/files\/2018\/11\/kd_linko\u0308ping_grupp.jpg","articleSection":["arkiv","okategoriserade"],"inLanguage":"sv-SE"},{"@type":"WebPage","@id":"https:\/\/wp.kristdemokraterna.se\/linkoping\/kristdemokraternas-nya-ledande-kommunala-foretradare-2019-2022\/","url":"https:\/\/wp.kristdemokraterna.se\/linkoping\/kristdemokraternas-nya-ledande-kommunala-foretradare-2019-2022\/","name":"Kristdemokraternas kommunala f\u00f6retr\u00e4dare 2019-2022 - Kristdemokraterna i Link\u00f6ping","isPartOf":{"@id":"https:\/\/wp.kristdemokraterna.se\/linkoping\/#website"},"primaryImageOfPage":{"@id":"https:\/\/wp.kristdemokraterna.se\/linkoping\/kristdemokraternas-nya-ledande-kommunala-foretradare-2019-2022\/#primaryimage"},"image":{"@id":"https:\/\/wp.kristdemokraterna.se\/linkoping\/kristdemokraternas-nya-ledande-kommunala-foretradare-2019-2022\/#primaryimage"},"thumbnailUrl":"https:\/\/wp.kristdemokraterna.se\/linkoping\/files\/2018\/11\/kd_linko\u0308ping_grupp.jpg","datePublished":"2018-11-04T18:49:40+00:00","dateModified":"2021-08-13T09:48:06+00:00","author":{"@id":"https:\/\/wp.kristdemokraterna.se\/linkoping\/#\/schema\/person\/b0148c3c8863db76d330faa282b9521a"},"breadcrumb":{"@id":"https:\/\/wp.kristdemokraterna.se\/linkoping\/kristdemokraternas-nya-ledande-kommunala-foretradare-2019-2022\/#breadcrumb"},"inLanguage":"sv-SE","potentialAction":[{"@type":"ReadAction","target":["https:\/\/wp.kristdemokraterna.se\/linkoping\/kristdemokraternas-nya-ledande-kommunala-foretradare-2019-2022\/"]}]},{"@type":"ImageObject","inLanguage":"sv-SE","@id":"https:\/\/wp.kristdemokraterna.se\/linkoping\/kristdemokraternas-nya-ledande-kommunala-foretradare-2019-2022\/#primaryimage","url":"https:\/\/wp.kristdemokraterna.se\/linkoping\/files\/2018\/11\/kd_linko\u0308ping_grupp.jpg","contentUrl":"https:\/\/wp.kristdemokraterna.se\/linkoping\/files\/2018\/11\/kd_linko\u0308ping_grupp.jpg","width":1772,"height":1274},{"@type":"BreadcrumbList","@id":"https:\/\/wp.kristdemokraterna.se\/linkoping\/kristdemokraternas-nya-ledande-kommunala-foretradare-2019-2022\/#breadcrumb","itemListElement":[{"@type":"ListItem","position":1,"name":"Hem","item":"https:\/\/wp.kristdemokraterna.se\/linkoping\/"},{"@type":"ListItem","position":2,"name":"Kristdemokraternas kommunala f\u00f6retr\u00e4dare 2019-2022"}]},{"@type":"WebSite","@id":"https:\/\/wp.kristdemokraterna.se\/linkoping\/#website","url":"https:\/\/wp.kristdemokraterna.se\/linkoping\/","name":"Kristdemokraterna i Link\u00f6ping","description":"","inLanguage":"sv-SE"},{"@type":"Person","@id":"https:\/\/wp.kristdemokraterna.se\/linkoping\/#\/schema\/person\/b0148c3c8863db76d330faa282b9521a","name":"linkoping","image":{"@type":"ImageObject","inLanguage":"sv-SE","@id":"https:\/\/secure.gravatar.com\/avatar\/016e7965fec0e08fdd07b021a7d25181278d4b29b1d5bab57b16017e35421895?s=96&r=g","url":"https:\/\/secure.gravatar.com\/avatar\/016e7965fec0e08fdd07b021a7d25181278d4b29b1d5bab57b16017e35421895?s=96&r=g","contentUrl":"https:\/\/secure.gravatar.com\/avatar\/016e7965fec0e08fdd07b021a7d25181278d4b29b1d5bab57b16017e35421895?s=96&r=g","caption":"linkoping"},"sameAs":["https:\/\/www.facebook.com\/kdlinkoping\/"],"url":"https:\/\/wp.kristdemokraterna.se\/linkoping\/author\/linkoping\/"}]}},"_links":{"self":[{"href":"https:\/\/wp.kristdemokraterna.se\/linkoping\/wp-json\/wp\/v2\/posts\/968","targetHints":{"allow":["GET"]}}],"collection":[{"href":"https:\/\/wp.kristdemokraterna.se\/linkoping\/wp-json\/wp\/v2\/posts"}],"about":[{"href":"https:\/\/wp.kristdemokraterna.se\/linkoping\/wp-json\/wp\/v2\/types\/post"}],"author":[{"embeddable":true,"href":"https:\/\/wp.kristdemokraterna.se\/linkoping\/wp-json\/wp\/v2\/users\/410"}],"replies":[{"embeddable":true,"href":"https:\/\/wp.kristdemokraterna.se\/linkoping\/wp-json\/wp\/v2\/comments?post=968"}],"version-history":[{"count":18,"href":"https:\/\/wp.kristdemokraterna.se\/linkoping\/wp-json\/wp\/v2\/posts\/968\/revisions"}],"predecessor-version":[{"id":995,"href":"https:\/\/wp.kristdemokraterna.se\/linkoping\/wp-json\/wp\/v2\/posts\/968\/revisions\/995"}],"wp:featuredmedia":[{"embeddable":true,"href":"https:\/\/wp.kristdemokraterna.se\/linkoping\/wp-json\/wp\/v2\/media\/970"}],"wp:attachment":[{"href":"https:\/\/wp.kristdemokraterna.se\/linkoping\/wp-json\/wp\/v2\/media?parent=968"}],"wp:term":[{"taxonomy":"category","embeddable":true,"href":"https:\/\/wp.kristdemokraterna.se\/linkoping\/wp-json\/wp\/v2\/categories?post=968"},{"taxonomy":"post_tag","embeddable":true,"href":"https:\/\/wp.kristdemokraterna.se\/linkoping\/wp-json\/wp\/v2\/tags?post=968"}],"curies":[{"name":"wp","href":"https:\/\/api.w.org\/{rel}","templated":true}]}}