{"id":121,"date":"2011-03-07T21:11:40","date_gmt":"2011-03-07T20:11:40","guid":{"rendered":"http:\/\/kdljungby.wordpress.com\/?p=11"},"modified":"2011-03-07T21:11:40","modified_gmt":"2011-03-07T20:11:40","slug":"kristdemokraternas-hallning-i-fragan-om-landsbygdsskolorna","status":"publish","type":"post","link":"https:\/\/wp.kristdemokraterna.se\/ljungby\/kristdemokraternas-hallning-i-fragan-om-landsbygdsskolorna\/","title":{"rendered":"Kristdemokraternas h\u00e5llning i fr\u00e5gan om Landsbygdsskolorna"},"content":{"rendered":"<p>Med tanke p\u00e5 beslutet som nu tagits i kommunfullm\u00e4ktige vill vi f\u00f6rtydliga KD&#8217;s st\u00e4llning i fr\u00e5gan ang\u00e5ende Landsbygdsskolor i Ljungby och varf\u00f6r vi har r\u00f6stat som vi gjort:<\/p>\n<ul>\n<li>Elevunderlaget i kommunen \u00e4r sedan flera \u00e5r vikande, vilket kr\u00e4ver en \u00f6versyn av m\u00e4ngden skolor.<\/li>\n<li>Sm\u00e5 skolor med f\u00e5tal, kanske ingen, elev i varje klass g\u00f6r undervisningssituationen k\u00e4nsligare d\u00e5 oplanerade situationer\u00a0t ex l\u00e4rares sjukdom intr\u00e4ffar.<\/li>\n<li>Sv\u00e5rare att tillgodose s\u00e4rskilda behov hos enskild elev.<\/li>\n<li>Sv\u00e5rare att tillhandah\u00e5lla beh\u00f6riga l\u00e4rare i framtiden, vilket kommer att vara ett krav i och med den \u00e4ndrade skollag som tr\u00e4der i kraft fram\u00f6ver.<\/li>\n<li>S\u00e4rskild pr\u00f6vning efter varje skolas f\u00f6rh\u00e5llanden, vilket medf\u00f6rt bed\u00f6mningen att Torpa skola med h\u00e4nsyn till restider f\u00f6r elever inte b\u00f6r l\u00e4ggas ner. Samma f\u00f6rh\u00e5llanden g\u00e4ller t ex inte f\u00f6r K\u00e5nna.<\/li>\n<\/ul>\n<p>KD&#8217;s h\u00e5llpunkt har hela tiden varit att K\u00e5nna och S\u00f6dra Ljunga \u00e4r de skolor som \u00e4r aktuella f\u00f6r nedl\u00e4ggning medan vi har velat beh\u00e5lla Torpa skola, en st\u00e5ndpunkt vi har beh\u00e5llt under hela debatten kring landsbygdsskolorna. Beslutet att l\u00e4gga ned en skola \u00e4r inte n\u00e5got roligt eller l\u00e4tt beslut men ibland tyv\u00e4rr n\u00f6dv\u00e4ndigt n\u00e4r man ser till helheten f\u00f6r hela kommunen. Vi \u00e4r samtidigt glada \u00f6ver att beslutet att starta en friskola i S\u00f6dra Ljunga godk\u00e4nts av Skolverket och uppmuntrar liknande beslut och \u00f6nskar givetvis att dessa satsningar lyckas v\u00e4l.<\/p>\n","protected":false},"excerpt":{"rendered":"<p>Med tanke p\u00e5 beslutet som nu tagits i kommunfullm\u00e4ktige vill vi f\u00f6rtydliga KD&#8217;s st\u00e4llning i fr\u00e5gan ang\u00e5ende Landsbygdsskolor i Ljungby och varf\u00f6r vi har r\u00f6stat som vi gjort: Elevunderlaget i kommunen \u00e4r sedan flera \u00e5r vikande, vilket kr\u00e4ver en \u00f6versyn av m\u00e4ngden skolor. Sm\u00e5 skolor med f\u00e5tal, kanske ingen, elev i varje klass g\u00f6r undervisningssituationen <a class=\"read-more-link\" href=\"https:\/\/wp.kristdemokraterna.se\/ljungby\/kristdemokraternas-hallning-i-fragan-om-landsbygdsskolorna\/\">Read More<\/a><\/p>\n","protected":false},"author":434,"featured_media":0,"comment_status":"open","ping_status":"open","sticky":false,"template":"","format":"standard","meta":{"_acf_changed":false,"footnotes":""},"categories":[4,5,9],"tags":[],"class_list":["post-121","post","type-post","status-publish","format-standard","hentry","category-debattinlagg","category-information","category-rostforklaringar"],"acf":[],"yoast_head":"<!-- This site is optimized with the Yoast SEO plugin v27.4 - https:\/\/yoast.com\/product\/yoast-seo-wordpress\/ -->\n<title>Kristdemokraternas h\u00e5llning i fr\u00e5gan om Landsbygdsskolorna - Kristdemokraterna Ljungby<\/title>\n<meta name=\"robots\" content=\"index, follow, max-snippet:-1, max-image-preview:large, max-video-preview:-1\" \/>\n<link rel=\"canonical\" href=\"https:\/\/wp.kristdemokraterna.se\/ljungby\/kristdemokraternas-hallning-i-fragan-om-landsbygdsskolorna\/\" \/>\n<meta property=\"og:locale\" content=\"sv_SE\" \/>\n<meta property=\"og:type\" content=\"article\" \/>\n<meta property=\"og:title\" content=\"Kristdemokraternas h\u00e5llning i fr\u00e5gan om Landsbygdsskolorna - Kristdemokraterna Ljungby\" \/>\n<meta property=\"og:description\" content=\"Med tanke p\u00e5 beslutet som nu tagits i kommunfullm\u00e4ktige vill vi f\u00f6rtydliga KD&#8217;s st\u00e4llning i fr\u00e5gan ang\u00e5ende Landsbygdsskolor i Ljungby och varf\u00f6r vi har r\u00f6stat som vi gjort: Elevunderlaget i kommunen \u00e4r sedan flera \u00e5r vikande, vilket kr\u00e4ver en \u00f6versyn av m\u00e4ngden skolor. Sm\u00e5 skolor med f\u00e5tal, kanske ingen, elev i varje klass g\u00f6r undervisningssituationen Read More\" \/>\n<meta property=\"og:url\" content=\"https:\/\/wp.kristdemokraterna.se\/ljungby\/kristdemokraternas-hallning-i-fragan-om-landsbygdsskolorna\/\" \/>\n<meta property=\"og:site_name\" content=\"Kristdemokraterna Ljungby\" \/>\n<meta property=\"article:published_time\" content=\"2011-03-07T20:11:40+00:00\" \/>\n<meta name=\"author\" content=\"ljungby\" \/>\n<meta name=\"twitter:card\" content=\"summary_large_image\" \/>\n<meta name=\"twitter:label1\" content=\"Skriven av\" \/>\n\t<meta name=\"twitter:data1\" content=\"ljungby\" \/>\n\t<meta name=\"twitter:label2\" content=\"Ber\u00e4knad l\u00e4stid\" \/>\n\t<meta name=\"twitter:data2\" content=\"1 minut\" \/>\n<script type=\"application\/ld+json\" class=\"yoast-schema-graph\">{\"@context\":\"https:\\\/\\\/schema.org\",\"@graph\":[{\"@type\":\"Article\",\"@id\":\"https:\\\/\\\/wp.kristdemokraterna.se\\\/ljungby\\\/kristdemokraternas-hallning-i-fragan-om-landsbygdsskolorna\\\/#article\",\"isPartOf\":{\"@id\":\"https:\\\/\\\/wp.kristdemokraterna.se\\\/ljungby\\\/kristdemokraternas-hallning-i-fragan-om-landsbygdsskolorna\\\/\"},\"author\":{\"name\":\"ljungby\",\"@id\":\"https:\\\/\\\/wp.kristdemokraterna.se\\\/ljungby\\\/#\\\/schema\\\/person\\\/ada662c5d4d309d880402ec01bfa9fc3\"},\"headline\":\"Kristdemokraternas h\u00e5llning i fr\u00e5gan om Landsbygdsskolorna\",\"datePublished\":\"2011-03-07T20:11:40+00:00\",\"mainEntityOfPage\":{\"@id\":\"https:\\\/\\\/wp.kristdemokraterna.se\\\/ljungby\\\/kristdemokraternas-hallning-i-fragan-om-landsbygdsskolorna\\\/\"},\"wordCount\":280,\"commentCount\":0,\"articleSection\":[\"Debattinl\u00e4gg\",\"Information\",\"R\u00f6stf\u00f6rklaringar\"],\"inLanguage\":\"sv-SE\"},{\"@type\":\"WebPage\",\"@id\":\"https:\\\/\\\/wp.kristdemokraterna.se\\\/ljungby\\\/kristdemokraternas-hallning-i-fragan-om-landsbygdsskolorna\\\/\",\"url\":\"https:\\\/\\\/wp.kristdemokraterna.se\\\/ljungby\\\/kristdemokraternas-hallning-i-fragan-om-landsbygdsskolorna\\\/\",\"name\":\"Kristdemokraternas h\u00e5llning i fr\u00e5gan om Landsbygdsskolorna - Kristdemokraterna Ljungby\",\"isPartOf\":{\"@id\":\"https:\\\/\\\/wp.kristdemokraterna.se\\\/ljungby\\\/#website\"},\"datePublished\":\"2011-03-07T20:11:40+00:00\",\"author\":{\"@id\":\"https:\\\/\\\/wp.kristdemokraterna.se\\\/ljungby\\\/#\\\/schema\\\/person\\\/ada662c5d4d309d880402ec01bfa9fc3\"},\"breadcrumb\":{\"@id\":\"https:\\\/\\\/wp.kristdemokraterna.se\\\/ljungby\\\/kristdemokraternas-hallning-i-fragan-om-landsbygdsskolorna\\\/#breadcrumb\"},\"inLanguage\":\"sv-SE\",\"potentialAction\":[{\"@type\":\"ReadAction\",\"target\":[\"https:\\\/\\\/wp.kristdemokraterna.se\\\/ljungby\\\/kristdemokraternas-hallning-i-fragan-om-landsbygdsskolorna\\\/\"]}]},{\"@type\":\"BreadcrumbList\",\"@id\":\"https:\\\/\\\/wp.kristdemokraterna.se\\\/ljungby\\\/kristdemokraternas-hallning-i-fragan-om-landsbygdsskolorna\\\/#breadcrumb\",\"itemListElement\":[{\"@type\":\"ListItem\",\"position\":1,\"name\":\"Hem\",\"item\":\"https:\\\/\\\/wp.kristdemokraterna.se\\\/ljungby\\\/\"},{\"@type\":\"ListItem\",\"position\":2,\"name\":\"Kristdemokraternas h\u00e5llning i fr\u00e5gan om Landsbygdsskolorna\"}]},{\"@type\":\"WebSite\",\"@id\":\"https:\\\/\\\/wp.kristdemokraterna.se\\\/ljungby\\\/#website\",\"url\":\"https:\\\/\\\/wp.kristdemokraterna.se\\\/ljungby\\\/\",\"name\":\"Kristdemokraterna Ljungby\",\"description\":\"\",\"inLanguage\":\"sv-SE\"},{\"@type\":\"Person\",\"@id\":\"https:\\\/\\\/wp.kristdemokraterna.se\\\/ljungby\\\/#\\\/schema\\\/person\\\/ada662c5d4d309d880402ec01bfa9fc3\",\"name\":\"ljungby\",\"image\":{\"@type\":\"ImageObject\",\"inLanguage\":\"sv-SE\",\"@id\":\"https:\\\/\\\/secure.gravatar.com\\\/avatar\\\/c094a9577724be90ddee7ea9cac26c1171055fef8cdee8b46ee0cfed89509ab1?s=96&r=g\",\"url\":\"https:\\\/\\\/secure.gravatar.com\\\/avatar\\\/c094a9577724be90ddee7ea9cac26c1171055fef8cdee8b46ee0cfed89509ab1?s=96&r=g\",\"contentUrl\":\"https:\\\/\\\/secure.gravatar.com\\\/avatar\\\/c094a9577724be90ddee7ea9cac26c1171055fef8cdee8b46ee0cfed89509ab1?s=96&r=g\",\"caption\":\"ljungby\"},\"url\":\"https:\\\/\\\/wp.kristdemokraterna.se\\\/ljungby\\\/author\\\/ljungby\\\/\"}]}<\/script>\n<!-- \/ Yoast SEO plugin. -->","yoast_head_json":{"title":"Kristdemokraternas h\u00e5llning i fr\u00e5gan om Landsbygdsskolorna - Kristdemokraterna Ljungby","robots":{"index":"index","follow":"follow","max-snippet":"max-snippet:-1","max-image-preview":"max-image-preview:large","max-video-preview":"max-video-preview:-1"},"canonical":"https:\/\/wp.kristdemokraterna.se\/ljungby\/kristdemokraternas-hallning-i-fragan-om-landsbygdsskolorna\/","og_locale":"sv_SE","og_type":"article","og_title":"Kristdemokraternas h\u00e5llning i fr\u00e5gan om Landsbygdsskolorna - Kristdemokraterna Ljungby","og_description":"Med tanke p\u00e5 beslutet som nu tagits i kommunfullm\u00e4ktige vill vi f\u00f6rtydliga KD&#8217;s st\u00e4llning i fr\u00e5gan ang\u00e5ende Landsbygdsskolor i Ljungby och varf\u00f6r vi har r\u00f6stat som vi gjort: Elevunderlaget i kommunen \u00e4r sedan flera \u00e5r vikande, vilket kr\u00e4ver en \u00f6versyn av m\u00e4ngden skolor. Sm\u00e5 skolor med f\u00e5tal, kanske ingen, elev i varje klass g\u00f6r undervisningssituationen Read More","og_url":"https:\/\/wp.kristdemokraterna.se\/ljungby\/kristdemokraternas-hallning-i-fragan-om-landsbygdsskolorna\/","og_site_name":"Kristdemokraterna Ljungby","article_published_time":"2011-03-07T20:11:40+00:00","author":"ljungby","twitter_card":"summary_large_image","twitter_misc":{"Skriven av":"ljungby","Ber\u00e4knad l\u00e4stid":"1 minut"},"schema":{"@context":"https:\/\/schema.org","@graph":[{"@type":"Article","@id":"https:\/\/wp.kristdemokraterna.se\/ljungby\/kristdemokraternas-hallning-i-fragan-om-landsbygdsskolorna\/#article","isPartOf":{"@id":"https:\/\/wp.kristdemokraterna.se\/ljungby\/kristdemokraternas-hallning-i-fragan-om-landsbygdsskolorna\/"},"author":{"name":"ljungby","@id":"https:\/\/wp.kristdemokraterna.se\/ljungby\/#\/schema\/person\/ada662c5d4d309d880402ec01bfa9fc3"},"headline":"Kristdemokraternas h\u00e5llning i fr\u00e5gan om Landsbygdsskolorna","datePublished":"2011-03-07T20:11:40+00:00","mainEntityOfPage":{"@id":"https:\/\/wp.kristdemokraterna.se\/ljungby\/kristdemokraternas-hallning-i-fragan-om-landsbygdsskolorna\/"},"wordCount":280,"commentCount":0,"articleSection":["Debattinl\u00e4gg","Information","R\u00f6stf\u00f6rklaringar"],"inLanguage":"sv-SE"},{"@type":"WebPage","@id":"https:\/\/wp.kristdemokraterna.se\/ljungby\/kristdemokraternas-hallning-i-fragan-om-landsbygdsskolorna\/","url":"https:\/\/wp.kristdemokraterna.se\/ljungby\/kristdemokraternas-hallning-i-fragan-om-landsbygdsskolorna\/","name":"Kristdemokraternas h\u00e5llning i fr\u00e5gan om Landsbygdsskolorna - Kristdemokraterna Ljungby","isPartOf":{"@id":"https:\/\/wp.kristdemokraterna.se\/ljungby\/#website"},"datePublished":"2011-03-07T20:11:40+00:00","author":{"@id":"https:\/\/wp.kristdemokraterna.se\/ljungby\/#\/schema\/person\/ada662c5d4d309d880402ec01bfa9fc3"},"breadcrumb":{"@id":"https:\/\/wp.kristdemokraterna.se\/ljungby\/kristdemokraternas-hallning-i-fragan-om-landsbygdsskolorna\/#breadcrumb"},"inLanguage":"sv-SE","potentialAction":[{"@type":"ReadAction","target":["https:\/\/wp.kristdemokraterna.se\/ljungby\/kristdemokraternas-hallning-i-fragan-om-landsbygdsskolorna\/"]}]},{"@type":"BreadcrumbList","@id":"https:\/\/wp.kristdemokraterna.se\/ljungby\/kristdemokraternas-hallning-i-fragan-om-landsbygdsskolorna\/#breadcrumb","itemListElement":[{"@type":"ListItem","position":1,"name":"Hem","item":"https:\/\/wp.kristdemokraterna.se\/ljungby\/"},{"@type":"ListItem","position":2,"name":"Kristdemokraternas h\u00e5llning i fr\u00e5gan om Landsbygdsskolorna"}]},{"@type":"WebSite","@id":"https:\/\/wp.kristdemokraterna.se\/ljungby\/#website","url":"https:\/\/wp.kristdemokraterna.se\/ljungby\/","name":"Kristdemokraterna Ljungby","description":"","inLanguage":"sv-SE"},{"@type":"Person","@id":"https:\/\/wp.kristdemokraterna.se\/ljungby\/#\/schema\/person\/ada662c5d4d309d880402ec01bfa9fc3","name":"ljungby","image":{"@type":"ImageObject","inLanguage":"sv-SE","@id":"https:\/\/secure.gravatar.com\/avatar\/c094a9577724be90ddee7ea9cac26c1171055fef8cdee8b46ee0cfed89509ab1?s=96&r=g","url":"https:\/\/secure.gravatar.com\/avatar\/c094a9577724be90ddee7ea9cac26c1171055fef8cdee8b46ee0cfed89509ab1?s=96&r=g","contentUrl":"https:\/\/secure.gravatar.com\/avatar\/c094a9577724be90ddee7ea9cac26c1171055fef8cdee8b46ee0cfed89509ab1?s=96&r=g","caption":"ljungby"},"url":"https:\/\/wp.kristdemokraterna.se\/ljungby\/author\/ljungby\/"}]}},"_links":{"self":[{"href":"https:\/\/wp.kristdemokraterna.se\/ljungby\/wp-json\/wp\/v2\/posts\/121","targetHints":{"allow":["GET"]}}],"collection":[{"href":"https:\/\/wp.kristdemokraterna.se\/ljungby\/wp-json\/wp\/v2\/posts"}],"about":[{"href":"https:\/\/wp.kristdemokraterna.se\/ljungby\/wp-json\/wp\/v2\/types\/post"}],"author":[{"embeddable":true,"href":"https:\/\/wp.kristdemokraterna.se\/ljungby\/wp-json\/wp\/v2\/users\/434"}],"replies":[{"embeddable":true,"href":"https:\/\/wp.kristdemokraterna.se\/ljungby\/wp-json\/wp\/v2\/comments?post=121"}],"version-history":[{"count":0,"href":"https:\/\/wp.kristdemokraterna.se\/ljungby\/wp-json\/wp\/v2\/posts\/121\/revisions"}],"wp:attachment":[{"href":"https:\/\/wp.kristdemokraterna.se\/ljungby\/wp-json\/wp\/v2\/media?parent=121"}],"wp:term":[{"taxonomy":"category","embeddable":true,"href":"https:\/\/wp.kristdemokraterna.se\/ljungby\/wp-json\/wp\/v2\/categories?post=121"},{"taxonomy":"post_tag","embeddable":true,"href":"https:\/\/wp.kristdemokraterna.se\/ljungby\/wp-json\/wp\/v2\/tags?post=121"}],"curies":[{"name":"wp","href":"https:\/\/api.w.org\/{rel}","templated":true}]}}