{"id":122,"date":"2011-03-08T21:12:32","date_gmt":"2011-03-08T20:12:32","guid":{"rendered":"http:\/\/kdljungby.wordpress.com\/?p=13"},"modified":"2011-03-08T21:12:32","modified_gmt":"2011-03-08T20:12:32","slug":"angaende-asikten","status":"publish","type":"post","link":"https:\/\/wp.kristdemokraterna.se\/ljungby\/angaende-asikten\/","title":{"rendered":"Ang\u00e5ende \u00c5sikten"},"content":{"rendered":"<p><strong>Brev till Kommunstyrelsen ang\u00e5ende projekt \u00c5sikten fr\u00e5n Ljungbybost\u00e4ders styrelse (D\u00e4r Christer Henriksson (KD) \u00e4r avg\u00e5ende ordf\u00f6rande)<\/strong><\/p>\n<p>Ljungbybost\u00e4der ABs styrelse har vid sitt sammantr\u00e4de den 17 februari 2011 g\u00e5tt igenom det material och de kalkyler som finns tillg\u00e4ngliga f\u00f6r planerad byggnation av trygghetsbost\u00e4der i kvarteret Bandybanan 1, \u00c5sikten.<\/p>\n<p>Styrelsen har d\u00e4rvid konstaterat att det kan befaras att ett genomf\u00f6rande av projektet kommer att medf\u00f6ra ett nedskrivningsbehov f\u00f6r Ljungbybost\u00e4der AB om 30 000 000 till 50 000 000 kr.<\/p>\n<p>Tillsammans med redan tidigare uppskattat nedskrivningsbehov om ca 20 000 000 kr p\u00e5 bl.a. V\u00e4stan\u00e5 i Ryssby samt studentbost\u00e4derna i kvarteren Tr\u00e5den och Kolvringen kan det framtida nedskrivningsbehovet vid genomf\u00f6rande av projektet \u00c5sikten komma att \u00f6verskrida Ljungbybost\u00e4der ABs redovisade egna kapital om 49 000 000 kr. Styrelsen, som \u00e4r ansvarig f\u00f6r bolagets ekonomi, anser att mot denna bakgrund att det inte \u00e4r m\u00f6jligt f\u00f6r Ljungbybost\u00e4der AB att genomf\u00f6ra projekt \u00c5sikten.<\/p>\n<p>De kalkyler f\u00f6r projekt \u00c5sikten som finns tillg\u00e4ngliga visar att projektet f\u00f6r Ljungbybost\u00e4der ABs del inte kommer att n\u00e5 break even inom \u00f6versk\u00e5dlig framtid. Bolaget som enligt lagen om allm\u00e4nnyttiga kommunala bostadsf\u00f6retag ska agera aff\u00e4rsm\u00e4ssigt konstaterar att ett deltagande i projekt \u00c5sikten inte st\u00e5r i \u00f6verensst\u00e4mmelse med lagens krav p\u00e5 aff\u00e4rsm\u00e4ssighet.<\/p>\n<p>Styrelsen har vid sitt sammantr\u00e4de den 17 februari 2011 mot bakgrund av vad ovan anf\u00f6rts beslutat meddela Ljungby kommun att man inte ser det m\u00f6jligt att f\u00f6rhandenvarande delta i ett genomf\u00f6rande av projekt \u00c5sikten.<\/p>\n","protected":false},"excerpt":{"rendered":"<p>Brev till Kommunstyrelsen ang\u00e5ende projekt \u00c5sikten fr\u00e5n Ljungbybost\u00e4ders styrelse (D\u00e4r Christer Henriksson (KD) \u00e4r avg\u00e5ende ordf\u00f6rande) Ljungbybost\u00e4der ABs styrelse har vid sitt sammantr\u00e4de den 17 februari 2011 g\u00e5tt igenom det material och de kalkyler som finns tillg\u00e4ngliga f\u00f6r planerad byggnation av trygghetsbost\u00e4der i kvarteret Bandybanan 1, \u00c5sikten. Styrelsen har d\u00e4rvid konstaterat att det kan befaras <a class=\"read-more-link\" href=\"https:\/\/wp.kristdemokraterna.se\/ljungby\/angaende-asikten\/\">Read More<\/a><\/p>\n","protected":false},"author":434,"featured_media":0,"comment_status":"open","ping_status":"open","sticky":false,"template":"","format":"standard","meta":{"_acf_changed":false,"footnotes":""},"categories":[4,5,9],"tags":[],"class_list":["post-122","post","type-post","status-publish","format-standard","hentry","category-debattinlagg","category-information","category-rostforklaringar"],"acf":[],"yoast_head":"<!-- This site is optimized with the Yoast SEO plugin v27.4 - https:\/\/yoast.com\/product\/yoast-seo-wordpress\/ -->\n<title>Ang\u00e5ende \u00c5sikten - Kristdemokraterna Ljungby<\/title>\n<meta name=\"robots\" content=\"index, follow, max-snippet:-1, max-image-preview:large, max-video-preview:-1\" \/>\n<link rel=\"canonical\" href=\"https:\/\/wp.kristdemokraterna.se\/ljungby\/angaende-asikten\/\" \/>\n<meta property=\"og:locale\" content=\"sv_SE\" \/>\n<meta property=\"og:type\" content=\"article\" \/>\n<meta property=\"og:title\" content=\"Ang\u00e5ende \u00c5sikten - Kristdemokraterna Ljungby\" \/>\n<meta property=\"og:description\" content=\"Brev till Kommunstyrelsen ang\u00e5ende projekt \u00c5sikten fr\u00e5n Ljungbybost\u00e4ders styrelse (D\u00e4r Christer Henriksson (KD) \u00e4r avg\u00e5ende ordf\u00f6rande) Ljungbybost\u00e4der ABs styrelse har vid sitt sammantr\u00e4de den 17 februari 2011 g\u00e5tt igenom det material och de kalkyler som finns tillg\u00e4ngliga f\u00f6r planerad byggnation av trygghetsbost\u00e4der i kvarteret Bandybanan 1, \u00c5sikten. Styrelsen har d\u00e4rvid konstaterat att det kan befaras Read More\" \/>\n<meta property=\"og:url\" content=\"https:\/\/wp.kristdemokraterna.se\/ljungby\/angaende-asikten\/\" \/>\n<meta property=\"og:site_name\" content=\"Kristdemokraterna Ljungby\" \/>\n<meta property=\"article:published_time\" content=\"2011-03-08T20:12:32+00:00\" \/>\n<meta name=\"author\" content=\"ljungby\" \/>\n<meta name=\"twitter:card\" content=\"summary_large_image\" \/>\n<meta name=\"twitter:label1\" content=\"Skriven av\" \/>\n\t<meta name=\"twitter:data1\" content=\"ljungby\" \/>\n\t<meta name=\"twitter:label2\" content=\"Ber\u00e4knad l\u00e4stid\" \/>\n\t<meta name=\"twitter:data2\" content=\"1 minut\" \/>\n<script type=\"application\/ld+json\" class=\"yoast-schema-graph\">{\"@context\":\"https:\\\/\\\/schema.org\",\"@graph\":[{\"@type\":\"Article\",\"@id\":\"https:\\\/\\\/wp.kristdemokraterna.se\\\/ljungby\\\/angaende-asikten\\\/#article\",\"isPartOf\":{\"@id\":\"https:\\\/\\\/wp.kristdemokraterna.se\\\/ljungby\\\/angaende-asikten\\\/\"},\"author\":{\"name\":\"ljungby\",\"@id\":\"https:\\\/\\\/wp.kristdemokraterna.se\\\/ljungby\\\/#\\\/schema\\\/person\\\/ada662c5d4d309d880402ec01bfa9fc3\"},\"headline\":\"Ang\u00e5ende \u00c5sikten\",\"datePublished\":\"2011-03-08T20:12:32+00:00\",\"mainEntityOfPage\":{\"@id\":\"https:\\\/\\\/wp.kristdemokraterna.se\\\/ljungby\\\/angaende-asikten\\\/\"},\"wordCount\":264,\"commentCount\":0,\"articleSection\":[\"Debattinl\u00e4gg\",\"Information\",\"R\u00f6stf\u00f6rklaringar\"],\"inLanguage\":\"sv-SE\"},{\"@type\":\"WebPage\",\"@id\":\"https:\\\/\\\/wp.kristdemokraterna.se\\\/ljungby\\\/angaende-asikten\\\/\",\"url\":\"https:\\\/\\\/wp.kristdemokraterna.se\\\/ljungby\\\/angaende-asikten\\\/\",\"name\":\"Ang\u00e5ende \u00c5sikten - Kristdemokraterna Ljungby\",\"isPartOf\":{\"@id\":\"https:\\\/\\\/wp.kristdemokraterna.se\\\/ljungby\\\/#website\"},\"datePublished\":\"2011-03-08T20:12:32+00:00\",\"author\":{\"@id\":\"https:\\\/\\\/wp.kristdemokraterna.se\\\/ljungby\\\/#\\\/schema\\\/person\\\/ada662c5d4d309d880402ec01bfa9fc3\"},\"breadcrumb\":{\"@id\":\"https:\\\/\\\/wp.kristdemokraterna.se\\\/ljungby\\\/angaende-asikten\\\/#breadcrumb\"},\"inLanguage\":\"sv-SE\",\"potentialAction\":[{\"@type\":\"ReadAction\",\"target\":[\"https:\\\/\\\/wp.kristdemokraterna.se\\\/ljungby\\\/angaende-asikten\\\/\"]}]},{\"@type\":\"BreadcrumbList\",\"@id\":\"https:\\\/\\\/wp.kristdemokraterna.se\\\/ljungby\\\/angaende-asikten\\\/#breadcrumb\",\"itemListElement\":[{\"@type\":\"ListItem\",\"position\":1,\"name\":\"Hem\",\"item\":\"https:\\\/\\\/wp.kristdemokraterna.se\\\/ljungby\\\/\"},{\"@type\":\"ListItem\",\"position\":2,\"name\":\"Ang\u00e5ende \u00c5sikten\"}]},{\"@type\":\"WebSite\",\"@id\":\"https:\\\/\\\/wp.kristdemokraterna.se\\\/ljungby\\\/#website\",\"url\":\"https:\\\/\\\/wp.kristdemokraterna.se\\\/ljungby\\\/\",\"name\":\"Kristdemokraterna Ljungby\",\"description\":\"\",\"inLanguage\":\"sv-SE\"},{\"@type\":\"Person\",\"@id\":\"https:\\\/\\\/wp.kristdemokraterna.se\\\/ljungby\\\/#\\\/schema\\\/person\\\/ada662c5d4d309d880402ec01bfa9fc3\",\"name\":\"ljungby\",\"image\":{\"@type\":\"ImageObject\",\"inLanguage\":\"sv-SE\",\"@id\":\"https:\\\/\\\/secure.gravatar.com\\\/avatar\\\/c094a9577724be90ddee7ea9cac26c1171055fef8cdee8b46ee0cfed89509ab1?s=96&r=g\",\"url\":\"https:\\\/\\\/secure.gravatar.com\\\/avatar\\\/c094a9577724be90ddee7ea9cac26c1171055fef8cdee8b46ee0cfed89509ab1?s=96&r=g\",\"contentUrl\":\"https:\\\/\\\/secure.gravatar.com\\\/avatar\\\/c094a9577724be90ddee7ea9cac26c1171055fef8cdee8b46ee0cfed89509ab1?s=96&r=g\",\"caption\":\"ljungby\"},\"url\":\"https:\\\/\\\/wp.kristdemokraterna.se\\\/ljungby\\\/author\\\/ljungby\\\/\"}]}<\/script>\n<!-- \/ Yoast SEO plugin. -->","yoast_head_json":{"title":"Ang\u00e5ende \u00c5sikten - Kristdemokraterna Ljungby","robots":{"index":"index","follow":"follow","max-snippet":"max-snippet:-1","max-image-preview":"max-image-preview:large","max-video-preview":"max-video-preview:-1"},"canonical":"https:\/\/wp.kristdemokraterna.se\/ljungby\/angaende-asikten\/","og_locale":"sv_SE","og_type":"article","og_title":"Ang\u00e5ende \u00c5sikten - Kristdemokraterna Ljungby","og_description":"Brev till Kommunstyrelsen ang\u00e5ende projekt \u00c5sikten fr\u00e5n Ljungbybost\u00e4ders styrelse (D\u00e4r Christer Henriksson (KD) \u00e4r avg\u00e5ende ordf\u00f6rande) Ljungbybost\u00e4der ABs styrelse har vid sitt sammantr\u00e4de den 17 februari 2011 g\u00e5tt igenom det material och de kalkyler som finns tillg\u00e4ngliga f\u00f6r planerad byggnation av trygghetsbost\u00e4der i kvarteret Bandybanan 1, \u00c5sikten. Styrelsen har d\u00e4rvid konstaterat att det kan befaras Read More","og_url":"https:\/\/wp.kristdemokraterna.se\/ljungby\/angaende-asikten\/","og_site_name":"Kristdemokraterna Ljungby","article_published_time":"2011-03-08T20:12:32+00:00","author":"ljungby","twitter_card":"summary_large_image","twitter_misc":{"Skriven av":"ljungby","Ber\u00e4knad l\u00e4stid":"1 minut"},"schema":{"@context":"https:\/\/schema.org","@graph":[{"@type":"Article","@id":"https:\/\/wp.kristdemokraterna.se\/ljungby\/angaende-asikten\/#article","isPartOf":{"@id":"https:\/\/wp.kristdemokraterna.se\/ljungby\/angaende-asikten\/"},"author":{"name":"ljungby","@id":"https:\/\/wp.kristdemokraterna.se\/ljungby\/#\/schema\/person\/ada662c5d4d309d880402ec01bfa9fc3"},"headline":"Ang\u00e5ende \u00c5sikten","datePublished":"2011-03-08T20:12:32+00:00","mainEntityOfPage":{"@id":"https:\/\/wp.kristdemokraterna.se\/ljungby\/angaende-asikten\/"},"wordCount":264,"commentCount":0,"articleSection":["Debattinl\u00e4gg","Information","R\u00f6stf\u00f6rklaringar"],"inLanguage":"sv-SE"},{"@type":"WebPage","@id":"https:\/\/wp.kristdemokraterna.se\/ljungby\/angaende-asikten\/","url":"https:\/\/wp.kristdemokraterna.se\/ljungby\/angaende-asikten\/","name":"Ang\u00e5ende \u00c5sikten - Kristdemokraterna Ljungby","isPartOf":{"@id":"https:\/\/wp.kristdemokraterna.se\/ljungby\/#website"},"datePublished":"2011-03-08T20:12:32+00:00","author":{"@id":"https:\/\/wp.kristdemokraterna.se\/ljungby\/#\/schema\/person\/ada662c5d4d309d880402ec01bfa9fc3"},"breadcrumb":{"@id":"https:\/\/wp.kristdemokraterna.se\/ljungby\/angaende-asikten\/#breadcrumb"},"inLanguage":"sv-SE","potentialAction":[{"@type":"ReadAction","target":["https:\/\/wp.kristdemokraterna.se\/ljungby\/angaende-asikten\/"]}]},{"@type":"BreadcrumbList","@id":"https:\/\/wp.kristdemokraterna.se\/ljungby\/angaende-asikten\/#breadcrumb","itemListElement":[{"@type":"ListItem","position":1,"name":"Hem","item":"https:\/\/wp.kristdemokraterna.se\/ljungby\/"},{"@type":"ListItem","position":2,"name":"Ang\u00e5ende \u00c5sikten"}]},{"@type":"WebSite","@id":"https:\/\/wp.kristdemokraterna.se\/ljungby\/#website","url":"https:\/\/wp.kristdemokraterna.se\/ljungby\/","name":"Kristdemokraterna Ljungby","description":"","inLanguage":"sv-SE"},{"@type":"Person","@id":"https:\/\/wp.kristdemokraterna.se\/ljungby\/#\/schema\/person\/ada662c5d4d309d880402ec01bfa9fc3","name":"ljungby","image":{"@type":"ImageObject","inLanguage":"sv-SE","@id":"https:\/\/secure.gravatar.com\/avatar\/c094a9577724be90ddee7ea9cac26c1171055fef8cdee8b46ee0cfed89509ab1?s=96&r=g","url":"https:\/\/secure.gravatar.com\/avatar\/c094a9577724be90ddee7ea9cac26c1171055fef8cdee8b46ee0cfed89509ab1?s=96&r=g","contentUrl":"https:\/\/secure.gravatar.com\/avatar\/c094a9577724be90ddee7ea9cac26c1171055fef8cdee8b46ee0cfed89509ab1?s=96&r=g","caption":"ljungby"},"url":"https:\/\/wp.kristdemokraterna.se\/ljungby\/author\/ljungby\/"}]}},"_links":{"self":[{"href":"https:\/\/wp.kristdemokraterna.se\/ljungby\/wp-json\/wp\/v2\/posts\/122","targetHints":{"allow":["GET"]}}],"collection":[{"href":"https:\/\/wp.kristdemokraterna.se\/ljungby\/wp-json\/wp\/v2\/posts"}],"about":[{"href":"https:\/\/wp.kristdemokraterna.se\/ljungby\/wp-json\/wp\/v2\/types\/post"}],"author":[{"embeddable":true,"href":"https:\/\/wp.kristdemokraterna.se\/ljungby\/wp-json\/wp\/v2\/users\/434"}],"replies":[{"embeddable":true,"href":"https:\/\/wp.kristdemokraterna.se\/ljungby\/wp-json\/wp\/v2\/comments?post=122"}],"version-history":[{"count":0,"href":"https:\/\/wp.kristdemokraterna.se\/ljungby\/wp-json\/wp\/v2\/posts\/122\/revisions"}],"wp:attachment":[{"href":"https:\/\/wp.kristdemokraterna.se\/ljungby\/wp-json\/wp\/v2\/media?parent=122"}],"wp:term":[{"taxonomy":"category","embeddable":true,"href":"https:\/\/wp.kristdemokraterna.se\/ljungby\/wp-json\/wp\/v2\/categories?post=122"},{"taxonomy":"post_tag","embeddable":true,"href":"https:\/\/wp.kristdemokraterna.se\/ljungby\/wp-json\/wp\/v2\/tags?post=122"}],"curies":[{"name":"wp","href":"https:\/\/api.w.org\/{rel}","templated":true}]}}