{"id":123,"date":"2011-03-08T21:14:01","date_gmt":"2011-03-08T20:14:01","guid":{"rendered":"http:\/\/kdljungby.wordpress.com\/?p=16"},"modified":"2011-03-08T21:14:01","modified_gmt":"2011-03-08T20:14:01","slug":"kd-reserverar-sig-angaende-studentbostadsbolag","status":"publish","type":"post","link":"https:\/\/wp.kristdemokraterna.se\/ljungby\/kd-reserverar-sig-angaende-studentbostadsbolag\/","title":{"rendered":"KD reserverar sig ang\u00e5ende studentbostadsbolag"},"content":{"rendered":"<p>Reservation fr\u00e5n KD g\u00e4llande beslutet om studentbostadsbolag i Ljungby<\/p>\n<p>&nbsp;<\/p>\n<blockquote><p>&#8221;Jag reserverar mig h\u00e4rmed mot kommunfullm\u00e4ktiges beslut att inte \u00e5terremittera \u00e4rendet om bildande av studentbostadsbolag f\u00f6r ytterligare beredning. Den beredning som skett med tj\u00e4nsteutl\u00e5tande fr\u00e5n kommunledningskontoret synes grunda sig p\u00e5 den missuppfattningen att problemet \u00e4r om det \u00e4r m\u00f6jligt att s\u00e4rredovisa studentbostadsfastigheterna inom Ljungbybost\u00e4der.<\/p>\n<p>Det har aldrig f\u00f6relegat n\u00e5got tvivel om att en s\u00e5dan s\u00e4rredovisning kan ske. Den aktuella fr\u00e5gan \u00e4r vem som skall betala de underskott som studentbost\u00e4derna f\u00f6r med sig.Bakgrunden till byggandet av studentbost\u00e4derna \u00e4r den studentbostadsgaranti som kommunen utf\u00e4rdat.<\/p>\n<p>F\u00f6r uppfyllande av garantin har Ljungbybost\u00e4der n\u00f6dgats bygga sammanlagt 86 studentbost\u00e4der i kvarteren Tr\u00e5den och Kolvringen. Dessa \u00e4r f\u00f6rlustprojekt i tv\u00e5 avseenden dels genom ett f\u00f6rv\u00e4ntat nedskrivningsbehov om uppskattat 8 000 000 kronor, som kommer att belasta Ljungbybost\u00e4ders resultat 2011 samt balansr\u00e4kningen dels en \u00e5rlig f\u00f6rlust med drygt 1 000 000 kronor dvs cirka 1000 kronor per bostadshyresg\u00e4st hos Ljungbybost\u00e4der.<\/p>\n<p>Enligt min mening borde detta \u00e5tminstone tydliggjorts i beslutsunderlaget till kommunfullm\u00e4ktige innan beslutet togs att kostnaderna f\u00f6r kommunens studentbostadsgarantiskall stanna p\u00e5 Ljungbybost\u00e4ders hyresg\u00e4ster med befriande verkan f\u00f6r lantbrukare, egnahems\u00e4gare, bostadsr\u00e4ttshavare och hyresg\u00e4ster hos privata hyresv\u00e4rdar.<\/p>\n<p>&nbsp;<\/p>\n<p>Christer Henriksson (KD)&#8221;<\/p><\/blockquote>\n","protected":false},"excerpt":{"rendered":"<p>Reservation fr\u00e5n KD g\u00e4llande beslutet om studentbostadsbolag i Ljungby &nbsp; &#8221;Jag reserverar mig h\u00e4rmed mot kommunfullm\u00e4ktiges beslut att inte \u00e5terremittera \u00e4rendet om bildande av studentbostadsbolag f\u00f6r ytterligare beredning. Den beredning som skett med tj\u00e4nsteutl\u00e5tande fr\u00e5n kommunledningskontoret synes grunda sig p\u00e5 den missuppfattningen att problemet \u00e4r om det \u00e4r m\u00f6jligt att s\u00e4rredovisa studentbostadsfastigheterna inom Ljungbybost\u00e4der. Det <a class=\"read-more-link\" href=\"https:\/\/wp.kristdemokraterna.se\/ljungby\/kd-reserverar-sig-angaende-studentbostadsbolag\/\">Read More<\/a><\/p>\n","protected":false},"author":434,"featured_media":0,"comment_status":"open","ping_status":"open","sticky":false,"template":"","format":"standard","meta":{"_acf_changed":false,"footnotes":""},"categories":[4,9],"tags":[],"class_list":["post-123","post","type-post","status-publish","format-standard","hentry","category-debattinlagg","category-rostforklaringar"],"acf":[],"yoast_head":"<!-- This site is optimized with the Yoast SEO plugin v27.4 - https:\/\/yoast.com\/product\/yoast-seo-wordpress\/ -->\n<title>KD reserverar sig ang\u00e5ende studentbostadsbolag - Kristdemokraterna Ljungby<\/title>\n<meta name=\"robots\" content=\"index, follow, max-snippet:-1, max-image-preview:large, max-video-preview:-1\" \/>\n<link rel=\"canonical\" href=\"https:\/\/wp.kristdemokraterna.se\/ljungby\/kd-reserverar-sig-angaende-studentbostadsbolag\/\" \/>\n<meta property=\"og:locale\" content=\"sv_SE\" \/>\n<meta property=\"og:type\" content=\"article\" \/>\n<meta property=\"og:title\" content=\"KD reserverar sig ang\u00e5ende studentbostadsbolag - Kristdemokraterna Ljungby\" \/>\n<meta property=\"og:description\" content=\"Reservation fr\u00e5n KD g\u00e4llande beslutet om studentbostadsbolag i Ljungby &nbsp; &#8221;Jag reserverar mig h\u00e4rmed mot kommunfullm\u00e4ktiges beslut att inte \u00e5terremittera \u00e4rendet om bildande av studentbostadsbolag f\u00f6r ytterligare beredning. Den beredning som skett med tj\u00e4nsteutl\u00e5tande fr\u00e5n kommunledningskontoret synes grunda sig p\u00e5 den missuppfattningen att problemet \u00e4r om det \u00e4r m\u00f6jligt att s\u00e4rredovisa studentbostadsfastigheterna inom Ljungbybost\u00e4der. Det Read More\" \/>\n<meta property=\"og:url\" content=\"https:\/\/wp.kristdemokraterna.se\/ljungby\/kd-reserverar-sig-angaende-studentbostadsbolag\/\" \/>\n<meta property=\"og:site_name\" content=\"Kristdemokraterna Ljungby\" \/>\n<meta property=\"article:published_time\" content=\"2011-03-08T20:14:01+00:00\" \/>\n<meta name=\"author\" content=\"ljungby\" \/>\n<meta name=\"twitter:card\" content=\"summary_large_image\" \/>\n<meta name=\"twitter:label1\" content=\"Skriven av\" \/>\n\t<meta name=\"twitter:data1\" content=\"ljungby\" \/>\n\t<meta name=\"twitter:label2\" content=\"Ber\u00e4knad l\u00e4stid\" \/>\n\t<meta name=\"twitter:data2\" content=\"1 minut\" \/>\n<script type=\"application\/ld+json\" class=\"yoast-schema-graph\">{\"@context\":\"https:\\\/\\\/schema.org\",\"@graph\":[{\"@type\":\"Article\",\"@id\":\"https:\\\/\\\/wp.kristdemokraterna.se\\\/ljungby\\\/kd-reserverar-sig-angaende-studentbostadsbolag\\\/#article\",\"isPartOf\":{\"@id\":\"https:\\\/\\\/wp.kristdemokraterna.se\\\/ljungby\\\/kd-reserverar-sig-angaende-studentbostadsbolag\\\/\"},\"author\":{\"name\":\"ljungby\",\"@id\":\"https:\\\/\\\/wp.kristdemokraterna.se\\\/ljungby\\\/#\\\/schema\\\/person\\\/ada662c5d4d309d880402ec01bfa9fc3\"},\"headline\":\"KD reserverar sig ang\u00e5ende studentbostadsbolag\",\"datePublished\":\"2011-03-08T20:14:01+00:00\",\"mainEntityOfPage\":{\"@id\":\"https:\\\/\\\/wp.kristdemokraterna.se\\\/ljungby\\\/kd-reserverar-sig-angaende-studentbostadsbolag\\\/\"},\"wordCount\":231,\"commentCount\":0,\"articleSection\":[\"Debattinl\u00e4gg\",\"R\u00f6stf\u00f6rklaringar\"],\"inLanguage\":\"sv-SE\"},{\"@type\":\"WebPage\",\"@id\":\"https:\\\/\\\/wp.kristdemokraterna.se\\\/ljungby\\\/kd-reserverar-sig-angaende-studentbostadsbolag\\\/\",\"url\":\"https:\\\/\\\/wp.kristdemokraterna.se\\\/ljungby\\\/kd-reserverar-sig-angaende-studentbostadsbolag\\\/\",\"name\":\"KD reserverar sig ang\u00e5ende studentbostadsbolag - Kristdemokraterna Ljungby\",\"isPartOf\":{\"@id\":\"https:\\\/\\\/wp.kristdemokraterna.se\\\/ljungby\\\/#website\"},\"datePublished\":\"2011-03-08T20:14:01+00:00\",\"author\":{\"@id\":\"https:\\\/\\\/wp.kristdemokraterna.se\\\/ljungby\\\/#\\\/schema\\\/person\\\/ada662c5d4d309d880402ec01bfa9fc3\"},\"breadcrumb\":{\"@id\":\"https:\\\/\\\/wp.kristdemokraterna.se\\\/ljungby\\\/kd-reserverar-sig-angaende-studentbostadsbolag\\\/#breadcrumb\"},\"inLanguage\":\"sv-SE\",\"potentialAction\":[{\"@type\":\"ReadAction\",\"target\":[\"https:\\\/\\\/wp.kristdemokraterna.se\\\/ljungby\\\/kd-reserverar-sig-angaende-studentbostadsbolag\\\/\"]}]},{\"@type\":\"BreadcrumbList\",\"@id\":\"https:\\\/\\\/wp.kristdemokraterna.se\\\/ljungby\\\/kd-reserverar-sig-angaende-studentbostadsbolag\\\/#breadcrumb\",\"itemListElement\":[{\"@type\":\"ListItem\",\"position\":1,\"name\":\"Hem\",\"item\":\"https:\\\/\\\/wp.kristdemokraterna.se\\\/ljungby\\\/\"},{\"@type\":\"ListItem\",\"position\":2,\"name\":\"KD reserverar sig ang\u00e5ende studentbostadsbolag\"}]},{\"@type\":\"WebSite\",\"@id\":\"https:\\\/\\\/wp.kristdemokraterna.se\\\/ljungby\\\/#website\",\"url\":\"https:\\\/\\\/wp.kristdemokraterna.se\\\/ljungby\\\/\",\"name\":\"Kristdemokraterna Ljungby\",\"description\":\"\",\"inLanguage\":\"sv-SE\"},{\"@type\":\"Person\",\"@id\":\"https:\\\/\\\/wp.kristdemokraterna.se\\\/ljungby\\\/#\\\/schema\\\/person\\\/ada662c5d4d309d880402ec01bfa9fc3\",\"name\":\"ljungby\",\"image\":{\"@type\":\"ImageObject\",\"inLanguage\":\"sv-SE\",\"@id\":\"https:\\\/\\\/secure.gravatar.com\\\/avatar\\\/c094a9577724be90ddee7ea9cac26c1171055fef8cdee8b46ee0cfed89509ab1?s=96&r=g\",\"url\":\"https:\\\/\\\/secure.gravatar.com\\\/avatar\\\/c094a9577724be90ddee7ea9cac26c1171055fef8cdee8b46ee0cfed89509ab1?s=96&r=g\",\"contentUrl\":\"https:\\\/\\\/secure.gravatar.com\\\/avatar\\\/c094a9577724be90ddee7ea9cac26c1171055fef8cdee8b46ee0cfed89509ab1?s=96&r=g\",\"caption\":\"ljungby\"},\"url\":\"https:\\\/\\\/wp.kristdemokraterna.se\\\/ljungby\\\/author\\\/ljungby\\\/\"}]}<\/script>\n<!-- \/ Yoast SEO plugin. -->","yoast_head_json":{"title":"KD reserverar sig ang\u00e5ende studentbostadsbolag - Kristdemokraterna Ljungby","robots":{"index":"index","follow":"follow","max-snippet":"max-snippet:-1","max-image-preview":"max-image-preview:large","max-video-preview":"max-video-preview:-1"},"canonical":"https:\/\/wp.kristdemokraterna.se\/ljungby\/kd-reserverar-sig-angaende-studentbostadsbolag\/","og_locale":"sv_SE","og_type":"article","og_title":"KD reserverar sig ang\u00e5ende studentbostadsbolag - Kristdemokraterna Ljungby","og_description":"Reservation fr\u00e5n KD g\u00e4llande beslutet om studentbostadsbolag i Ljungby &nbsp; &#8221;Jag reserverar mig h\u00e4rmed mot kommunfullm\u00e4ktiges beslut att inte \u00e5terremittera \u00e4rendet om bildande av studentbostadsbolag f\u00f6r ytterligare beredning. Den beredning som skett med tj\u00e4nsteutl\u00e5tande fr\u00e5n kommunledningskontoret synes grunda sig p\u00e5 den missuppfattningen att problemet \u00e4r om det \u00e4r m\u00f6jligt att s\u00e4rredovisa studentbostadsfastigheterna inom Ljungbybost\u00e4der. Det Read More","og_url":"https:\/\/wp.kristdemokraterna.se\/ljungby\/kd-reserverar-sig-angaende-studentbostadsbolag\/","og_site_name":"Kristdemokraterna Ljungby","article_published_time":"2011-03-08T20:14:01+00:00","author":"ljungby","twitter_card":"summary_large_image","twitter_misc":{"Skriven av":"ljungby","Ber\u00e4knad l\u00e4stid":"1 minut"},"schema":{"@context":"https:\/\/schema.org","@graph":[{"@type":"Article","@id":"https:\/\/wp.kristdemokraterna.se\/ljungby\/kd-reserverar-sig-angaende-studentbostadsbolag\/#article","isPartOf":{"@id":"https:\/\/wp.kristdemokraterna.se\/ljungby\/kd-reserverar-sig-angaende-studentbostadsbolag\/"},"author":{"name":"ljungby","@id":"https:\/\/wp.kristdemokraterna.se\/ljungby\/#\/schema\/person\/ada662c5d4d309d880402ec01bfa9fc3"},"headline":"KD reserverar sig ang\u00e5ende studentbostadsbolag","datePublished":"2011-03-08T20:14:01+00:00","mainEntityOfPage":{"@id":"https:\/\/wp.kristdemokraterna.se\/ljungby\/kd-reserverar-sig-angaende-studentbostadsbolag\/"},"wordCount":231,"commentCount":0,"articleSection":["Debattinl\u00e4gg","R\u00f6stf\u00f6rklaringar"],"inLanguage":"sv-SE"},{"@type":"WebPage","@id":"https:\/\/wp.kristdemokraterna.se\/ljungby\/kd-reserverar-sig-angaende-studentbostadsbolag\/","url":"https:\/\/wp.kristdemokraterna.se\/ljungby\/kd-reserverar-sig-angaende-studentbostadsbolag\/","name":"KD reserverar sig ang\u00e5ende studentbostadsbolag - Kristdemokraterna Ljungby","isPartOf":{"@id":"https:\/\/wp.kristdemokraterna.se\/ljungby\/#website"},"datePublished":"2011-03-08T20:14:01+00:00","author":{"@id":"https:\/\/wp.kristdemokraterna.se\/ljungby\/#\/schema\/person\/ada662c5d4d309d880402ec01bfa9fc3"},"breadcrumb":{"@id":"https:\/\/wp.kristdemokraterna.se\/ljungby\/kd-reserverar-sig-angaende-studentbostadsbolag\/#breadcrumb"},"inLanguage":"sv-SE","potentialAction":[{"@type":"ReadAction","target":["https:\/\/wp.kristdemokraterna.se\/ljungby\/kd-reserverar-sig-angaende-studentbostadsbolag\/"]}]},{"@type":"BreadcrumbList","@id":"https:\/\/wp.kristdemokraterna.se\/ljungby\/kd-reserverar-sig-angaende-studentbostadsbolag\/#breadcrumb","itemListElement":[{"@type":"ListItem","position":1,"name":"Hem","item":"https:\/\/wp.kristdemokraterna.se\/ljungby\/"},{"@type":"ListItem","position":2,"name":"KD reserverar sig ang\u00e5ende studentbostadsbolag"}]},{"@type":"WebSite","@id":"https:\/\/wp.kristdemokraterna.se\/ljungby\/#website","url":"https:\/\/wp.kristdemokraterna.se\/ljungby\/","name":"Kristdemokraterna Ljungby","description":"","inLanguage":"sv-SE"},{"@type":"Person","@id":"https:\/\/wp.kristdemokraterna.se\/ljungby\/#\/schema\/person\/ada662c5d4d309d880402ec01bfa9fc3","name":"ljungby","image":{"@type":"ImageObject","inLanguage":"sv-SE","@id":"https:\/\/secure.gravatar.com\/avatar\/c094a9577724be90ddee7ea9cac26c1171055fef8cdee8b46ee0cfed89509ab1?s=96&r=g","url":"https:\/\/secure.gravatar.com\/avatar\/c094a9577724be90ddee7ea9cac26c1171055fef8cdee8b46ee0cfed89509ab1?s=96&r=g","contentUrl":"https:\/\/secure.gravatar.com\/avatar\/c094a9577724be90ddee7ea9cac26c1171055fef8cdee8b46ee0cfed89509ab1?s=96&r=g","caption":"ljungby"},"url":"https:\/\/wp.kristdemokraterna.se\/ljungby\/author\/ljungby\/"}]}},"_links":{"self":[{"href":"https:\/\/wp.kristdemokraterna.se\/ljungby\/wp-json\/wp\/v2\/posts\/123","targetHints":{"allow":["GET"]}}],"collection":[{"href":"https:\/\/wp.kristdemokraterna.se\/ljungby\/wp-json\/wp\/v2\/posts"}],"about":[{"href":"https:\/\/wp.kristdemokraterna.se\/ljungby\/wp-json\/wp\/v2\/types\/post"}],"author":[{"embeddable":true,"href":"https:\/\/wp.kristdemokraterna.se\/ljungby\/wp-json\/wp\/v2\/users\/434"}],"replies":[{"embeddable":true,"href":"https:\/\/wp.kristdemokraterna.se\/ljungby\/wp-json\/wp\/v2\/comments?post=123"}],"version-history":[{"count":0,"href":"https:\/\/wp.kristdemokraterna.se\/ljungby\/wp-json\/wp\/v2\/posts\/123\/revisions"}],"wp:attachment":[{"href":"https:\/\/wp.kristdemokraterna.se\/ljungby\/wp-json\/wp\/v2\/media?parent=123"}],"wp:term":[{"taxonomy":"category","embeddable":true,"href":"https:\/\/wp.kristdemokraterna.se\/ljungby\/wp-json\/wp\/v2\/categories?post=123"},{"taxonomy":"post_tag","embeddable":true,"href":"https:\/\/wp.kristdemokraterna.se\/ljungby\/wp-json\/wp\/v2\/tags?post=123"}],"curies":[{"name":"wp","href":"https:\/\/api.w.org\/{rel}","templated":true}]}}