{"id":145,"date":"2012-09-03T16:30:18","date_gmt":"2012-09-03T15:30:18","guid":{"rendered":"http:\/\/kdljungby.wordpress.com\/?p=145"},"modified":"2014-08-25T15:44:13","modified_gmt":"2014-08-25T13:44:13","slug":"tal-arenaprojektet-en-kritisk-granskning-2","status":"publish","type":"post","link":"https:\/\/wp.kristdemokraterna.se\/ljungby\/tal-arenaprojektet-en-kritisk-granskning-2\/","title":{"rendered":"T\u00e5l arenaprojektet en kritisk granskning?"},"content":{"rendered":"<p>Debattinl\u00e4gg fr\u00e5n Christer Henriksson avseende det f\u00f6reslagna arenabygget i Ljungby kommun. Publicerad i Sm\u00e5l\u00e4nningen 2012-09-05 (L\u00e4s mer h\u00e4r: <a href=\"http:\/\/www.smp.se\/sport\/ljungbyforetagare-vill-bygga-multiarena(3298850).gm\" target=\"_blank\">SMP<\/a>, <a href=\"http:\/\/www.ljungby.se\/Politik-och-demokrati\/Nyheter\/Beslut-om-Ljungby-Arena-skjuts-fram\/\" target=\"_blank\">Ljungby kommun<\/a>, <a href=\"http:\/\/sverigesradio.se\/sida\/artikel.aspx?programid=106&amp;artikel=5136877\" target=\"_blank\">SR<\/a>, <a href=\"http:\/\/sverigesradio.se\/sida\/artikel.aspx?programid=106&amp;artikel=5138851\" target=\"_blank\">SR<\/a>, <a href=\"http:\/\/sverigesradio.se\/sida\/artikel.aspx?programid=106&amp;artikel=5230214\" target=\"_blank\">SR<\/a>)<\/p>\n<blockquote><p>Jag har tagit del av det underlag som presenterats f\u00f6r Ljungby kommunstyrelse samt d\u00e4rut\u00f6ver n\u00e5gra utkast till avtal som diskuterats mellan arenaprojektets initiativtagare och tekniska f\u00f6rvaltningen. Det kan allts\u00e5 finnas omst\u00e4ndigheter som \u00e4r ok\u00e4nda f\u00f6r mig. Av det jag tagit del av framg\u00e5r f\u00f6ljande.<\/p>\n<p>Bakom arenaprojektet st\u00e5r tv\u00e5 privatpersoner, vilka \u00e4r f\u00f6retagare i Ljungby. N\u00e5gon anknytning till Ljungby Business Arena finns inte. Initiativtagarna har lagt fram ett f\u00f6rslag till kommunen som inneb\u00e4r att de bildar ett aktiebolag med en miljon kronor som aktiekapital \u2013 arenabolaget. Bolaget l\u00e5nar 66 miljoner kronor av kommunen eller mot kommunal borgen samt ytterligare 10 miljoner fr\u00e5n annat h\u00e5ll. Bolaget k\u00f6per d\u00e4refter den befintliga Sunnerbohallen f\u00f6r bokf\u00f6rt v\u00e4rde \u2013 9,8 miljoner kronor varefter fastigheten avstyckas. P\u00e5 den nybildade fastigheten blir Sunnerbohallen upprustad och ombyggd till en s k multiarena med plats \u00e4ven f\u00f6r andra aktiviteter \u00e4n ishockey s\u00e5som andra idrotter och evenemang av olika slag.<\/p>\n<p>Den f\u00e4rdiga arenan hyrs till st\u00f6rsta delen av kommunen f\u00f6r ca 6 miljoner per \u00e5r. Kommunen hyr sedan ut arenan till olika idrottsklubbar. Arenabolaget f\u00f6rbeh\u00e5ller sig emellertid r\u00e4tten att utan hyreskostnad vidareuppl\u00e5ta arenan till olika arrangemang (s\u00e5som konserter enligt min tolkning). Kommunen st\u00e5r f\u00f6r alla kostnader f\u00f6r sk\u00f6tsel , drift, vaktm\u00e4steri, kylanl\u00e4ggning mm f\u00f6r de f\u00f6rhyrda ytorna.<\/p>\n<p>Kommunen st\u00e5r s\u00e5ledes f\u00f6r kostnader och risk f\u00f6r s\u00e5v\u00e4l finansiering som hyra\/drift av arenan.<\/p>\n<p>Bolagets \u00e4gare synes inte ta n\u00e5gon risk ut\u00f6ver det tillskjutna aktiekapitalet. Tv\u00e4rtom visar bolagets kalkyl att bolaget skall redovisa en vinst om 0,5 miljoner redan f\u00f6rsta \u00e5ret.<\/p>\n<p>Genomf\u00f6rande av projektet \u00e4r f\u00f6rbundet med en rad problem. Detaljplanen m\u00e5ste \u00e4ndras innan avstyckning kan ske. Tillfartsv\u00e4g och parkeringsplatser m\u00e5ste iordningsst\u00e4llas. Kommunen skall st\u00e5 f\u00f6r alla kringkostnader, vilka uppskattas till ca 4 miljoner kostnader. Kommunen st\u00e5r ocks\u00e5 f\u00f6r alla kostnader f\u00f6r pantbrev och lagfart vilka kan uppskattas till ca 2 miljoner kronor.<\/p>\n<p>De m\u00e5nga problemen av kommunalr\u00e4ttslig och civilr\u00e4ttslig art l\u00e4r vara f\u00f6rem\u00e5l f\u00f6r granskning genom SKL varf\u00f6r jag inte vill f\u00f6regripa SKL:s utl\u00e5tande i dessa fr\u00e5gor.<\/p>\n<p>Mot detta st\u00e5r uppgifterna i det av initiativtagarna framtagna \u201dfaktabladet\u201d som visar hur kommunen kommer att stimuleras p\u00e5 de flesta omr\u00e5den om arenaprojektet genomf\u00f6rs. Tyv\u00e4rr har de framtagna uppgifterna inget med fakta att g\u00f6ra utan utg\u00f6r f\u00f6rhoppningar som inte \u00e4r m\u00f6jliga att ber\u00e4kna.<\/p>\n<p>Ett arenaprojekt av detta slag m\u00e5ste om det skall genomf\u00f6ras med kommunala medel vara mycket mer genomlyst och b\u00e4ttre utv\u00e4rderat \u00e4n vad som skett i detta fall samt v\u00e4gas mot kommunens obligatoriska uppgifter.<\/p>\n<p>Jag skulle g\u00e4rna se att initiativtagarna genomf\u00f6r projektet som ett privat projekt finansierat med privat kapital. Kanske finns det riskkapitalister som vill satsa.<\/p>\n<address>Christer Henriksson (KD)<\/address>\n<\/blockquote>\n","protected":false},"excerpt":{"rendered":"<p>Debattinl\u00e4gg fr\u00e5n Christer Henriksson avseende det f\u00f6reslagna arenabygget i Ljungby kommun.<\/p>\n","protected":false},"author":434,"featured_media":0,"comment_status":"closed","ping_status":"closed","sticky":false,"template":"","format":"standard","meta":{"_acf_changed":false,"footnotes":""},"categories":[4],"tags":[11,21,14,15],"class_list":["post-145","post","type-post","status-publish","format-standard","hentry","category-debattinlagg","tag-arena","tag-christer-henriksson","tag-ljungby","tag-sunnerbohov"],"acf":[],"yoast_head":"<!-- This site is optimized with the Yoast SEO plugin v27.4 - https:\/\/yoast.com\/product\/yoast-seo-wordpress\/ -->\n<title>T\u00e5l arenaprojektet en kritisk granskning? - Kristdemokraterna Ljungby<\/title>\n<meta name=\"robots\" content=\"index, follow, max-snippet:-1, max-image-preview:large, max-video-preview:-1\" \/>\n<link rel=\"canonical\" href=\"https:\/\/wp.kristdemokraterna.se\/ljungby\/tal-arenaprojektet-en-kritisk-granskning-2\/\" \/>\n<meta property=\"og:locale\" content=\"sv_SE\" \/>\n<meta property=\"og:type\" content=\"article\" \/>\n<meta property=\"og:title\" content=\"T\u00e5l arenaprojektet en kritisk granskning? - Kristdemokraterna Ljungby\" \/>\n<meta property=\"og:description\" content=\"Debattinl\u00e4gg fr\u00e5n Christer Henriksson avseende det f\u00f6reslagna arenabygget i Ljungby kommun.\" \/>\n<meta property=\"og:url\" content=\"https:\/\/wp.kristdemokraterna.se\/ljungby\/tal-arenaprojektet-en-kritisk-granskning-2\/\" \/>\n<meta property=\"og:site_name\" content=\"Kristdemokraterna Ljungby\" \/>\n<meta property=\"article:published_time\" content=\"2012-09-03T15:30:18+00:00\" \/>\n<meta property=\"article:modified_time\" content=\"2014-08-25T13:44:13+00:00\" \/>\n<meta name=\"author\" content=\"ljungby\" \/>\n<meta name=\"twitter:card\" content=\"summary_large_image\" \/>\n<meta name=\"twitter:label1\" content=\"Skriven av\" \/>\n\t<meta name=\"twitter:data1\" content=\"ljungby\" \/>\n\t<meta name=\"twitter:label2\" content=\"Ber\u00e4knad l\u00e4stid\" \/>\n\t<meta name=\"twitter:data2\" content=\"3 minuter\" \/>\n<script type=\"application\/ld+json\" class=\"yoast-schema-graph\">{\"@context\":\"https:\\\/\\\/schema.org\",\"@graph\":[{\"@type\":\"Article\",\"@id\":\"https:\\\/\\\/wp.kristdemokraterna.se\\\/ljungby\\\/tal-arenaprojektet-en-kritisk-granskning-2\\\/#article\",\"isPartOf\":{\"@id\":\"https:\\\/\\\/wp.kristdemokraterna.se\\\/ljungby\\\/tal-arenaprojektet-en-kritisk-granskning-2\\\/\"},\"author\":{\"name\":\"ljungby\",\"@id\":\"https:\\\/\\\/wp.kristdemokraterna.se\\\/ljungby\\\/#\\\/schema\\\/person\\\/ada662c5d4d309d880402ec01bfa9fc3\"},\"headline\":\"T\u00e5l arenaprojektet en kritisk granskning?\",\"datePublished\":\"2012-09-03T15:30:18+00:00\",\"dateModified\":\"2014-08-25T13:44:13+00:00\",\"mainEntityOfPage\":{\"@id\":\"https:\\\/\\\/wp.kristdemokraterna.se\\\/ljungby\\\/tal-arenaprojektet-en-kritisk-granskning-2\\\/\"},\"wordCount\":544,\"keywords\":[\"Arena\",\"Christer Henriksson\",\"Ljungby\",\"Sunnerbohov\"],\"articleSection\":[\"Debattinl\u00e4gg\"],\"inLanguage\":\"sv-SE\"},{\"@type\":\"WebPage\",\"@id\":\"https:\\\/\\\/wp.kristdemokraterna.se\\\/ljungby\\\/tal-arenaprojektet-en-kritisk-granskning-2\\\/\",\"url\":\"https:\\\/\\\/wp.kristdemokraterna.se\\\/ljungby\\\/tal-arenaprojektet-en-kritisk-granskning-2\\\/\",\"name\":\"T\u00e5l arenaprojektet en kritisk granskning? - Kristdemokraterna Ljungby\",\"isPartOf\":{\"@id\":\"https:\\\/\\\/wp.kristdemokraterna.se\\\/ljungby\\\/#website\"},\"datePublished\":\"2012-09-03T15:30:18+00:00\",\"dateModified\":\"2014-08-25T13:44:13+00:00\",\"author\":{\"@id\":\"https:\\\/\\\/wp.kristdemokraterna.se\\\/ljungby\\\/#\\\/schema\\\/person\\\/ada662c5d4d309d880402ec01bfa9fc3\"},\"breadcrumb\":{\"@id\":\"https:\\\/\\\/wp.kristdemokraterna.se\\\/ljungby\\\/tal-arenaprojektet-en-kritisk-granskning-2\\\/#breadcrumb\"},\"inLanguage\":\"sv-SE\",\"potentialAction\":[{\"@type\":\"ReadAction\",\"target\":[\"https:\\\/\\\/wp.kristdemokraterna.se\\\/ljungby\\\/tal-arenaprojektet-en-kritisk-granskning-2\\\/\"]}]},{\"@type\":\"BreadcrumbList\",\"@id\":\"https:\\\/\\\/wp.kristdemokraterna.se\\\/ljungby\\\/tal-arenaprojektet-en-kritisk-granskning-2\\\/#breadcrumb\",\"itemListElement\":[{\"@type\":\"ListItem\",\"position\":1,\"name\":\"Hem\",\"item\":\"https:\\\/\\\/wp.kristdemokraterna.se\\\/ljungby\\\/\"},{\"@type\":\"ListItem\",\"position\":2,\"name\":\"T\u00e5l arenaprojektet en kritisk granskning?\"}]},{\"@type\":\"WebSite\",\"@id\":\"https:\\\/\\\/wp.kristdemokraterna.se\\\/ljungby\\\/#website\",\"url\":\"https:\\\/\\\/wp.kristdemokraterna.se\\\/ljungby\\\/\",\"name\":\"Kristdemokraterna Ljungby\",\"description\":\"\",\"inLanguage\":\"sv-SE\"},{\"@type\":\"Person\",\"@id\":\"https:\\\/\\\/wp.kristdemokraterna.se\\\/ljungby\\\/#\\\/schema\\\/person\\\/ada662c5d4d309d880402ec01bfa9fc3\",\"name\":\"ljungby\",\"image\":{\"@type\":\"ImageObject\",\"inLanguage\":\"sv-SE\",\"@id\":\"https:\\\/\\\/secure.gravatar.com\\\/avatar\\\/c094a9577724be90ddee7ea9cac26c1171055fef8cdee8b46ee0cfed89509ab1?s=96&r=g\",\"url\":\"https:\\\/\\\/secure.gravatar.com\\\/avatar\\\/c094a9577724be90ddee7ea9cac26c1171055fef8cdee8b46ee0cfed89509ab1?s=96&r=g\",\"contentUrl\":\"https:\\\/\\\/secure.gravatar.com\\\/avatar\\\/c094a9577724be90ddee7ea9cac26c1171055fef8cdee8b46ee0cfed89509ab1?s=96&r=g\",\"caption\":\"ljungby\"},\"url\":\"https:\\\/\\\/wp.kristdemokraterna.se\\\/ljungby\\\/author\\\/ljungby\\\/\"}]}<\/script>\n<!-- \/ Yoast SEO plugin. -->","yoast_head_json":{"title":"T\u00e5l arenaprojektet en kritisk granskning? - Kristdemokraterna Ljungby","robots":{"index":"index","follow":"follow","max-snippet":"max-snippet:-1","max-image-preview":"max-image-preview:large","max-video-preview":"max-video-preview:-1"},"canonical":"https:\/\/wp.kristdemokraterna.se\/ljungby\/tal-arenaprojektet-en-kritisk-granskning-2\/","og_locale":"sv_SE","og_type":"article","og_title":"T\u00e5l arenaprojektet en kritisk granskning? - Kristdemokraterna Ljungby","og_description":"Debattinl\u00e4gg fr\u00e5n Christer Henriksson avseende det f\u00f6reslagna arenabygget i Ljungby kommun.","og_url":"https:\/\/wp.kristdemokraterna.se\/ljungby\/tal-arenaprojektet-en-kritisk-granskning-2\/","og_site_name":"Kristdemokraterna Ljungby","article_published_time":"2012-09-03T15:30:18+00:00","article_modified_time":"2014-08-25T13:44:13+00:00","author":"ljungby","twitter_card":"summary_large_image","twitter_misc":{"Skriven av":"ljungby","Ber\u00e4knad l\u00e4stid":"3 minuter"},"schema":{"@context":"https:\/\/schema.org","@graph":[{"@type":"Article","@id":"https:\/\/wp.kristdemokraterna.se\/ljungby\/tal-arenaprojektet-en-kritisk-granskning-2\/#article","isPartOf":{"@id":"https:\/\/wp.kristdemokraterna.se\/ljungby\/tal-arenaprojektet-en-kritisk-granskning-2\/"},"author":{"name":"ljungby","@id":"https:\/\/wp.kristdemokraterna.se\/ljungby\/#\/schema\/person\/ada662c5d4d309d880402ec01bfa9fc3"},"headline":"T\u00e5l arenaprojektet en kritisk granskning?","datePublished":"2012-09-03T15:30:18+00:00","dateModified":"2014-08-25T13:44:13+00:00","mainEntityOfPage":{"@id":"https:\/\/wp.kristdemokraterna.se\/ljungby\/tal-arenaprojektet-en-kritisk-granskning-2\/"},"wordCount":544,"keywords":["Arena","Christer Henriksson","Ljungby","Sunnerbohov"],"articleSection":["Debattinl\u00e4gg"],"inLanguage":"sv-SE"},{"@type":"WebPage","@id":"https:\/\/wp.kristdemokraterna.se\/ljungby\/tal-arenaprojektet-en-kritisk-granskning-2\/","url":"https:\/\/wp.kristdemokraterna.se\/ljungby\/tal-arenaprojektet-en-kritisk-granskning-2\/","name":"T\u00e5l arenaprojektet en kritisk granskning? - Kristdemokraterna Ljungby","isPartOf":{"@id":"https:\/\/wp.kristdemokraterna.se\/ljungby\/#website"},"datePublished":"2012-09-03T15:30:18+00:00","dateModified":"2014-08-25T13:44:13+00:00","author":{"@id":"https:\/\/wp.kristdemokraterna.se\/ljungby\/#\/schema\/person\/ada662c5d4d309d880402ec01bfa9fc3"},"breadcrumb":{"@id":"https:\/\/wp.kristdemokraterna.se\/ljungby\/tal-arenaprojektet-en-kritisk-granskning-2\/#breadcrumb"},"inLanguage":"sv-SE","potentialAction":[{"@type":"ReadAction","target":["https:\/\/wp.kristdemokraterna.se\/ljungby\/tal-arenaprojektet-en-kritisk-granskning-2\/"]}]},{"@type":"BreadcrumbList","@id":"https:\/\/wp.kristdemokraterna.se\/ljungby\/tal-arenaprojektet-en-kritisk-granskning-2\/#breadcrumb","itemListElement":[{"@type":"ListItem","position":1,"name":"Hem","item":"https:\/\/wp.kristdemokraterna.se\/ljungby\/"},{"@type":"ListItem","position":2,"name":"T\u00e5l arenaprojektet en kritisk granskning?"}]},{"@type":"WebSite","@id":"https:\/\/wp.kristdemokraterna.se\/ljungby\/#website","url":"https:\/\/wp.kristdemokraterna.se\/ljungby\/","name":"Kristdemokraterna Ljungby","description":"","inLanguage":"sv-SE"},{"@type":"Person","@id":"https:\/\/wp.kristdemokraterna.se\/ljungby\/#\/schema\/person\/ada662c5d4d309d880402ec01bfa9fc3","name":"ljungby","image":{"@type":"ImageObject","inLanguage":"sv-SE","@id":"https:\/\/secure.gravatar.com\/avatar\/c094a9577724be90ddee7ea9cac26c1171055fef8cdee8b46ee0cfed89509ab1?s=96&r=g","url":"https:\/\/secure.gravatar.com\/avatar\/c094a9577724be90ddee7ea9cac26c1171055fef8cdee8b46ee0cfed89509ab1?s=96&r=g","contentUrl":"https:\/\/secure.gravatar.com\/avatar\/c094a9577724be90ddee7ea9cac26c1171055fef8cdee8b46ee0cfed89509ab1?s=96&r=g","caption":"ljungby"},"url":"https:\/\/wp.kristdemokraterna.se\/ljungby\/author\/ljungby\/"}]}},"_links":{"self":[{"href":"https:\/\/wp.kristdemokraterna.se\/ljungby\/wp-json\/wp\/v2\/posts\/145","targetHints":{"allow":["GET"]}}],"collection":[{"href":"https:\/\/wp.kristdemokraterna.se\/ljungby\/wp-json\/wp\/v2\/posts"}],"about":[{"href":"https:\/\/wp.kristdemokraterna.se\/ljungby\/wp-json\/wp\/v2\/types\/post"}],"author":[{"embeddable":true,"href":"https:\/\/wp.kristdemokraterna.se\/ljungby\/wp-json\/wp\/v2\/users\/434"}],"replies":[{"embeddable":true,"href":"https:\/\/wp.kristdemokraterna.se\/ljungby\/wp-json\/wp\/v2\/comments?post=145"}],"version-history":[{"count":1,"href":"https:\/\/wp.kristdemokraterna.se\/ljungby\/wp-json\/wp\/v2\/posts\/145\/revisions"}],"predecessor-version":[{"id":416,"href":"https:\/\/wp.kristdemokraterna.se\/ljungby\/wp-json\/wp\/v2\/posts\/145\/revisions\/416"}],"wp:attachment":[{"href":"https:\/\/wp.kristdemokraterna.se\/ljungby\/wp-json\/wp\/v2\/media?parent=145"}],"wp:term":[{"taxonomy":"category","embeddable":true,"href":"https:\/\/wp.kristdemokraterna.se\/ljungby\/wp-json\/wp\/v2\/categories?post=145"},{"taxonomy":"post_tag","embeddable":true,"href":"https:\/\/wp.kristdemokraterna.se\/ljungby\/wp-json\/wp\/v2\/tags?post=145"}],"curies":[{"name":"wp","href":"https:\/\/api.w.org\/{rel}","templated":true}]}}