{"id":150,"date":"2012-09-13T07:46:23","date_gmt":"2012-09-13T06:46:23","guid":{"rendered":"http:\/\/kdljungby.wordpress.com\/?p=150"},"modified":"2012-09-13T07:46:23","modified_gmt":"2012-09-13T06:46:23","slug":"arenaprojektet-talde-inte-en-kritisk-granskning-2","status":"publish","type":"post","link":"https:\/\/wp.kristdemokraterna.se\/ljungby\/arenaprojektet-talde-inte-en-kritisk-granskning-2\/","title":{"rendered":"Arenaprojektet t\u00e5lde inte en kritisk granskning"},"content":{"rendered":"<p>Vid en n\u00e4rmare granskning visade sig arenaprojeketet inte h\u00e5lla m\u00e5ttet. Det var varken ur kommunalr\u00e4ttslig eller civilr\u00e4ttslig synvinkel genomf\u00f6rbart. Mycket tid och arbete hade sparats\u00a0om initiativtagarna och kommunens granskare uppt\u00e4ckt dessa brister tidigare.<\/p>\n<p>D\u00e4rtill kommer att kostnaden f\u00f6r kommunen i nuvarande budgetsituation blev alldeles f\u00f6r h\u00f6g,\u00a0kommunen som finansi\u00e4r och framtida hyresg\u00e4st skulle st\u00e5tt som garant f\u00f6r projektet.\u00a0De enda inblandade i projektet som inte skulle tagit n\u00e5gon p\u00e5taglig risk och som dessutom skulle\u00a0g\u00e5tt med vinst fr\u00e5n f\u00f6rsta \u00e5ret var initiativtagarna.<\/p>\n<p>Dessutom m\u00e5ste kommunen noga v\u00e4ga projekt inom frivilligsektorn mot angel\u00e4gna projekt s\u00e5som\u00a0skolor och \u00e4ldreboenden inom kommunens obligatoriska verksamhet.<\/p>\n<p>Christer Henriksson (KD)<\/p>\n","protected":false},"excerpt":{"rendered":"<p>Vid en n\u00e4rmare granskning visade sig arenaprojeketet inte h\u00e5lla m\u00e5ttet. Det var varken ur kommunalr\u00e4ttslig eller civilr\u00e4ttslig synvinkel genomf\u00f6rbart. Mycket tid och arbete hade sparats\u00a0om initiativtagarna och kommunens granskare uppt\u00e4ckt dessa brister tidigare. D\u00e4rtill kommer att kostnaden f\u00f6r kommunen i nuvarande budgetsituation blev alldeles f\u00f6r h\u00f6g,\u00a0kommunen som finansi\u00e4r och framtida hyresg\u00e4st skulle st\u00e5tt som garant <a class=\"read-more-link\" href=\"https:\/\/wp.kristdemokraterna.se\/ljungby\/arenaprojektet-talde-inte-en-kritisk-granskning-2\/\">Read More<\/a><\/p>\n","protected":false},"author":434,"featured_media":0,"comment_status":"open","ping_status":"open","sticky":false,"template":"","format":"standard","meta":{"_acf_changed":false,"footnotes":""},"categories":[4],"tags":[],"class_list":["post-150","post","type-post","status-publish","format-standard","hentry","category-debattinlagg"],"acf":[],"yoast_head":"<!-- This site is optimized with the Yoast SEO plugin v27.4 - https:\/\/yoast.com\/product\/yoast-seo-wordpress\/ -->\n<title>Arenaprojektet t\u00e5lde inte en kritisk granskning - Kristdemokraterna Ljungby<\/title>\n<meta name=\"robots\" content=\"index, follow, max-snippet:-1, max-image-preview:large, max-video-preview:-1\" \/>\n<link rel=\"canonical\" href=\"https:\/\/wp.kristdemokraterna.se\/ljungby\/arenaprojektet-talde-inte-en-kritisk-granskning-2\/\" \/>\n<meta property=\"og:locale\" content=\"sv_SE\" \/>\n<meta property=\"og:type\" content=\"article\" \/>\n<meta property=\"og:title\" content=\"Arenaprojektet t\u00e5lde inte en kritisk granskning - Kristdemokraterna Ljungby\" \/>\n<meta property=\"og:description\" content=\"Vid en n\u00e4rmare granskning visade sig arenaprojeketet inte h\u00e5lla m\u00e5ttet. Det var varken ur kommunalr\u00e4ttslig eller civilr\u00e4ttslig synvinkel genomf\u00f6rbart. Mycket tid och arbete hade sparats\u00a0om initiativtagarna och kommunens granskare uppt\u00e4ckt dessa brister tidigare. D\u00e4rtill kommer att kostnaden f\u00f6r kommunen i nuvarande budgetsituation blev alldeles f\u00f6r h\u00f6g,\u00a0kommunen som finansi\u00e4r och framtida hyresg\u00e4st skulle st\u00e5tt som garant Read More\" \/>\n<meta property=\"og:url\" content=\"https:\/\/wp.kristdemokraterna.se\/ljungby\/arenaprojektet-talde-inte-en-kritisk-granskning-2\/\" \/>\n<meta property=\"og:site_name\" content=\"Kristdemokraterna Ljungby\" \/>\n<meta property=\"article:published_time\" content=\"2012-09-13T06:46:23+00:00\" \/>\n<meta name=\"author\" content=\"ljungby\" \/>\n<meta name=\"twitter:card\" content=\"summary_large_image\" \/>\n<meta name=\"twitter:label1\" content=\"Skriven av\" \/>\n\t<meta name=\"twitter:data1\" content=\"ljungby\" \/>\n\t<meta name=\"twitter:label2\" content=\"Ber\u00e4knad l\u00e4stid\" \/>\n\t<meta name=\"twitter:data2\" content=\"1 minut\" \/>\n<script type=\"application\/ld+json\" class=\"yoast-schema-graph\">{\"@context\":\"https:\\\/\\\/schema.org\",\"@graph\":[{\"@type\":\"Article\",\"@id\":\"https:\\\/\\\/wp.kristdemokraterna.se\\\/ljungby\\\/arenaprojektet-talde-inte-en-kritisk-granskning-2\\\/#article\",\"isPartOf\":{\"@id\":\"https:\\\/\\\/wp.kristdemokraterna.se\\\/ljungby\\\/arenaprojektet-talde-inte-en-kritisk-granskning-2\\\/\"},\"author\":{\"name\":\"ljungby\",\"@id\":\"https:\\\/\\\/wp.kristdemokraterna.se\\\/ljungby\\\/#\\\/schema\\\/person\\\/ada662c5d4d309d880402ec01bfa9fc3\"},\"headline\":\"Arenaprojektet t\u00e5lde inte en kritisk granskning\",\"datePublished\":\"2012-09-13T06:46:23+00:00\",\"mainEntityOfPage\":{\"@id\":\"https:\\\/\\\/wp.kristdemokraterna.se\\\/ljungby\\\/arenaprojektet-talde-inte-en-kritisk-granskning-2\\\/\"},\"wordCount\":136,\"commentCount\":0,\"articleSection\":[\"Debattinl\u00e4gg\"],\"inLanguage\":\"sv-SE\"},{\"@type\":\"WebPage\",\"@id\":\"https:\\\/\\\/wp.kristdemokraterna.se\\\/ljungby\\\/arenaprojektet-talde-inte-en-kritisk-granskning-2\\\/\",\"url\":\"https:\\\/\\\/wp.kristdemokraterna.se\\\/ljungby\\\/arenaprojektet-talde-inte-en-kritisk-granskning-2\\\/\",\"name\":\"Arenaprojektet t\u00e5lde inte en kritisk granskning - Kristdemokraterna Ljungby\",\"isPartOf\":{\"@id\":\"https:\\\/\\\/wp.kristdemokraterna.se\\\/ljungby\\\/#website\"},\"datePublished\":\"2012-09-13T06:46:23+00:00\",\"author\":{\"@id\":\"https:\\\/\\\/wp.kristdemokraterna.se\\\/ljungby\\\/#\\\/schema\\\/person\\\/ada662c5d4d309d880402ec01bfa9fc3\"},\"breadcrumb\":{\"@id\":\"https:\\\/\\\/wp.kristdemokraterna.se\\\/ljungby\\\/arenaprojektet-talde-inte-en-kritisk-granskning-2\\\/#breadcrumb\"},\"inLanguage\":\"sv-SE\",\"potentialAction\":[{\"@type\":\"ReadAction\",\"target\":[\"https:\\\/\\\/wp.kristdemokraterna.se\\\/ljungby\\\/arenaprojektet-talde-inte-en-kritisk-granskning-2\\\/\"]}]},{\"@type\":\"BreadcrumbList\",\"@id\":\"https:\\\/\\\/wp.kristdemokraterna.se\\\/ljungby\\\/arenaprojektet-talde-inte-en-kritisk-granskning-2\\\/#breadcrumb\",\"itemListElement\":[{\"@type\":\"ListItem\",\"position\":1,\"name\":\"Hem\",\"item\":\"https:\\\/\\\/wp.kristdemokraterna.se\\\/ljungby\\\/\"},{\"@type\":\"ListItem\",\"position\":2,\"name\":\"Arenaprojektet t\u00e5lde inte en kritisk granskning\"}]},{\"@type\":\"WebSite\",\"@id\":\"https:\\\/\\\/wp.kristdemokraterna.se\\\/ljungby\\\/#website\",\"url\":\"https:\\\/\\\/wp.kristdemokraterna.se\\\/ljungby\\\/\",\"name\":\"Kristdemokraterna Ljungby\",\"description\":\"\",\"inLanguage\":\"sv-SE\"},{\"@type\":\"Person\",\"@id\":\"https:\\\/\\\/wp.kristdemokraterna.se\\\/ljungby\\\/#\\\/schema\\\/person\\\/ada662c5d4d309d880402ec01bfa9fc3\",\"name\":\"ljungby\",\"image\":{\"@type\":\"ImageObject\",\"inLanguage\":\"sv-SE\",\"@id\":\"https:\\\/\\\/secure.gravatar.com\\\/avatar\\\/c094a9577724be90ddee7ea9cac26c1171055fef8cdee8b46ee0cfed89509ab1?s=96&r=g\",\"url\":\"https:\\\/\\\/secure.gravatar.com\\\/avatar\\\/c094a9577724be90ddee7ea9cac26c1171055fef8cdee8b46ee0cfed89509ab1?s=96&r=g\",\"contentUrl\":\"https:\\\/\\\/secure.gravatar.com\\\/avatar\\\/c094a9577724be90ddee7ea9cac26c1171055fef8cdee8b46ee0cfed89509ab1?s=96&r=g\",\"caption\":\"ljungby\"},\"url\":\"https:\\\/\\\/wp.kristdemokraterna.se\\\/ljungby\\\/author\\\/ljungby\\\/\"}]}<\/script>\n<!-- \/ Yoast SEO plugin. -->","yoast_head_json":{"title":"Arenaprojektet t\u00e5lde inte en kritisk granskning - Kristdemokraterna Ljungby","robots":{"index":"index","follow":"follow","max-snippet":"max-snippet:-1","max-image-preview":"max-image-preview:large","max-video-preview":"max-video-preview:-1"},"canonical":"https:\/\/wp.kristdemokraterna.se\/ljungby\/arenaprojektet-talde-inte-en-kritisk-granskning-2\/","og_locale":"sv_SE","og_type":"article","og_title":"Arenaprojektet t\u00e5lde inte en kritisk granskning - Kristdemokraterna Ljungby","og_description":"Vid en n\u00e4rmare granskning visade sig arenaprojeketet inte h\u00e5lla m\u00e5ttet. Det var varken ur kommunalr\u00e4ttslig eller civilr\u00e4ttslig synvinkel genomf\u00f6rbart. Mycket tid och arbete hade sparats\u00a0om initiativtagarna och kommunens granskare uppt\u00e4ckt dessa brister tidigare. D\u00e4rtill kommer att kostnaden f\u00f6r kommunen i nuvarande budgetsituation blev alldeles f\u00f6r h\u00f6g,\u00a0kommunen som finansi\u00e4r och framtida hyresg\u00e4st skulle st\u00e5tt som garant Read More","og_url":"https:\/\/wp.kristdemokraterna.se\/ljungby\/arenaprojektet-talde-inte-en-kritisk-granskning-2\/","og_site_name":"Kristdemokraterna Ljungby","article_published_time":"2012-09-13T06:46:23+00:00","author":"ljungby","twitter_card":"summary_large_image","twitter_misc":{"Skriven av":"ljungby","Ber\u00e4knad l\u00e4stid":"1 minut"},"schema":{"@context":"https:\/\/schema.org","@graph":[{"@type":"Article","@id":"https:\/\/wp.kristdemokraterna.se\/ljungby\/arenaprojektet-talde-inte-en-kritisk-granskning-2\/#article","isPartOf":{"@id":"https:\/\/wp.kristdemokraterna.se\/ljungby\/arenaprojektet-talde-inte-en-kritisk-granskning-2\/"},"author":{"name":"ljungby","@id":"https:\/\/wp.kristdemokraterna.se\/ljungby\/#\/schema\/person\/ada662c5d4d309d880402ec01bfa9fc3"},"headline":"Arenaprojektet t\u00e5lde inte en kritisk granskning","datePublished":"2012-09-13T06:46:23+00:00","mainEntityOfPage":{"@id":"https:\/\/wp.kristdemokraterna.se\/ljungby\/arenaprojektet-talde-inte-en-kritisk-granskning-2\/"},"wordCount":136,"commentCount":0,"articleSection":["Debattinl\u00e4gg"],"inLanguage":"sv-SE"},{"@type":"WebPage","@id":"https:\/\/wp.kristdemokraterna.se\/ljungby\/arenaprojektet-talde-inte-en-kritisk-granskning-2\/","url":"https:\/\/wp.kristdemokraterna.se\/ljungby\/arenaprojektet-talde-inte-en-kritisk-granskning-2\/","name":"Arenaprojektet t\u00e5lde inte en kritisk granskning - Kristdemokraterna Ljungby","isPartOf":{"@id":"https:\/\/wp.kristdemokraterna.se\/ljungby\/#website"},"datePublished":"2012-09-13T06:46:23+00:00","author":{"@id":"https:\/\/wp.kristdemokraterna.se\/ljungby\/#\/schema\/person\/ada662c5d4d309d880402ec01bfa9fc3"},"breadcrumb":{"@id":"https:\/\/wp.kristdemokraterna.se\/ljungby\/arenaprojektet-talde-inte-en-kritisk-granskning-2\/#breadcrumb"},"inLanguage":"sv-SE","potentialAction":[{"@type":"ReadAction","target":["https:\/\/wp.kristdemokraterna.se\/ljungby\/arenaprojektet-talde-inte-en-kritisk-granskning-2\/"]}]},{"@type":"BreadcrumbList","@id":"https:\/\/wp.kristdemokraterna.se\/ljungby\/arenaprojektet-talde-inte-en-kritisk-granskning-2\/#breadcrumb","itemListElement":[{"@type":"ListItem","position":1,"name":"Hem","item":"https:\/\/wp.kristdemokraterna.se\/ljungby\/"},{"@type":"ListItem","position":2,"name":"Arenaprojektet t\u00e5lde inte en kritisk granskning"}]},{"@type":"WebSite","@id":"https:\/\/wp.kristdemokraterna.se\/ljungby\/#website","url":"https:\/\/wp.kristdemokraterna.se\/ljungby\/","name":"Kristdemokraterna Ljungby","description":"","inLanguage":"sv-SE"},{"@type":"Person","@id":"https:\/\/wp.kristdemokraterna.se\/ljungby\/#\/schema\/person\/ada662c5d4d309d880402ec01bfa9fc3","name":"ljungby","image":{"@type":"ImageObject","inLanguage":"sv-SE","@id":"https:\/\/secure.gravatar.com\/avatar\/c094a9577724be90ddee7ea9cac26c1171055fef8cdee8b46ee0cfed89509ab1?s=96&r=g","url":"https:\/\/secure.gravatar.com\/avatar\/c094a9577724be90ddee7ea9cac26c1171055fef8cdee8b46ee0cfed89509ab1?s=96&r=g","contentUrl":"https:\/\/secure.gravatar.com\/avatar\/c094a9577724be90ddee7ea9cac26c1171055fef8cdee8b46ee0cfed89509ab1?s=96&r=g","caption":"ljungby"},"url":"https:\/\/wp.kristdemokraterna.se\/ljungby\/author\/ljungby\/"}]}},"_links":{"self":[{"href":"https:\/\/wp.kristdemokraterna.se\/ljungby\/wp-json\/wp\/v2\/posts\/150","targetHints":{"allow":["GET"]}}],"collection":[{"href":"https:\/\/wp.kristdemokraterna.se\/ljungby\/wp-json\/wp\/v2\/posts"}],"about":[{"href":"https:\/\/wp.kristdemokraterna.se\/ljungby\/wp-json\/wp\/v2\/types\/post"}],"author":[{"embeddable":true,"href":"https:\/\/wp.kristdemokraterna.se\/ljungby\/wp-json\/wp\/v2\/users\/434"}],"replies":[{"embeddable":true,"href":"https:\/\/wp.kristdemokraterna.se\/ljungby\/wp-json\/wp\/v2\/comments?post=150"}],"version-history":[{"count":0,"href":"https:\/\/wp.kristdemokraterna.se\/ljungby\/wp-json\/wp\/v2\/posts\/150\/revisions"}],"wp:attachment":[{"href":"https:\/\/wp.kristdemokraterna.se\/ljungby\/wp-json\/wp\/v2\/media?parent=150"}],"wp:term":[{"taxonomy":"category","embeddable":true,"href":"https:\/\/wp.kristdemokraterna.se\/ljungby\/wp-json\/wp\/v2\/categories?post=150"},{"taxonomy":"post_tag","embeddable":true,"href":"https:\/\/wp.kristdemokraterna.se\/ljungby\/wp-json\/wp\/v2\/tags?post=150"}],"curies":[{"name":"wp","href":"https:\/\/api.w.org\/{rel}","templated":true}]}}