{"id":152,"date":"2012-09-16T16:33:18","date_gmt":"2012-09-16T15:33:18","guid":{"rendered":"https:\/\/kdljungby.wordpress.com\/?p=152"},"modified":"2012-09-16T16:33:18","modified_gmt":"2012-09-16T15:33:18","slug":"utvisade-2","status":"publish","type":"post","link":"https:\/\/wp.kristdemokraterna.se\/ljungby\/utvisade-2\/","title":{"rendered":"Utvisade"},"content":{"rendered":"<blockquote><p>S\u00e5 har det d\u00e5 h\u00e4nt. Kristdemokraterna i Ljungby har blivit utvisade fr\u00e5n<br \/>\nden regerande alliansen.\u00a0Det h\u00e4nde i onsdags kv\u00e4ll ( 12\/9 ). Kristdemokraternas<br \/>\nrepresentant \u2013 Nils-Erik Wetter- fick l\u00e4mna det gemensamma alliansm\u00f6tet<br \/>\nmedan representanterna f\u00f6r de \u00f6vriga partierna \u2013 m,c,mp och fp &#8211; fortsatte<br \/>\n\u00f6verl\u00e4ggningarna.<\/p>\n<p>Vad inneb\u00e4r det att kristdemokraterna uteslutits ur alliansen? Den fr\u00e5gan<br \/>\nkan besvaras mycket kort. P\u00e5 kort sikt betyder det ingenting f\u00f6r kristdemok-<br \/>\nraterna. Verksamheten forts\u00e4tter som vanligt. F\u00f6r alliansen inneb\u00e4r det att<br \/>\nden inte l\u00e4ngre har majoritet.<br \/>\nVi kristdemokrater kommer att v\u00e4rna om den v\u00e4rdegrund som partiets politik<br \/>\nvilar p\u00e5 s\u00e5som<\/p>\n<ul>\n<li>Alla m\u00e4nniskors lika v\u00e4rde.<\/li>\n<li>Omsorgen om de sm\u00e5 och resurssvaga i samh\u00e4llet.<\/li>\n<li>Omsorgen om familjen som den viktigaste byggstenen i samh\u00e4llsbyggandet.<\/li>\n<li>R\u00e4tten att sj\u00e4lv fatta beslut r\u00f6rande den egna situationen t ex inom \u00e4ldrev\u00e5rd och hemtj\u00e4nst.<\/li>\n<\/ul>\n<p>Ljungby kommun st\u00e5r inf\u00f6r en sv\u00e5r ekonomisk situation d\u00e4r kostnaderna inom<br \/>\nframf\u00f6rallt socialf\u00f6rvaltningen rusar iv\u00e4g. Situationen kr\u00e4ver stor sparsamhet.<br \/>\nDenna f\u00e5r dock inte g\u00e5 ut \u00f6ver de mest beh\u00f6vande i samh\u00e4llet s\u00e5som st\u00f6d till<br \/>\nbarn i barnomsorg och skola. Sparandet b\u00f6r inriktas p\u00e5 de politiska organen<br \/>\noch den centrala administrationen. Det \u00e5ligger kommunens politiska ledning<br \/>\nsamt kommunchef och f\u00f6rvaltningschefer att se \u00f6ver den egna administra-<br \/>\ntionen d\u00e4r det torde finnas betydande m\u00f6jligheter till effektivisering och<br \/>\nbesparingar.<br \/>\nVi kristdemokrater ser fram emot att ta del av en livaktig debatt r\u00f6rande<br \/>\nkommunens ekonomi.<br \/>\nLjungby 2012-09-16<br \/>\nChrister Henriksson (KD) ordf\u00f6rande,\u200b\u200b\u200b\u00a0\u200bNils-Erik Wetter (KD)\u00a0v. ordf\u00f6rande<\/p><\/blockquote>\n","protected":false},"excerpt":{"rendered":"<p>S\u00e5 har det d\u00e5 h\u00e4nt. Kristdemokraterna i Ljungby har blivit utvisade fr\u00e5n den regerande alliansen.\u00a0Det h\u00e4nde i onsdags kv\u00e4ll ( 12\/9 ). Kristdemokraternas representant \u2013 Nils-Erik Wetter- fick l\u00e4mna det gemensamma alliansm\u00f6tet medan representanterna f\u00f6r de \u00f6vriga partierna \u2013 m,c,mp och fp &#8211; fortsatte \u00f6verl\u00e4ggningarna. Vad inneb\u00e4r det att kristdemokraterna uteslutits ur alliansen? Den fr\u00e5gan <a class=\"read-more-link\" href=\"https:\/\/wp.kristdemokraterna.se\/ljungby\/utvisade-2\/\">Read More<\/a><\/p>\n","protected":false},"author":434,"featured_media":0,"comment_status":"open","ping_status":"open","sticky":false,"template":"","format":"standard","meta":{"_acf_changed":false,"footnotes":""},"categories":[5,6],"tags":[],"class_list":["post-152","post","type-post","status-publish","format-standard","hentry","category-information","category-nyheter"],"acf":[],"yoast_head":"<!-- This site is optimized with the Yoast SEO plugin v27.5 - https:\/\/yoast.com\/product\/yoast-seo-wordpress\/ -->\n<title>Utvisade - Kristdemokraterna Ljungby<\/title>\n<meta name=\"robots\" content=\"index, follow, max-snippet:-1, max-image-preview:large, max-video-preview:-1\" \/>\n<link rel=\"canonical\" href=\"https:\/\/wp.kristdemokraterna.se\/ljungby\/utvisade-2\/\" \/>\n<meta property=\"og:locale\" content=\"sv_SE\" \/>\n<meta property=\"og:type\" content=\"article\" \/>\n<meta property=\"og:title\" content=\"Utvisade - Kristdemokraterna Ljungby\" \/>\n<meta property=\"og:description\" content=\"S\u00e5 har det d\u00e5 h\u00e4nt. Kristdemokraterna i Ljungby har blivit utvisade fr\u00e5n den regerande alliansen.\u00a0Det h\u00e4nde i onsdags kv\u00e4ll ( 12\/9 ). Kristdemokraternas representant \u2013 Nils-Erik Wetter- fick l\u00e4mna det gemensamma alliansm\u00f6tet medan representanterna f\u00f6r de \u00f6vriga partierna \u2013 m,c,mp och fp &#8211; fortsatte \u00f6verl\u00e4ggningarna. Vad inneb\u00e4r det att kristdemokraterna uteslutits ur alliansen? Den fr\u00e5gan Read More\" \/>\n<meta property=\"og:url\" content=\"https:\/\/wp.kristdemokraterna.se\/ljungby\/utvisade-2\/\" \/>\n<meta property=\"og:site_name\" content=\"Kristdemokraterna Ljungby\" \/>\n<meta property=\"article:published_time\" content=\"2012-09-16T15:33:18+00:00\" \/>\n<meta name=\"author\" content=\"ljungby\" \/>\n<meta name=\"twitter:card\" content=\"summary_large_image\" \/>\n<meta name=\"twitter:label1\" content=\"Skriven av\" \/>\n\t<meta name=\"twitter:data1\" content=\"ljungby\" \/>\n\t<meta name=\"twitter:label2\" content=\"Ber\u00e4knad l\u00e4stid\" \/>\n\t<meta name=\"twitter:data2\" content=\"1 minut\" \/>\n<script type=\"application\/ld+json\" class=\"yoast-schema-graph\">{\"@context\":\"https:\\\/\\\/schema.org\",\"@graph\":[{\"@type\":\"Article\",\"@id\":\"https:\\\/\\\/wp.kristdemokraterna.se\\\/ljungby\\\/utvisade-2\\\/#article\",\"isPartOf\":{\"@id\":\"https:\\\/\\\/wp.kristdemokraterna.se\\\/ljungby\\\/utvisade-2\\\/\"},\"author\":{\"name\":\"ljungby\",\"@id\":\"https:\\\/\\\/wp.kristdemokraterna.se\\\/ljungby\\\/#\\\/schema\\\/person\\\/ada662c5d4d309d880402ec01bfa9fc3\"},\"headline\":\"Utvisade\",\"datePublished\":\"2012-09-16T15:33:18+00:00\",\"mainEntityOfPage\":{\"@id\":\"https:\\\/\\\/wp.kristdemokraterna.se\\\/ljungby\\\/utvisade-2\\\/\"},\"wordCount\":281,\"commentCount\":0,\"articleSection\":[\"Information\",\"Nyheter\"],\"inLanguage\":\"sv-SE\"},{\"@type\":\"WebPage\",\"@id\":\"https:\\\/\\\/wp.kristdemokraterna.se\\\/ljungby\\\/utvisade-2\\\/\",\"url\":\"https:\\\/\\\/wp.kristdemokraterna.se\\\/ljungby\\\/utvisade-2\\\/\",\"name\":\"Utvisade - Kristdemokraterna Ljungby\",\"isPartOf\":{\"@id\":\"https:\\\/\\\/wp.kristdemokraterna.se\\\/ljungby\\\/#website\"},\"datePublished\":\"2012-09-16T15:33:18+00:00\",\"author\":{\"@id\":\"https:\\\/\\\/wp.kristdemokraterna.se\\\/ljungby\\\/#\\\/schema\\\/person\\\/ada662c5d4d309d880402ec01bfa9fc3\"},\"breadcrumb\":{\"@id\":\"https:\\\/\\\/wp.kristdemokraterna.se\\\/ljungby\\\/utvisade-2\\\/#breadcrumb\"},\"inLanguage\":\"sv-SE\",\"potentialAction\":[{\"@type\":\"ReadAction\",\"target\":[\"https:\\\/\\\/wp.kristdemokraterna.se\\\/ljungby\\\/utvisade-2\\\/\"]}]},{\"@type\":\"BreadcrumbList\",\"@id\":\"https:\\\/\\\/wp.kristdemokraterna.se\\\/ljungby\\\/utvisade-2\\\/#breadcrumb\",\"itemListElement\":[{\"@type\":\"ListItem\",\"position\":1,\"name\":\"Hem\",\"item\":\"https:\\\/\\\/wp.kristdemokraterna.se\\\/ljungby\\\/\"},{\"@type\":\"ListItem\",\"position\":2,\"name\":\"Utvisade\"}]},{\"@type\":\"WebSite\",\"@id\":\"https:\\\/\\\/wp.kristdemokraterna.se\\\/ljungby\\\/#website\",\"url\":\"https:\\\/\\\/wp.kristdemokraterna.se\\\/ljungby\\\/\",\"name\":\"Kristdemokraterna Ljungby\",\"description\":\"\",\"inLanguage\":\"sv-SE\"},{\"@type\":\"Person\",\"@id\":\"https:\\\/\\\/wp.kristdemokraterna.se\\\/ljungby\\\/#\\\/schema\\\/person\\\/ada662c5d4d309d880402ec01bfa9fc3\",\"name\":\"ljungby\",\"image\":{\"@type\":\"ImageObject\",\"inLanguage\":\"sv-SE\",\"@id\":\"https:\\\/\\\/secure.gravatar.com\\\/avatar\\\/c094a9577724be90ddee7ea9cac26c1171055fef8cdee8b46ee0cfed89509ab1?s=96&r=g\",\"url\":\"https:\\\/\\\/secure.gravatar.com\\\/avatar\\\/c094a9577724be90ddee7ea9cac26c1171055fef8cdee8b46ee0cfed89509ab1?s=96&r=g\",\"contentUrl\":\"https:\\\/\\\/secure.gravatar.com\\\/avatar\\\/c094a9577724be90ddee7ea9cac26c1171055fef8cdee8b46ee0cfed89509ab1?s=96&r=g\",\"caption\":\"ljungby\"},\"url\":\"https:\\\/\\\/wp.kristdemokraterna.se\\\/ljungby\\\/author\\\/ljungby\\\/\"}]}<\/script>\n<!-- \/ Yoast SEO plugin. -->","yoast_head_json":{"title":"Utvisade - Kristdemokraterna Ljungby","robots":{"index":"index","follow":"follow","max-snippet":"max-snippet:-1","max-image-preview":"max-image-preview:large","max-video-preview":"max-video-preview:-1"},"canonical":"https:\/\/wp.kristdemokraterna.se\/ljungby\/utvisade-2\/","og_locale":"sv_SE","og_type":"article","og_title":"Utvisade - Kristdemokraterna Ljungby","og_description":"S\u00e5 har det d\u00e5 h\u00e4nt. Kristdemokraterna i Ljungby har blivit utvisade fr\u00e5n den regerande alliansen.\u00a0Det h\u00e4nde i onsdags kv\u00e4ll ( 12\/9 ). Kristdemokraternas representant \u2013 Nils-Erik Wetter- fick l\u00e4mna det gemensamma alliansm\u00f6tet medan representanterna f\u00f6r de \u00f6vriga partierna \u2013 m,c,mp och fp &#8211; fortsatte \u00f6verl\u00e4ggningarna. Vad inneb\u00e4r det att kristdemokraterna uteslutits ur alliansen? Den fr\u00e5gan Read More","og_url":"https:\/\/wp.kristdemokraterna.se\/ljungby\/utvisade-2\/","og_site_name":"Kristdemokraterna Ljungby","article_published_time":"2012-09-16T15:33:18+00:00","author":"ljungby","twitter_card":"summary_large_image","twitter_misc":{"Skriven av":"ljungby","Ber\u00e4knad l\u00e4stid":"1 minut"},"schema":{"@context":"https:\/\/schema.org","@graph":[{"@type":"Article","@id":"https:\/\/wp.kristdemokraterna.se\/ljungby\/utvisade-2\/#article","isPartOf":{"@id":"https:\/\/wp.kristdemokraterna.se\/ljungby\/utvisade-2\/"},"author":{"name":"ljungby","@id":"https:\/\/wp.kristdemokraterna.se\/ljungby\/#\/schema\/person\/ada662c5d4d309d880402ec01bfa9fc3"},"headline":"Utvisade","datePublished":"2012-09-16T15:33:18+00:00","mainEntityOfPage":{"@id":"https:\/\/wp.kristdemokraterna.se\/ljungby\/utvisade-2\/"},"wordCount":281,"commentCount":0,"articleSection":["Information","Nyheter"],"inLanguage":"sv-SE"},{"@type":"WebPage","@id":"https:\/\/wp.kristdemokraterna.se\/ljungby\/utvisade-2\/","url":"https:\/\/wp.kristdemokraterna.se\/ljungby\/utvisade-2\/","name":"Utvisade - Kristdemokraterna Ljungby","isPartOf":{"@id":"https:\/\/wp.kristdemokraterna.se\/ljungby\/#website"},"datePublished":"2012-09-16T15:33:18+00:00","author":{"@id":"https:\/\/wp.kristdemokraterna.se\/ljungby\/#\/schema\/person\/ada662c5d4d309d880402ec01bfa9fc3"},"breadcrumb":{"@id":"https:\/\/wp.kristdemokraterna.se\/ljungby\/utvisade-2\/#breadcrumb"},"inLanguage":"sv-SE","potentialAction":[{"@type":"ReadAction","target":["https:\/\/wp.kristdemokraterna.se\/ljungby\/utvisade-2\/"]}]},{"@type":"BreadcrumbList","@id":"https:\/\/wp.kristdemokraterna.se\/ljungby\/utvisade-2\/#breadcrumb","itemListElement":[{"@type":"ListItem","position":1,"name":"Hem","item":"https:\/\/wp.kristdemokraterna.se\/ljungby\/"},{"@type":"ListItem","position":2,"name":"Utvisade"}]},{"@type":"WebSite","@id":"https:\/\/wp.kristdemokraterna.se\/ljungby\/#website","url":"https:\/\/wp.kristdemokraterna.se\/ljungby\/","name":"Kristdemokraterna Ljungby","description":"","inLanguage":"sv-SE"},{"@type":"Person","@id":"https:\/\/wp.kristdemokraterna.se\/ljungby\/#\/schema\/person\/ada662c5d4d309d880402ec01bfa9fc3","name":"ljungby","image":{"@type":"ImageObject","inLanguage":"sv-SE","@id":"https:\/\/secure.gravatar.com\/avatar\/c094a9577724be90ddee7ea9cac26c1171055fef8cdee8b46ee0cfed89509ab1?s=96&r=g","url":"https:\/\/secure.gravatar.com\/avatar\/c094a9577724be90ddee7ea9cac26c1171055fef8cdee8b46ee0cfed89509ab1?s=96&r=g","contentUrl":"https:\/\/secure.gravatar.com\/avatar\/c094a9577724be90ddee7ea9cac26c1171055fef8cdee8b46ee0cfed89509ab1?s=96&r=g","caption":"ljungby"},"url":"https:\/\/wp.kristdemokraterna.se\/ljungby\/author\/ljungby\/"}]}},"_links":{"self":[{"href":"https:\/\/wp.kristdemokraterna.se\/ljungby\/wp-json\/wp\/v2\/posts\/152","targetHints":{"allow":["GET"]}}],"collection":[{"href":"https:\/\/wp.kristdemokraterna.se\/ljungby\/wp-json\/wp\/v2\/posts"}],"about":[{"href":"https:\/\/wp.kristdemokraterna.se\/ljungby\/wp-json\/wp\/v2\/types\/post"}],"author":[{"embeddable":true,"href":"https:\/\/wp.kristdemokraterna.se\/ljungby\/wp-json\/wp\/v2\/users\/434"}],"replies":[{"embeddable":true,"href":"https:\/\/wp.kristdemokraterna.se\/ljungby\/wp-json\/wp\/v2\/comments?post=152"}],"version-history":[{"count":0,"href":"https:\/\/wp.kristdemokraterna.se\/ljungby\/wp-json\/wp\/v2\/posts\/152\/revisions"}],"wp:attachment":[{"href":"https:\/\/wp.kristdemokraterna.se\/ljungby\/wp-json\/wp\/v2\/media?parent=152"}],"wp:term":[{"taxonomy":"category","embeddable":true,"href":"https:\/\/wp.kristdemokraterna.se\/ljungby\/wp-json\/wp\/v2\/categories?post=152"},{"taxonomy":"post_tag","embeddable":true,"href":"https:\/\/wp.kristdemokraterna.se\/ljungby\/wp-json\/wp\/v2\/tags?post=152"}],"curies":[{"name":"wp","href":"https:\/\/api.w.org\/{rel}","templated":true}]}}