{"id":158,"date":"2011-04-11T21:16:51","date_gmt":"2011-04-11T20:16:51","guid":{"rendered":"http:\/\/kdljungby.wordpress.com\/?p=22"},"modified":"2011-04-11T21:16:51","modified_gmt":"2011-04-11T20:16:51","slug":"kommunstyrelsens-diskussioner-om-asikten","status":"publish","type":"post","link":"https:\/\/wp.kristdemokraterna.se\/ljungby\/kommunstyrelsens-diskussioner-om-asikten\/","title":{"rendered":"Kommunstyrelsens diskussioner om \u00c5sikten"},"content":{"rendered":"<p><strong>Upphandling av \u00c5sikten<\/strong><\/p>\n<p>Kommunstyrelsen beslutade att beg\u00e4ra in anbud p\u00e5 byggandet av \u00c5sikten. Den underliggande tanken var att upphandlingen f\u00e5r avslutas utan \u00a0avtal om projektet visar sig vara f\u00f6r dyrt.<\/p>\n<p>Mot detta inv\u00e4nde KD&#8217;s ledamot (Christer Henriksson) att s\u00e5 kan man inte g\u00f6ra.<\/p>\n<p>D\u00e5 m\u00e5ste det enligt lag finnas saklig grund f\u00f6r att avbryta en upphandling. Dels \u00e4r det att utnyttja de entrepren\u00f6rer och medentrepren\u00f6rer som l\u00e4gger ned ett stort arbete p\u00e5 anbuden. Dessutom \u00e4r det v\u00e4lbekant att kostnaden f\u00f6r projektet blir l\u00e5ngt ut\u00f6ver vad kommunen avsatt i sin budget.<\/p>\n<p>Som ett komplement vill vi \u00e4n en g\u00e5ng h\u00e4nvisa till det brev Ljungbybost\u00e4ders styrelse skickat till Kommunstyrelsen d\u00e4r man avr\u00e5der fr\u00e5n fortsatt arbete med \u00c5sikten i nuvarande form. Christer var vid detta brevs f\u00f6rfattande ordf\u00f6rande i bolagsstyrelsen f\u00f6r Ljungbybost\u00e4der och har d\u00e4rigenom redan tagit en st\u00e5ndpunkt som \u00e4ven KD i Ljungby st\u00e5r bakom.<\/p>\n<p>Vi anser inte att \u00c5sikten \u00e4r realistisk att bygga p\u00e5 den plats som f\u00f6reslagits ej heller med den budget som f\u00f6reslagit d\u00e5 det &#8221;inte st\u00e5r i \u00f6verensst\u00e4mmelse med lagens krav p\u00e5 aff\u00e4rsm\u00e4ssighet.&#8221; (citat fr\u00e5n brevet).<\/p>\n<p>&nbsp;<\/p>\n","protected":false},"excerpt":{"rendered":"<p>Upphandling av \u00c5sikten Kommunstyrelsen beslutade att beg\u00e4ra in anbud p\u00e5 byggandet av \u00c5sikten. Den underliggande tanken var att upphandlingen f\u00e5r avslutas utan \u00a0avtal om projektet visar sig vara f\u00f6r dyrt. Mot detta inv\u00e4nde KD&#8217;s ledamot (Christer Henriksson) att s\u00e5 kan man inte g\u00f6ra. D\u00e5 m\u00e5ste det enligt lag finnas saklig grund f\u00f6r att avbryta en <a class=\"read-more-link\" href=\"https:\/\/wp.kristdemokraterna.se\/ljungby\/kommunstyrelsens-diskussioner-om-asikten\/\">Read More<\/a><\/p>\n","protected":false},"author":434,"featured_media":0,"comment_status":"open","ping_status":"open","sticky":false,"template":"","format":"standard","meta":{"_acf_changed":false,"footnotes":""},"categories":[4,9],"tags":[],"class_list":["post-158","post","type-post","status-publish","format-standard","hentry","category-debattinlagg","category-rostforklaringar"],"acf":[],"yoast_head":"<!-- This site is optimized with the Yoast SEO plugin v27.4 - https:\/\/yoast.com\/product\/yoast-seo-wordpress\/ -->\n<title>Kommunstyrelsens diskussioner om \u00c5sikten - Kristdemokraterna Ljungby<\/title>\n<meta name=\"robots\" content=\"index, follow, max-snippet:-1, max-image-preview:large, max-video-preview:-1\" \/>\n<link rel=\"canonical\" href=\"https:\/\/wp.kristdemokraterna.se\/ljungby\/kommunstyrelsens-diskussioner-om-asikten\/\" \/>\n<meta property=\"og:locale\" content=\"sv_SE\" \/>\n<meta property=\"og:type\" content=\"article\" \/>\n<meta property=\"og:title\" content=\"Kommunstyrelsens diskussioner om \u00c5sikten - Kristdemokraterna Ljungby\" \/>\n<meta property=\"og:description\" content=\"Upphandling av \u00c5sikten Kommunstyrelsen beslutade att beg\u00e4ra in anbud p\u00e5 byggandet av \u00c5sikten. Den underliggande tanken var att upphandlingen f\u00e5r avslutas utan \u00a0avtal om projektet visar sig vara f\u00f6r dyrt. Mot detta inv\u00e4nde KD&#8217;s ledamot (Christer Henriksson) att s\u00e5 kan man inte g\u00f6ra. D\u00e5 m\u00e5ste det enligt lag finnas saklig grund f\u00f6r att avbryta en Read More\" \/>\n<meta property=\"og:url\" content=\"https:\/\/wp.kristdemokraterna.se\/ljungby\/kommunstyrelsens-diskussioner-om-asikten\/\" \/>\n<meta property=\"og:site_name\" content=\"Kristdemokraterna Ljungby\" \/>\n<meta property=\"article:published_time\" content=\"2011-04-11T20:16:51+00:00\" \/>\n<meta name=\"author\" content=\"ljungby\" \/>\n<meta name=\"twitter:card\" content=\"summary_large_image\" \/>\n<meta name=\"twitter:label1\" content=\"Skriven av\" \/>\n\t<meta name=\"twitter:data1\" content=\"ljungby\" \/>\n\t<meta name=\"twitter:label2\" content=\"Ber\u00e4knad l\u00e4stid\" \/>\n\t<meta name=\"twitter:data2\" content=\"1 minut\" \/>\n<script type=\"application\/ld+json\" class=\"yoast-schema-graph\">{\"@context\":\"https:\\\/\\\/schema.org\",\"@graph\":[{\"@type\":\"Article\",\"@id\":\"https:\\\/\\\/wp.kristdemokraterna.se\\\/ljungby\\\/kommunstyrelsens-diskussioner-om-asikten\\\/#article\",\"isPartOf\":{\"@id\":\"https:\\\/\\\/wp.kristdemokraterna.se\\\/ljungby\\\/kommunstyrelsens-diskussioner-om-asikten\\\/\"},\"author\":{\"name\":\"ljungby\",\"@id\":\"https:\\\/\\\/wp.kristdemokraterna.se\\\/ljungby\\\/#\\\/schema\\\/person\\\/ada662c5d4d309d880402ec01bfa9fc3\"},\"headline\":\"Kommunstyrelsens diskussioner om \u00c5sikten\",\"datePublished\":\"2011-04-11T20:16:51+00:00\",\"mainEntityOfPage\":{\"@id\":\"https:\\\/\\\/wp.kristdemokraterna.se\\\/ljungby\\\/kommunstyrelsens-diskussioner-om-asikten\\\/\"},\"wordCount\":217,\"commentCount\":0,\"articleSection\":[\"Debattinl\u00e4gg\",\"R\u00f6stf\u00f6rklaringar\"],\"inLanguage\":\"sv-SE\"},{\"@type\":\"WebPage\",\"@id\":\"https:\\\/\\\/wp.kristdemokraterna.se\\\/ljungby\\\/kommunstyrelsens-diskussioner-om-asikten\\\/\",\"url\":\"https:\\\/\\\/wp.kristdemokraterna.se\\\/ljungby\\\/kommunstyrelsens-diskussioner-om-asikten\\\/\",\"name\":\"Kommunstyrelsens diskussioner om \u00c5sikten - Kristdemokraterna Ljungby\",\"isPartOf\":{\"@id\":\"https:\\\/\\\/wp.kristdemokraterna.se\\\/ljungby\\\/#website\"},\"datePublished\":\"2011-04-11T20:16:51+00:00\",\"author\":{\"@id\":\"https:\\\/\\\/wp.kristdemokraterna.se\\\/ljungby\\\/#\\\/schema\\\/person\\\/ada662c5d4d309d880402ec01bfa9fc3\"},\"breadcrumb\":{\"@id\":\"https:\\\/\\\/wp.kristdemokraterna.se\\\/ljungby\\\/kommunstyrelsens-diskussioner-om-asikten\\\/#breadcrumb\"},\"inLanguage\":\"sv-SE\",\"potentialAction\":[{\"@type\":\"ReadAction\",\"target\":[\"https:\\\/\\\/wp.kristdemokraterna.se\\\/ljungby\\\/kommunstyrelsens-diskussioner-om-asikten\\\/\"]}]},{\"@type\":\"BreadcrumbList\",\"@id\":\"https:\\\/\\\/wp.kristdemokraterna.se\\\/ljungby\\\/kommunstyrelsens-diskussioner-om-asikten\\\/#breadcrumb\",\"itemListElement\":[{\"@type\":\"ListItem\",\"position\":1,\"name\":\"Hem\",\"item\":\"https:\\\/\\\/wp.kristdemokraterna.se\\\/ljungby\\\/\"},{\"@type\":\"ListItem\",\"position\":2,\"name\":\"Kommunstyrelsens diskussioner om \u00c5sikten\"}]},{\"@type\":\"WebSite\",\"@id\":\"https:\\\/\\\/wp.kristdemokraterna.se\\\/ljungby\\\/#website\",\"url\":\"https:\\\/\\\/wp.kristdemokraterna.se\\\/ljungby\\\/\",\"name\":\"Kristdemokraterna Ljungby\",\"description\":\"\",\"inLanguage\":\"sv-SE\"},{\"@type\":\"Person\",\"@id\":\"https:\\\/\\\/wp.kristdemokraterna.se\\\/ljungby\\\/#\\\/schema\\\/person\\\/ada662c5d4d309d880402ec01bfa9fc3\",\"name\":\"ljungby\",\"image\":{\"@type\":\"ImageObject\",\"inLanguage\":\"sv-SE\",\"@id\":\"https:\\\/\\\/secure.gravatar.com\\\/avatar\\\/c094a9577724be90ddee7ea9cac26c1171055fef8cdee8b46ee0cfed89509ab1?s=96&r=g\",\"url\":\"https:\\\/\\\/secure.gravatar.com\\\/avatar\\\/c094a9577724be90ddee7ea9cac26c1171055fef8cdee8b46ee0cfed89509ab1?s=96&r=g\",\"contentUrl\":\"https:\\\/\\\/secure.gravatar.com\\\/avatar\\\/c094a9577724be90ddee7ea9cac26c1171055fef8cdee8b46ee0cfed89509ab1?s=96&r=g\",\"caption\":\"ljungby\"},\"url\":\"https:\\\/\\\/wp.kristdemokraterna.se\\\/ljungby\\\/author\\\/ljungby\\\/\"}]}<\/script>\n<!-- \/ Yoast SEO plugin. -->","yoast_head_json":{"title":"Kommunstyrelsens diskussioner om \u00c5sikten - Kristdemokraterna Ljungby","robots":{"index":"index","follow":"follow","max-snippet":"max-snippet:-1","max-image-preview":"max-image-preview:large","max-video-preview":"max-video-preview:-1"},"canonical":"https:\/\/wp.kristdemokraterna.se\/ljungby\/kommunstyrelsens-diskussioner-om-asikten\/","og_locale":"sv_SE","og_type":"article","og_title":"Kommunstyrelsens diskussioner om \u00c5sikten - Kristdemokraterna Ljungby","og_description":"Upphandling av \u00c5sikten Kommunstyrelsen beslutade att beg\u00e4ra in anbud p\u00e5 byggandet av \u00c5sikten. Den underliggande tanken var att upphandlingen f\u00e5r avslutas utan \u00a0avtal om projektet visar sig vara f\u00f6r dyrt. Mot detta inv\u00e4nde KD&#8217;s ledamot (Christer Henriksson) att s\u00e5 kan man inte g\u00f6ra. D\u00e5 m\u00e5ste det enligt lag finnas saklig grund f\u00f6r att avbryta en Read More","og_url":"https:\/\/wp.kristdemokraterna.se\/ljungby\/kommunstyrelsens-diskussioner-om-asikten\/","og_site_name":"Kristdemokraterna Ljungby","article_published_time":"2011-04-11T20:16:51+00:00","author":"ljungby","twitter_card":"summary_large_image","twitter_misc":{"Skriven av":"ljungby","Ber\u00e4knad l\u00e4stid":"1 minut"},"schema":{"@context":"https:\/\/schema.org","@graph":[{"@type":"Article","@id":"https:\/\/wp.kristdemokraterna.se\/ljungby\/kommunstyrelsens-diskussioner-om-asikten\/#article","isPartOf":{"@id":"https:\/\/wp.kristdemokraterna.se\/ljungby\/kommunstyrelsens-diskussioner-om-asikten\/"},"author":{"name":"ljungby","@id":"https:\/\/wp.kristdemokraterna.se\/ljungby\/#\/schema\/person\/ada662c5d4d309d880402ec01bfa9fc3"},"headline":"Kommunstyrelsens diskussioner om \u00c5sikten","datePublished":"2011-04-11T20:16:51+00:00","mainEntityOfPage":{"@id":"https:\/\/wp.kristdemokraterna.se\/ljungby\/kommunstyrelsens-diskussioner-om-asikten\/"},"wordCount":217,"commentCount":0,"articleSection":["Debattinl\u00e4gg","R\u00f6stf\u00f6rklaringar"],"inLanguage":"sv-SE"},{"@type":"WebPage","@id":"https:\/\/wp.kristdemokraterna.se\/ljungby\/kommunstyrelsens-diskussioner-om-asikten\/","url":"https:\/\/wp.kristdemokraterna.se\/ljungby\/kommunstyrelsens-diskussioner-om-asikten\/","name":"Kommunstyrelsens diskussioner om \u00c5sikten - Kristdemokraterna Ljungby","isPartOf":{"@id":"https:\/\/wp.kristdemokraterna.se\/ljungby\/#website"},"datePublished":"2011-04-11T20:16:51+00:00","author":{"@id":"https:\/\/wp.kristdemokraterna.se\/ljungby\/#\/schema\/person\/ada662c5d4d309d880402ec01bfa9fc3"},"breadcrumb":{"@id":"https:\/\/wp.kristdemokraterna.se\/ljungby\/kommunstyrelsens-diskussioner-om-asikten\/#breadcrumb"},"inLanguage":"sv-SE","potentialAction":[{"@type":"ReadAction","target":["https:\/\/wp.kristdemokraterna.se\/ljungby\/kommunstyrelsens-diskussioner-om-asikten\/"]}]},{"@type":"BreadcrumbList","@id":"https:\/\/wp.kristdemokraterna.se\/ljungby\/kommunstyrelsens-diskussioner-om-asikten\/#breadcrumb","itemListElement":[{"@type":"ListItem","position":1,"name":"Hem","item":"https:\/\/wp.kristdemokraterna.se\/ljungby\/"},{"@type":"ListItem","position":2,"name":"Kommunstyrelsens diskussioner om \u00c5sikten"}]},{"@type":"WebSite","@id":"https:\/\/wp.kristdemokraterna.se\/ljungby\/#website","url":"https:\/\/wp.kristdemokraterna.se\/ljungby\/","name":"Kristdemokraterna Ljungby","description":"","inLanguage":"sv-SE"},{"@type":"Person","@id":"https:\/\/wp.kristdemokraterna.se\/ljungby\/#\/schema\/person\/ada662c5d4d309d880402ec01bfa9fc3","name":"ljungby","image":{"@type":"ImageObject","inLanguage":"sv-SE","@id":"https:\/\/secure.gravatar.com\/avatar\/c094a9577724be90ddee7ea9cac26c1171055fef8cdee8b46ee0cfed89509ab1?s=96&r=g","url":"https:\/\/secure.gravatar.com\/avatar\/c094a9577724be90ddee7ea9cac26c1171055fef8cdee8b46ee0cfed89509ab1?s=96&r=g","contentUrl":"https:\/\/secure.gravatar.com\/avatar\/c094a9577724be90ddee7ea9cac26c1171055fef8cdee8b46ee0cfed89509ab1?s=96&r=g","caption":"ljungby"},"url":"https:\/\/wp.kristdemokraterna.se\/ljungby\/author\/ljungby\/"}]}},"_links":{"self":[{"href":"https:\/\/wp.kristdemokraterna.se\/ljungby\/wp-json\/wp\/v2\/posts\/158","targetHints":{"allow":["GET"]}}],"collection":[{"href":"https:\/\/wp.kristdemokraterna.se\/ljungby\/wp-json\/wp\/v2\/posts"}],"about":[{"href":"https:\/\/wp.kristdemokraterna.se\/ljungby\/wp-json\/wp\/v2\/types\/post"}],"author":[{"embeddable":true,"href":"https:\/\/wp.kristdemokraterna.se\/ljungby\/wp-json\/wp\/v2\/users\/434"}],"replies":[{"embeddable":true,"href":"https:\/\/wp.kristdemokraterna.se\/ljungby\/wp-json\/wp\/v2\/comments?post=158"}],"version-history":[{"count":0,"href":"https:\/\/wp.kristdemokraterna.se\/ljungby\/wp-json\/wp\/v2\/posts\/158\/revisions"}],"wp:attachment":[{"href":"https:\/\/wp.kristdemokraterna.se\/ljungby\/wp-json\/wp\/v2\/media?parent=158"}],"wp:term":[{"taxonomy":"category","embeddable":true,"href":"https:\/\/wp.kristdemokraterna.se\/ljungby\/wp-json\/wp\/v2\/categories?post=158"},{"taxonomy":"post_tag","embeddable":true,"href":"https:\/\/wp.kristdemokraterna.se\/ljungby\/wp-json\/wp\/v2\/tags?post=158"}],"curies":[{"name":"wp","href":"https:\/\/api.w.org\/{rel}","templated":true}]}}