{"id":161,"date":"2011-05-26T21:21:09","date_gmt":"2011-05-26T20:21:09","guid":{"rendered":"http:\/\/kdljungby.wordpress.com\/?p=28"},"modified":"2011-05-26T21:21:09","modified_gmt":"2011-05-26T20:21:09","slug":"varfor-anser-s-att-valfrihet-ar-fult","status":"publish","type":"post","link":"https:\/\/wp.kristdemokraterna.se\/ljungby\/varfor-anser-s-att-valfrihet-ar-fult\/","title":{"rendered":"Varf\u00f6r anser (S) att valfrihet \u00e4r fult?"},"content":{"rendered":"<p>Varf\u00f6r \u00e4r valfrihet fult?<\/p>\n<p>\u00c4n en g\u00e5ng har fr\u00e5gan om upphandling av \u00e4ldreomsorgen i Ljungby enligt LOV (Lagen om Valfrihet) g\u00e5tt p\u00e5 \u00e5terremiss. Denna g\u00e5ng p.g.a. Socialdemokraterna.Vi i KD driver fr\u00e5gan om att du som v\u00e5rdtagare b\u00f6r vara ber\u00e4ttigad att sj\u00e4lv v\u00e4lja vem som skall v\u00e5rda dig \u00e4ven i de sista \u00e5ren i livet.<\/p>\n<p>Att sl\u00e4ppa in fr\u00e4mmande m\u00e4nniskor i sitt hem f\u00f6r att f\u00e5 hj\u00e4lp med de mest intima saker \u00e4r p\u00e5frestande nog, att inte ha m\u00f6jlighet att p\u00e5verka detta strider mot den syn vi Kristdemokrater har p\u00e5 v\u00e5rd, valfrihet och individens r\u00e4tt till sj\u00e4lvbest\u00e4mmande.<\/p>\n<p>Vi kommer forts\u00e4tta verka f\u00f6r att LOV skall inf\u00f6ras bland \u00e4ldreomsorgen och hemstj\u00e4nsten i v\u00e5r kommun, vi tycker det ska vara en r\u00e4ttighet att f\u00e5 v\u00e4lja sj\u00e4lv.<\/p>\n","protected":false},"excerpt":{"rendered":"<p>Varf\u00f6r \u00e4r valfrihet fult? \u00c4n en g\u00e5ng har fr\u00e5gan om upphandling av \u00e4ldreomsorgen i Ljungby enligt LOV (Lagen om Valfrihet) g\u00e5tt p\u00e5 \u00e5terremiss. Denna g\u00e5ng p.g.a. Socialdemokraterna.Vi i KD driver fr\u00e5gan om att du som v\u00e5rdtagare b\u00f6r vara ber\u00e4ttigad att sj\u00e4lv v\u00e4lja vem som skall v\u00e5rda dig \u00e4ven i de sista \u00e5ren i livet. Att <a class=\"read-more-link\" href=\"https:\/\/wp.kristdemokraterna.se\/ljungby\/varfor-anser-s-att-valfrihet-ar-fult\/\">Read More<\/a><\/p>\n","protected":false},"author":434,"featured_media":0,"comment_status":"open","ping_status":"open","sticky":false,"template":"","format":"standard","meta":{"_acf_changed":false,"footnotes":""},"categories":[4],"tags":[],"class_list":["post-161","post","type-post","status-publish","format-standard","hentry","category-debattinlagg"],"acf":[],"yoast_head":"<!-- This site is optimized with the Yoast SEO plugin v27.4 - https:\/\/yoast.com\/product\/yoast-seo-wordpress\/ -->\n<title>Varf\u00f6r anser (S) att valfrihet \u00e4r fult? - Kristdemokraterna Ljungby<\/title>\n<meta name=\"robots\" content=\"index, follow, max-snippet:-1, max-image-preview:large, max-video-preview:-1\" \/>\n<link rel=\"canonical\" href=\"https:\/\/wp.kristdemokraterna.se\/ljungby\/varfor-anser-s-att-valfrihet-ar-fult\/\" \/>\n<meta property=\"og:locale\" content=\"sv_SE\" \/>\n<meta property=\"og:type\" content=\"article\" \/>\n<meta property=\"og:title\" content=\"Varf\u00f6r anser (S) att valfrihet \u00e4r fult? - Kristdemokraterna Ljungby\" \/>\n<meta property=\"og:description\" content=\"Varf\u00f6r \u00e4r valfrihet fult? \u00c4n en g\u00e5ng har fr\u00e5gan om upphandling av \u00e4ldreomsorgen i Ljungby enligt LOV (Lagen om Valfrihet) g\u00e5tt p\u00e5 \u00e5terremiss. Denna g\u00e5ng p.g.a. Socialdemokraterna.Vi i KD driver fr\u00e5gan om att du som v\u00e5rdtagare b\u00f6r vara ber\u00e4ttigad att sj\u00e4lv v\u00e4lja vem som skall v\u00e5rda dig \u00e4ven i de sista \u00e5ren i livet. Att Read More\" \/>\n<meta property=\"og:url\" content=\"https:\/\/wp.kristdemokraterna.se\/ljungby\/varfor-anser-s-att-valfrihet-ar-fult\/\" \/>\n<meta property=\"og:site_name\" content=\"Kristdemokraterna Ljungby\" \/>\n<meta property=\"article:published_time\" content=\"2011-05-26T20:21:09+00:00\" \/>\n<meta name=\"author\" content=\"ljungby\" \/>\n<meta name=\"twitter:card\" content=\"summary_large_image\" \/>\n<meta name=\"twitter:label1\" content=\"Skriven av\" \/>\n\t<meta name=\"twitter:data1\" content=\"ljungby\" \/>\n\t<meta name=\"twitter:label2\" content=\"Ber\u00e4knad l\u00e4stid\" \/>\n\t<meta name=\"twitter:data2\" content=\"1 minut\" \/>\n<script type=\"application\/ld+json\" class=\"yoast-schema-graph\">{\"@context\":\"https:\\\/\\\/schema.org\",\"@graph\":[{\"@type\":\"Article\",\"@id\":\"https:\\\/\\\/wp.kristdemokraterna.se\\\/ljungby\\\/varfor-anser-s-att-valfrihet-ar-fult\\\/#article\",\"isPartOf\":{\"@id\":\"https:\\\/\\\/wp.kristdemokraterna.se\\\/ljungby\\\/varfor-anser-s-att-valfrihet-ar-fult\\\/\"},\"author\":{\"name\":\"ljungby\",\"@id\":\"https:\\\/\\\/wp.kristdemokraterna.se\\\/ljungby\\\/#\\\/schema\\\/person\\\/ada662c5d4d309d880402ec01bfa9fc3\"},\"headline\":\"Varf\u00f6r anser (S) att valfrihet \u00e4r fult?\",\"datePublished\":\"2011-05-26T20:21:09+00:00\",\"mainEntityOfPage\":{\"@id\":\"https:\\\/\\\/wp.kristdemokraterna.se\\\/ljungby\\\/varfor-anser-s-att-valfrihet-ar-fult\\\/\"},\"wordCount\":166,\"commentCount\":0,\"articleSection\":[\"Debattinl\u00e4gg\"],\"inLanguage\":\"sv-SE\"},{\"@type\":\"WebPage\",\"@id\":\"https:\\\/\\\/wp.kristdemokraterna.se\\\/ljungby\\\/varfor-anser-s-att-valfrihet-ar-fult\\\/\",\"url\":\"https:\\\/\\\/wp.kristdemokraterna.se\\\/ljungby\\\/varfor-anser-s-att-valfrihet-ar-fult\\\/\",\"name\":\"Varf\u00f6r anser (S) att valfrihet \u00e4r fult? - Kristdemokraterna Ljungby\",\"isPartOf\":{\"@id\":\"https:\\\/\\\/wp.kristdemokraterna.se\\\/ljungby\\\/#website\"},\"datePublished\":\"2011-05-26T20:21:09+00:00\",\"author\":{\"@id\":\"https:\\\/\\\/wp.kristdemokraterna.se\\\/ljungby\\\/#\\\/schema\\\/person\\\/ada662c5d4d309d880402ec01bfa9fc3\"},\"breadcrumb\":{\"@id\":\"https:\\\/\\\/wp.kristdemokraterna.se\\\/ljungby\\\/varfor-anser-s-att-valfrihet-ar-fult\\\/#breadcrumb\"},\"inLanguage\":\"sv-SE\",\"potentialAction\":[{\"@type\":\"ReadAction\",\"target\":[\"https:\\\/\\\/wp.kristdemokraterna.se\\\/ljungby\\\/varfor-anser-s-att-valfrihet-ar-fult\\\/\"]}]},{\"@type\":\"BreadcrumbList\",\"@id\":\"https:\\\/\\\/wp.kristdemokraterna.se\\\/ljungby\\\/varfor-anser-s-att-valfrihet-ar-fult\\\/#breadcrumb\",\"itemListElement\":[{\"@type\":\"ListItem\",\"position\":1,\"name\":\"Hem\",\"item\":\"https:\\\/\\\/wp.kristdemokraterna.se\\\/ljungby\\\/\"},{\"@type\":\"ListItem\",\"position\":2,\"name\":\"Varf\u00f6r anser (S) att valfrihet \u00e4r fult?\"}]},{\"@type\":\"WebSite\",\"@id\":\"https:\\\/\\\/wp.kristdemokraterna.se\\\/ljungby\\\/#website\",\"url\":\"https:\\\/\\\/wp.kristdemokraterna.se\\\/ljungby\\\/\",\"name\":\"Kristdemokraterna Ljungby\",\"description\":\"\",\"inLanguage\":\"sv-SE\"},{\"@type\":\"Person\",\"@id\":\"https:\\\/\\\/wp.kristdemokraterna.se\\\/ljungby\\\/#\\\/schema\\\/person\\\/ada662c5d4d309d880402ec01bfa9fc3\",\"name\":\"ljungby\",\"image\":{\"@type\":\"ImageObject\",\"inLanguage\":\"sv-SE\",\"@id\":\"https:\\\/\\\/secure.gravatar.com\\\/avatar\\\/c094a9577724be90ddee7ea9cac26c1171055fef8cdee8b46ee0cfed89509ab1?s=96&r=g\",\"url\":\"https:\\\/\\\/secure.gravatar.com\\\/avatar\\\/c094a9577724be90ddee7ea9cac26c1171055fef8cdee8b46ee0cfed89509ab1?s=96&r=g\",\"contentUrl\":\"https:\\\/\\\/secure.gravatar.com\\\/avatar\\\/c094a9577724be90ddee7ea9cac26c1171055fef8cdee8b46ee0cfed89509ab1?s=96&r=g\",\"caption\":\"ljungby\"},\"url\":\"https:\\\/\\\/wp.kristdemokraterna.se\\\/ljungby\\\/author\\\/ljungby\\\/\"}]}<\/script>\n<!-- \/ Yoast SEO plugin. -->","yoast_head_json":{"title":"Varf\u00f6r anser (S) att valfrihet \u00e4r fult? - Kristdemokraterna Ljungby","robots":{"index":"index","follow":"follow","max-snippet":"max-snippet:-1","max-image-preview":"max-image-preview:large","max-video-preview":"max-video-preview:-1"},"canonical":"https:\/\/wp.kristdemokraterna.se\/ljungby\/varfor-anser-s-att-valfrihet-ar-fult\/","og_locale":"sv_SE","og_type":"article","og_title":"Varf\u00f6r anser (S) att valfrihet \u00e4r fult? - Kristdemokraterna Ljungby","og_description":"Varf\u00f6r \u00e4r valfrihet fult? \u00c4n en g\u00e5ng har fr\u00e5gan om upphandling av \u00e4ldreomsorgen i Ljungby enligt LOV (Lagen om Valfrihet) g\u00e5tt p\u00e5 \u00e5terremiss. Denna g\u00e5ng p.g.a. Socialdemokraterna.Vi i KD driver fr\u00e5gan om att du som v\u00e5rdtagare b\u00f6r vara ber\u00e4ttigad att sj\u00e4lv v\u00e4lja vem som skall v\u00e5rda dig \u00e4ven i de sista \u00e5ren i livet. Att Read More","og_url":"https:\/\/wp.kristdemokraterna.se\/ljungby\/varfor-anser-s-att-valfrihet-ar-fult\/","og_site_name":"Kristdemokraterna Ljungby","article_published_time":"2011-05-26T20:21:09+00:00","author":"ljungby","twitter_card":"summary_large_image","twitter_misc":{"Skriven av":"ljungby","Ber\u00e4knad l\u00e4stid":"1 minut"},"schema":{"@context":"https:\/\/schema.org","@graph":[{"@type":"Article","@id":"https:\/\/wp.kristdemokraterna.se\/ljungby\/varfor-anser-s-att-valfrihet-ar-fult\/#article","isPartOf":{"@id":"https:\/\/wp.kristdemokraterna.se\/ljungby\/varfor-anser-s-att-valfrihet-ar-fult\/"},"author":{"name":"ljungby","@id":"https:\/\/wp.kristdemokraterna.se\/ljungby\/#\/schema\/person\/ada662c5d4d309d880402ec01bfa9fc3"},"headline":"Varf\u00f6r anser (S) att valfrihet \u00e4r fult?","datePublished":"2011-05-26T20:21:09+00:00","mainEntityOfPage":{"@id":"https:\/\/wp.kristdemokraterna.se\/ljungby\/varfor-anser-s-att-valfrihet-ar-fult\/"},"wordCount":166,"commentCount":0,"articleSection":["Debattinl\u00e4gg"],"inLanguage":"sv-SE"},{"@type":"WebPage","@id":"https:\/\/wp.kristdemokraterna.se\/ljungby\/varfor-anser-s-att-valfrihet-ar-fult\/","url":"https:\/\/wp.kristdemokraterna.se\/ljungby\/varfor-anser-s-att-valfrihet-ar-fult\/","name":"Varf\u00f6r anser (S) att valfrihet \u00e4r fult? - Kristdemokraterna Ljungby","isPartOf":{"@id":"https:\/\/wp.kristdemokraterna.se\/ljungby\/#website"},"datePublished":"2011-05-26T20:21:09+00:00","author":{"@id":"https:\/\/wp.kristdemokraterna.se\/ljungby\/#\/schema\/person\/ada662c5d4d309d880402ec01bfa9fc3"},"breadcrumb":{"@id":"https:\/\/wp.kristdemokraterna.se\/ljungby\/varfor-anser-s-att-valfrihet-ar-fult\/#breadcrumb"},"inLanguage":"sv-SE","potentialAction":[{"@type":"ReadAction","target":["https:\/\/wp.kristdemokraterna.se\/ljungby\/varfor-anser-s-att-valfrihet-ar-fult\/"]}]},{"@type":"BreadcrumbList","@id":"https:\/\/wp.kristdemokraterna.se\/ljungby\/varfor-anser-s-att-valfrihet-ar-fult\/#breadcrumb","itemListElement":[{"@type":"ListItem","position":1,"name":"Hem","item":"https:\/\/wp.kristdemokraterna.se\/ljungby\/"},{"@type":"ListItem","position":2,"name":"Varf\u00f6r anser (S) att valfrihet \u00e4r fult?"}]},{"@type":"WebSite","@id":"https:\/\/wp.kristdemokraterna.se\/ljungby\/#website","url":"https:\/\/wp.kristdemokraterna.se\/ljungby\/","name":"Kristdemokraterna Ljungby","description":"","inLanguage":"sv-SE"},{"@type":"Person","@id":"https:\/\/wp.kristdemokraterna.se\/ljungby\/#\/schema\/person\/ada662c5d4d309d880402ec01bfa9fc3","name":"ljungby","image":{"@type":"ImageObject","inLanguage":"sv-SE","@id":"https:\/\/secure.gravatar.com\/avatar\/c094a9577724be90ddee7ea9cac26c1171055fef8cdee8b46ee0cfed89509ab1?s=96&r=g","url":"https:\/\/secure.gravatar.com\/avatar\/c094a9577724be90ddee7ea9cac26c1171055fef8cdee8b46ee0cfed89509ab1?s=96&r=g","contentUrl":"https:\/\/secure.gravatar.com\/avatar\/c094a9577724be90ddee7ea9cac26c1171055fef8cdee8b46ee0cfed89509ab1?s=96&r=g","caption":"ljungby"},"url":"https:\/\/wp.kristdemokraterna.se\/ljungby\/author\/ljungby\/"}]}},"_links":{"self":[{"href":"https:\/\/wp.kristdemokraterna.se\/ljungby\/wp-json\/wp\/v2\/posts\/161","targetHints":{"allow":["GET"]}}],"collection":[{"href":"https:\/\/wp.kristdemokraterna.se\/ljungby\/wp-json\/wp\/v2\/posts"}],"about":[{"href":"https:\/\/wp.kristdemokraterna.se\/ljungby\/wp-json\/wp\/v2\/types\/post"}],"author":[{"embeddable":true,"href":"https:\/\/wp.kristdemokraterna.se\/ljungby\/wp-json\/wp\/v2\/users\/434"}],"replies":[{"embeddable":true,"href":"https:\/\/wp.kristdemokraterna.se\/ljungby\/wp-json\/wp\/v2\/comments?post=161"}],"version-history":[{"count":0,"href":"https:\/\/wp.kristdemokraterna.se\/ljungby\/wp-json\/wp\/v2\/posts\/161\/revisions"}],"wp:attachment":[{"href":"https:\/\/wp.kristdemokraterna.se\/ljungby\/wp-json\/wp\/v2\/media?parent=161"}],"wp:term":[{"taxonomy":"category","embeddable":true,"href":"https:\/\/wp.kristdemokraterna.se\/ljungby\/wp-json\/wp\/v2\/categories?post=161"},{"taxonomy":"post_tag","embeddable":true,"href":"https:\/\/wp.kristdemokraterna.se\/ljungby\/wp-json\/wp\/v2\/tags?post=161"}],"curies":[{"name":"wp","href":"https:\/\/api.w.org\/{rel}","templated":true}]}}