{"id":162,"date":"2011-06-01T21:21:51","date_gmt":"2011-06-01T20:21:51","guid":{"rendered":"http:\/\/kdljungby.wordpress.com\/?p=30"},"modified":"2011-06-01T21:21:51","modified_gmt":"2011-06-01T20:21:51","slug":"christer-henriksson-ny-ordforande-i-ljungby-energi","status":"publish","type":"post","link":"https:\/\/wp.kristdemokraterna.se\/ljungby\/christer-henriksson-ny-ordforande-i-ljungby-energi\/","title":{"rendered":"Christer Henriksson ny ordf\u00f6rande i Ljungby Energi"},"content":{"rendered":"<p>Idag hade bolagstyrelsen f\u00f6r det kommun\u00e4gda Aktiebolaget Ljungby Energi AB ett konstituerande m\u00f6te f\u00f6r den nya styrelsen. Christer Henriksson (KD) \u00e4r den som har ordf\u00f6randeposten i bolaget fr\u00e5n och med nu. Vi har \u00e4ven en ers\u00e4ttare i bolagsstyrelsen fr\u00e5n KD i form av Josef Tingbratt.<\/p>\n<p>Vi \u00f6nskar Christer lycka till i sin nya roll!<\/p>\n","protected":false},"excerpt":{"rendered":"<p>Idag hade bolagstyrelsen f\u00f6r det kommun\u00e4gda Aktiebolaget Ljungby Energi AB ett konstituerande m\u00f6te f\u00f6r den nya styrelsen. Christer Henriksson (KD) \u00e4r den som har ordf\u00f6randeposten i bolaget fr\u00e5n och med nu. Vi har \u00e4ven en ers\u00e4ttare i bolagsstyrelsen fr\u00e5n KD i form av Josef Tingbratt. Vi \u00f6nskar Christer lycka till i sin nya roll!<\/p>\n","protected":false},"author":434,"featured_media":0,"comment_status":"open","ping_status":"open","sticky":false,"template":"","format":"standard","meta":{"_acf_changed":false,"footnotes":""},"categories":[5,6],"tags":[],"class_list":["post-162","post","type-post","status-publish","format-standard","hentry","category-information","category-nyheter"],"acf":[],"yoast_head":"<!-- This site is optimized with the Yoast SEO plugin v27.4 - https:\/\/yoast.com\/product\/yoast-seo-wordpress\/ -->\n<title>Christer Henriksson ny ordf\u00f6rande i Ljungby Energi - Kristdemokraterna Ljungby<\/title>\n<meta name=\"robots\" content=\"index, follow, max-snippet:-1, max-image-preview:large, max-video-preview:-1\" \/>\n<link rel=\"canonical\" href=\"https:\/\/wp.kristdemokraterna.se\/ljungby\/christer-henriksson-ny-ordforande-i-ljungby-energi\/\" \/>\n<meta property=\"og:locale\" content=\"sv_SE\" \/>\n<meta property=\"og:type\" content=\"article\" \/>\n<meta property=\"og:title\" content=\"Christer Henriksson ny ordf\u00f6rande i Ljungby Energi - Kristdemokraterna Ljungby\" \/>\n<meta property=\"og:description\" content=\"Idag hade bolagstyrelsen f\u00f6r det kommun\u00e4gda Aktiebolaget Ljungby Energi AB ett konstituerande m\u00f6te f\u00f6r den nya styrelsen. Christer Henriksson (KD) \u00e4r den som har ordf\u00f6randeposten i bolaget fr\u00e5n och med nu. Vi har \u00e4ven en ers\u00e4ttare i bolagsstyrelsen fr\u00e5n KD i form av Josef Tingbratt. Vi \u00f6nskar Christer lycka till i sin nya roll!\" \/>\n<meta property=\"og:url\" content=\"https:\/\/wp.kristdemokraterna.se\/ljungby\/christer-henriksson-ny-ordforande-i-ljungby-energi\/\" \/>\n<meta property=\"og:site_name\" content=\"Kristdemokraterna Ljungby\" \/>\n<meta property=\"article:published_time\" content=\"2011-06-01T20:21:51+00:00\" \/>\n<meta name=\"author\" content=\"ljungby\" \/>\n<meta name=\"twitter:card\" content=\"summary_large_image\" \/>\n<meta name=\"twitter:label1\" content=\"Skriven av\" \/>\n\t<meta name=\"twitter:data1\" content=\"ljungby\" \/>\n<script type=\"application\/ld+json\" class=\"yoast-schema-graph\">{\"@context\":\"https:\\\/\\\/schema.org\",\"@graph\":[{\"@type\":\"Article\",\"@id\":\"https:\\\/\\\/wp.kristdemokraterna.se\\\/ljungby\\\/christer-henriksson-ny-ordforande-i-ljungby-energi\\\/#article\",\"isPartOf\":{\"@id\":\"https:\\\/\\\/wp.kristdemokraterna.se\\\/ljungby\\\/christer-henriksson-ny-ordforande-i-ljungby-energi\\\/\"},\"author\":{\"name\":\"ljungby\",\"@id\":\"https:\\\/\\\/wp.kristdemokraterna.se\\\/ljungby\\\/#\\\/schema\\\/person\\\/ada662c5d4d309d880402ec01bfa9fc3\"},\"headline\":\"Christer Henriksson ny ordf\u00f6rande i Ljungby Energi\",\"datePublished\":\"2011-06-01T20:21:51+00:00\",\"mainEntityOfPage\":{\"@id\":\"https:\\\/\\\/wp.kristdemokraterna.se\\\/ljungby\\\/christer-henriksson-ny-ordforande-i-ljungby-energi\\\/\"},\"wordCount\":70,\"commentCount\":0,\"articleSection\":[\"Information\",\"Nyheter\"],\"inLanguage\":\"sv-SE\"},{\"@type\":\"WebPage\",\"@id\":\"https:\\\/\\\/wp.kristdemokraterna.se\\\/ljungby\\\/christer-henriksson-ny-ordforande-i-ljungby-energi\\\/\",\"url\":\"https:\\\/\\\/wp.kristdemokraterna.se\\\/ljungby\\\/christer-henriksson-ny-ordforande-i-ljungby-energi\\\/\",\"name\":\"Christer Henriksson ny ordf\u00f6rande i Ljungby Energi - Kristdemokraterna Ljungby\",\"isPartOf\":{\"@id\":\"https:\\\/\\\/wp.kristdemokraterna.se\\\/ljungby\\\/#website\"},\"datePublished\":\"2011-06-01T20:21:51+00:00\",\"author\":{\"@id\":\"https:\\\/\\\/wp.kristdemokraterna.se\\\/ljungby\\\/#\\\/schema\\\/person\\\/ada662c5d4d309d880402ec01bfa9fc3\"},\"breadcrumb\":{\"@id\":\"https:\\\/\\\/wp.kristdemokraterna.se\\\/ljungby\\\/christer-henriksson-ny-ordforande-i-ljungby-energi\\\/#breadcrumb\"},\"inLanguage\":\"sv-SE\",\"potentialAction\":[{\"@type\":\"ReadAction\",\"target\":[\"https:\\\/\\\/wp.kristdemokraterna.se\\\/ljungby\\\/christer-henriksson-ny-ordforande-i-ljungby-energi\\\/\"]}]},{\"@type\":\"BreadcrumbList\",\"@id\":\"https:\\\/\\\/wp.kristdemokraterna.se\\\/ljungby\\\/christer-henriksson-ny-ordforande-i-ljungby-energi\\\/#breadcrumb\",\"itemListElement\":[{\"@type\":\"ListItem\",\"position\":1,\"name\":\"Hem\",\"item\":\"https:\\\/\\\/wp.kristdemokraterna.se\\\/ljungby\\\/\"},{\"@type\":\"ListItem\",\"position\":2,\"name\":\"Christer Henriksson ny ordf\u00f6rande i Ljungby Energi\"}]},{\"@type\":\"WebSite\",\"@id\":\"https:\\\/\\\/wp.kristdemokraterna.se\\\/ljungby\\\/#website\",\"url\":\"https:\\\/\\\/wp.kristdemokraterna.se\\\/ljungby\\\/\",\"name\":\"Kristdemokraterna Ljungby\",\"description\":\"\",\"inLanguage\":\"sv-SE\"},{\"@type\":\"Person\",\"@id\":\"https:\\\/\\\/wp.kristdemokraterna.se\\\/ljungby\\\/#\\\/schema\\\/person\\\/ada662c5d4d309d880402ec01bfa9fc3\",\"name\":\"ljungby\",\"image\":{\"@type\":\"ImageObject\",\"inLanguage\":\"sv-SE\",\"@id\":\"https:\\\/\\\/secure.gravatar.com\\\/avatar\\\/c094a9577724be90ddee7ea9cac26c1171055fef8cdee8b46ee0cfed89509ab1?s=96&r=g\",\"url\":\"https:\\\/\\\/secure.gravatar.com\\\/avatar\\\/c094a9577724be90ddee7ea9cac26c1171055fef8cdee8b46ee0cfed89509ab1?s=96&r=g\",\"contentUrl\":\"https:\\\/\\\/secure.gravatar.com\\\/avatar\\\/c094a9577724be90ddee7ea9cac26c1171055fef8cdee8b46ee0cfed89509ab1?s=96&r=g\",\"caption\":\"ljungby\"},\"url\":\"https:\\\/\\\/wp.kristdemokraterna.se\\\/ljungby\\\/author\\\/ljungby\\\/\"}]}<\/script>\n<!-- \/ Yoast SEO plugin. -->","yoast_head_json":{"title":"Christer Henriksson ny ordf\u00f6rande i Ljungby Energi - Kristdemokraterna Ljungby","robots":{"index":"index","follow":"follow","max-snippet":"max-snippet:-1","max-image-preview":"max-image-preview:large","max-video-preview":"max-video-preview:-1"},"canonical":"https:\/\/wp.kristdemokraterna.se\/ljungby\/christer-henriksson-ny-ordforande-i-ljungby-energi\/","og_locale":"sv_SE","og_type":"article","og_title":"Christer Henriksson ny ordf\u00f6rande i Ljungby Energi - Kristdemokraterna Ljungby","og_description":"Idag hade bolagstyrelsen f\u00f6r det kommun\u00e4gda Aktiebolaget Ljungby Energi AB ett konstituerande m\u00f6te f\u00f6r den nya styrelsen. Christer Henriksson (KD) \u00e4r den som har ordf\u00f6randeposten i bolaget fr\u00e5n och med nu. Vi har \u00e4ven en ers\u00e4ttare i bolagsstyrelsen fr\u00e5n KD i form av Josef Tingbratt. Vi \u00f6nskar Christer lycka till i sin nya roll!","og_url":"https:\/\/wp.kristdemokraterna.se\/ljungby\/christer-henriksson-ny-ordforande-i-ljungby-energi\/","og_site_name":"Kristdemokraterna Ljungby","article_published_time":"2011-06-01T20:21:51+00:00","author":"ljungby","twitter_card":"summary_large_image","twitter_misc":{"Skriven av":"ljungby"},"schema":{"@context":"https:\/\/schema.org","@graph":[{"@type":"Article","@id":"https:\/\/wp.kristdemokraterna.se\/ljungby\/christer-henriksson-ny-ordforande-i-ljungby-energi\/#article","isPartOf":{"@id":"https:\/\/wp.kristdemokraterna.se\/ljungby\/christer-henriksson-ny-ordforande-i-ljungby-energi\/"},"author":{"name":"ljungby","@id":"https:\/\/wp.kristdemokraterna.se\/ljungby\/#\/schema\/person\/ada662c5d4d309d880402ec01bfa9fc3"},"headline":"Christer Henriksson ny ordf\u00f6rande i Ljungby Energi","datePublished":"2011-06-01T20:21:51+00:00","mainEntityOfPage":{"@id":"https:\/\/wp.kristdemokraterna.se\/ljungby\/christer-henriksson-ny-ordforande-i-ljungby-energi\/"},"wordCount":70,"commentCount":0,"articleSection":["Information","Nyheter"],"inLanguage":"sv-SE"},{"@type":"WebPage","@id":"https:\/\/wp.kristdemokraterna.se\/ljungby\/christer-henriksson-ny-ordforande-i-ljungby-energi\/","url":"https:\/\/wp.kristdemokraterna.se\/ljungby\/christer-henriksson-ny-ordforande-i-ljungby-energi\/","name":"Christer Henriksson ny ordf\u00f6rande i Ljungby Energi - Kristdemokraterna Ljungby","isPartOf":{"@id":"https:\/\/wp.kristdemokraterna.se\/ljungby\/#website"},"datePublished":"2011-06-01T20:21:51+00:00","author":{"@id":"https:\/\/wp.kristdemokraterna.se\/ljungby\/#\/schema\/person\/ada662c5d4d309d880402ec01bfa9fc3"},"breadcrumb":{"@id":"https:\/\/wp.kristdemokraterna.se\/ljungby\/christer-henriksson-ny-ordforande-i-ljungby-energi\/#breadcrumb"},"inLanguage":"sv-SE","potentialAction":[{"@type":"ReadAction","target":["https:\/\/wp.kristdemokraterna.se\/ljungby\/christer-henriksson-ny-ordforande-i-ljungby-energi\/"]}]},{"@type":"BreadcrumbList","@id":"https:\/\/wp.kristdemokraterna.se\/ljungby\/christer-henriksson-ny-ordforande-i-ljungby-energi\/#breadcrumb","itemListElement":[{"@type":"ListItem","position":1,"name":"Hem","item":"https:\/\/wp.kristdemokraterna.se\/ljungby\/"},{"@type":"ListItem","position":2,"name":"Christer Henriksson ny ordf\u00f6rande i Ljungby Energi"}]},{"@type":"WebSite","@id":"https:\/\/wp.kristdemokraterna.se\/ljungby\/#website","url":"https:\/\/wp.kristdemokraterna.se\/ljungby\/","name":"Kristdemokraterna Ljungby","description":"","inLanguage":"sv-SE"},{"@type":"Person","@id":"https:\/\/wp.kristdemokraterna.se\/ljungby\/#\/schema\/person\/ada662c5d4d309d880402ec01bfa9fc3","name":"ljungby","image":{"@type":"ImageObject","inLanguage":"sv-SE","@id":"https:\/\/secure.gravatar.com\/avatar\/c094a9577724be90ddee7ea9cac26c1171055fef8cdee8b46ee0cfed89509ab1?s=96&r=g","url":"https:\/\/secure.gravatar.com\/avatar\/c094a9577724be90ddee7ea9cac26c1171055fef8cdee8b46ee0cfed89509ab1?s=96&r=g","contentUrl":"https:\/\/secure.gravatar.com\/avatar\/c094a9577724be90ddee7ea9cac26c1171055fef8cdee8b46ee0cfed89509ab1?s=96&r=g","caption":"ljungby"},"url":"https:\/\/wp.kristdemokraterna.se\/ljungby\/author\/ljungby\/"}]}},"_links":{"self":[{"href":"https:\/\/wp.kristdemokraterna.se\/ljungby\/wp-json\/wp\/v2\/posts\/162","targetHints":{"allow":["GET"]}}],"collection":[{"href":"https:\/\/wp.kristdemokraterna.se\/ljungby\/wp-json\/wp\/v2\/posts"}],"about":[{"href":"https:\/\/wp.kristdemokraterna.se\/ljungby\/wp-json\/wp\/v2\/types\/post"}],"author":[{"embeddable":true,"href":"https:\/\/wp.kristdemokraterna.se\/ljungby\/wp-json\/wp\/v2\/users\/434"}],"replies":[{"embeddable":true,"href":"https:\/\/wp.kristdemokraterna.se\/ljungby\/wp-json\/wp\/v2\/comments?post=162"}],"version-history":[{"count":0,"href":"https:\/\/wp.kristdemokraterna.se\/ljungby\/wp-json\/wp\/v2\/posts\/162\/revisions"}],"wp:attachment":[{"href":"https:\/\/wp.kristdemokraterna.se\/ljungby\/wp-json\/wp\/v2\/media?parent=162"}],"wp:term":[{"taxonomy":"category","embeddable":true,"href":"https:\/\/wp.kristdemokraterna.se\/ljungby\/wp-json\/wp\/v2\/categories?post=162"},{"taxonomy":"post_tag","embeddable":true,"href":"https:\/\/wp.kristdemokraterna.se\/ljungby\/wp-json\/wp\/v2\/tags?post=162"}],"curies":[{"name":"wp","href":"https:\/\/api.w.org\/{rel}","templated":true}]}}