{"id":176,"date":"2012-02-27T21:47:41","date_gmt":"2012-02-27T20:47:41","guid":{"rendered":"https:\/\/kdljungby.wordpress.com\/?p=113"},"modified":"2018-03-27T09:12:35","modified_gmt":"2018-03-27T07:12:35","slug":"kristdemokraternas-nya-gruppledare-till-ljungby-pa-lordag","status":"publish","type":"post","link":"https:\/\/wp.kristdemokraterna.se\/ljungby\/kristdemokraternas-nya-gruppledare-till-ljungby-pa-lordag\/","title":{"rendered":"Kristdemokraternas nya gruppledare till Ljungby p\u00e5 l\u00f6rdag"},"content":{"rendered":"<p>Som vi n\u00e4mnt tidigare kommer Emma Henriksson till v\u00e5rt \u00e5rsm\u00f6te p\u00e5 l\u00f6rdagen den 3 mars. Nytt \u00e4r dock att Emma sedan f\u00f6rra veckan \u00e4r gruppledare f\u00f6r Kristdemokraterna i riksdagen sedan Mats Odell avsagt sig detta uppdrag.<\/p>\n<p>S\u00e5 missa inte att koma p\u00e5 \u00e5rsm\u00f6tet och f\u00e5 h\u00f6ra Emma som \u00e4ven \u00e4r den som leder arbetet med Kristdemokraternas familjepolitik samt sitter i socialf\u00f6rs\u00e4kringsutskottet.<\/p>\n<p>Varmt v\u00e4lkomna p\u00e5 l\u00f6rdag kl 15.00!<\/p>\n","protected":false},"excerpt":{"rendered":"<p>Som vi n\u00e4mnt tidigare kommer Emma Henriksson till v\u00e5rt \u00e5rsm\u00f6te p\u00e5 l\u00f6rdagen den 3 mars. Nytt \u00e4r dock att Emma sedan f\u00f6rra veckan \u00e4r gruppledare f\u00f6r Kristdemokraterna i riksdagen sedan Mats Odell avsagt sig detta uppdrag. S\u00e5 missa inte att koma p\u00e5 \u00e5rsm\u00f6tet och f\u00e5 h\u00f6ra Emma som \u00e4ven \u00e4r den som leder arbetet med <a class=\"read-more-link\" href=\"https:\/\/wp.kristdemokraterna.se\/ljungby\/kristdemokraternas-nya-gruppledare-till-ljungby-pa-lordag\/\">Read More<\/a><\/p>\n","protected":false},"author":434,"featured_media":0,"comment_status":"closed","ping_status":"closed","sticky":false,"template":"","format":"standard","meta":{"_acf_changed":false,"footnotes":""},"categories":[5,6],"tags":[],"class_list":["post-176","post","type-post","status-publish","format-standard","hentry","category-information","category-nyheter"],"acf":[],"yoast_head":"<!-- This site is optimized with the Yoast SEO plugin v27.5 - https:\/\/yoast.com\/product\/yoast-seo-wordpress\/ -->\n<title>Kristdemokraternas nya gruppledare till Ljungby p\u00e5 l\u00f6rdag - Kristdemokraterna Ljungby<\/title>\n<meta name=\"robots\" content=\"index, follow, max-snippet:-1, max-image-preview:large, max-video-preview:-1\" \/>\n<link rel=\"canonical\" href=\"https:\/\/wp.kristdemokraterna.se\/ljungby\/kristdemokraternas-nya-gruppledare-till-ljungby-pa-lordag\/\" \/>\n<meta property=\"og:locale\" content=\"sv_SE\" \/>\n<meta property=\"og:type\" content=\"article\" \/>\n<meta property=\"og:title\" content=\"Kristdemokraternas nya gruppledare till Ljungby p\u00e5 l\u00f6rdag - Kristdemokraterna Ljungby\" \/>\n<meta property=\"og:description\" content=\"Som vi n\u00e4mnt tidigare kommer Emma Henriksson till v\u00e5rt \u00e5rsm\u00f6te p\u00e5 l\u00f6rdagen den 3 mars. Nytt \u00e4r dock att Emma sedan f\u00f6rra veckan \u00e4r gruppledare f\u00f6r Kristdemokraterna i riksdagen sedan Mats Odell avsagt sig detta uppdrag. S\u00e5 missa inte att koma p\u00e5 \u00e5rsm\u00f6tet och f\u00e5 h\u00f6ra Emma som \u00e4ven \u00e4r den som leder arbetet med Read More\" \/>\n<meta property=\"og:url\" content=\"https:\/\/wp.kristdemokraterna.se\/ljungby\/kristdemokraternas-nya-gruppledare-till-ljungby-pa-lordag\/\" \/>\n<meta property=\"og:site_name\" content=\"Kristdemokraterna Ljungby\" \/>\n<meta property=\"article:published_time\" content=\"2012-02-27T20:47:41+00:00\" \/>\n<meta property=\"article:modified_time\" content=\"2018-03-27T07:12:35+00:00\" \/>\n<meta name=\"author\" content=\"ljungby\" \/>\n<meta name=\"twitter:card\" content=\"summary_large_image\" \/>\n<meta name=\"twitter:label1\" content=\"Skriven av\" \/>\n\t<meta name=\"twitter:data1\" content=\"ljungby\" \/>\n<script type=\"application\/ld+json\" class=\"yoast-schema-graph\">{\"@context\":\"https:\\\/\\\/schema.org\",\"@graph\":[{\"@type\":\"Article\",\"@id\":\"https:\\\/\\\/wp.kristdemokraterna.se\\\/ljungby\\\/kristdemokraternas-nya-gruppledare-till-ljungby-pa-lordag\\\/#article\",\"isPartOf\":{\"@id\":\"https:\\\/\\\/wp.kristdemokraterna.se\\\/ljungby\\\/kristdemokraternas-nya-gruppledare-till-ljungby-pa-lordag\\\/\"},\"author\":{\"name\":\"ljungby\",\"@id\":\"https:\\\/\\\/wp.kristdemokraterna.se\\\/ljungby\\\/#\\\/schema\\\/person\\\/ada662c5d4d309d880402ec01bfa9fc3\"},\"headline\":\"Kristdemokraternas nya gruppledare till Ljungby p\u00e5 l\u00f6rdag\",\"datePublished\":\"2012-02-27T20:47:41+00:00\",\"dateModified\":\"2018-03-27T07:12:35+00:00\",\"mainEntityOfPage\":{\"@id\":\"https:\\\/\\\/wp.kristdemokraterna.se\\\/ljungby\\\/kristdemokraternas-nya-gruppledare-till-ljungby-pa-lordag\\\/\"},\"wordCount\":85,\"articleSection\":[\"Information\",\"Nyheter\"],\"inLanguage\":\"sv-SE\"},{\"@type\":\"WebPage\",\"@id\":\"https:\\\/\\\/wp.kristdemokraterna.se\\\/ljungby\\\/kristdemokraternas-nya-gruppledare-till-ljungby-pa-lordag\\\/\",\"url\":\"https:\\\/\\\/wp.kristdemokraterna.se\\\/ljungby\\\/kristdemokraternas-nya-gruppledare-till-ljungby-pa-lordag\\\/\",\"name\":\"Kristdemokraternas nya gruppledare till Ljungby p\u00e5 l\u00f6rdag - Kristdemokraterna Ljungby\",\"isPartOf\":{\"@id\":\"https:\\\/\\\/wp.kristdemokraterna.se\\\/ljungby\\\/#website\"},\"datePublished\":\"2012-02-27T20:47:41+00:00\",\"dateModified\":\"2018-03-27T07:12:35+00:00\",\"author\":{\"@id\":\"https:\\\/\\\/wp.kristdemokraterna.se\\\/ljungby\\\/#\\\/schema\\\/person\\\/ada662c5d4d309d880402ec01bfa9fc3\"},\"breadcrumb\":{\"@id\":\"https:\\\/\\\/wp.kristdemokraterna.se\\\/ljungby\\\/kristdemokraternas-nya-gruppledare-till-ljungby-pa-lordag\\\/#breadcrumb\"},\"inLanguage\":\"sv-SE\",\"potentialAction\":[{\"@type\":\"ReadAction\",\"target\":[\"https:\\\/\\\/wp.kristdemokraterna.se\\\/ljungby\\\/kristdemokraternas-nya-gruppledare-till-ljungby-pa-lordag\\\/\"]}]},{\"@type\":\"BreadcrumbList\",\"@id\":\"https:\\\/\\\/wp.kristdemokraterna.se\\\/ljungby\\\/kristdemokraternas-nya-gruppledare-till-ljungby-pa-lordag\\\/#breadcrumb\",\"itemListElement\":[{\"@type\":\"ListItem\",\"position\":1,\"name\":\"Hem\",\"item\":\"https:\\\/\\\/wp.kristdemokraterna.se\\\/ljungby\\\/\"},{\"@type\":\"ListItem\",\"position\":2,\"name\":\"Kristdemokraternas nya gruppledare till Ljungby p\u00e5 l\u00f6rdag\"}]},{\"@type\":\"WebSite\",\"@id\":\"https:\\\/\\\/wp.kristdemokraterna.se\\\/ljungby\\\/#website\",\"url\":\"https:\\\/\\\/wp.kristdemokraterna.se\\\/ljungby\\\/\",\"name\":\"Kristdemokraterna Ljungby\",\"description\":\"\",\"inLanguage\":\"sv-SE\"},{\"@type\":\"Person\",\"@id\":\"https:\\\/\\\/wp.kristdemokraterna.se\\\/ljungby\\\/#\\\/schema\\\/person\\\/ada662c5d4d309d880402ec01bfa9fc3\",\"name\":\"ljungby\",\"image\":{\"@type\":\"ImageObject\",\"inLanguage\":\"sv-SE\",\"@id\":\"https:\\\/\\\/secure.gravatar.com\\\/avatar\\\/c094a9577724be90ddee7ea9cac26c1171055fef8cdee8b46ee0cfed89509ab1?s=96&r=g\",\"url\":\"https:\\\/\\\/secure.gravatar.com\\\/avatar\\\/c094a9577724be90ddee7ea9cac26c1171055fef8cdee8b46ee0cfed89509ab1?s=96&r=g\",\"contentUrl\":\"https:\\\/\\\/secure.gravatar.com\\\/avatar\\\/c094a9577724be90ddee7ea9cac26c1171055fef8cdee8b46ee0cfed89509ab1?s=96&r=g\",\"caption\":\"ljungby\"},\"url\":\"https:\\\/\\\/wp.kristdemokraterna.se\\\/ljungby\\\/author\\\/ljungby\\\/\"}]}<\/script>\n<!-- \/ Yoast SEO plugin. -->","yoast_head_json":{"title":"Kristdemokraternas nya gruppledare till Ljungby p\u00e5 l\u00f6rdag - Kristdemokraterna Ljungby","robots":{"index":"index","follow":"follow","max-snippet":"max-snippet:-1","max-image-preview":"max-image-preview:large","max-video-preview":"max-video-preview:-1"},"canonical":"https:\/\/wp.kristdemokraterna.se\/ljungby\/kristdemokraternas-nya-gruppledare-till-ljungby-pa-lordag\/","og_locale":"sv_SE","og_type":"article","og_title":"Kristdemokraternas nya gruppledare till Ljungby p\u00e5 l\u00f6rdag - Kristdemokraterna Ljungby","og_description":"Som vi n\u00e4mnt tidigare kommer Emma Henriksson till v\u00e5rt \u00e5rsm\u00f6te p\u00e5 l\u00f6rdagen den 3 mars. Nytt \u00e4r dock att Emma sedan f\u00f6rra veckan \u00e4r gruppledare f\u00f6r Kristdemokraterna i riksdagen sedan Mats Odell avsagt sig detta uppdrag. S\u00e5 missa inte att koma p\u00e5 \u00e5rsm\u00f6tet och f\u00e5 h\u00f6ra Emma som \u00e4ven \u00e4r den som leder arbetet med Read More","og_url":"https:\/\/wp.kristdemokraterna.se\/ljungby\/kristdemokraternas-nya-gruppledare-till-ljungby-pa-lordag\/","og_site_name":"Kristdemokraterna Ljungby","article_published_time":"2012-02-27T20:47:41+00:00","article_modified_time":"2018-03-27T07:12:35+00:00","author":"ljungby","twitter_card":"summary_large_image","twitter_misc":{"Skriven av":"ljungby"},"schema":{"@context":"https:\/\/schema.org","@graph":[{"@type":"Article","@id":"https:\/\/wp.kristdemokraterna.se\/ljungby\/kristdemokraternas-nya-gruppledare-till-ljungby-pa-lordag\/#article","isPartOf":{"@id":"https:\/\/wp.kristdemokraterna.se\/ljungby\/kristdemokraternas-nya-gruppledare-till-ljungby-pa-lordag\/"},"author":{"name":"ljungby","@id":"https:\/\/wp.kristdemokraterna.se\/ljungby\/#\/schema\/person\/ada662c5d4d309d880402ec01bfa9fc3"},"headline":"Kristdemokraternas nya gruppledare till Ljungby p\u00e5 l\u00f6rdag","datePublished":"2012-02-27T20:47:41+00:00","dateModified":"2018-03-27T07:12:35+00:00","mainEntityOfPage":{"@id":"https:\/\/wp.kristdemokraterna.se\/ljungby\/kristdemokraternas-nya-gruppledare-till-ljungby-pa-lordag\/"},"wordCount":85,"articleSection":["Information","Nyheter"],"inLanguage":"sv-SE"},{"@type":"WebPage","@id":"https:\/\/wp.kristdemokraterna.se\/ljungby\/kristdemokraternas-nya-gruppledare-till-ljungby-pa-lordag\/","url":"https:\/\/wp.kristdemokraterna.se\/ljungby\/kristdemokraternas-nya-gruppledare-till-ljungby-pa-lordag\/","name":"Kristdemokraternas nya gruppledare till Ljungby p\u00e5 l\u00f6rdag - Kristdemokraterna Ljungby","isPartOf":{"@id":"https:\/\/wp.kristdemokraterna.se\/ljungby\/#website"},"datePublished":"2012-02-27T20:47:41+00:00","dateModified":"2018-03-27T07:12:35+00:00","author":{"@id":"https:\/\/wp.kristdemokraterna.se\/ljungby\/#\/schema\/person\/ada662c5d4d309d880402ec01bfa9fc3"},"breadcrumb":{"@id":"https:\/\/wp.kristdemokraterna.se\/ljungby\/kristdemokraternas-nya-gruppledare-till-ljungby-pa-lordag\/#breadcrumb"},"inLanguage":"sv-SE","potentialAction":[{"@type":"ReadAction","target":["https:\/\/wp.kristdemokraterna.se\/ljungby\/kristdemokraternas-nya-gruppledare-till-ljungby-pa-lordag\/"]}]},{"@type":"BreadcrumbList","@id":"https:\/\/wp.kristdemokraterna.se\/ljungby\/kristdemokraternas-nya-gruppledare-till-ljungby-pa-lordag\/#breadcrumb","itemListElement":[{"@type":"ListItem","position":1,"name":"Hem","item":"https:\/\/wp.kristdemokraterna.se\/ljungby\/"},{"@type":"ListItem","position":2,"name":"Kristdemokraternas nya gruppledare till Ljungby p\u00e5 l\u00f6rdag"}]},{"@type":"WebSite","@id":"https:\/\/wp.kristdemokraterna.se\/ljungby\/#website","url":"https:\/\/wp.kristdemokraterna.se\/ljungby\/","name":"Kristdemokraterna Ljungby","description":"","inLanguage":"sv-SE"},{"@type":"Person","@id":"https:\/\/wp.kristdemokraterna.se\/ljungby\/#\/schema\/person\/ada662c5d4d309d880402ec01bfa9fc3","name":"ljungby","image":{"@type":"ImageObject","inLanguage":"sv-SE","@id":"https:\/\/secure.gravatar.com\/avatar\/c094a9577724be90ddee7ea9cac26c1171055fef8cdee8b46ee0cfed89509ab1?s=96&r=g","url":"https:\/\/secure.gravatar.com\/avatar\/c094a9577724be90ddee7ea9cac26c1171055fef8cdee8b46ee0cfed89509ab1?s=96&r=g","contentUrl":"https:\/\/secure.gravatar.com\/avatar\/c094a9577724be90ddee7ea9cac26c1171055fef8cdee8b46ee0cfed89509ab1?s=96&r=g","caption":"ljungby"},"url":"https:\/\/wp.kristdemokraterna.se\/ljungby\/author\/ljungby\/"}]}},"_links":{"self":[{"href":"https:\/\/wp.kristdemokraterna.se\/ljungby\/wp-json\/wp\/v2\/posts\/176","targetHints":{"allow":["GET"]}}],"collection":[{"href":"https:\/\/wp.kristdemokraterna.se\/ljungby\/wp-json\/wp\/v2\/posts"}],"about":[{"href":"https:\/\/wp.kristdemokraterna.se\/ljungby\/wp-json\/wp\/v2\/types\/post"}],"author":[{"embeddable":true,"href":"https:\/\/wp.kristdemokraterna.se\/ljungby\/wp-json\/wp\/v2\/users\/434"}],"replies":[{"embeddable":true,"href":"https:\/\/wp.kristdemokraterna.se\/ljungby\/wp-json\/wp\/v2\/comments?post=176"}],"version-history":[{"count":1,"href":"https:\/\/wp.kristdemokraterna.se\/ljungby\/wp-json\/wp\/v2\/posts\/176\/revisions"}],"predecessor-version":[{"id":792,"href":"https:\/\/wp.kristdemokraterna.se\/ljungby\/wp-json\/wp\/v2\/posts\/176\/revisions\/792"}],"wp:attachment":[{"href":"https:\/\/wp.kristdemokraterna.se\/ljungby\/wp-json\/wp\/v2\/media?parent=176"}],"wp:term":[{"taxonomy":"category","embeddable":true,"href":"https:\/\/wp.kristdemokraterna.se\/ljungby\/wp-json\/wp\/v2\/categories?post=176"},{"taxonomy":"post_tag","embeddable":true,"href":"https:\/\/wp.kristdemokraterna.se\/ljungby\/wp-json\/wp\/v2\/tags?post=176"}],"curies":[{"name":"wp","href":"https:\/\/api.w.org\/{rel}","templated":true}]}}